{"id":6452,"date":"2026-01-12T14:40:37","date_gmt":"2026-01-12T17:40:37","guid":{"rendered":"https:\/\/diariodelsurdigital.com.ar\/?p=6452"},"modified":"2026-01-12T14:40:38","modified_gmt":"2026-01-12T17:40:38","slug":"el-gasto-en-inteligencia-trepo-en-2025-mientras-cayo-en-salud-educacion-y-obra-publica","status":"publish","type":"post","link":"https:\/\/diariodelsurdigital.com.ar\/?p=6452","title":{"rendered":"El gasto en inteligencia trep\u00f3 en 2025 mientras cay\u00f3 en salud, educaci\u00f3n y obra p\u00fablica"},"content":{"rendered":"\n<p>Un informe privado expuso que los recortes en \u00e1reas sensibles ponen en riesgo el funcionamiento de pol\u00edticas p\u00fablicas.<\/p>\n\n\n\n<p><\/p>\n\n\n\n<p>El Gobierno aument\u00f3 el gasto en inteligencia durante 2025, mientras recort\u00f3 los fondos destinados a salud, educaci\u00f3n, obra p\u00fablica, desarrollo social y transporte, poniendo en riesgo la ejecuci\u00f3n de programas, seg\u00fan expuso un informe del Centro de Econom\u00eda Pol\u00edtica Argentina (CEPA).<\/p>\n\n\n\n<p>El reporte revel\u00f3 que la ejecuci\u00f3n presupuestaria de la Administraci\u00f3n P\u00fablica Nacional durante el a\u00f1o 2025 tuvo una ca\u00edda real del gasto total del orden del -29% interanual respecto a 2023, lo que refleja un \u201cajuste significativo en \u00e1reas sensibles\u201d.<\/p>\n\n\n\n<p>Al desglosar la realidad de los distintos organismos p\u00fablicos, puntualiz\u00f3 que \u201csobresale el incremento de la Secretar\u00eda de Inteligencia del Estado, dependiente de Presidencia de la Naci\u00f3n, con un aumento del 52% respecto a 2023\u201d y remarc\u00f3 que \u201clos Servicios de Deuda P\u00fablica representan el 8% del gasto total, manteniendo un peso relevante en la estructura presupuestaria\u201d.<\/p>\n\n\n\n<p>En contraste, plante\u00f3 que \u201cse observan fuertes recortes en la mayor\u00eda de las \u00e1reas de Salud, incluyendo la Superintendencia de Servicios de Salud (-72%), hospitales nacionales con ajustes entre -20% y -42%, el Instituto Malbr\u00e1n (-26%) y la ANMAT (-25%)\u201d.<\/p>\n\n\n\n<p>En este sector, tambi\u00e9n detall\u00f3 que \u201cel Hospital Nacional de Salud Mental Laura Bonaparte registra una ca\u00edda del 38%, mientras que el INCUCAI presenta un aumento del 24% en su ejecuci\u00f3n\u201d.<\/p>\n\n\n\n<p>En este marco, desde CEPA plantean que en el \u00e1rea sanitaria hay \u201cprogramas virtualmente paralizados, como Atenci\u00f3n Sanitaria en el Territorio y Prevenci\u00f3n de Enfermedades Cr\u00f3nicas no Transmisibles (-100%), Prevenci\u00f3n de Enfermedades de Patolog\u00edas Espec\u00edficas (-88%), Prevenci\u00f3n de Enfermedades End\u00e9micas (-71%) y Respuesta al VIH, Hepatitis, Tuberculosis y Lepra (-1%). La \u00fanica excepci\u00f3n positiva es Acceso a Medicamentos y Tecnolog\u00eda M\u00e9dica (+5%)\u201d.<\/p>\n\n\n\n<p>En el sector cient\u00edfico, el informe revel\u00f3 que \u201clos recortes son generalizados\u201d, con ca\u00eddas importantes en el Programa de Promoci\u00f3n de la Investigaci\u00f3n e Innovaci\u00f3n (-82%), CONAE (-19%), CONICET (-32%), Servicio Geol\u00f3gico Minero Argentino (-25%), Servicio Meteorol\u00f3gico Nacional (-34%), Fundaci\u00f3n Miguel Lillo (-32%) y CONEAU (-8%).<\/p>\n\n\n\n<p>Por el lado de los organismos de Seguridad Social indic\u00f3 que ANSES registra un recorte del 5%, la Secretar\u00eda Nacional de Ni\u00f1ez, Adolescencia y Familia del 73%, y el INAES del 73%. En los programas de Desarrollo Social se\u00f1al\u00f3 que se exhibi\u00f3 \u201cuna ca\u00edda casi total en Econom\u00eda Social y el Plan Nacional de Protecci\u00f3n Social (-100%), Apoyo al Plan Nacional de Primera Infancia (-90%) y Comedores Comunitarios y Merenderos (-52%)\u201d.<\/p>\n\n\n\n<p>En materia de desarrollo productivo, los recortes afectan a la Secretar\u00eda de Industria y Desarrollo Productivo (-72%), INTA (-41%) e INTI (-41%). Los organismos vinculados a energ\u00eda presentan tambi\u00e9n fuertes ajustes, incluyendo la Comisi\u00f3n Nacional de Energ\u00eda At\u00f3mica (-42%), la Autoridad Regulatoria Nuclear (-14%), el ENRE (-13%) y el ENARGAS (-32%).<\/p>\n\n\n\n<p>Las fuerzas federales y las Fuerzas Armadas, tambi\u00e9n fueron afectadas por recortes: Polic\u00eda Federal (-31%), Gendarmer\u00eda (-29%), Prefectura Naval (-29%), Ej\u00e9rcito (-18%), Armada (-20%) y Fuerza A\u00e9rea (-22%).<\/p>\n\n\n\n<p>En el \u00e1rea educativa, los programas cr\u00edticos registran ejecuciones casi nulas, como Conectar Igualdad y el Fondo Nacional de Incentivo Docente (-100%), Fortalecimiento Edilicio de Jardines Infantiles (-90%), Becas y Gesti\u00f3n Estudiantil (-78%), Acciones de Formaci\u00f3n Docente (-75%), Infraestructura y Equipamiento (-37%) y Desarrollo de la Educaci\u00f3n Superior (-29%).<\/p>\n\n\n\n<p>En transporte y obra p\u00fablica, el documento reflej\u00f3 que \u201cla ejecuci\u00f3n es extremadamente baja, con ca\u00eddas que van del 74% al 100%\u201d, en l\u00ednea con la paralizaci\u00f3n que padece el sector en la gesti\u00f3n de Javier Milei.<\/p>\n\n\n\n<p>Al respecto, precis\u00f3 que \u201clos mayores retrocesos se observan en Infraestructura en Municipios (-100%), Rutas Nuevas y Obras de Pavimentaci\u00f3n (-98%), Construcci\u00f3n de T\u00faneles y Puentes Grandes (-95%), Obras Viales fuera de la Red Vial Nacional (-95,2%), Desarrollo de Obra P\u00fablica (-93,5%), Desarrollo de la Cuenca Matanza\u2013Riachuelo (-92%) y Rutas Seguras (-89%), mientras que la Consolidaci\u00f3n Urbana y Mejoramiento de Barrios registra una ca\u00edda del 75%\u201d<\/p>\n\n\n\n<p>Las transferencias del Tesoro Nacional a provincias y municipios tuvieron notorias ca\u00eddas: Asistencia Financiera y T\u00e9cnica a Municipios (-98%), Fondo de Fortalecimiento Fiscal de la Provincia de Buenos Aires (-100%), Asistencia Financiera a Provincias y Municipios (-100%), transferencias a entes de la Secretar\u00eda de Obras P\u00fablicas (-92%) y a la Secretar\u00eda de Energ\u00eda (-77%), y Relaciones con las Provincias y Desarrollo Regional presenta una baja del 68%.<strong>IP<\/strong><\/p>\n\n\n\n<p>Al analizar el panorama expuesto, desde CEPA sostuvieron que \u201cla Administraci\u00f3n P\u00fablica Nacional atraviesa una reducci\u00f3n marcada de su ejecuci\u00f3n presupuestaria\u201d y alert\u00f3 que as\u00ed se est\u00e1n \u201cafectando programas clave\u201d.<\/p>\n\n\n\n<p>En ese sentido, alertaron que \u201cla magnitud de los recortes en programas de impacto social y productivo plantea un escenario de alta preocupaci\u00f3n respecto a la continuidad de pol\u00edticas p\u00fablicas esenciales en un contexto econ\u00f3mico desafiante\u201d, public\u00f3 Noticias Argentinas.<\/p>\n","protected":false},"excerpt":{"rendered":"<p>Un informe privado expuso que los recortes en \u00e1reas sensibles ponen en riesgo el funcionamiento de pol\u00edticas p\u00fablicas. El Gobierno aument\u00f3 el gasto en inteligencia durante 2025, mientras recort\u00f3 los fondos destinados a salud, educaci\u00f3n, obra p\u00fablica, desarrollo social y transporte, poniendo en riesgo la ejecuci\u00f3n de programas, seg\u00fan expuso un informe del Centro de [&hellip;]<\/p>\n","protected":false},"author":4,"featured_media":6096,"comment_status":"open","ping_status":"open","sticky":false,"template":"","format":"standard","meta":{"footnotes":""},"categories":[19,18],"tags":[],"class_list":{"0":"post-6452","1":"post","2":"type-post","3":"status-publish","4":"format-standard","5":"has-post-thumbnail","7":"category-interes-general","8":"category-nacionales"},"yoast_head":"<!-- This site is optimized with the Yoast SEO plugin v27.4 - https:\/\/yoast.com\/product\/yoast-seo-wordpress\/ -->\n<title>El gasto en inteligencia trep\u00f3 en 2025 mientras cay\u00f3 en salud, educaci\u00f3n y obra p\u00fablica - Diario del Sur<\/title>\n<meta name=\"robots\" content=\"index, follow, max-snippet:-1, max-image-preview:large, max-video-preview:-1\" \/>\n<link rel=\"canonical\" href=\"https:\/\/diariodelsurdigital.com.ar\/?p=6452\" \/>\n<meta property=\"og:locale\" content=\"es_ES\" \/>\n<meta property=\"og:type\" content=\"article\" \/>\n<meta property=\"og:title\" content=\"El gasto en inteligencia trep\u00f3 en 2025 mientras cay\u00f3 en salud, educaci\u00f3n y obra p\u00fablica - Diario del Sur\" \/>\n<meta property=\"og:description\" content=\"Un informe privado expuso que los recortes en \u00e1reas sensibles ponen en riesgo el funcionamiento de pol\u00edticas p\u00fablicas. El Gobierno aument\u00f3 el gasto en inteligencia durante 2025, mientras recort\u00f3 los fondos destinados a salud, educaci\u00f3n, obra p\u00fablica, desarrollo social y transporte, poniendo en riesgo la ejecuci\u00f3n de programas, seg\u00fan expuso un informe del Centro de [&hellip;]\" \/>\n<meta property=\"og:url\" content=\"https:\/\/diariodelsurdigital.com.ar\/?p=6452\" \/>\n<meta property=\"og:site_name\" content=\"Diario del Sur\" \/>\n<meta property=\"article:published_time\" content=\"2026-01-12T17:40:37+00:00\" \/>\n<meta property=\"article:modified_time\" content=\"2026-01-12T17:40:38+00:00\" \/>\n<meta property=\"og:image\" content=\"https:\/\/diariodelsurdigital.com.ar\/wp-content\/uploads\/2025\/12\/md-5.webp\" \/>\n\t<meta property=\"og:image:width\" content=\"992\" \/>\n\t<meta property=\"og:image:height\" content=\"590\" \/>\n\t<meta property=\"og:image:type\" content=\"image\/webp\" \/>\n<meta name=\"author\" content=\"Diario del Sur Digital\" \/>\n<meta name=\"twitter:card\" content=\"summary_large_image\" \/>\n<meta name=\"twitter:label1\" content=\"Escrito por\" \/>\n\t<meta name=\"twitter:data1\" content=\"Diario del Sur Digital\" \/>\n\t<meta name=\"twitter:label2\" content=\"Tiempo de lectura\" \/>\n\t<meta name=\"twitter:data2\" content=\"4 minutos\" \/>\n<script type=\"application\/ld+json\" class=\"yoast-schema-graph\">{\"@context\":\"https:\\\/\\\/schema.org\",\"@graph\":[{\"@type\":\"Article\",\"@id\":\"https:\\\/\\\/diariodelsurdigital.com.ar\\\/?p=6452#article\",\"isPartOf\":{\"@id\":\"https:\\\/\\\/diariodelsurdigital.com.ar\\\/?p=6452\"},\"author\":{\"name\":\"Diario del Sur Digital\",\"@id\":\"https:\\\/\\\/diariodelsurdigital.com.ar\\\/#\\\/schema\\\/person\\\/1a4992532ed62965c968031b49195c81\"},\"headline\":\"El gasto en inteligencia trep\u00f3 en 2025 mientras cay\u00f3 en salud, educaci\u00f3n y obra p\u00fablica\",\"datePublished\":\"2026-01-12T17:40:37+00:00\",\"dateModified\":\"2026-01-12T17:40:38+00:00\",\"mainEntityOfPage\":{\"@id\":\"https:\\\/\\\/diariodelsurdigital.com.ar\\\/?p=6452\"},\"wordCount\":864,\"commentCount\":0,\"image\":{\"@id\":\"https:\\\/\\\/diariodelsurdigital.com.ar\\\/?p=6452#primaryimage\"},\"thumbnailUrl\":\"https:\\\/\\\/diariodelsurdigital.com.ar\\\/wp-content\\\/uploads\\\/2025\\\/12\\\/md-5.webp\",\"articleSection\":[\"Inter\u00e9s General\",\"Nacionales\"],\"inLanguage\":\"es\",\"potentialAction\":[{\"@type\":\"CommentAction\",\"name\":\"Comment\",\"target\":[\"https:\\\/\\\/diariodelsurdigital.com.ar\\\/?p=6452#respond\"]}]},{\"@type\":\"WebPage\",\"@id\":\"https:\\\/\\\/diariodelsurdigital.com.ar\\\/?p=6452\",\"url\":\"https:\\\/\\\/diariodelsurdigital.com.ar\\\/?p=6452\",\"name\":\"El gasto en inteligencia trep\u00f3 en 2025 mientras cay\u00f3 en salud, educaci\u00f3n y obra p\u00fablica - Diario del Sur\",\"isPartOf\":{\"@id\":\"https:\\\/\\\/diariodelsurdigital.com.ar\\\/#website\"},\"primaryImageOfPage\":{\"@id\":\"https:\\\/\\\/diariodelsurdigital.com.ar\\\/?p=6452#primaryimage\"},\"image\":{\"@id\":\"https:\\\/\\\/diariodelsurdigital.com.ar\\\/?p=6452#primaryimage\"},\"thumbnailUrl\":\"https:\\\/\\\/diariodelsurdigital.com.ar\\\/wp-content\\\/uploads\\\/2025\\\/12\\\/md-5.webp\",\"datePublished\":\"2026-01-12T17:40:37+00:00\",\"dateModified\":\"2026-01-12T17:40:38+00:00\",\"author\":{\"@id\":\"https:\\\/\\\/diariodelsurdigital.com.ar\\\/#\\\/schema\\\/person\\\/1a4992532ed62965c968031b49195c81\"},\"breadcrumb\":{\"@id\":\"https:\\\/\\\/diariodelsurdigital.com.ar\\\/?p=6452#breadcrumb\"},\"inLanguage\":\"es\",\"potentialAction\":[{\"@type\":\"ReadAction\",\"target\":[\"https:\\\/\\\/diariodelsurdigital.com.ar\\\/?p=6452\"]}]},{\"@type\":\"ImageObject\",\"inLanguage\":\"es\",\"@id\":\"https:\\\/\\\/diariodelsurdigital.com.ar\\\/?p=6452#primaryimage\",\"url\":\"https:\\\/\\\/diariodelsurdigital.com.ar\\\/wp-content\\\/uploads\\\/2025\\\/12\\\/md-5.webp\",\"contentUrl\":\"https:\\\/\\\/diariodelsurdigital.com.ar\\\/wp-content\\\/uploads\\\/2025\\\/12\\\/md-5.webp\",\"width\":992,\"height\":590},{\"@type\":\"BreadcrumbList\",\"@id\":\"https:\\\/\\\/diariodelsurdigital.com.ar\\\/?p=6452#breadcrumb\",\"itemListElement\":[{\"@type\":\"ListItem\",\"position\":1,\"name\":\"Portada\",\"item\":\"https:\\\/\\\/diariodelsurdigital.com.ar\\\/\"},{\"@type\":\"ListItem\",\"position\":2,\"name\":\"El gasto en inteligencia trep\u00f3 en 2025 mientras cay\u00f3 en salud, educaci\u00f3n y obra p\u00fablica\"}]},{\"@type\":\"WebSite\",\"@id\":\"https:\\\/\\\/diariodelsurdigital.com.ar\\\/#website\",\"url\":\"https:\\\/\\\/diariodelsurdigital.com.ar\\\/\",\"name\":\"Diario del Sur\",\"description\":\"Digital\",\"potentialAction\":[{\"@type\":\"SearchAction\",\"target\":{\"@type\":\"EntryPoint\",\"urlTemplate\":\"https:\\\/\\\/diariodelsurdigital.com.ar\\\/?s={search_term_string}\"},\"query-input\":{\"@type\":\"PropertyValueSpecification\",\"valueRequired\":true,\"valueName\":\"search_term_string\"}}],\"inLanguage\":\"es\"},{\"@type\":\"Person\",\"@id\":\"https:\\\/\\\/diariodelsurdigital.com.ar\\\/#\\\/schema\\\/person\\\/1a4992532ed62965c968031b49195c81\",\"name\":\"Diario del Sur Digital\",\"image\":{\"@type\":\"ImageObject\",\"inLanguage\":\"es\",\"@id\":\"https:\\\/\\\/secure.gravatar.com\\\/avatar\\\/f0c7c47fc7146d19828273b9b8eda651c9c7ab583767e6338d3d3bee825adf76?s=96&d=mm&r=g\",\"url\":\"https:\\\/\\\/secure.gravatar.com\\\/avatar\\\/f0c7c47fc7146d19828273b9b8eda651c9c7ab583767e6338d3d3bee825adf76?s=96&d=mm&r=g\",\"contentUrl\":\"https:\\\/\\\/secure.gravatar.com\\\/avatar\\\/f0c7c47fc7146d19828273b9b8eda651c9c7ab583767e6338d3d3bee825adf76?s=96&d=mm&r=g\",\"caption\":\"Diario del Sur Digital\"},\"url\":\"https:\\\/\\\/diariodelsurdigital.com.ar\\\/?author=4\"}]}<\/script>\n<!-- \/ Yoast SEO plugin. -->","yoast_head_json":{"title":"El gasto en inteligencia trep\u00f3 en 2025 mientras cay\u00f3 en salud, educaci\u00f3n y obra p\u00fablica - Diario del Sur","robots":{"index":"index","follow":"follow","max-snippet":"max-snippet:-1","max-image-preview":"max-image-preview:large","max-video-preview":"max-video-preview:-1"},"canonical":"https:\/\/diariodelsurdigital.com.ar\/?p=6452","og_locale":"es_ES","og_type":"article","og_title":"El gasto en inteligencia trep\u00f3 en 2025 mientras cay\u00f3 en salud, educaci\u00f3n y obra p\u00fablica - Diario del Sur","og_description":"Un informe privado expuso que los recortes en \u00e1reas sensibles ponen en riesgo el funcionamiento de pol\u00edticas p\u00fablicas. El Gobierno aument\u00f3 el gasto en inteligencia durante 2025, mientras recort\u00f3 los fondos destinados a salud, educaci\u00f3n, obra p\u00fablica, desarrollo social y transporte, poniendo en riesgo la ejecuci\u00f3n de programas, seg\u00fan expuso un informe del Centro de [&hellip;]","og_url":"https:\/\/diariodelsurdigital.com.ar\/?p=6452","og_site_name":"Diario del Sur","article_published_time":"2026-01-12T17:40:37+00:00","article_modified_time":"2026-01-12T17:40:38+00:00","og_image":[{"width":992,"height":590,"url":"https:\/\/diariodelsurdigital.com.ar\/wp-content\/uploads\/2025\/12\/md-5.webp","type":"image\/webp"}],"author":"Diario del Sur Digital","twitter_card":"summary_large_image","twitter_misc":{"Escrito por":"Diario del Sur Digital","Tiempo de lectura":"4 minutos"},"schema":{"@context":"https:\/\/schema.org","@graph":[{"@type":"Article","@id":"https:\/\/diariodelsurdigital.com.ar\/?p=6452#article","isPartOf":{"@id":"https:\/\/diariodelsurdigital.com.ar\/?p=6452"},"author":{"name":"Diario del Sur Digital","@id":"https:\/\/diariodelsurdigital.com.ar\/#\/schema\/person\/1a4992532ed62965c968031b49195c81"},"headline":"El gasto en inteligencia trep\u00f3 en 2025 mientras cay\u00f3 en salud, educaci\u00f3n y obra p\u00fablica","datePublished":"2026-01-12T17:40:37+00:00","dateModified":"2026-01-12T17:40:38+00:00","mainEntityOfPage":{"@id":"https:\/\/diariodelsurdigital.com.ar\/?p=6452"},"wordCount":864,"commentCount":0,"image":{"@id":"https:\/\/diariodelsurdigital.com.ar\/?p=6452#primaryimage"},"thumbnailUrl":"https:\/\/diariodelsurdigital.com.ar\/wp-content\/uploads\/2025\/12\/md-5.webp","articleSection":["Inter\u00e9s General","Nacionales"],"inLanguage":"es","potentialAction":[{"@type":"CommentAction","name":"Comment","target":["https:\/\/diariodelsurdigital.com.ar\/?p=6452#respond"]}]},{"@type":"WebPage","@id":"https:\/\/diariodelsurdigital.com.ar\/?p=6452","url":"https:\/\/diariodelsurdigital.com.ar\/?p=6452","name":"El gasto en inteligencia trep\u00f3 en 2025 mientras cay\u00f3 en salud, educaci\u00f3n y obra p\u00fablica - Diario del Sur","isPartOf":{"@id":"https:\/\/diariodelsurdigital.com.ar\/#website"},"primaryImageOfPage":{"@id":"https:\/\/diariodelsurdigital.com.ar\/?p=6452#primaryimage"},"image":{"@id":"https:\/\/diariodelsurdigital.com.ar\/?p=6452#primaryimage"},"thumbnailUrl":"https:\/\/diariodelsurdigital.com.ar\/wp-content\/uploads\/2025\/12\/md-5.webp","datePublished":"2026-01-12T17:40:37+00:00","dateModified":"2026-01-12T17:40:38+00:00","author":{"@id":"https:\/\/diariodelsurdigital.com.ar\/#\/schema\/person\/1a4992532ed62965c968031b49195c81"},"breadcrumb":{"@id":"https:\/\/diariodelsurdigital.com.ar\/?p=6452#breadcrumb"},"inLanguage":"es","potentialAction":[{"@type":"ReadAction","target":["https:\/\/diariodelsurdigital.com.ar\/?p=6452"]}]},{"@type":"ImageObject","inLanguage":"es","@id":"https:\/\/diariodelsurdigital.com.ar\/?p=6452#primaryimage","url":"https:\/\/diariodelsurdigital.com.ar\/wp-content\/uploads\/2025\/12\/md-5.webp","contentUrl":"https:\/\/diariodelsurdigital.com.ar\/wp-content\/uploads\/2025\/12\/md-5.webp","width":992,"height":590},{"@type":"BreadcrumbList","@id":"https:\/\/diariodelsurdigital.com.ar\/?p=6452#breadcrumb","itemListElement":[{"@type":"ListItem","position":1,"name":"Portada","item":"https:\/\/diariodelsurdigital.com.ar\/"},{"@type":"ListItem","position":2,"name":"El gasto en inteligencia trep\u00f3 en 2025 mientras cay\u00f3 en salud, educaci\u00f3n y obra p\u00fablica"}]},{"@type":"WebSite","@id":"https:\/\/diariodelsurdigital.com.ar\/#website","url":"https:\/\/diariodelsurdigital.com.ar\/","name":"Diario del Sur","description":"Digital","potentialAction":[{"@type":"SearchAction","target":{"@type":"EntryPoint","urlTemplate":"https:\/\/diariodelsurdigital.com.ar\/?s={search_term_string}"},"query-input":{"@type":"PropertyValueSpecification","valueRequired":true,"valueName":"search_term_string"}}],"inLanguage":"es"},{"@type":"Person","@id":"https:\/\/diariodelsurdigital.com.ar\/#\/schema\/person\/1a4992532ed62965c968031b49195c81","name":"Diario del Sur Digital","image":{"@type":"ImageObject","inLanguage":"es","@id":"https:\/\/secure.gravatar.com\/avatar\/f0c7c47fc7146d19828273b9b8eda651c9c7ab583767e6338d3d3bee825adf76?s=96&d=mm&r=g","url":"https:\/\/secure.gravatar.com\/avatar\/f0c7c47fc7146d19828273b9b8eda651c9c7ab583767e6338d3d3bee825adf76?s=96&d=mm&r=g","contentUrl":"https:\/\/secure.gravatar.com\/avatar\/f0c7c47fc7146d19828273b9b8eda651c9c7ab583767e6338d3d3bee825adf76?s=96&d=mm&r=g","caption":"Diario del Sur Digital"},"url":"https:\/\/diariodelsurdigital.com.ar\/?author=4"}]}},"_links":{"self":[{"href":"https:\/\/diariodelsurdigital.com.ar\/index.php?rest_route=\/wp\/v2\/posts\/6452","targetHints":{"allow":["GET"]}}],"collection":[{"href":"https:\/\/diariodelsurdigital.com.ar\/index.php?rest_route=\/wp\/v2\/posts"}],"about":[{"href":"https:\/\/diariodelsurdigital.com.ar\/index.php?rest_route=\/wp\/v2\/types\/post"}],"author":[{"embeddable":true,"href":"https:\/\/diariodelsurdigital.com.ar\/index.php?rest_route=\/wp\/v2\/users\/4"}],"replies":[{"embeddable":true,"href":"https:\/\/diariodelsurdigital.com.ar\/index.php?rest_route=%2Fwp%2Fv2%2Fcomments&post=6452"}],"version-history":[{"count":1,"href":"https:\/\/diariodelsurdigital.com.ar\/index.php?rest_route=\/wp\/v2\/posts\/6452\/revisions"}],"predecessor-version":[{"id":6453,"href":"https:\/\/diariodelsurdigital.com.ar\/index.php?rest_route=\/wp\/v2\/posts\/6452\/revisions\/6453"}],"wp:featuredmedia":[{"embeddable":true,"href":"https:\/\/diariodelsurdigital.com.ar\/index.php?rest_route=\/wp\/v2\/media\/6096"}],"wp:attachment":[{"href":"https:\/\/diariodelsurdigital.com.ar\/index.php?rest_route=%2Fwp%2Fv2%2Fmedia&parent=6452"}],"wp:term":[{"taxonomy":"category","embeddable":true,"href":"https:\/\/diariodelsurdigital.com.ar\/index.php?rest_route=%2Fwp%2Fv2%2Fcategories&post=6452"},{"taxonomy":"post_tag","embeddable":true,"href":"https:\/\/diariodelsurdigital.com.ar\/index.php?rest_route=%2Fwp%2Fv2%2Ftags&post=6452"}],"curies":[{"name":"wp","href":"https:\/\/api.w.org\/{rel}","templated":true}]}}