{"id":6454,"date":"2026-01-12T14:47:52","date_gmt":"2026-01-12T17:47:52","guid":{"rendered":"https:\/\/diariodelsurdigital.com.ar\/?p=6454"},"modified":"2026-01-12T14:47:53","modified_gmt":"2026-01-12T17:47:53","slug":"la-ocupacion-hotelera-en-entre-rios-ronda-el-70-en-el-inicio-de-la-temporada","status":"publish","type":"post","link":"https:\/\/diariodelsurdigital.com.ar\/?p=6454","title":{"rendered":"La ocupaci\u00f3n hotelera en Entre R\u00edos ronda el 70% en el inicio de la temporada"},"content":{"rendered":"\n<p>La temporada de verano arranc\u00f3 con n\u00fameros alentadores en Entre R\u00edos, donde la ocupaci\u00f3n hotelera promedio se ubica en torno al 70% durante la primera quincena de enero. As\u00ed lo confirm\u00f3 el presidente de la C\u00e1mara Entrerriana de Turismo, Juan Manuel Acedo, quien habl\u00f3 de un \u201cbuen comienzo\u201d y destac\u00f3 el fuerte movimiento registrado tanto al cierre de 2025 como en los primeros d\u00edas del nuevo a\u00f1o.<\/p>\n\n\n\n<p>Si bien los primeros d\u00edas de enero mostraron un leve amesetamiento, Acedo explic\u00f3 que se trata de un comportamiento habitual en esta etapa de la temporada. \u201cEl \u00faltimo fin de semana de diciembre y el primero de enero fueron muy buenos en casi todos los destinos. Los datos de ocupaci\u00f3n que se difundieron son reales y positivos, aunque esta primera semana siempre suele ser un poco m\u00e1s tranquila\u201d, se\u00f1al\u00f3.<\/p>\n\n\n\n<p>Uno de los factores que incidi\u00f3 en el ritmo de la actividad fue la crecida del r\u00edo Uruguay, que oblig\u00f3 a restringir algunas playas en localidades costeras. No obstante, el impacto fue parcial. \u201cNo todas las playas quedaron inutilizadas. Adem\u00e1s, las ciudades ribere\u00f1as ya est\u00e1n acostumbradas a estas situaciones: el r\u00edo sube, baja en pocos d\u00edas y los espacios se recuperan r\u00e1pidamente\u201d, explic\u00f3 el titular de la CET.<\/p>\n\n\n\n<p>Seg\u00fan lo publicado por Diario Uno Entre R\u00edos, en la costa del Paran\u00e1, en tanto, el panorama es m\u00e1s estable, aunque no se descarta una leve suba del nivel del r\u00edo como consecuencia de las lluvias en Brasil. \u201cNo ser\u00eda una crecida importante, pero podr\u00eda generar algunas complicaciones en ciertos balnearios\u201d, advirti\u00f3.<\/p>\n\n\n\n<p>M\u00e1s all\u00e1 de las condiciones clim\u00e1ticas, Acedo remarc\u00f3 que una de las principales fortalezas de Entre R\u00edos es la variedad de su oferta tur\u00edstica. Los complejos termales, parques acu\u00e1ticos y propuestas recreativas permiten sostener el flujo de visitantes incluso cuando el clima no acompa\u00f1a. \u201cLas termas hoy son un producto integral, pensado para familias, j\u00f3venes y distintos p\u00fablicos, con piletas de agua fr\u00eda, parques y m\u00faltiples servicios\u201d, indic\u00f3. En ese marco, celebr\u00f3 la reapertura del complejo termal de La Paz, que volvi\u00f3 a funcionar esta semana y representa un impulso clave para el norte de la provincia.<\/p>\n\n\n\n<p>En cuanto a los niveles de ocupaci\u00f3n por destino, Federaci\u00f3n se posiciona entre los m\u00e1s elegidos, con un 75% de plazas cubiertas y expectativas de llegar al lleno total con el cierre de la Fiesta Nacional del Lago. En Gualeguaych\u00fa, el balneario \u00d1andubaysal recibe entre 1.500 y 2.000 personas por d\u00eda y sostiene una ocupaci\u00f3n cercana al 70%, lo que refleja un producto tur\u00edstico ya consolidado. San Jos\u00e9, por su parte, promedi\u00f3 un 50% durante la semana, aunque se espera una ocupaci\u00f3n plena durante el fin de semana con la realizaci\u00f3n de la Fiesta del Campamentista.<\/p>\n\n\n\n<p>Otro rasgo que marca esta temporada es la duraci\u00f3n de las estad\u00edas. El promedio ronda las tres noches, con algunas localidades, como Federaci\u00f3n, que superan las tres noches y media. Sin embargo, no se observa por ahora una fuerte presencia de turistas que permanezcan una semana o m\u00e1s. \u201cPredominan las escapadas cortas, muchas veces asociadas a eventos o fines de semana\u201d, explic\u00f3 Acedo.<\/p>\n\n\n\n<p>Respecto del perfil de los visitantes, Entre R\u00edos contin\u00faa consolid\u00e1ndose como un destino elegido por las familias. Seg\u00fan el presidente de la CET, todav\u00eda no se observa una presencia masiva de grupos de amigos, que este verano optaron en mayor medida por la Costa Atl\u00e1ntica o por Brasil. No obstante, anticip\u00f3 que ese p\u00fablico comenzar\u00e1 a llegar con mayor fuerza cuando se inicie la temporada de carnavales en toda la provincia.<\/p>\n\n\n\n<p>Con un seguimiento permanente de la evoluci\u00f3n de la temporada, desde el sector tur\u00edstico miran con optimismo lo que viene. \u201cLa segunda quincena de enero y todos los fines de semana de carnaval van a generar un movimiento muy fuerte. Entre R\u00edos tiene eventos y propuestas que van a seguir atrayendo turistas durante todo el verano\u201d, concluy\u00f3 Acedo.<\/p>\n","protected":false},"excerpt":{"rendered":"<p>La temporada de verano arranc\u00f3 con n\u00fameros alentadores en Entre R\u00edos, donde la ocupaci\u00f3n hotelera promedio se ubica en torno al 70% durante la primera quincena de enero. As\u00ed lo confirm\u00f3 el presidente de la C\u00e1mara Entrerriana de Turismo, Juan Manuel Acedo, quien habl\u00f3 de un \u201cbuen comienzo\u201d y destac\u00f3 el fuerte movimiento registrado tanto [&hellip;]<\/p>\n","protected":false},"author":4,"featured_media":6455,"comment_status":"open","ping_status":"open","sticky":false,"template":"","format":"standard","meta":{"footnotes":""},"categories":[17],"tags":[],"class_list":{"0":"post-6454","1":"post","2":"type-post","3":"status-publish","4":"format-standard","5":"has-post-thumbnail","7":"category-provinciales"},"yoast_head":"<!-- This site is optimized with the Yoast SEO plugin v27.4 - https:\/\/yoast.com\/product\/yoast-seo-wordpress\/ -->\n<title>La ocupaci\u00f3n hotelera en Entre R\u00edos ronda el 70% en el inicio de la temporada - Diario del Sur<\/title>\n<meta name=\"robots\" content=\"index, follow, max-snippet:-1, max-image-preview:large, max-video-preview:-1\" \/>\n<link rel=\"canonical\" href=\"https:\/\/diariodelsurdigital.com.ar\/?p=6454\" \/>\n<meta property=\"og:locale\" content=\"es_ES\" \/>\n<meta property=\"og:type\" content=\"article\" \/>\n<meta property=\"og:title\" content=\"La ocupaci\u00f3n hotelera en Entre R\u00edos ronda el 70% en el inicio de la temporada - Diario del Sur\" \/>\n<meta property=\"og:description\" content=\"La temporada de verano arranc\u00f3 con n\u00fameros alentadores en Entre R\u00edos, donde la ocupaci\u00f3n hotelera promedio se ubica en torno al 70% durante la primera quincena de enero. As\u00ed lo confirm\u00f3 el presidente de la C\u00e1mara Entrerriana de Turismo, Juan Manuel Acedo, quien habl\u00f3 de un \u201cbuen comienzo\u201d y destac\u00f3 el fuerte movimiento registrado tanto [&hellip;]\" \/>\n<meta property=\"og:url\" content=\"https:\/\/diariodelsurdigital.com.ar\/?p=6454\" \/>\n<meta property=\"og:site_name\" content=\"Diario del Sur\" \/>\n<meta property=\"article:published_time\" content=\"2026-01-12T17:47:52+00:00\" \/>\n<meta property=\"article:modified_time\" content=\"2026-01-12T17:47:53+00:00\" \/>\n<meta property=\"og:image\" content=\"https:\/\/diariodelsurdigital.com.ar\/wp-content\/uploads\/2026\/01\/md-41.webp\" \/>\n\t<meta property=\"og:image:width\" content=\"992\" \/>\n\t<meta property=\"og:image:height\" content=\"566\" \/>\n\t<meta property=\"og:image:type\" content=\"image\/webp\" \/>\n<meta name=\"author\" content=\"Diario del Sur Digital\" \/>\n<meta name=\"twitter:card\" content=\"summary_large_image\" \/>\n<meta name=\"twitter:label1\" content=\"Escrito por\" \/>\n\t<meta name=\"twitter:data1\" content=\"Diario del Sur Digital\" \/>\n\t<meta name=\"twitter:label2\" content=\"Tiempo de lectura\" \/>\n\t<meta name=\"twitter:data2\" content=\"4 minutos\" \/>\n<script type=\"application\/ld+json\" class=\"yoast-schema-graph\">{\"@context\":\"https:\\\/\\\/schema.org\",\"@graph\":[{\"@type\":\"Article\",\"@id\":\"https:\\\/\\\/diariodelsurdigital.com.ar\\\/?p=6454#article\",\"isPartOf\":{\"@id\":\"https:\\\/\\\/diariodelsurdigital.com.ar\\\/?p=6454\"},\"author\":{\"name\":\"Diario del Sur Digital\",\"@id\":\"https:\\\/\\\/diariodelsurdigital.com.ar\\\/#\\\/schema\\\/person\\\/1a4992532ed62965c968031b49195c81\"},\"headline\":\"La ocupaci\u00f3n hotelera en Entre R\u00edos ronda el 70% en el inicio de la temporada\",\"datePublished\":\"2026-01-12T17:47:52+00:00\",\"dateModified\":\"2026-01-12T17:47:53+00:00\",\"mainEntityOfPage\":{\"@id\":\"https:\\\/\\\/diariodelsurdigital.com.ar\\\/?p=6454\"},\"wordCount\":705,\"commentCount\":0,\"image\":{\"@id\":\"https:\\\/\\\/diariodelsurdigital.com.ar\\\/?p=6454#primaryimage\"},\"thumbnailUrl\":\"https:\\\/\\\/diariodelsurdigital.com.ar\\\/wp-content\\\/uploads\\\/2026\\\/01\\\/md-41.webp\",\"articleSection\":[\"Provinciales\"],\"inLanguage\":\"es\",\"potentialAction\":[{\"@type\":\"CommentAction\",\"name\":\"Comment\",\"target\":[\"https:\\\/\\\/diariodelsurdigital.com.ar\\\/?p=6454#respond\"]}]},{\"@type\":\"WebPage\",\"@id\":\"https:\\\/\\\/diariodelsurdigital.com.ar\\\/?p=6454\",\"url\":\"https:\\\/\\\/diariodelsurdigital.com.ar\\\/?p=6454\",\"name\":\"La ocupaci\u00f3n hotelera en Entre R\u00edos ronda el 70% en el inicio de la temporada - Diario del Sur\",\"isPartOf\":{\"@id\":\"https:\\\/\\\/diariodelsurdigital.com.ar\\\/#website\"},\"primaryImageOfPage\":{\"@id\":\"https:\\\/\\\/diariodelsurdigital.com.ar\\\/?p=6454#primaryimage\"},\"image\":{\"@id\":\"https:\\\/\\\/diariodelsurdigital.com.ar\\\/?p=6454#primaryimage\"},\"thumbnailUrl\":\"https:\\\/\\\/diariodelsurdigital.com.ar\\\/wp-content\\\/uploads\\\/2026\\\/01\\\/md-41.webp\",\"datePublished\":\"2026-01-12T17:47:52+00:00\",\"dateModified\":\"2026-01-12T17:47:53+00:00\",\"author\":{\"@id\":\"https:\\\/\\\/diariodelsurdigital.com.ar\\\/#\\\/schema\\\/person\\\/1a4992532ed62965c968031b49195c81\"},\"breadcrumb\":{\"@id\":\"https:\\\/\\\/diariodelsurdigital.com.ar\\\/?p=6454#breadcrumb\"},\"inLanguage\":\"es\",\"potentialAction\":[{\"@type\":\"ReadAction\",\"target\":[\"https:\\\/\\\/diariodelsurdigital.com.ar\\\/?p=6454\"]}]},{\"@type\":\"ImageObject\",\"inLanguage\":\"es\",\"@id\":\"https:\\\/\\\/diariodelsurdigital.com.ar\\\/?p=6454#primaryimage\",\"url\":\"https:\\\/\\\/diariodelsurdigital.com.ar\\\/wp-content\\\/uploads\\\/2026\\\/01\\\/md-41.webp\",\"contentUrl\":\"https:\\\/\\\/diariodelsurdigital.com.ar\\\/wp-content\\\/uploads\\\/2026\\\/01\\\/md-41.webp\",\"width\":992,\"height\":566},{\"@type\":\"BreadcrumbList\",\"@id\":\"https:\\\/\\\/diariodelsurdigital.com.ar\\\/?p=6454#breadcrumb\",\"itemListElement\":[{\"@type\":\"ListItem\",\"position\":1,\"name\":\"Portada\",\"item\":\"https:\\\/\\\/diariodelsurdigital.com.ar\\\/\"},{\"@type\":\"ListItem\",\"position\":2,\"name\":\"La ocupaci\u00f3n hotelera en Entre R\u00edos ronda el 70% en el inicio de la temporada\"}]},{\"@type\":\"WebSite\",\"@id\":\"https:\\\/\\\/diariodelsurdigital.com.ar\\\/#website\",\"url\":\"https:\\\/\\\/diariodelsurdigital.com.ar\\\/\",\"name\":\"Diario del Sur\",\"description\":\"Digital\",\"potentialAction\":[{\"@type\":\"SearchAction\",\"target\":{\"@type\":\"EntryPoint\",\"urlTemplate\":\"https:\\\/\\\/diariodelsurdigital.com.ar\\\/?s={search_term_string}\"},\"query-input\":{\"@type\":\"PropertyValueSpecification\",\"valueRequired\":true,\"valueName\":\"search_term_string\"}}],\"inLanguage\":\"es\"},{\"@type\":\"Person\",\"@id\":\"https:\\\/\\\/diariodelsurdigital.com.ar\\\/#\\\/schema\\\/person\\\/1a4992532ed62965c968031b49195c81\",\"name\":\"Diario del Sur Digital\",\"image\":{\"@type\":\"ImageObject\",\"inLanguage\":\"es\",\"@id\":\"https:\\\/\\\/secure.gravatar.com\\\/avatar\\\/f0c7c47fc7146d19828273b9b8eda651c9c7ab583767e6338d3d3bee825adf76?s=96&d=mm&r=g\",\"url\":\"https:\\\/\\\/secure.gravatar.com\\\/avatar\\\/f0c7c47fc7146d19828273b9b8eda651c9c7ab583767e6338d3d3bee825adf76?s=96&d=mm&r=g\",\"contentUrl\":\"https:\\\/\\\/secure.gravatar.com\\\/avatar\\\/f0c7c47fc7146d19828273b9b8eda651c9c7ab583767e6338d3d3bee825adf76?s=96&d=mm&r=g\",\"caption\":\"Diario del Sur Digital\"},\"url\":\"https:\\\/\\\/diariodelsurdigital.com.ar\\\/?author=4\"}]}<\/script>\n<!-- \/ Yoast SEO plugin. -->","yoast_head_json":{"title":"La ocupaci\u00f3n hotelera en Entre R\u00edos ronda el 70% en el inicio de la temporada - Diario del Sur","robots":{"index":"index","follow":"follow","max-snippet":"max-snippet:-1","max-image-preview":"max-image-preview:large","max-video-preview":"max-video-preview:-1"},"canonical":"https:\/\/diariodelsurdigital.com.ar\/?p=6454","og_locale":"es_ES","og_type":"article","og_title":"La ocupaci\u00f3n hotelera en Entre R\u00edos ronda el 70% en el inicio de la temporada - Diario del Sur","og_description":"La temporada de verano arranc\u00f3 con n\u00fameros alentadores en Entre R\u00edos, donde la ocupaci\u00f3n hotelera promedio se ubica en torno al 70% durante la primera quincena de enero. As\u00ed lo confirm\u00f3 el presidente de la C\u00e1mara Entrerriana de Turismo, Juan Manuel Acedo, quien habl\u00f3 de un \u201cbuen comienzo\u201d y destac\u00f3 el fuerte movimiento registrado tanto [&hellip;]","og_url":"https:\/\/diariodelsurdigital.com.ar\/?p=6454","og_site_name":"Diario del Sur","article_published_time":"2026-01-12T17:47:52+00:00","article_modified_time":"2026-01-12T17:47:53+00:00","og_image":[{"width":992,"height":566,"url":"https:\/\/diariodelsurdigital.com.ar\/wp-content\/uploads\/2026\/01\/md-41.webp","type":"image\/webp"}],"author":"Diario del Sur Digital","twitter_card":"summary_large_image","twitter_misc":{"Escrito por":"Diario del Sur Digital","Tiempo de lectura":"4 minutos"},"schema":{"@context":"https:\/\/schema.org","@graph":[{"@type":"Article","@id":"https:\/\/diariodelsurdigital.com.ar\/?p=6454#article","isPartOf":{"@id":"https:\/\/diariodelsurdigital.com.ar\/?p=6454"},"author":{"name":"Diario del Sur Digital","@id":"https:\/\/diariodelsurdigital.com.ar\/#\/schema\/person\/1a4992532ed62965c968031b49195c81"},"headline":"La ocupaci\u00f3n hotelera en Entre R\u00edos ronda el 70% en el inicio de la temporada","datePublished":"2026-01-12T17:47:52+00:00","dateModified":"2026-01-12T17:47:53+00:00","mainEntityOfPage":{"@id":"https:\/\/diariodelsurdigital.com.ar\/?p=6454"},"wordCount":705,"commentCount":0,"image":{"@id":"https:\/\/diariodelsurdigital.com.ar\/?p=6454#primaryimage"},"thumbnailUrl":"https:\/\/diariodelsurdigital.com.ar\/wp-content\/uploads\/2026\/01\/md-41.webp","articleSection":["Provinciales"],"inLanguage":"es","potentialAction":[{"@type":"CommentAction","name":"Comment","target":["https:\/\/diariodelsurdigital.com.ar\/?p=6454#respond"]}]},{"@type":"WebPage","@id":"https:\/\/diariodelsurdigital.com.ar\/?p=6454","url":"https:\/\/diariodelsurdigital.com.ar\/?p=6454","name":"La ocupaci\u00f3n hotelera en Entre R\u00edos ronda el 70% en el inicio de la temporada - Diario del Sur","isPartOf":{"@id":"https:\/\/diariodelsurdigital.com.ar\/#website"},"primaryImageOfPage":{"@id":"https:\/\/diariodelsurdigital.com.ar\/?p=6454#primaryimage"},"image":{"@id":"https:\/\/diariodelsurdigital.com.ar\/?p=6454#primaryimage"},"thumbnailUrl":"https:\/\/diariodelsurdigital.com.ar\/wp-content\/uploads\/2026\/01\/md-41.webp","datePublished":"2026-01-12T17:47:52+00:00","dateModified":"2026-01-12T17:47:53+00:00","author":{"@id":"https:\/\/diariodelsurdigital.com.ar\/#\/schema\/person\/1a4992532ed62965c968031b49195c81"},"breadcrumb":{"@id":"https:\/\/diariodelsurdigital.com.ar\/?p=6454#breadcrumb"},"inLanguage":"es","potentialAction":[{"@type":"ReadAction","target":["https:\/\/diariodelsurdigital.com.ar\/?p=6454"]}]},{"@type":"ImageObject","inLanguage":"es","@id":"https:\/\/diariodelsurdigital.com.ar\/?p=6454#primaryimage","url":"https:\/\/diariodelsurdigital.com.ar\/wp-content\/uploads\/2026\/01\/md-41.webp","contentUrl":"https:\/\/diariodelsurdigital.com.ar\/wp-content\/uploads\/2026\/01\/md-41.webp","width":992,"height":566},{"@type":"BreadcrumbList","@id":"https:\/\/diariodelsurdigital.com.ar\/?p=6454#breadcrumb","itemListElement":[{"@type":"ListItem","position":1,"name":"Portada","item":"https:\/\/diariodelsurdigital.com.ar\/"},{"@type":"ListItem","position":2,"name":"La ocupaci\u00f3n hotelera en Entre R\u00edos ronda el 70% en el inicio de la temporada"}]},{"@type":"WebSite","@id":"https:\/\/diariodelsurdigital.com.ar\/#website","url":"https:\/\/diariodelsurdigital.com.ar\/","name":"Diario del Sur","description":"Digital","potentialAction":[{"@type":"SearchAction","target":{"@type":"EntryPoint","urlTemplate":"https:\/\/diariodelsurdigital.com.ar\/?s={search_term_string}"},"query-input":{"@type":"PropertyValueSpecification","valueRequired":true,"valueName":"search_term_string"}}],"inLanguage":"es"},{"@type":"Person","@id":"https:\/\/diariodelsurdigital.com.ar\/#\/schema\/person\/1a4992532ed62965c968031b49195c81","name":"Diario del Sur Digital","image":{"@type":"ImageObject","inLanguage":"es","@id":"https:\/\/secure.gravatar.com\/avatar\/f0c7c47fc7146d19828273b9b8eda651c9c7ab583767e6338d3d3bee825adf76?s=96&d=mm&r=g","url":"https:\/\/secure.gravatar.com\/avatar\/f0c7c47fc7146d19828273b9b8eda651c9c7ab583767e6338d3d3bee825adf76?s=96&d=mm&r=g","contentUrl":"https:\/\/secure.gravatar.com\/avatar\/f0c7c47fc7146d19828273b9b8eda651c9c7ab583767e6338d3d3bee825adf76?s=96&d=mm&r=g","caption":"Diario del Sur Digital"},"url":"https:\/\/diariodelsurdigital.com.ar\/?author=4"}]}},"_links":{"self":[{"href":"https:\/\/diariodelsurdigital.com.ar\/index.php?rest_route=\/wp\/v2\/posts\/6454","targetHints":{"allow":["GET"]}}],"collection":[{"href":"https:\/\/diariodelsurdigital.com.ar\/index.php?rest_route=\/wp\/v2\/posts"}],"about":[{"href":"https:\/\/diariodelsurdigital.com.ar\/index.php?rest_route=\/wp\/v2\/types\/post"}],"author":[{"embeddable":true,"href":"https:\/\/diariodelsurdigital.com.ar\/index.php?rest_route=\/wp\/v2\/users\/4"}],"replies":[{"embeddable":true,"href":"https:\/\/diariodelsurdigital.com.ar\/index.php?rest_route=%2Fwp%2Fv2%2Fcomments&post=6454"}],"version-history":[{"count":1,"href":"https:\/\/diariodelsurdigital.com.ar\/index.php?rest_route=\/wp\/v2\/posts\/6454\/revisions"}],"predecessor-version":[{"id":6456,"href":"https:\/\/diariodelsurdigital.com.ar\/index.php?rest_route=\/wp\/v2\/posts\/6454\/revisions\/6456"}],"wp:featuredmedia":[{"embeddable":true,"href":"https:\/\/diariodelsurdigital.com.ar\/index.php?rest_route=\/wp\/v2\/media\/6455"}],"wp:attachment":[{"href":"https:\/\/diariodelsurdigital.com.ar\/index.php?rest_route=%2Fwp%2Fv2%2Fmedia&parent=6454"}],"wp:term":[{"taxonomy":"category","embeddable":true,"href":"https:\/\/diariodelsurdigital.com.ar\/index.php?rest_route=%2Fwp%2Fv2%2Fcategories&post=6454"},{"taxonomy":"post_tag","embeddable":true,"href":"https:\/\/diariodelsurdigital.com.ar\/index.php?rest_route=%2Fwp%2Fv2%2Ftags&post=6454"}],"curies":[{"name":"wp","href":"https:\/\/api.w.org\/{rel}","templated":true}]}}