{"id":647,"date":"2025-01-19T15:48:08","date_gmt":"2025-01-19T18:48:08","guid":{"rendered":"https:\/\/diariodelsurdigital.com.ar\/?p=647"},"modified":"2025-01-19T15:50:59","modified_gmt":"2025-01-19T18:50:59","slug":"violentos-leones-de-la-libertad-avanza-inauguraron-elecciones-a-las-pinas","status":"publish","type":"post","link":"https:\/\/diariodelsurdigital.com.ar\/?p=647","title":{"rendered":"VIOLENTOS: Leones carro\u00f1eros de \u00abLa Libertad Avanza\u00bb inauguraron elecciones a las pi\u00f1as"},"content":{"rendered":"\n<h2 class=\"wp-block-heading\" id=\"nota-title\">VIDEO: <a href=\"https:\/\/www.instagram.com\/reel\/DFAmMRLRy4G\/?igsh=dW4zOHQ4YTB6eTRu\">https:\/\/www.instagram.com\/reel\/DFAmMRLRy4G\/?igsh=dW4zOHQ4YTB6eTRu<\/a> <\/h2>\n\n\n\n<p>Largas filas, demoras en la votaci\u00f3n que inclusive estuvo interrumpida por alg\u00fan tiempo, la queja y el reclamo de muchos simpatizantes libertarios que no pudieron sufragar, presencia de patrulleros y pu\u00f1etazos para arreglar las diferencias, fue la postal que dej\u00f3 la primera elecci\u00f3n interna del partido de Javier Milei en Concordia, Entre R\u00edos<\/p>\n\n\n\n<p>Hubo dos listas a nivel local: una encabezada por Ignacio Cabrera como candidato a presidente, Mar\u00eda Bord\u00f3n como vice y Eduardo Daniel Vidoni aspirante a secretario general. Esta boleta contaba con el apoyo de Mauricio Retamar, funcionario del intendente Francisco Azcu\u00e9 y referente del Partido Liberal Concordia, uno de los sectores libertarios de la ciudad. El otro sector present\u00f3 una lista con el excandidato a intendente Eduardo Beswick para la presidencia del partido a nivel local, secundado por quien fuera su compa\u00f1era de f\u00f3rmula, Adriana Echeverriborda Puyol, como candidata a vice, adem\u00e1s de Leandro Rivero como aspirante a secretario.<\/p>\n\n\n\n<p>El lugar de votaci\u00f3n designado fue el local que responde a la l\u00ednea liderada por Cabrera-Vidoni y fue all\u00ed donde se produjeron demoras de m\u00e1s de dos horas, con filas al rayo del sol esperando para ingresar al local y votar.<\/p>\n\n\n\n<p>Los incidentes se habr\u00edan iniciado cuando uno de los sectores intent\u00f3 cerrar las puertas y dar por finalizados los comicios, ya ca\u00edda la noche. Adem\u00e1s de estos disturbios, que quedaron grabados en video, tambi\u00e9n hubo denuncias de la aparici\u00f3n de \u201csobres sin firmar\u201d en las urnas, con un final abierto que pasada la medianoche no arrojaba un resultado a\u00fan.<\/p>\n\n\n\n<p>Uno de los candidatos de la interna, Beswick, se acerc\u00f3 y ofreci\u00f3 disculpas a los simpatizantes que fueron a votar por la demora que se estaba produciendo. \u201cYo mismo hice una cola de dos horas para votar todo culpa del sistema que han implementado, que es p\u00e9simo, nefasto\u201d, sentenci\u00f3 el dirigente. \u201cEs todo lo que puedo decir, les pido mil disculpas\u201d, insisti\u00f3.<\/p>\n\n\n\n<p>La propia candidata a vicepresidenta de Concordia, Echeverriborda Puyol, del sector que encabezaba Beswick, coment\u00f3 en las redes sociales, confirmando que la decisi\u00f3n de la modalidad de votaci\u00f3n recay\u00f3 en el otro sector interno. \u201cPuso el lugar, local de 3 metros por 4, espacio del presidente de la lista 2A, las tres autoridades de mesa y un fiscal, de su lista\u201d, detall\u00f3. Mientras que \u201cla lista de Beswick s\u00f3lo pudo tener un fiscal en el recinto\u201d, denunci\u00f3. \u201cDemoras llamativas, en la fila entre 1 hora y media a 1 y 45. A las 21, faltando unas 60 personas votar, anuncian que no se vota m\u00e1s\u201d, relat\u00f3.<\/p>\n\n\n\n<p><\/p>\n\n\n\n<p><strong>Fuente:<\/strong>\u00a0Diario Concordia<\/p>\n","protected":false},"excerpt":{"rendered":"<p>VIDEO: https:\/\/www.instagram.com\/reel\/DFAmMRLRy4G\/?igsh=dW4zOHQ4YTB6eTRu Largas filas, demoras en la votaci\u00f3n que inclusive estuvo interrumpida por alg\u00fan tiempo, la queja y el reclamo de muchos simpatizantes libertarios que no pudieron sufragar, presencia de patrulleros y pu\u00f1etazos para arreglar las diferencias, fue la postal que dej\u00f3 la primera elecci\u00f3n interna del partido de Javier Milei en Concordia, Entre R\u00edos [&hellip;]<\/p>\n","protected":false},"author":2,"featured_media":648,"comment_status":"open","ping_status":"open","sticky":false,"template":"","format":"standard","meta":{"footnotes":""},"categories":[22],"tags":[],"class_list":{"0":"post-647","1":"post","2":"type-post","3":"status-publish","4":"format-standard","5":"has-post-thumbnail","7":"category-politica"},"yoast_head":"<!-- This site is optimized with the Yoast SEO plugin v27.4 - https:\/\/yoast.com\/product\/yoast-seo-wordpress\/ -->\n<title>VIOLENTOS: Leones carro\u00f1eros de &quot;La Libertad Avanza&quot; inauguraron elecciones a las pi\u00f1as - Diario del Sur<\/title>\n<meta name=\"robots\" content=\"index, follow, max-snippet:-1, max-image-preview:large, max-video-preview:-1\" \/>\n<link rel=\"canonical\" href=\"https:\/\/diariodelsurdigital.com.ar\/?p=647\" \/>\n<meta property=\"og:locale\" content=\"es_ES\" \/>\n<meta property=\"og:type\" content=\"article\" \/>\n<meta property=\"og:title\" content=\"VIOLENTOS: Leones carro\u00f1eros de &quot;La Libertad Avanza&quot; inauguraron elecciones a las pi\u00f1as - Diario del Sur\" \/>\n<meta property=\"og:description\" content=\"VIDEO: https:\/\/www.instagram.com\/reel\/DFAmMRLRy4G\/?igsh=dW4zOHQ4YTB6eTRu Largas filas, demoras en la votaci\u00f3n que inclusive estuvo interrumpida por alg\u00fan tiempo, la queja y el reclamo de muchos simpatizantes libertarios que no pudieron sufragar, presencia de patrulleros y pu\u00f1etazos para arreglar las diferencias, fue la postal que dej\u00f3 la primera elecci\u00f3n interna del partido de Javier Milei en Concordia, Entre R\u00edos [&hellip;]\" \/>\n<meta property=\"og:url\" content=\"https:\/\/diariodelsurdigital.com.ar\/?p=647\" \/>\n<meta property=\"og:site_name\" content=\"Diario del Sur\" \/>\n<meta property=\"article:published_time\" content=\"2025-01-19T18:48:08+00:00\" \/>\n<meta property=\"article:modified_time\" content=\"2025-01-19T18:50:59+00:00\" \/>\n<meta property=\"og:image\" content=\"https:\/\/diariodelsurdigital.com.ar\/wp-content\/uploads\/2025\/01\/l_1737311712.jpg\" \/>\n\t<meta property=\"og:image:width\" content=\"548\" \/>\n\t<meta property=\"og:image:height\" content=\"337\" \/>\n\t<meta property=\"og:image:type\" content=\"image\/jpeg\" \/>\n<meta name=\"author\" content=\"Diario del Sur Digital\" \/>\n<meta name=\"twitter:card\" content=\"summary_large_image\" \/>\n<meta name=\"twitter:label1\" content=\"Escrito por\" \/>\n\t<meta name=\"twitter:data1\" content=\"Diario del Sur Digital\" \/>\n\t<meta name=\"twitter:label2\" content=\"Tiempo de lectura\" \/>\n\t<meta name=\"twitter:data2\" content=\"3 minutos\" \/>\n<script type=\"application\/ld+json\" class=\"yoast-schema-graph\">{\"@context\":\"https:\\\/\\\/schema.org\",\"@graph\":[{\"@type\":\"Article\",\"@id\":\"https:\\\/\\\/diariodelsurdigital.com.ar\\\/?p=647#article\",\"isPartOf\":{\"@id\":\"https:\\\/\\\/diariodelsurdigital.com.ar\\\/?p=647\"},\"author\":{\"name\":\"Diario del Sur Digital\",\"@id\":\"https:\\\/\\\/diariodelsurdigital.com.ar\\\/#\\\/schema\\\/person\\\/6136a32571657f7dba980b88b04c5465\"},\"headline\":\"VIOLENTOS: Leones carro\u00f1eros de \u00abLa Libertad Avanza\u00bb inauguraron elecciones a las pi\u00f1as\",\"datePublished\":\"2025-01-19T18:48:08+00:00\",\"dateModified\":\"2025-01-19T18:50:59+00:00\",\"mainEntityOfPage\":{\"@id\":\"https:\\\/\\\/diariodelsurdigital.com.ar\\\/?p=647\"},\"wordCount\":467,\"commentCount\":0,\"image\":{\"@id\":\"https:\\\/\\\/diariodelsurdigital.com.ar\\\/?p=647#primaryimage\"},\"thumbnailUrl\":\"https:\\\/\\\/diariodelsurdigital.com.ar\\\/wp-content\\\/uploads\\\/2025\\\/01\\\/l_1737311712.jpg\",\"articleSection\":[\"Pol\u00edtica\"],\"inLanguage\":\"es\",\"potentialAction\":[{\"@type\":\"CommentAction\",\"name\":\"Comment\",\"target\":[\"https:\\\/\\\/diariodelsurdigital.com.ar\\\/?p=647#respond\"]}]},{\"@type\":\"WebPage\",\"@id\":\"https:\\\/\\\/diariodelsurdigital.com.ar\\\/?p=647\",\"url\":\"https:\\\/\\\/diariodelsurdigital.com.ar\\\/?p=647\",\"name\":\"VIOLENTOS: Leones carro\u00f1eros de \\\"La Libertad Avanza\\\" inauguraron elecciones a las pi\u00f1as - Diario del Sur\",\"isPartOf\":{\"@id\":\"https:\\\/\\\/diariodelsurdigital.com.ar\\\/#website\"},\"primaryImageOfPage\":{\"@id\":\"https:\\\/\\\/diariodelsurdigital.com.ar\\\/?p=647#primaryimage\"},\"image\":{\"@id\":\"https:\\\/\\\/diariodelsurdigital.com.ar\\\/?p=647#primaryimage\"},\"thumbnailUrl\":\"https:\\\/\\\/diariodelsurdigital.com.ar\\\/wp-content\\\/uploads\\\/2025\\\/01\\\/l_1737311712.jpg\",\"datePublished\":\"2025-01-19T18:48:08+00:00\",\"dateModified\":\"2025-01-19T18:50:59+00:00\",\"author\":{\"@id\":\"https:\\\/\\\/diariodelsurdigital.com.ar\\\/#\\\/schema\\\/person\\\/6136a32571657f7dba980b88b04c5465\"},\"breadcrumb\":{\"@id\":\"https:\\\/\\\/diariodelsurdigital.com.ar\\\/?p=647#breadcrumb\"},\"inLanguage\":\"es\",\"potentialAction\":[{\"@type\":\"ReadAction\",\"target\":[\"https:\\\/\\\/diariodelsurdigital.com.ar\\\/?p=647\"]}]},{\"@type\":\"ImageObject\",\"inLanguage\":\"es\",\"@id\":\"https:\\\/\\\/diariodelsurdigital.com.ar\\\/?p=647#primaryimage\",\"url\":\"https:\\\/\\\/diariodelsurdigital.com.ar\\\/wp-content\\\/uploads\\\/2025\\\/01\\\/l_1737311712.jpg\",\"contentUrl\":\"https:\\\/\\\/diariodelsurdigital.com.ar\\\/wp-content\\\/uploads\\\/2025\\\/01\\\/l_1737311712.jpg\",\"width\":548,\"height\":337},{\"@type\":\"BreadcrumbList\",\"@id\":\"https:\\\/\\\/diariodelsurdigital.com.ar\\\/?p=647#breadcrumb\",\"itemListElement\":[{\"@type\":\"ListItem\",\"position\":1,\"name\":\"Portada\",\"item\":\"https:\\\/\\\/diariodelsurdigital.com.ar\\\/\"},{\"@type\":\"ListItem\",\"position\":2,\"name\":\"VIOLENTOS: Leones carro\u00f1eros de \u00abLa Libertad Avanza\u00bb inauguraron elecciones a las pi\u00f1as\"}]},{\"@type\":\"WebSite\",\"@id\":\"https:\\\/\\\/diariodelsurdigital.com.ar\\\/#website\",\"url\":\"https:\\\/\\\/diariodelsurdigital.com.ar\\\/\",\"name\":\"Diario del Sur\",\"description\":\"Digital\",\"potentialAction\":[{\"@type\":\"SearchAction\",\"target\":{\"@type\":\"EntryPoint\",\"urlTemplate\":\"https:\\\/\\\/diariodelsurdigital.com.ar\\\/?s={search_term_string}\"},\"query-input\":{\"@type\":\"PropertyValueSpecification\",\"valueRequired\":true,\"valueName\":\"search_term_string\"}}],\"inLanguage\":\"es\"},{\"@type\":\"Person\",\"@id\":\"https:\\\/\\\/diariodelsurdigital.com.ar\\\/#\\\/schema\\\/person\\\/6136a32571657f7dba980b88b04c5465\",\"name\":\"Diario del Sur Digital\",\"image\":{\"@type\":\"ImageObject\",\"inLanguage\":\"es\",\"@id\":\"https:\\\/\\\/secure.gravatar.com\\\/avatar\\\/4c29ceac98541dd42460b2474aaa5dd37594d6ce6cb3cf2c101d09b48ee287ba?s=96&d=mm&r=g\",\"url\":\"https:\\\/\\\/secure.gravatar.com\\\/avatar\\\/4c29ceac98541dd42460b2474aaa5dd37594d6ce6cb3cf2c101d09b48ee287ba?s=96&d=mm&r=g\",\"contentUrl\":\"https:\\\/\\\/secure.gravatar.com\\\/avatar\\\/4c29ceac98541dd42460b2474aaa5dd37594d6ce6cb3cf2c101d09b48ee287ba?s=96&d=mm&r=g\",\"caption\":\"Diario del Sur Digital\"},\"url\":\"https:\\\/\\\/diariodelsurdigital.com.ar\\\/?author=2\"}]}<\/script>\n<!-- \/ Yoast SEO plugin. -->","yoast_head_json":{"title":"VIOLENTOS: Leones carro\u00f1eros de \"La Libertad Avanza\" inauguraron elecciones a las pi\u00f1as - Diario del Sur","robots":{"index":"index","follow":"follow","max-snippet":"max-snippet:-1","max-image-preview":"max-image-preview:large","max-video-preview":"max-video-preview:-1"},"canonical":"https:\/\/diariodelsurdigital.com.ar\/?p=647","og_locale":"es_ES","og_type":"article","og_title":"VIOLENTOS: Leones carro\u00f1eros de \"La Libertad Avanza\" inauguraron elecciones a las pi\u00f1as - Diario del Sur","og_description":"VIDEO: https:\/\/www.instagram.com\/reel\/DFAmMRLRy4G\/?igsh=dW4zOHQ4YTB6eTRu Largas filas, demoras en la votaci\u00f3n que inclusive estuvo interrumpida por alg\u00fan tiempo, la queja y el reclamo de muchos simpatizantes libertarios que no pudieron sufragar, presencia de patrulleros y pu\u00f1etazos para arreglar las diferencias, fue la postal que dej\u00f3 la primera elecci\u00f3n interna del partido de Javier Milei en Concordia, Entre R\u00edos [&hellip;]","og_url":"https:\/\/diariodelsurdigital.com.ar\/?p=647","og_site_name":"Diario del Sur","article_published_time":"2025-01-19T18:48:08+00:00","article_modified_time":"2025-01-19T18:50:59+00:00","og_image":[{"width":548,"height":337,"url":"https:\/\/diariodelsurdigital.com.ar\/wp-content\/uploads\/2025\/01\/l_1737311712.jpg","type":"image\/jpeg"}],"author":"Diario del Sur Digital","twitter_card":"summary_large_image","twitter_misc":{"Escrito por":"Diario del Sur Digital","Tiempo de lectura":"3 minutos"},"schema":{"@context":"https:\/\/schema.org","@graph":[{"@type":"Article","@id":"https:\/\/diariodelsurdigital.com.ar\/?p=647#article","isPartOf":{"@id":"https:\/\/diariodelsurdigital.com.ar\/?p=647"},"author":{"name":"Diario del Sur Digital","@id":"https:\/\/diariodelsurdigital.com.ar\/#\/schema\/person\/6136a32571657f7dba980b88b04c5465"},"headline":"VIOLENTOS: Leones carro\u00f1eros de \u00abLa Libertad Avanza\u00bb inauguraron elecciones a las pi\u00f1as","datePublished":"2025-01-19T18:48:08+00:00","dateModified":"2025-01-19T18:50:59+00:00","mainEntityOfPage":{"@id":"https:\/\/diariodelsurdigital.com.ar\/?p=647"},"wordCount":467,"commentCount":0,"image":{"@id":"https:\/\/diariodelsurdigital.com.ar\/?p=647#primaryimage"},"thumbnailUrl":"https:\/\/diariodelsurdigital.com.ar\/wp-content\/uploads\/2025\/01\/l_1737311712.jpg","articleSection":["Pol\u00edtica"],"inLanguage":"es","potentialAction":[{"@type":"CommentAction","name":"Comment","target":["https:\/\/diariodelsurdigital.com.ar\/?p=647#respond"]}]},{"@type":"WebPage","@id":"https:\/\/diariodelsurdigital.com.ar\/?p=647","url":"https:\/\/diariodelsurdigital.com.ar\/?p=647","name":"VIOLENTOS: Leones carro\u00f1eros de \"La Libertad Avanza\" inauguraron elecciones a las pi\u00f1as - Diario del Sur","isPartOf":{"@id":"https:\/\/diariodelsurdigital.com.ar\/#website"},"primaryImageOfPage":{"@id":"https:\/\/diariodelsurdigital.com.ar\/?p=647#primaryimage"},"image":{"@id":"https:\/\/diariodelsurdigital.com.ar\/?p=647#primaryimage"},"thumbnailUrl":"https:\/\/diariodelsurdigital.com.ar\/wp-content\/uploads\/2025\/01\/l_1737311712.jpg","datePublished":"2025-01-19T18:48:08+00:00","dateModified":"2025-01-19T18:50:59+00:00","author":{"@id":"https:\/\/diariodelsurdigital.com.ar\/#\/schema\/person\/6136a32571657f7dba980b88b04c5465"},"breadcrumb":{"@id":"https:\/\/diariodelsurdigital.com.ar\/?p=647#breadcrumb"},"inLanguage":"es","potentialAction":[{"@type":"ReadAction","target":["https:\/\/diariodelsurdigital.com.ar\/?p=647"]}]},{"@type":"ImageObject","inLanguage":"es","@id":"https:\/\/diariodelsurdigital.com.ar\/?p=647#primaryimage","url":"https:\/\/diariodelsurdigital.com.ar\/wp-content\/uploads\/2025\/01\/l_1737311712.jpg","contentUrl":"https:\/\/diariodelsurdigital.com.ar\/wp-content\/uploads\/2025\/01\/l_1737311712.jpg","width":548,"height":337},{"@type":"BreadcrumbList","@id":"https:\/\/diariodelsurdigital.com.ar\/?p=647#breadcrumb","itemListElement":[{"@type":"ListItem","position":1,"name":"Portada","item":"https:\/\/diariodelsurdigital.com.ar\/"},{"@type":"ListItem","position":2,"name":"VIOLENTOS: Leones carro\u00f1eros de \u00abLa Libertad Avanza\u00bb inauguraron elecciones a las pi\u00f1as"}]},{"@type":"WebSite","@id":"https:\/\/diariodelsurdigital.com.ar\/#website","url":"https:\/\/diariodelsurdigital.com.ar\/","name":"Diario del Sur","description":"Digital","potentialAction":[{"@type":"SearchAction","target":{"@type":"EntryPoint","urlTemplate":"https:\/\/diariodelsurdigital.com.ar\/?s={search_term_string}"},"query-input":{"@type":"PropertyValueSpecification","valueRequired":true,"valueName":"search_term_string"}}],"inLanguage":"es"},{"@type":"Person","@id":"https:\/\/diariodelsurdigital.com.ar\/#\/schema\/person\/6136a32571657f7dba980b88b04c5465","name":"Diario del Sur Digital","image":{"@type":"ImageObject","inLanguage":"es","@id":"https:\/\/secure.gravatar.com\/avatar\/4c29ceac98541dd42460b2474aaa5dd37594d6ce6cb3cf2c101d09b48ee287ba?s=96&d=mm&r=g","url":"https:\/\/secure.gravatar.com\/avatar\/4c29ceac98541dd42460b2474aaa5dd37594d6ce6cb3cf2c101d09b48ee287ba?s=96&d=mm&r=g","contentUrl":"https:\/\/secure.gravatar.com\/avatar\/4c29ceac98541dd42460b2474aaa5dd37594d6ce6cb3cf2c101d09b48ee287ba?s=96&d=mm&r=g","caption":"Diario del Sur Digital"},"url":"https:\/\/diariodelsurdigital.com.ar\/?author=2"}]}},"_links":{"self":[{"href":"https:\/\/diariodelsurdigital.com.ar\/index.php?rest_route=\/wp\/v2\/posts\/647","targetHints":{"allow":["GET"]}}],"collection":[{"href":"https:\/\/diariodelsurdigital.com.ar\/index.php?rest_route=\/wp\/v2\/posts"}],"about":[{"href":"https:\/\/diariodelsurdigital.com.ar\/index.php?rest_route=\/wp\/v2\/types\/post"}],"author":[{"embeddable":true,"href":"https:\/\/diariodelsurdigital.com.ar\/index.php?rest_route=\/wp\/v2\/users\/2"}],"replies":[{"embeddable":true,"href":"https:\/\/diariodelsurdigital.com.ar\/index.php?rest_route=%2Fwp%2Fv2%2Fcomments&post=647"}],"version-history":[{"count":4,"href":"https:\/\/diariodelsurdigital.com.ar\/index.php?rest_route=\/wp\/v2\/posts\/647\/revisions"}],"predecessor-version":[{"id":652,"href":"https:\/\/diariodelsurdigital.com.ar\/index.php?rest_route=\/wp\/v2\/posts\/647\/revisions\/652"}],"wp:featuredmedia":[{"embeddable":true,"href":"https:\/\/diariodelsurdigital.com.ar\/index.php?rest_route=\/wp\/v2\/media\/648"}],"wp:attachment":[{"href":"https:\/\/diariodelsurdigital.com.ar\/index.php?rest_route=%2Fwp%2Fv2%2Fmedia&parent=647"}],"wp:term":[{"taxonomy":"category","embeddable":true,"href":"https:\/\/diariodelsurdigital.com.ar\/index.php?rest_route=%2Fwp%2Fv2%2Fcategories&post=647"},{"taxonomy":"post_tag","embeddable":true,"href":"https:\/\/diariodelsurdigital.com.ar\/index.php?rest_route=%2Fwp%2Fv2%2Ftags&post=647"}],"curies":[{"name":"wp","href":"https:\/\/api.w.org\/{rel}","templated":true}]}}