{"id":6470,"date":"2026-01-13T14:30:22","date_gmt":"2026-01-13T17:30:22","guid":{"rendered":"https:\/\/diariodelsurdigital.com.ar\/?p=6470"},"modified":"2026-01-13T14:30:23","modified_gmt":"2026-01-13T17:30:23","slug":"bordet-rechazo-ante-frigerio-la-idea-de-una-pesada-herencia-en-estos-20-anos-el-peronismo-hizo-mucho","status":"publish","type":"post","link":"https:\/\/diariodelsurdigital.com.ar\/?p=6470","title":{"rendered":"Bordet rechaz\u00f3 ante Frigerio la idea de una \u201cpesada herencia\u201d: \u201cEn estos 20 a\u00f1os el peronismo hizo mucho\u201d"},"content":{"rendered":"\n<p>El ex gobernador Gustavo Bordet mantuvo un encuentro institucional con el actual mandatario, Rogelio Frigerio. APFDigital supo que en una charla que calific\u00f3 como de \u00abmucha madurez\u00bb, abordaron la situaci\u00f3n financiera de la provincia, el conflicto gremial en Concordia y futuros proyectos legislativos.<\/p>\n\n\n\n<p><\/p>\n\n\n\n<p>El ex mandatario de Entre R\u00edos y actual diputado nacional, Gustavo Bordet, se reuni\u00f3 este martes con el gobernador Rogelio Frigerio en la Casa de Gobierno este martes al mediod\u00eda. El encuentro fue de car\u00e1cter institucional y marc\u00f3 un punto de contacto entre las dos figuras centrales de la pol\u00edtica provincial.<\/p>\n\n\n\n<p>Durante la rueda de prensa posterior, Bordet destac\u00f3 la importancia de sostener canales de comunicaci\u00f3n entre oficialismo y oposici\u00f3n. \u00abEl intercambio se dio con mucha madurez, respeto, planteando nuestras diferencias pol\u00edticas y el rol de oposici\u00f3n que claramente lo tenemos\u00bb, afirm\u00f3 el legislador, subrayando que en tiempos de \u00abtanta agresividad\u00bb, estas instancias de di\u00e1logo son necesarias.<\/p>\n\n\n\n<p>Preocupaci\u00f3n por recursos y obra p\u00fablica<br>Uno de los ejes centrales de la reuni\u00f3n fue la situaci\u00f3n fiscal de Entre R\u00edos. Bordet manifest\u00f3 su inquietud por la merma en los ingresos coparticipables debido a las pol\u00edticas nacionales y asegur\u00f3 que plante\u00f3 su \u201cpreocupaci\u00f3n por la p\u00e9rdida de recursos que la Provincia va teniendo sostenidamente a ra\u00edz de las pol\u00edticas que el gobierno nacional viene aplicando\u00bb.<\/p>\n\n\n\n<p>Asimismo, aclar\u00f3 que esta reuni\u00f3n fue independiente del pedido de audiencia que realizaron los legisladores nacionales de su espacio para tratar espec\u00edficamente el impacto de la reforma laboral y el impuesto a las ganancias en las arcas entrerrianas.<\/p>\n\n\n\n<p>El conflicto en Concordia y cr\u00edticas a la gesti\u00f3n<br>Bordet no esquiv\u00f3 temas de la actualidad inmediata, como el conflicto municipal en su ciudad natal. \u00abLe plante\u00e9 al gobernador la preocupaci\u00f3n de lo que est\u00e1 sucediendo en Concordia, donde se despidieron a 140 trabajadores y hubo un accionar de la polic\u00eda para controlar las asambleas\u00bb, expres\u00f3. El exmandatario record\u00f3 su paso por la intendencia para marcar una diferencia metodol\u00f3gica: \u00abJam\u00e1s utilic\u00e9 la fuerza del orden p\u00fablico para intervenir y controlar una protesta gremial o social\u00bb.<\/p>\n\n\n\n<p>Por otro lado, la reuni\u00f3n sirvi\u00f3 para saldar discusiones sobre la herencia recibida. Ante las cr\u00edticas de Frigerio sobre supuestos casos de corrupci\u00f3n o \u00ab20 a\u00f1os de oscurantismo\u00bb peronista, Bordet fue tajante: \u00abLe plante\u00e9 que el peronismo en estos 20 a\u00f1os en la Provincia hizo mucho. Cada vez que nos criticaron, sal\u00ed a defenderme como corresponde y lo seguir\u00e9 haciendo\u00bb.<\/p>\n\n\n\n<p>Agenda legislativa y futuro<br>Hacia el final del encuentro, se discutieron proyectos de ley que Bordet impulsar\u00e1 en el Congreso Nacional, tales como el aumento de las regal\u00edas de Salto Grande al 50% y la declaraci\u00f3n de inter\u00e9s p\u00fablico de la comunicaci\u00f3n vial entre Brazo Largo y Nueva Palmira.<\/p>\n\n\n\n<p>\u00abUn gobernador termina su mandato, pero siempre queda una responsabilidad institucional. Siempre voy a estar porque quiero aportar lo mejor para que a la provincia le vaya bien\u00bb, finaliz\u00f3.<\/p>\n","protected":false},"excerpt":{"rendered":"<p>El ex gobernador Gustavo Bordet mantuvo un encuentro institucional con el actual mandatario, Rogelio Frigerio. APFDigital supo que en una charla que calific\u00f3 como de \u00abmucha madurez\u00bb, abordaron la situaci\u00f3n financiera de la provincia, el conflicto gremial en Concordia y futuros proyectos legislativos. El ex mandatario de Entre R\u00edos y actual diputado nacional, Gustavo Bordet, [&hellip;]<\/p>\n","protected":false},"author":4,"featured_media":6471,"comment_status":"open","ping_status":"open","sticky":false,"template":"","format":"standard","meta":{"footnotes":""},"categories":[1],"tags":[],"class_list":{"0":"post-6470","1":"post","2":"type-post","3":"status-publish","4":"format-standard","5":"has-post-thumbnail","7":"category-uncategorized"},"yoast_head":"<!-- This site is optimized with the Yoast SEO plugin v27.4 - https:\/\/yoast.com\/product\/yoast-seo-wordpress\/ -->\n<title>Bordet rechaz\u00f3 ante Frigerio la idea de una \u201cpesada herencia\u201d: \u201cEn estos 20 a\u00f1os el peronismo hizo mucho\u201d - Diario del Sur<\/title>\n<meta name=\"robots\" content=\"index, follow, max-snippet:-1, max-image-preview:large, max-video-preview:-1\" \/>\n<link rel=\"canonical\" href=\"https:\/\/diariodelsurdigital.com.ar\/?p=6470\" \/>\n<meta property=\"og:locale\" content=\"es_ES\" \/>\n<meta property=\"og:type\" content=\"article\" \/>\n<meta property=\"og:title\" content=\"Bordet rechaz\u00f3 ante Frigerio la idea de una \u201cpesada herencia\u201d: \u201cEn estos 20 a\u00f1os el peronismo hizo mucho\u201d - Diario del Sur\" \/>\n<meta property=\"og:description\" content=\"El ex gobernador Gustavo Bordet mantuvo un encuentro institucional con el actual mandatario, Rogelio Frigerio. APFDigital supo que en una charla que calific\u00f3 como de \u00abmucha madurez\u00bb, abordaron la situaci\u00f3n financiera de la provincia, el conflicto gremial en Concordia y futuros proyectos legislativos. El ex mandatario de Entre R\u00edos y actual diputado nacional, Gustavo Bordet, [&hellip;]\" \/>\n<meta property=\"og:url\" content=\"https:\/\/diariodelsurdigital.com.ar\/?p=6470\" \/>\n<meta property=\"og:site_name\" content=\"Diario del Sur\" \/>\n<meta property=\"article:published_time\" content=\"2026-01-13T17:30:22+00:00\" \/>\n<meta property=\"article:modified_time\" content=\"2026-01-13T17:30:23+00:00\" \/>\n<meta property=\"og:image\" content=\"https:\/\/diariodelsurdigital.com.ar\/wp-content\/uploads\/2026\/01\/md-44.webp\" \/>\n\t<meta property=\"og:image:width\" content=\"992\" \/>\n\t<meta property=\"og:image:height\" content=\"931\" \/>\n\t<meta property=\"og:image:type\" content=\"image\/webp\" \/>\n<meta name=\"author\" content=\"Diario del Sur Digital\" \/>\n<meta name=\"twitter:card\" content=\"summary_large_image\" \/>\n<meta name=\"twitter:label1\" content=\"Escrito por\" \/>\n\t<meta name=\"twitter:data1\" content=\"Diario del Sur Digital\" \/>\n\t<meta name=\"twitter:label2\" content=\"Tiempo de lectura\" \/>\n\t<meta name=\"twitter:data2\" content=\"3 minutos\" \/>\n<script type=\"application\/ld+json\" class=\"yoast-schema-graph\">{\"@context\":\"https:\\\/\\\/schema.org\",\"@graph\":[{\"@type\":\"Article\",\"@id\":\"https:\\\/\\\/diariodelsurdigital.com.ar\\\/?p=6470#article\",\"isPartOf\":{\"@id\":\"https:\\\/\\\/diariodelsurdigital.com.ar\\\/?p=6470\"},\"author\":{\"name\":\"Diario del Sur Digital\",\"@id\":\"https:\\\/\\\/diariodelsurdigital.com.ar\\\/#\\\/schema\\\/person\\\/1a4992532ed62965c968031b49195c81\"},\"headline\":\"Bordet rechaz\u00f3 ante Frigerio la idea de una \u201cpesada herencia\u201d: \u201cEn estos 20 a\u00f1os el peronismo hizo mucho\u201d\",\"datePublished\":\"2026-01-13T17:30:22+00:00\",\"dateModified\":\"2026-01-13T17:30:23+00:00\",\"mainEntityOfPage\":{\"@id\":\"https:\\\/\\\/diariodelsurdigital.com.ar\\\/?p=6470\"},\"wordCount\":526,\"commentCount\":0,\"image\":{\"@id\":\"https:\\\/\\\/diariodelsurdigital.com.ar\\\/?p=6470#primaryimage\"},\"thumbnailUrl\":\"https:\\\/\\\/diariodelsurdigital.com.ar\\\/wp-content\\\/uploads\\\/2026\\\/01\\\/md-44.webp\",\"articleSection\":[\"Uncategorized\"],\"inLanguage\":\"es\",\"potentialAction\":[{\"@type\":\"CommentAction\",\"name\":\"Comment\",\"target\":[\"https:\\\/\\\/diariodelsurdigital.com.ar\\\/?p=6470#respond\"]}]},{\"@type\":\"WebPage\",\"@id\":\"https:\\\/\\\/diariodelsurdigital.com.ar\\\/?p=6470\",\"url\":\"https:\\\/\\\/diariodelsurdigital.com.ar\\\/?p=6470\",\"name\":\"Bordet rechaz\u00f3 ante Frigerio la idea de una \u201cpesada herencia\u201d: \u201cEn estos 20 a\u00f1os el peronismo hizo mucho\u201d - Diario del Sur\",\"isPartOf\":{\"@id\":\"https:\\\/\\\/diariodelsurdigital.com.ar\\\/#website\"},\"primaryImageOfPage\":{\"@id\":\"https:\\\/\\\/diariodelsurdigital.com.ar\\\/?p=6470#primaryimage\"},\"image\":{\"@id\":\"https:\\\/\\\/diariodelsurdigital.com.ar\\\/?p=6470#primaryimage\"},\"thumbnailUrl\":\"https:\\\/\\\/diariodelsurdigital.com.ar\\\/wp-content\\\/uploads\\\/2026\\\/01\\\/md-44.webp\",\"datePublished\":\"2026-01-13T17:30:22+00:00\",\"dateModified\":\"2026-01-13T17:30:23+00:00\",\"author\":{\"@id\":\"https:\\\/\\\/diariodelsurdigital.com.ar\\\/#\\\/schema\\\/person\\\/1a4992532ed62965c968031b49195c81\"},\"breadcrumb\":{\"@id\":\"https:\\\/\\\/diariodelsurdigital.com.ar\\\/?p=6470#breadcrumb\"},\"inLanguage\":\"es\",\"potentialAction\":[{\"@type\":\"ReadAction\",\"target\":[\"https:\\\/\\\/diariodelsurdigital.com.ar\\\/?p=6470\"]}]},{\"@type\":\"ImageObject\",\"inLanguage\":\"es\",\"@id\":\"https:\\\/\\\/diariodelsurdigital.com.ar\\\/?p=6470#primaryimage\",\"url\":\"https:\\\/\\\/diariodelsurdigital.com.ar\\\/wp-content\\\/uploads\\\/2026\\\/01\\\/md-44.webp\",\"contentUrl\":\"https:\\\/\\\/diariodelsurdigital.com.ar\\\/wp-content\\\/uploads\\\/2026\\\/01\\\/md-44.webp\",\"width\":992,\"height\":931},{\"@type\":\"BreadcrumbList\",\"@id\":\"https:\\\/\\\/diariodelsurdigital.com.ar\\\/?p=6470#breadcrumb\",\"itemListElement\":[{\"@type\":\"ListItem\",\"position\":1,\"name\":\"Portada\",\"item\":\"https:\\\/\\\/diariodelsurdigital.com.ar\\\/\"},{\"@type\":\"ListItem\",\"position\":2,\"name\":\"Bordet rechaz\u00f3 ante Frigerio la idea de una \u201cpesada herencia\u201d: \u201cEn estos 20 a\u00f1os el peronismo hizo mucho\u201d\"}]},{\"@type\":\"WebSite\",\"@id\":\"https:\\\/\\\/diariodelsurdigital.com.ar\\\/#website\",\"url\":\"https:\\\/\\\/diariodelsurdigital.com.ar\\\/\",\"name\":\"Diario del Sur\",\"description\":\"Digital\",\"potentialAction\":[{\"@type\":\"SearchAction\",\"target\":{\"@type\":\"EntryPoint\",\"urlTemplate\":\"https:\\\/\\\/diariodelsurdigital.com.ar\\\/?s={search_term_string}\"},\"query-input\":{\"@type\":\"PropertyValueSpecification\",\"valueRequired\":true,\"valueName\":\"search_term_string\"}}],\"inLanguage\":\"es\"},{\"@type\":\"Person\",\"@id\":\"https:\\\/\\\/diariodelsurdigital.com.ar\\\/#\\\/schema\\\/person\\\/1a4992532ed62965c968031b49195c81\",\"name\":\"Diario del Sur Digital\",\"image\":{\"@type\":\"ImageObject\",\"inLanguage\":\"es\",\"@id\":\"https:\\\/\\\/secure.gravatar.com\\\/avatar\\\/f0c7c47fc7146d19828273b9b8eda651c9c7ab583767e6338d3d3bee825adf76?s=96&d=mm&r=g\",\"url\":\"https:\\\/\\\/secure.gravatar.com\\\/avatar\\\/f0c7c47fc7146d19828273b9b8eda651c9c7ab583767e6338d3d3bee825adf76?s=96&d=mm&r=g\",\"contentUrl\":\"https:\\\/\\\/secure.gravatar.com\\\/avatar\\\/f0c7c47fc7146d19828273b9b8eda651c9c7ab583767e6338d3d3bee825adf76?s=96&d=mm&r=g\",\"caption\":\"Diario del Sur Digital\"},\"url\":\"https:\\\/\\\/diariodelsurdigital.com.ar\\\/?author=4\"}]}<\/script>\n<!-- \/ Yoast SEO plugin. -->","yoast_head_json":{"title":"Bordet rechaz\u00f3 ante Frigerio la idea de una \u201cpesada herencia\u201d: \u201cEn estos 20 a\u00f1os el peronismo hizo mucho\u201d - Diario del Sur","robots":{"index":"index","follow":"follow","max-snippet":"max-snippet:-1","max-image-preview":"max-image-preview:large","max-video-preview":"max-video-preview:-1"},"canonical":"https:\/\/diariodelsurdigital.com.ar\/?p=6470","og_locale":"es_ES","og_type":"article","og_title":"Bordet rechaz\u00f3 ante Frigerio la idea de una \u201cpesada herencia\u201d: \u201cEn estos 20 a\u00f1os el peronismo hizo mucho\u201d - Diario del Sur","og_description":"El ex gobernador Gustavo Bordet mantuvo un encuentro institucional con el actual mandatario, Rogelio Frigerio. APFDigital supo que en una charla que calific\u00f3 como de \u00abmucha madurez\u00bb, abordaron la situaci\u00f3n financiera de la provincia, el conflicto gremial en Concordia y futuros proyectos legislativos. El ex mandatario de Entre R\u00edos y actual diputado nacional, Gustavo Bordet, [&hellip;]","og_url":"https:\/\/diariodelsurdigital.com.ar\/?p=6470","og_site_name":"Diario del Sur","article_published_time":"2026-01-13T17:30:22+00:00","article_modified_time":"2026-01-13T17:30:23+00:00","og_image":[{"width":992,"height":931,"url":"https:\/\/diariodelsurdigital.com.ar\/wp-content\/uploads\/2026\/01\/md-44.webp","type":"image\/webp"}],"author":"Diario del Sur Digital","twitter_card":"summary_large_image","twitter_misc":{"Escrito por":"Diario del Sur Digital","Tiempo de lectura":"3 minutos"},"schema":{"@context":"https:\/\/schema.org","@graph":[{"@type":"Article","@id":"https:\/\/diariodelsurdigital.com.ar\/?p=6470#article","isPartOf":{"@id":"https:\/\/diariodelsurdigital.com.ar\/?p=6470"},"author":{"name":"Diario del Sur Digital","@id":"https:\/\/diariodelsurdigital.com.ar\/#\/schema\/person\/1a4992532ed62965c968031b49195c81"},"headline":"Bordet rechaz\u00f3 ante Frigerio la idea de una \u201cpesada herencia\u201d: \u201cEn estos 20 a\u00f1os el peronismo hizo mucho\u201d","datePublished":"2026-01-13T17:30:22+00:00","dateModified":"2026-01-13T17:30:23+00:00","mainEntityOfPage":{"@id":"https:\/\/diariodelsurdigital.com.ar\/?p=6470"},"wordCount":526,"commentCount":0,"image":{"@id":"https:\/\/diariodelsurdigital.com.ar\/?p=6470#primaryimage"},"thumbnailUrl":"https:\/\/diariodelsurdigital.com.ar\/wp-content\/uploads\/2026\/01\/md-44.webp","articleSection":["Uncategorized"],"inLanguage":"es","potentialAction":[{"@type":"CommentAction","name":"Comment","target":["https:\/\/diariodelsurdigital.com.ar\/?p=6470#respond"]}]},{"@type":"WebPage","@id":"https:\/\/diariodelsurdigital.com.ar\/?p=6470","url":"https:\/\/diariodelsurdigital.com.ar\/?p=6470","name":"Bordet rechaz\u00f3 ante Frigerio la idea de una \u201cpesada herencia\u201d: \u201cEn estos 20 a\u00f1os el peronismo hizo mucho\u201d - Diario del Sur","isPartOf":{"@id":"https:\/\/diariodelsurdigital.com.ar\/#website"},"primaryImageOfPage":{"@id":"https:\/\/diariodelsurdigital.com.ar\/?p=6470#primaryimage"},"image":{"@id":"https:\/\/diariodelsurdigital.com.ar\/?p=6470#primaryimage"},"thumbnailUrl":"https:\/\/diariodelsurdigital.com.ar\/wp-content\/uploads\/2026\/01\/md-44.webp","datePublished":"2026-01-13T17:30:22+00:00","dateModified":"2026-01-13T17:30:23+00:00","author":{"@id":"https:\/\/diariodelsurdigital.com.ar\/#\/schema\/person\/1a4992532ed62965c968031b49195c81"},"breadcrumb":{"@id":"https:\/\/diariodelsurdigital.com.ar\/?p=6470#breadcrumb"},"inLanguage":"es","potentialAction":[{"@type":"ReadAction","target":["https:\/\/diariodelsurdigital.com.ar\/?p=6470"]}]},{"@type":"ImageObject","inLanguage":"es","@id":"https:\/\/diariodelsurdigital.com.ar\/?p=6470#primaryimage","url":"https:\/\/diariodelsurdigital.com.ar\/wp-content\/uploads\/2026\/01\/md-44.webp","contentUrl":"https:\/\/diariodelsurdigital.com.ar\/wp-content\/uploads\/2026\/01\/md-44.webp","width":992,"height":931},{"@type":"BreadcrumbList","@id":"https:\/\/diariodelsurdigital.com.ar\/?p=6470#breadcrumb","itemListElement":[{"@type":"ListItem","position":1,"name":"Portada","item":"https:\/\/diariodelsurdigital.com.ar\/"},{"@type":"ListItem","position":2,"name":"Bordet rechaz\u00f3 ante Frigerio la idea de una \u201cpesada herencia\u201d: \u201cEn estos 20 a\u00f1os el peronismo hizo mucho\u201d"}]},{"@type":"WebSite","@id":"https:\/\/diariodelsurdigital.com.ar\/#website","url":"https:\/\/diariodelsurdigital.com.ar\/","name":"Diario del Sur","description":"Digital","potentialAction":[{"@type":"SearchAction","target":{"@type":"EntryPoint","urlTemplate":"https:\/\/diariodelsurdigital.com.ar\/?s={search_term_string}"},"query-input":{"@type":"PropertyValueSpecification","valueRequired":true,"valueName":"search_term_string"}}],"inLanguage":"es"},{"@type":"Person","@id":"https:\/\/diariodelsurdigital.com.ar\/#\/schema\/person\/1a4992532ed62965c968031b49195c81","name":"Diario del Sur Digital","image":{"@type":"ImageObject","inLanguage":"es","@id":"https:\/\/secure.gravatar.com\/avatar\/f0c7c47fc7146d19828273b9b8eda651c9c7ab583767e6338d3d3bee825adf76?s=96&d=mm&r=g","url":"https:\/\/secure.gravatar.com\/avatar\/f0c7c47fc7146d19828273b9b8eda651c9c7ab583767e6338d3d3bee825adf76?s=96&d=mm&r=g","contentUrl":"https:\/\/secure.gravatar.com\/avatar\/f0c7c47fc7146d19828273b9b8eda651c9c7ab583767e6338d3d3bee825adf76?s=96&d=mm&r=g","caption":"Diario del Sur Digital"},"url":"https:\/\/diariodelsurdigital.com.ar\/?author=4"}]}},"_links":{"self":[{"href":"https:\/\/diariodelsurdigital.com.ar\/index.php?rest_route=\/wp\/v2\/posts\/6470","targetHints":{"allow":["GET"]}}],"collection":[{"href":"https:\/\/diariodelsurdigital.com.ar\/index.php?rest_route=\/wp\/v2\/posts"}],"about":[{"href":"https:\/\/diariodelsurdigital.com.ar\/index.php?rest_route=\/wp\/v2\/types\/post"}],"author":[{"embeddable":true,"href":"https:\/\/diariodelsurdigital.com.ar\/index.php?rest_route=\/wp\/v2\/users\/4"}],"replies":[{"embeddable":true,"href":"https:\/\/diariodelsurdigital.com.ar\/index.php?rest_route=%2Fwp%2Fv2%2Fcomments&post=6470"}],"version-history":[{"count":1,"href":"https:\/\/diariodelsurdigital.com.ar\/index.php?rest_route=\/wp\/v2\/posts\/6470\/revisions"}],"predecessor-version":[{"id":6472,"href":"https:\/\/diariodelsurdigital.com.ar\/index.php?rest_route=\/wp\/v2\/posts\/6470\/revisions\/6472"}],"wp:featuredmedia":[{"embeddable":true,"href":"https:\/\/diariodelsurdigital.com.ar\/index.php?rest_route=\/wp\/v2\/media\/6471"}],"wp:attachment":[{"href":"https:\/\/diariodelsurdigital.com.ar\/index.php?rest_route=%2Fwp%2Fv2%2Fmedia&parent=6470"}],"wp:term":[{"taxonomy":"category","embeddable":true,"href":"https:\/\/diariodelsurdigital.com.ar\/index.php?rest_route=%2Fwp%2Fv2%2Fcategories&post=6470"},{"taxonomy":"post_tag","embeddable":true,"href":"https:\/\/diariodelsurdigital.com.ar\/index.php?rest_route=%2Fwp%2Fv2%2Ftags&post=6470"}],"curies":[{"name":"wp","href":"https:\/\/api.w.org\/{rel}","templated":true}]}}