{"id":6473,"date":"2026-01-13T14:33:34","date_gmt":"2026-01-13T17:33:34","guid":{"rendered":"https:\/\/diariodelsurdigital.com.ar\/?p=6473"},"modified":"2026-01-13T14:33:35","modified_gmt":"2026-01-13T17:33:35","slug":"reforma-laboral-ate-alerta-a-gobernadores-a-no-ser-ingenuos-ni-dejarse-manipular-en-las-conversaciones","status":"publish","type":"post","link":"https:\/\/diariodelsurdigital.com.ar\/?p=6473","title":{"rendered":"Reforma Laboral: ATE alerta a gobernadores a no \u201cser ingenuos ni dejarse manipular en las conversaciones\u201d"},"content":{"rendered":"\n<p>El secretario general de la Asociaci\u00f3n Trabajadores del Estado (ATE), Rodolfo Aguiar, pidi\u00f3 a los gobernadores que no sean \u201cingenuos y no se dejen manipular\u201d por el ministro del Interior, Diego Santilli, que recorre las provincias juntando voluntades para impulsar la reforma laboral del Gobierno Nacional. Adem\u00e1s, plante\u00f3: \u201cSentarnos en una mesa a discutir un proyecto, es directamente sentarse a perder. Debemos pelear, ir a la huelga general\u201d. Santilli visitar\u00e1 Entre R\u00edos la semana que viene.<\/p>\n\n\n\n<p>En medio de la recorrida por las provincias del ministro del Interior, Diego Santilli, para intentar cautivar a los mandatarios provinciales y lograr la aprobaci\u00f3n de la reforma laboral, el Secretario General de la Asociaci\u00f3n Trabajadores del Estado (ATE), Nacional, Rodolfo Aguiar, se\u00f1al\u00f3 que \u201clos gobernadores no tienen que ser ingenuos ni dejarse manipular en las conversaciones\u201d.<\/p>\n\n\n\n<p>La agenda de visitas de Santilli comprende una visita del gobernador pampeano Sergio Ziliotto, mandatario peronista opositor al gobierno de Javier Milei, en Casa Rosada. Despu\u00e9s volar\u00e1 a la Patagonia, en medio de los incendios forestales; visitar\u00e1 Mendoza para reunirse con Alfredo Cornejo; y culminar\u00e1 la pr\u00f3xima semana con Rogelio Frigerio en Entre R\u00edos, precis\u00f3 el portal Parlamentario.<\/p>\n\n\n\n<p>\u201cNo pueden avalar una reforma laboral que terminar\u00e1 de destruir el empleo en las provincias y que adem\u00e1s encubre una reforma tributaria que pone en jaque la coparticipaci\u00f3n\u201d, agreg\u00f3 el dirigente en referencia a las modificaciones que incorpora el proyecto del oficialismo, las cuales representan una p\u00e9rdida de la recaudaci\u00f3n anual de $8.149.521.000.000, equivalente a USD 5.727 millones. La mitad de ese monto recaer\u00e1 principalmente en las provincias.<\/p>\n\n\n\n<p>Aguiar se\u00f1al\u00f3 que la eliminaci\u00f3n de Ganancias para las grandes empresas y la modificaci\u00f3n de otros tributos \u201crecorta dr\u00e1sticamente los recursos que de manera autom\u00e1tica se transfieren a las provincias. La reforma se traducir\u00e1 en p\u00e9rdidas multimillonarias para todos los distritos\u201d.<\/p>\n\n\n\n<p>En este marco, el Secretario General de ATE continu\u00f3: \u201cLos mandatarios provinciales tienen que saber que la conflictividad est\u00e1 en ascenso, que va a crecer r\u00e1pidamente y va a comenzar por sus territorios\u201d.<\/p>\n\n\n\n<p>En referencia al di\u00e1logo que prometi\u00f3 la senadora y jefa del bloque libertario en el Senado, Patricia Bullrich, para lograr la aprobaci\u00f3n de la norma, Aguiar evalu\u00f3: \u201cEstamos frente a una contrarreforma que no admite modificaciones mediante el di\u00e1logo. Ser\u00eda un error pensar que, si a un proyecto que fue enteramente redactado por los estudios jur\u00eddicos del gran empresariado nacional, con el s\u00f3lo hecho de introducir modificaciones se podr\u00eda mejorar la posici\u00f3n de los trabajadores o garantizar que los perjuicios sean menores\u201d.<\/p>\n\n\n\n<p>\u201cEl movimiento sindical no puede aspirar al mal menor. Debe dar pelea, debe luchar. Esta iniciativa, desde el primer hasta el \u00faltimo art\u00edculo, nos perjudica. Debemos plantear la huelga general. Sentarnos en una mesa a discutir un proyecto que no es de los trabajadores es directamente sentarse a perder. Se trata de una regla b\u00e1sica de toda negociaci\u00f3n. Distinta ser\u00eda la historia si lo que est\u00e1 sobre la mesa hubiera sido una iniciativa de los trabajadores\u201d, sentenci\u00f3 el referente estatal.<\/p>\n\n\n\n<p>\u201cActualmente el mundo del trabajo est\u00e1 en crisis y no la vamos a superar con este tipo de legislaciones regresivas. El 72% de los trabajadores en la Argentina cobra menos de 1 mill\u00f3n de pesos por mes y no alcanza para cubrir el costo de la Canasta B\u00e1sica Total. Con la ley que pretende el Gobierno, esta triste y penosa realidad empeorar\u00e1. Asistimos a un empobrecimiento silencioso y generalizado. Tenemos que reaccionar\u201d, concluy\u00f3 Aguiar.<\/p>\n","protected":false},"excerpt":{"rendered":"<p>El secretario general de la Asociaci\u00f3n Trabajadores del Estado (ATE), Rodolfo Aguiar, pidi\u00f3 a los gobernadores que no sean \u201cingenuos y no se dejen manipular\u201d por el ministro del Interior, Diego Santilli, que recorre las provincias juntando voluntades para impulsar la reforma laboral del Gobierno Nacional. Adem\u00e1s, plante\u00f3: \u201cSentarnos en una mesa a discutir un [&hellip;]<\/p>\n","protected":false},"author":4,"featured_media":6474,"comment_status":"open","ping_status":"open","sticky":false,"template":"","format":"standard","meta":{"footnotes":""},"categories":[17],"tags":[],"class_list":{"0":"post-6473","1":"post","2":"type-post","3":"status-publish","4":"format-standard","5":"has-post-thumbnail","7":"category-provinciales"},"yoast_head":"<!-- This site is optimized with the Yoast SEO plugin v27.4 - https:\/\/yoast.com\/product\/yoast-seo-wordpress\/ -->\n<title>Reforma Laboral: ATE alerta a gobernadores a no \u201cser ingenuos ni dejarse manipular en las conversaciones\u201d - Diario del Sur<\/title>\n<meta name=\"robots\" content=\"index, follow, max-snippet:-1, max-image-preview:large, max-video-preview:-1\" \/>\n<link rel=\"canonical\" href=\"https:\/\/diariodelsurdigital.com.ar\/?p=6473\" \/>\n<meta property=\"og:locale\" content=\"es_ES\" \/>\n<meta property=\"og:type\" content=\"article\" \/>\n<meta property=\"og:title\" content=\"Reforma Laboral: ATE alerta a gobernadores a no \u201cser ingenuos ni dejarse manipular en las conversaciones\u201d - Diario del Sur\" \/>\n<meta property=\"og:description\" content=\"El secretario general de la Asociaci\u00f3n Trabajadores del Estado (ATE), Rodolfo Aguiar, pidi\u00f3 a los gobernadores que no sean \u201cingenuos y no se dejen manipular\u201d por el ministro del Interior, Diego Santilli, que recorre las provincias juntando voluntades para impulsar la reforma laboral del Gobierno Nacional. Adem\u00e1s, plante\u00f3: \u201cSentarnos en una mesa a discutir un [&hellip;]\" \/>\n<meta property=\"og:url\" content=\"https:\/\/diariodelsurdigital.com.ar\/?p=6473\" \/>\n<meta property=\"og:site_name\" content=\"Diario del Sur\" \/>\n<meta property=\"article:published_time\" content=\"2026-01-13T17:33:34+00:00\" \/>\n<meta property=\"article:modified_time\" content=\"2026-01-13T17:33:35+00:00\" \/>\n<meta property=\"og:image\" content=\"https:\/\/diariodelsurdigital.com.ar\/wp-content\/uploads\/2026\/01\/md-45.webp\" \/>\n\t<meta property=\"og:image:width\" content=\"992\" \/>\n\t<meta property=\"og:image:height\" content=\"661\" \/>\n\t<meta property=\"og:image:type\" content=\"image\/webp\" \/>\n<meta name=\"author\" content=\"Diario del Sur Digital\" \/>\n<meta name=\"twitter:card\" content=\"summary_large_image\" \/>\n<meta name=\"twitter:label1\" content=\"Escrito por\" \/>\n\t<meta name=\"twitter:data1\" content=\"Diario del Sur Digital\" \/>\n\t<meta name=\"twitter:label2\" content=\"Tiempo de lectura\" \/>\n\t<meta name=\"twitter:data2\" content=\"3 minutos\" \/>\n<script type=\"application\/ld+json\" class=\"yoast-schema-graph\">{\"@context\":\"https:\\\/\\\/schema.org\",\"@graph\":[{\"@type\":\"Article\",\"@id\":\"https:\\\/\\\/diariodelsurdigital.com.ar\\\/?p=6473#article\",\"isPartOf\":{\"@id\":\"https:\\\/\\\/diariodelsurdigital.com.ar\\\/?p=6473\"},\"author\":{\"name\":\"Diario del Sur Digital\",\"@id\":\"https:\\\/\\\/diariodelsurdigital.com.ar\\\/#\\\/schema\\\/person\\\/1a4992532ed62965c968031b49195c81\"},\"headline\":\"Reforma Laboral: ATE alerta a gobernadores a no \u201cser ingenuos ni dejarse manipular en las conversaciones\u201d\",\"datePublished\":\"2026-01-13T17:33:34+00:00\",\"dateModified\":\"2026-01-13T17:33:35+00:00\",\"mainEntityOfPage\":{\"@id\":\"https:\\\/\\\/diariodelsurdigital.com.ar\\\/?p=6473\"},\"wordCount\":615,\"commentCount\":0,\"image\":{\"@id\":\"https:\\\/\\\/diariodelsurdigital.com.ar\\\/?p=6473#primaryimage\"},\"thumbnailUrl\":\"https:\\\/\\\/diariodelsurdigital.com.ar\\\/wp-content\\\/uploads\\\/2026\\\/01\\\/md-45.webp\",\"articleSection\":[\"Provinciales\"],\"inLanguage\":\"es\",\"potentialAction\":[{\"@type\":\"CommentAction\",\"name\":\"Comment\",\"target\":[\"https:\\\/\\\/diariodelsurdigital.com.ar\\\/?p=6473#respond\"]}]},{\"@type\":\"WebPage\",\"@id\":\"https:\\\/\\\/diariodelsurdigital.com.ar\\\/?p=6473\",\"url\":\"https:\\\/\\\/diariodelsurdigital.com.ar\\\/?p=6473\",\"name\":\"Reforma Laboral: ATE alerta a gobernadores a no \u201cser ingenuos ni dejarse manipular en las conversaciones\u201d - Diario del Sur\",\"isPartOf\":{\"@id\":\"https:\\\/\\\/diariodelsurdigital.com.ar\\\/#website\"},\"primaryImageOfPage\":{\"@id\":\"https:\\\/\\\/diariodelsurdigital.com.ar\\\/?p=6473#primaryimage\"},\"image\":{\"@id\":\"https:\\\/\\\/diariodelsurdigital.com.ar\\\/?p=6473#primaryimage\"},\"thumbnailUrl\":\"https:\\\/\\\/diariodelsurdigital.com.ar\\\/wp-content\\\/uploads\\\/2026\\\/01\\\/md-45.webp\",\"datePublished\":\"2026-01-13T17:33:34+00:00\",\"dateModified\":\"2026-01-13T17:33:35+00:00\",\"author\":{\"@id\":\"https:\\\/\\\/diariodelsurdigital.com.ar\\\/#\\\/schema\\\/person\\\/1a4992532ed62965c968031b49195c81\"},\"breadcrumb\":{\"@id\":\"https:\\\/\\\/diariodelsurdigital.com.ar\\\/?p=6473#breadcrumb\"},\"inLanguage\":\"es\",\"potentialAction\":[{\"@type\":\"ReadAction\",\"target\":[\"https:\\\/\\\/diariodelsurdigital.com.ar\\\/?p=6473\"]}]},{\"@type\":\"ImageObject\",\"inLanguage\":\"es\",\"@id\":\"https:\\\/\\\/diariodelsurdigital.com.ar\\\/?p=6473#primaryimage\",\"url\":\"https:\\\/\\\/diariodelsurdigital.com.ar\\\/wp-content\\\/uploads\\\/2026\\\/01\\\/md-45.webp\",\"contentUrl\":\"https:\\\/\\\/diariodelsurdigital.com.ar\\\/wp-content\\\/uploads\\\/2026\\\/01\\\/md-45.webp\",\"width\":992,\"height\":661},{\"@type\":\"BreadcrumbList\",\"@id\":\"https:\\\/\\\/diariodelsurdigital.com.ar\\\/?p=6473#breadcrumb\",\"itemListElement\":[{\"@type\":\"ListItem\",\"position\":1,\"name\":\"Portada\",\"item\":\"https:\\\/\\\/diariodelsurdigital.com.ar\\\/\"},{\"@type\":\"ListItem\",\"position\":2,\"name\":\"Reforma Laboral: ATE alerta a gobernadores a no \u201cser ingenuos ni dejarse manipular en las conversaciones\u201d\"}]},{\"@type\":\"WebSite\",\"@id\":\"https:\\\/\\\/diariodelsurdigital.com.ar\\\/#website\",\"url\":\"https:\\\/\\\/diariodelsurdigital.com.ar\\\/\",\"name\":\"Diario del Sur\",\"description\":\"Digital\",\"potentialAction\":[{\"@type\":\"SearchAction\",\"target\":{\"@type\":\"EntryPoint\",\"urlTemplate\":\"https:\\\/\\\/diariodelsurdigital.com.ar\\\/?s={search_term_string}\"},\"query-input\":{\"@type\":\"PropertyValueSpecification\",\"valueRequired\":true,\"valueName\":\"search_term_string\"}}],\"inLanguage\":\"es\"},{\"@type\":\"Person\",\"@id\":\"https:\\\/\\\/diariodelsurdigital.com.ar\\\/#\\\/schema\\\/person\\\/1a4992532ed62965c968031b49195c81\",\"name\":\"Diario del Sur Digital\",\"image\":{\"@type\":\"ImageObject\",\"inLanguage\":\"es\",\"@id\":\"https:\\\/\\\/secure.gravatar.com\\\/avatar\\\/f0c7c47fc7146d19828273b9b8eda651c9c7ab583767e6338d3d3bee825adf76?s=96&d=mm&r=g\",\"url\":\"https:\\\/\\\/secure.gravatar.com\\\/avatar\\\/f0c7c47fc7146d19828273b9b8eda651c9c7ab583767e6338d3d3bee825adf76?s=96&d=mm&r=g\",\"contentUrl\":\"https:\\\/\\\/secure.gravatar.com\\\/avatar\\\/f0c7c47fc7146d19828273b9b8eda651c9c7ab583767e6338d3d3bee825adf76?s=96&d=mm&r=g\",\"caption\":\"Diario del Sur Digital\"},\"url\":\"https:\\\/\\\/diariodelsurdigital.com.ar\\\/?author=4\"}]}<\/script>\n<!-- \/ Yoast SEO plugin. -->","yoast_head_json":{"title":"Reforma Laboral: ATE alerta a gobernadores a no \u201cser ingenuos ni dejarse manipular en las conversaciones\u201d - Diario del Sur","robots":{"index":"index","follow":"follow","max-snippet":"max-snippet:-1","max-image-preview":"max-image-preview:large","max-video-preview":"max-video-preview:-1"},"canonical":"https:\/\/diariodelsurdigital.com.ar\/?p=6473","og_locale":"es_ES","og_type":"article","og_title":"Reforma Laboral: ATE alerta a gobernadores a no \u201cser ingenuos ni dejarse manipular en las conversaciones\u201d - Diario del Sur","og_description":"El secretario general de la Asociaci\u00f3n Trabajadores del Estado (ATE), Rodolfo Aguiar, pidi\u00f3 a los gobernadores que no sean \u201cingenuos y no se dejen manipular\u201d por el ministro del Interior, Diego Santilli, que recorre las provincias juntando voluntades para impulsar la reforma laboral del Gobierno Nacional. Adem\u00e1s, plante\u00f3: \u201cSentarnos en una mesa a discutir un [&hellip;]","og_url":"https:\/\/diariodelsurdigital.com.ar\/?p=6473","og_site_name":"Diario del Sur","article_published_time":"2026-01-13T17:33:34+00:00","article_modified_time":"2026-01-13T17:33:35+00:00","og_image":[{"width":992,"height":661,"url":"https:\/\/diariodelsurdigital.com.ar\/wp-content\/uploads\/2026\/01\/md-45.webp","type":"image\/webp"}],"author":"Diario del Sur Digital","twitter_card":"summary_large_image","twitter_misc":{"Escrito por":"Diario del Sur Digital","Tiempo de lectura":"3 minutos"},"schema":{"@context":"https:\/\/schema.org","@graph":[{"@type":"Article","@id":"https:\/\/diariodelsurdigital.com.ar\/?p=6473#article","isPartOf":{"@id":"https:\/\/diariodelsurdigital.com.ar\/?p=6473"},"author":{"name":"Diario del Sur Digital","@id":"https:\/\/diariodelsurdigital.com.ar\/#\/schema\/person\/1a4992532ed62965c968031b49195c81"},"headline":"Reforma Laboral: ATE alerta a gobernadores a no \u201cser ingenuos ni dejarse manipular en las conversaciones\u201d","datePublished":"2026-01-13T17:33:34+00:00","dateModified":"2026-01-13T17:33:35+00:00","mainEntityOfPage":{"@id":"https:\/\/diariodelsurdigital.com.ar\/?p=6473"},"wordCount":615,"commentCount":0,"image":{"@id":"https:\/\/diariodelsurdigital.com.ar\/?p=6473#primaryimage"},"thumbnailUrl":"https:\/\/diariodelsurdigital.com.ar\/wp-content\/uploads\/2026\/01\/md-45.webp","articleSection":["Provinciales"],"inLanguage":"es","potentialAction":[{"@type":"CommentAction","name":"Comment","target":["https:\/\/diariodelsurdigital.com.ar\/?p=6473#respond"]}]},{"@type":"WebPage","@id":"https:\/\/diariodelsurdigital.com.ar\/?p=6473","url":"https:\/\/diariodelsurdigital.com.ar\/?p=6473","name":"Reforma Laboral: ATE alerta a gobernadores a no \u201cser ingenuos ni dejarse manipular en las conversaciones\u201d - Diario del Sur","isPartOf":{"@id":"https:\/\/diariodelsurdigital.com.ar\/#website"},"primaryImageOfPage":{"@id":"https:\/\/diariodelsurdigital.com.ar\/?p=6473#primaryimage"},"image":{"@id":"https:\/\/diariodelsurdigital.com.ar\/?p=6473#primaryimage"},"thumbnailUrl":"https:\/\/diariodelsurdigital.com.ar\/wp-content\/uploads\/2026\/01\/md-45.webp","datePublished":"2026-01-13T17:33:34+00:00","dateModified":"2026-01-13T17:33:35+00:00","author":{"@id":"https:\/\/diariodelsurdigital.com.ar\/#\/schema\/person\/1a4992532ed62965c968031b49195c81"},"breadcrumb":{"@id":"https:\/\/diariodelsurdigital.com.ar\/?p=6473#breadcrumb"},"inLanguage":"es","potentialAction":[{"@type":"ReadAction","target":["https:\/\/diariodelsurdigital.com.ar\/?p=6473"]}]},{"@type":"ImageObject","inLanguage":"es","@id":"https:\/\/diariodelsurdigital.com.ar\/?p=6473#primaryimage","url":"https:\/\/diariodelsurdigital.com.ar\/wp-content\/uploads\/2026\/01\/md-45.webp","contentUrl":"https:\/\/diariodelsurdigital.com.ar\/wp-content\/uploads\/2026\/01\/md-45.webp","width":992,"height":661},{"@type":"BreadcrumbList","@id":"https:\/\/diariodelsurdigital.com.ar\/?p=6473#breadcrumb","itemListElement":[{"@type":"ListItem","position":1,"name":"Portada","item":"https:\/\/diariodelsurdigital.com.ar\/"},{"@type":"ListItem","position":2,"name":"Reforma Laboral: ATE alerta a gobernadores a no \u201cser ingenuos ni dejarse manipular en las conversaciones\u201d"}]},{"@type":"WebSite","@id":"https:\/\/diariodelsurdigital.com.ar\/#website","url":"https:\/\/diariodelsurdigital.com.ar\/","name":"Diario del Sur","description":"Digital","potentialAction":[{"@type":"SearchAction","target":{"@type":"EntryPoint","urlTemplate":"https:\/\/diariodelsurdigital.com.ar\/?s={search_term_string}"},"query-input":{"@type":"PropertyValueSpecification","valueRequired":true,"valueName":"search_term_string"}}],"inLanguage":"es"},{"@type":"Person","@id":"https:\/\/diariodelsurdigital.com.ar\/#\/schema\/person\/1a4992532ed62965c968031b49195c81","name":"Diario del Sur Digital","image":{"@type":"ImageObject","inLanguage":"es","@id":"https:\/\/secure.gravatar.com\/avatar\/f0c7c47fc7146d19828273b9b8eda651c9c7ab583767e6338d3d3bee825adf76?s=96&d=mm&r=g","url":"https:\/\/secure.gravatar.com\/avatar\/f0c7c47fc7146d19828273b9b8eda651c9c7ab583767e6338d3d3bee825adf76?s=96&d=mm&r=g","contentUrl":"https:\/\/secure.gravatar.com\/avatar\/f0c7c47fc7146d19828273b9b8eda651c9c7ab583767e6338d3d3bee825adf76?s=96&d=mm&r=g","caption":"Diario del Sur Digital"},"url":"https:\/\/diariodelsurdigital.com.ar\/?author=4"}]}},"_links":{"self":[{"href":"https:\/\/diariodelsurdigital.com.ar\/index.php?rest_route=\/wp\/v2\/posts\/6473","targetHints":{"allow":["GET"]}}],"collection":[{"href":"https:\/\/diariodelsurdigital.com.ar\/index.php?rest_route=\/wp\/v2\/posts"}],"about":[{"href":"https:\/\/diariodelsurdigital.com.ar\/index.php?rest_route=\/wp\/v2\/types\/post"}],"author":[{"embeddable":true,"href":"https:\/\/diariodelsurdigital.com.ar\/index.php?rest_route=\/wp\/v2\/users\/4"}],"replies":[{"embeddable":true,"href":"https:\/\/diariodelsurdigital.com.ar\/index.php?rest_route=%2Fwp%2Fv2%2Fcomments&post=6473"}],"version-history":[{"count":1,"href":"https:\/\/diariodelsurdigital.com.ar\/index.php?rest_route=\/wp\/v2\/posts\/6473\/revisions"}],"predecessor-version":[{"id":6475,"href":"https:\/\/diariodelsurdigital.com.ar\/index.php?rest_route=\/wp\/v2\/posts\/6473\/revisions\/6475"}],"wp:featuredmedia":[{"embeddable":true,"href":"https:\/\/diariodelsurdigital.com.ar\/index.php?rest_route=\/wp\/v2\/media\/6474"}],"wp:attachment":[{"href":"https:\/\/diariodelsurdigital.com.ar\/index.php?rest_route=%2Fwp%2Fv2%2Fmedia&parent=6473"}],"wp:term":[{"taxonomy":"category","embeddable":true,"href":"https:\/\/diariodelsurdigital.com.ar\/index.php?rest_route=%2Fwp%2Fv2%2Fcategories&post=6473"},{"taxonomy":"post_tag","embeddable":true,"href":"https:\/\/diariodelsurdigital.com.ar\/index.php?rest_route=%2Fwp%2Fv2%2Ftags&post=6473"}],"curies":[{"name":"wp","href":"https:\/\/api.w.org\/{rel}","templated":true}]}}