{"id":6477,"date":"2026-01-13T14:38:09","date_gmt":"2026-01-13T17:38:09","guid":{"rendered":"https:\/\/diariodelsurdigital.com.ar\/?p=6477"},"modified":"2026-01-13T14:38:10","modified_gmt":"2026-01-13T17:38:10","slug":"inflacion-analistas-privados-anticipan-el-dato-que-dara-a-conocer-el-indec-este-martes-y-estiman-un-piso-del-2","status":"publish","type":"post","link":"https:\/\/diariodelsurdigital.com.ar\/?p=6477","title":{"rendered":"Inflaci\u00f3n: Analistas privados anticipan el dato que dar\u00e1 a conocer el INDEC este martes y estiman un piso del 2%"},"content":{"rendered":"\n<p>Es lo que prev\u00e9n diversos consultores sobre el dato oficial de diciembre. Para enero, estiman un piso del 2% de inflaci\u00f3n, con los alimentos como mayor impulsor. Las miradas est\u00e1n puestas en el dato que publicar\u00e1 este martes el Instituto Nacional de Estad\u00edstica y Censos (INDEC). El organismo dar\u00e1 a conocer el \u00cdndice de Precios al Consumidor (IPC) de diciembre, que, seg\u00fan las estimaciones privadas, volver\u00eda a ubicarse por encima del 2 por ciento mensual.<\/p>\n\n\n\n<p><\/p>\n\n\n\n<p>La primera se\u00f1al del arranque de 2026 lleg\u00f3 por el lado de los precios de los alimentos. Seg\u00fan el \u00faltimo relevamiento de la consultora Analytica, durante la primera semana de enero la inflaci\u00f3n en el rubro alimentos y bebidas en el \u00e1rea metropolitana fue de 0,6 por ciento. Proyectado al mes completo, ese registro implica un aumento del 2,7 por ciento, mientras que el nivel general de inflaci\u00f3n ser\u00eda del 2,4 por ciento. Dentro de la canasta, los mayores incrementos se dieron en frutas (+5,8 por ciento), verduras (+5,2) y carnes y derivados (+3,8), en tanto que l\u00e1cteos (+0,9) y otros alimentos, como snacks y condimentos (+0,8), mostraron subas m\u00e1s moderadas. El dato vuelve a poner en foco el peso de los alimentos en la din\u00e1mica inflacionaria, un rubro clave por su impacto directo sobre el poder adquisitivo.<\/p>\n\n\n\n<p>A m\u00e1s largo plazo, las proyecciones de la Fundaci\u00f3n Mediterr\u00e1nea dibujan un panorama de desaceleraci\u00f3n, aunque con riesgos. La entidad estim\u00f3 que la inflaci\u00f3n de 2026 se mover\u00e1 en un rango de entre 18 y 30 por ciento, de acuerdo con distintos escenarios vinculados a la pol\u00edtica monetaria y a la evoluci\u00f3n de la demanda de pesos. En su escenario base, que supone una remonetizaci\u00f3n moderada, la base monetaria pasar\u00eda del 4,4 al 5 por ciento del PIB hacia diciembre de 2026.<\/p>\n\n\n\n<p>Bajo ese supuesto, el Banco Central podr\u00eda acumular alrededor de 6.500 millones de d\u00f3lares reservas y la inflaci\u00f3n interanual se ubicar\u00eda cerca del 23 por ciento. En un escenario optimista, con mayor demanda de dinero \u2014hasta el 5,4 por ciento del PIB\u2014, la inflaci\u00f3n converger\u00eda a una zona de 18 por ciento a 19 por ciento anual, con margen para que el Central compre hasta 9500 millones de d\u00f3lares. En cambio, si la demanda de pesos crece menos de lo esperado, apenas 0,3 puntos del PIB, la inflaci\u00f3n podr\u00eda quedar cerca del 30 por ciento anual y la capacidad de acumulaci\u00f3n de reservas se reducir\u00eda a unos 4500 millones.<\/p>\n\n\n\n<p>Mientras tanto, en el corto plazo, todas las miradas est\u00e1n puestas en el dato que publicar\u00e1 este martes el Instituto Nacional de Estad\u00edstica y Censos (INDEC). El organismo dar\u00e1 a conocer el \u00cdndice de Precios al Consumidor (IPC) de diciembre, que, seg\u00fan las estimaciones privadas, volver\u00eda a ubicarse por encima del 2 por ciento mensual. Con ese registro, 2025 habr\u00eda cerrado en torno al 31 por ciento anual. Adem\u00e1s del n\u00famero puntual, el mercado espera definiciones sobre los cambios en la metodolog\u00eda de medici\u00f3n que comenzar\u00e1n a regir desde enero de 2026 y su impacto sobre el esquema de bandas cambiarias del d\u00f3lar.<\/p>\n\n\n\n<p>Las previsiones del sector privado para diciembre se alinean en ese rango. El Relevamiento de Expectativas de Mercado (REM) del Banco Central proyect\u00f3 una inflaci\u00f3n mensual de 2,3 por ciento y un cierre de a\u00f1o apenas por encima del 30 por ciento. La Ciudad de Buenos Aires registr\u00f3 2,7 por ciento en diciembre y acumul\u00f3 31,8 por ciento en 2025.<\/p>\n\n\n\n<p>Equilibra estim\u00f3 una suba mensual de 2,6 por ciento, con fuertes aumentos en bebidas alcoh\u00f3licas y tabaco, vivienda y transporte. EcoGo, por su parte, calcul\u00f3 que los alimentos subieron 2,5 por ciento, impulsados por un salto de 7,3 por ciento en carnes, parcialmente compensado por la baja de verduras. Libertad y Progreso ubic\u00f3 el IPC en 2,6 por ciento y el anual en 31,1 por ciento, destacando una \u201cdesaceleraci\u00f3n significativa\u201d. En la misma l\u00ednea, C&amp;T para el Gran Buenos Aires midi\u00f3 2,6 por ciento en el mes y un acumulado de 31,2 por ciento, con la carne nuevamente como uno de los principales motores de los precios.<\/p>\n\n\n\n<p>De cara a 2026, los analistas advierten que los cambios en la forma de medir el IPC y las modificaciones en el esquema cambiario pueden introducir presiones adicionales, en un contexto en el que los servicios \u2014tarifas, alquileres y combustibles\u2014 vienen creciendo por encima de los bienes. Aun as\u00ed, el Gobierno apuesta a sostener el proceso de desinflaci\u00f3n con una pol\u00edtica monetaria restrictiva y un manejo cuidadoso del tipo de cambio.<\/p>\n\n\n\n<p>En ese marco, el economista Carlos Melconian puso una cuota de cautela. Se\u00f1al\u00f3 que la econom\u00eda se encuentra en una \u201cmeseta\u201d de inflaci\u00f3n mensual cercana al 2 por ciento y que el Gobierno no est\u00e1 en condiciones de implementar un plan de estabilizaci\u00f3n \u201cmuy serio\u201d que permita llevar la inflaci\u00f3n a un d\u00edgito anual. A su juicio, el programa econ\u00f3mico todav\u00eda \u201cse arma en el d\u00eda a d\u00eda\u201d y solo logr\u00f3 desinflar los precios a una zona cercana al 20 por ciento anual, lejos de una derrota definitiva del problema. La advertencia apunta a que, pese a la mejora respecto de los a\u00f1os previos, el desaf\u00edo de lograr una estabilidad duradera sigue abierto. <\/p>\n","protected":false},"excerpt":{"rendered":"<p>Es lo que prev\u00e9n diversos consultores sobre el dato oficial de diciembre. Para enero, estiman un piso del 2% de inflaci\u00f3n, con los alimentos como mayor impulsor. Las miradas est\u00e1n puestas en el dato que publicar\u00e1 este martes el Instituto Nacional de Estad\u00edstica y Censos (INDEC). El organismo dar\u00e1 a conocer el \u00cdndice de Precios [&hellip;]<\/p>\n","protected":false},"author":4,"featured_media":6478,"comment_status":"open","ping_status":"open","sticky":false,"template":"","format":"standard","meta":{"footnotes":""},"categories":[19,18],"tags":[],"class_list":{"0":"post-6477","1":"post","2":"type-post","3":"status-publish","4":"format-standard","5":"has-post-thumbnail","7":"category-interes-general","8":"category-nacionales"},"yoast_head":"<!-- This site is optimized with the Yoast SEO plugin v27.4 - https:\/\/yoast.com\/product\/yoast-seo-wordpress\/ -->\n<title>Inflaci\u00f3n: Analistas privados anticipan el dato que dar\u00e1 a conocer el INDEC este martes y estiman un piso del 2% - Diario del Sur<\/title>\n<meta name=\"robots\" content=\"index, follow, max-snippet:-1, max-image-preview:large, max-video-preview:-1\" \/>\n<link rel=\"canonical\" href=\"https:\/\/diariodelsurdigital.com.ar\/?p=6477\" \/>\n<meta property=\"og:locale\" content=\"es_ES\" \/>\n<meta property=\"og:type\" content=\"article\" \/>\n<meta property=\"og:title\" content=\"Inflaci\u00f3n: Analistas privados anticipan el dato que dar\u00e1 a conocer el INDEC este martes y estiman un piso del 2% - Diario del Sur\" \/>\n<meta property=\"og:description\" content=\"Es lo que prev\u00e9n diversos consultores sobre el dato oficial de diciembre. Para enero, estiman un piso del 2% de inflaci\u00f3n, con los alimentos como mayor impulsor. Las miradas est\u00e1n puestas en el dato que publicar\u00e1 este martes el Instituto Nacional de Estad\u00edstica y Censos (INDEC). El organismo dar\u00e1 a conocer el \u00cdndice de Precios [&hellip;]\" \/>\n<meta property=\"og:url\" content=\"https:\/\/diariodelsurdigital.com.ar\/?p=6477\" \/>\n<meta property=\"og:site_name\" content=\"Diario del Sur\" \/>\n<meta property=\"article:published_time\" content=\"2026-01-13T17:38:09+00:00\" \/>\n<meta property=\"article:modified_time\" content=\"2026-01-13T17:38:10+00:00\" \/>\n<meta property=\"og:image\" content=\"https:\/\/diariodelsurdigital.com.ar\/wp-content\/uploads\/2026\/01\/md-46.webp\" \/>\n\t<meta property=\"og:image:width\" content=\"992\" \/>\n\t<meta property=\"og:image:height\" content=\"612\" \/>\n\t<meta property=\"og:image:type\" content=\"image\/webp\" \/>\n<meta name=\"author\" content=\"Diario del Sur Digital\" \/>\n<meta name=\"twitter:card\" content=\"summary_large_image\" \/>\n<meta name=\"twitter:label1\" content=\"Escrito por\" \/>\n\t<meta name=\"twitter:data1\" content=\"Diario del Sur Digital\" \/>\n\t<meta name=\"twitter:label2\" content=\"Tiempo de lectura\" \/>\n\t<meta name=\"twitter:data2\" content=\"5 minutos\" \/>\n<script type=\"application\/ld+json\" class=\"yoast-schema-graph\">{\"@context\":\"https:\\\/\\\/schema.org\",\"@graph\":[{\"@type\":\"Article\",\"@id\":\"https:\\\/\\\/diariodelsurdigital.com.ar\\\/?p=6477#article\",\"isPartOf\":{\"@id\":\"https:\\\/\\\/diariodelsurdigital.com.ar\\\/?p=6477\"},\"author\":{\"name\":\"Diario del Sur Digital\",\"@id\":\"https:\\\/\\\/diariodelsurdigital.com.ar\\\/#\\\/schema\\\/person\\\/1a4992532ed62965c968031b49195c81\"},\"headline\":\"Inflaci\u00f3n: Analistas privados anticipan el dato que dar\u00e1 a conocer el INDEC este martes y estiman un piso del 2%\",\"datePublished\":\"2026-01-13T17:38:09+00:00\",\"dateModified\":\"2026-01-13T17:38:10+00:00\",\"mainEntityOfPage\":{\"@id\":\"https:\\\/\\\/diariodelsurdigital.com.ar\\\/?p=6477\"},\"wordCount\":899,\"commentCount\":0,\"image\":{\"@id\":\"https:\\\/\\\/diariodelsurdigital.com.ar\\\/?p=6477#primaryimage\"},\"thumbnailUrl\":\"https:\\\/\\\/diariodelsurdigital.com.ar\\\/wp-content\\\/uploads\\\/2026\\\/01\\\/md-46.webp\",\"articleSection\":[\"Inter\u00e9s General\",\"Nacionales\"],\"inLanguage\":\"es\",\"potentialAction\":[{\"@type\":\"CommentAction\",\"name\":\"Comment\",\"target\":[\"https:\\\/\\\/diariodelsurdigital.com.ar\\\/?p=6477#respond\"]}]},{\"@type\":\"WebPage\",\"@id\":\"https:\\\/\\\/diariodelsurdigital.com.ar\\\/?p=6477\",\"url\":\"https:\\\/\\\/diariodelsurdigital.com.ar\\\/?p=6477\",\"name\":\"Inflaci\u00f3n: Analistas privados anticipan el dato que dar\u00e1 a conocer el INDEC este martes y estiman un piso del 2% - Diario del Sur\",\"isPartOf\":{\"@id\":\"https:\\\/\\\/diariodelsurdigital.com.ar\\\/#website\"},\"primaryImageOfPage\":{\"@id\":\"https:\\\/\\\/diariodelsurdigital.com.ar\\\/?p=6477#primaryimage\"},\"image\":{\"@id\":\"https:\\\/\\\/diariodelsurdigital.com.ar\\\/?p=6477#primaryimage\"},\"thumbnailUrl\":\"https:\\\/\\\/diariodelsurdigital.com.ar\\\/wp-content\\\/uploads\\\/2026\\\/01\\\/md-46.webp\",\"datePublished\":\"2026-01-13T17:38:09+00:00\",\"dateModified\":\"2026-01-13T17:38:10+00:00\",\"author\":{\"@id\":\"https:\\\/\\\/diariodelsurdigital.com.ar\\\/#\\\/schema\\\/person\\\/1a4992532ed62965c968031b49195c81\"},\"breadcrumb\":{\"@id\":\"https:\\\/\\\/diariodelsurdigital.com.ar\\\/?p=6477#breadcrumb\"},\"inLanguage\":\"es\",\"potentialAction\":[{\"@type\":\"ReadAction\",\"target\":[\"https:\\\/\\\/diariodelsurdigital.com.ar\\\/?p=6477\"]}]},{\"@type\":\"ImageObject\",\"inLanguage\":\"es\",\"@id\":\"https:\\\/\\\/diariodelsurdigital.com.ar\\\/?p=6477#primaryimage\",\"url\":\"https:\\\/\\\/diariodelsurdigital.com.ar\\\/wp-content\\\/uploads\\\/2026\\\/01\\\/md-46.webp\",\"contentUrl\":\"https:\\\/\\\/diariodelsurdigital.com.ar\\\/wp-content\\\/uploads\\\/2026\\\/01\\\/md-46.webp\",\"width\":992,\"height\":612},{\"@type\":\"BreadcrumbList\",\"@id\":\"https:\\\/\\\/diariodelsurdigital.com.ar\\\/?p=6477#breadcrumb\",\"itemListElement\":[{\"@type\":\"ListItem\",\"position\":1,\"name\":\"Portada\",\"item\":\"https:\\\/\\\/diariodelsurdigital.com.ar\\\/\"},{\"@type\":\"ListItem\",\"position\":2,\"name\":\"Inflaci\u00f3n: Analistas privados anticipan el dato que dar\u00e1 a conocer el INDEC este martes y estiman un piso del 2%\"}]},{\"@type\":\"WebSite\",\"@id\":\"https:\\\/\\\/diariodelsurdigital.com.ar\\\/#website\",\"url\":\"https:\\\/\\\/diariodelsurdigital.com.ar\\\/\",\"name\":\"Diario del Sur\",\"description\":\"Digital\",\"potentialAction\":[{\"@type\":\"SearchAction\",\"target\":{\"@type\":\"EntryPoint\",\"urlTemplate\":\"https:\\\/\\\/diariodelsurdigital.com.ar\\\/?s={search_term_string}\"},\"query-input\":{\"@type\":\"PropertyValueSpecification\",\"valueRequired\":true,\"valueName\":\"search_term_string\"}}],\"inLanguage\":\"es\"},{\"@type\":\"Person\",\"@id\":\"https:\\\/\\\/diariodelsurdigital.com.ar\\\/#\\\/schema\\\/person\\\/1a4992532ed62965c968031b49195c81\",\"name\":\"Diario del Sur Digital\",\"image\":{\"@type\":\"ImageObject\",\"inLanguage\":\"es\",\"@id\":\"https:\\\/\\\/secure.gravatar.com\\\/avatar\\\/f0c7c47fc7146d19828273b9b8eda651c9c7ab583767e6338d3d3bee825adf76?s=96&d=mm&r=g\",\"url\":\"https:\\\/\\\/secure.gravatar.com\\\/avatar\\\/f0c7c47fc7146d19828273b9b8eda651c9c7ab583767e6338d3d3bee825adf76?s=96&d=mm&r=g\",\"contentUrl\":\"https:\\\/\\\/secure.gravatar.com\\\/avatar\\\/f0c7c47fc7146d19828273b9b8eda651c9c7ab583767e6338d3d3bee825adf76?s=96&d=mm&r=g\",\"caption\":\"Diario del Sur Digital\"},\"url\":\"https:\\\/\\\/diariodelsurdigital.com.ar\\\/?author=4\"}]}<\/script>\n<!-- \/ Yoast SEO plugin. -->","yoast_head_json":{"title":"Inflaci\u00f3n: Analistas privados anticipan el dato que dar\u00e1 a conocer el INDEC este martes y estiman un piso del 2% - Diario del Sur","robots":{"index":"index","follow":"follow","max-snippet":"max-snippet:-1","max-image-preview":"max-image-preview:large","max-video-preview":"max-video-preview:-1"},"canonical":"https:\/\/diariodelsurdigital.com.ar\/?p=6477","og_locale":"es_ES","og_type":"article","og_title":"Inflaci\u00f3n: Analistas privados anticipan el dato que dar\u00e1 a conocer el INDEC este martes y estiman un piso del 2% - Diario del Sur","og_description":"Es lo que prev\u00e9n diversos consultores sobre el dato oficial de diciembre. Para enero, estiman un piso del 2% de inflaci\u00f3n, con los alimentos como mayor impulsor. Las miradas est\u00e1n puestas en el dato que publicar\u00e1 este martes el Instituto Nacional de Estad\u00edstica y Censos (INDEC). El organismo dar\u00e1 a conocer el \u00cdndice de Precios [&hellip;]","og_url":"https:\/\/diariodelsurdigital.com.ar\/?p=6477","og_site_name":"Diario del Sur","article_published_time":"2026-01-13T17:38:09+00:00","article_modified_time":"2026-01-13T17:38:10+00:00","og_image":[{"width":992,"height":612,"url":"https:\/\/diariodelsurdigital.com.ar\/wp-content\/uploads\/2026\/01\/md-46.webp","type":"image\/webp"}],"author":"Diario del Sur Digital","twitter_card":"summary_large_image","twitter_misc":{"Escrito por":"Diario del Sur Digital","Tiempo de lectura":"5 minutos"},"schema":{"@context":"https:\/\/schema.org","@graph":[{"@type":"Article","@id":"https:\/\/diariodelsurdigital.com.ar\/?p=6477#article","isPartOf":{"@id":"https:\/\/diariodelsurdigital.com.ar\/?p=6477"},"author":{"name":"Diario del Sur Digital","@id":"https:\/\/diariodelsurdigital.com.ar\/#\/schema\/person\/1a4992532ed62965c968031b49195c81"},"headline":"Inflaci\u00f3n: Analistas privados anticipan el dato que dar\u00e1 a conocer el INDEC este martes y estiman un piso del 2%","datePublished":"2026-01-13T17:38:09+00:00","dateModified":"2026-01-13T17:38:10+00:00","mainEntityOfPage":{"@id":"https:\/\/diariodelsurdigital.com.ar\/?p=6477"},"wordCount":899,"commentCount":0,"image":{"@id":"https:\/\/diariodelsurdigital.com.ar\/?p=6477#primaryimage"},"thumbnailUrl":"https:\/\/diariodelsurdigital.com.ar\/wp-content\/uploads\/2026\/01\/md-46.webp","articleSection":["Inter\u00e9s General","Nacionales"],"inLanguage":"es","potentialAction":[{"@type":"CommentAction","name":"Comment","target":["https:\/\/diariodelsurdigital.com.ar\/?p=6477#respond"]}]},{"@type":"WebPage","@id":"https:\/\/diariodelsurdigital.com.ar\/?p=6477","url":"https:\/\/diariodelsurdigital.com.ar\/?p=6477","name":"Inflaci\u00f3n: Analistas privados anticipan el dato que dar\u00e1 a conocer el INDEC este martes y estiman un piso del 2% - Diario del Sur","isPartOf":{"@id":"https:\/\/diariodelsurdigital.com.ar\/#website"},"primaryImageOfPage":{"@id":"https:\/\/diariodelsurdigital.com.ar\/?p=6477#primaryimage"},"image":{"@id":"https:\/\/diariodelsurdigital.com.ar\/?p=6477#primaryimage"},"thumbnailUrl":"https:\/\/diariodelsurdigital.com.ar\/wp-content\/uploads\/2026\/01\/md-46.webp","datePublished":"2026-01-13T17:38:09+00:00","dateModified":"2026-01-13T17:38:10+00:00","author":{"@id":"https:\/\/diariodelsurdigital.com.ar\/#\/schema\/person\/1a4992532ed62965c968031b49195c81"},"breadcrumb":{"@id":"https:\/\/diariodelsurdigital.com.ar\/?p=6477#breadcrumb"},"inLanguage":"es","potentialAction":[{"@type":"ReadAction","target":["https:\/\/diariodelsurdigital.com.ar\/?p=6477"]}]},{"@type":"ImageObject","inLanguage":"es","@id":"https:\/\/diariodelsurdigital.com.ar\/?p=6477#primaryimage","url":"https:\/\/diariodelsurdigital.com.ar\/wp-content\/uploads\/2026\/01\/md-46.webp","contentUrl":"https:\/\/diariodelsurdigital.com.ar\/wp-content\/uploads\/2026\/01\/md-46.webp","width":992,"height":612},{"@type":"BreadcrumbList","@id":"https:\/\/diariodelsurdigital.com.ar\/?p=6477#breadcrumb","itemListElement":[{"@type":"ListItem","position":1,"name":"Portada","item":"https:\/\/diariodelsurdigital.com.ar\/"},{"@type":"ListItem","position":2,"name":"Inflaci\u00f3n: Analistas privados anticipan el dato que dar\u00e1 a conocer el INDEC este martes y estiman un piso del 2%"}]},{"@type":"WebSite","@id":"https:\/\/diariodelsurdigital.com.ar\/#website","url":"https:\/\/diariodelsurdigital.com.ar\/","name":"Diario del Sur","description":"Digital","potentialAction":[{"@type":"SearchAction","target":{"@type":"EntryPoint","urlTemplate":"https:\/\/diariodelsurdigital.com.ar\/?s={search_term_string}"},"query-input":{"@type":"PropertyValueSpecification","valueRequired":true,"valueName":"search_term_string"}}],"inLanguage":"es"},{"@type":"Person","@id":"https:\/\/diariodelsurdigital.com.ar\/#\/schema\/person\/1a4992532ed62965c968031b49195c81","name":"Diario del Sur Digital","image":{"@type":"ImageObject","inLanguage":"es","@id":"https:\/\/secure.gravatar.com\/avatar\/f0c7c47fc7146d19828273b9b8eda651c9c7ab583767e6338d3d3bee825adf76?s=96&d=mm&r=g","url":"https:\/\/secure.gravatar.com\/avatar\/f0c7c47fc7146d19828273b9b8eda651c9c7ab583767e6338d3d3bee825adf76?s=96&d=mm&r=g","contentUrl":"https:\/\/secure.gravatar.com\/avatar\/f0c7c47fc7146d19828273b9b8eda651c9c7ab583767e6338d3d3bee825adf76?s=96&d=mm&r=g","caption":"Diario del Sur Digital"},"url":"https:\/\/diariodelsurdigital.com.ar\/?author=4"}]}},"_links":{"self":[{"href":"https:\/\/diariodelsurdigital.com.ar\/index.php?rest_route=\/wp\/v2\/posts\/6477","targetHints":{"allow":["GET"]}}],"collection":[{"href":"https:\/\/diariodelsurdigital.com.ar\/index.php?rest_route=\/wp\/v2\/posts"}],"about":[{"href":"https:\/\/diariodelsurdigital.com.ar\/index.php?rest_route=\/wp\/v2\/types\/post"}],"author":[{"embeddable":true,"href":"https:\/\/diariodelsurdigital.com.ar\/index.php?rest_route=\/wp\/v2\/users\/4"}],"replies":[{"embeddable":true,"href":"https:\/\/diariodelsurdigital.com.ar\/index.php?rest_route=%2Fwp%2Fv2%2Fcomments&post=6477"}],"version-history":[{"count":1,"href":"https:\/\/diariodelsurdigital.com.ar\/index.php?rest_route=\/wp\/v2\/posts\/6477\/revisions"}],"predecessor-version":[{"id":6479,"href":"https:\/\/diariodelsurdigital.com.ar\/index.php?rest_route=\/wp\/v2\/posts\/6477\/revisions\/6479"}],"wp:featuredmedia":[{"embeddable":true,"href":"https:\/\/diariodelsurdigital.com.ar\/index.php?rest_route=\/wp\/v2\/media\/6478"}],"wp:attachment":[{"href":"https:\/\/diariodelsurdigital.com.ar\/index.php?rest_route=%2Fwp%2Fv2%2Fmedia&parent=6477"}],"wp:term":[{"taxonomy":"category","embeddable":true,"href":"https:\/\/diariodelsurdigital.com.ar\/index.php?rest_route=%2Fwp%2Fv2%2Fcategories&post=6477"},{"taxonomy":"post_tag","embeddable":true,"href":"https:\/\/diariodelsurdigital.com.ar\/index.php?rest_route=%2Fwp%2Fv2%2Ftags&post=6477"}],"curies":[{"name":"wp","href":"https:\/\/api.w.org\/{rel}","templated":true}]}}