{"id":6485,"date":"2026-01-14T09:35:28","date_gmt":"2026-01-14T12:35:28","guid":{"rendered":"https:\/\/diariodelsurdigital.com.ar\/?p=6485"},"modified":"2026-01-14T09:35:29","modified_gmt":"2026-01-14T12:35:29","slug":"el-concejo-deliberante-de-epuyen-declaro-el-estado-de-catastrofe","status":"publish","type":"post","link":"https:\/\/diariodelsurdigital.com.ar\/?p=6485","title":{"rendered":"El Concejo Deliberante de Epuy\u00e9n declar\u00f3 el Estado de Cat\u00e1strofe"},"content":{"rendered":"\n<p>En tanto, los vecinos siguen en alerta ante una posible evacuaci\u00f3n.<\/p>\n\n\n\n<p>El Concejo Deliberante de Epuy\u00e9n declar\u00f3 hoy el Estado de Cat\u00e1strofe, al menos hasta junio, mientras contin\u00faa el alerta ya que se reactivaron los focos de incendio en la zona, lo que derivar\u00eda en la evacuaci\u00f3n de los vecinos.<\/p>\n\n\n\n<p>A trav\u00e9s de la Ordenanza N\u00famero 1388\/2026, los concejales de Epuy\u00e9n, la peque\u00f1a localidad ubicada el noroeste de la provincia, declararon el Estado de Emergencia en siete \u00e1reas: \u00edgnea, social, ambiental, econ\u00f3mica, tur\u00edstica, habitacional y sanitaria.<\/p>\n\n\n\n<p>La medida fue aprobada por unanimidad y responde a la magnitud del desastre que comenz\u00f3 el 5 de enero en El Hoyo, que ya arras\u00f3 con unas 12 mil hect\u00e1reas, destruyendo viviendas y colapsando los servicios de agua y luz.<\/p>\n\n\n\n<p>Adem\u00e1s, esta declaraci\u00f3n -que tendr\u00e1 vigencia hasta el 30 de junio- le otorga facultades especiales al intendente (Jos\u00e9 Contreras) para realizar contrataciones directas y gestionar asistencia financiera urgente ante los gobiernos de la provincia y nacional, aunque sin los plazos administrativos habituales.<\/p>\n\n\n\n<p>En tanto, la magnitud del incendio en Puerto Patriada oblig\u00f3 a extremar las precauciones, y por tal motivo las autoridades solicitaron a los vecinos que est\u00e9n alertas ante la posibilidad de tener que evacuarlos en las pr\u00f3ximas horas.<\/p>\n\n\n\n<p>Las r\u00e1fagas de viento, de hasta 40 kil\u00f3metros, sumadas a la sequ\u00eda y el calor se combinaron para reactivar los focos de incendios, en medio de la tragedia que azota a esta regi\u00f3n de la provincia.<\/p>\n","protected":false},"excerpt":{"rendered":"<p>En tanto, los vecinos siguen en alerta ante una posible evacuaci\u00f3n. El Concejo Deliberante de Epuy\u00e9n declar\u00f3 hoy el Estado de Cat\u00e1strofe, al menos hasta junio, mientras contin\u00faa el alerta ya que se reactivaron los focos de incendio en la zona, lo que derivar\u00eda en la evacuaci\u00f3n de los vecinos. A trav\u00e9s de la Ordenanza [&hellip;]<\/p>\n","protected":false},"author":4,"featured_media":6486,"comment_status":"open","ping_status":"open","sticky":false,"template":"","format":"standard","meta":{"footnotes":""},"categories":[19,18],"tags":[],"class_list":{"0":"post-6485","1":"post","2":"type-post","3":"status-publish","4":"format-standard","5":"has-post-thumbnail","7":"category-interes-general","8":"category-nacionales"},"yoast_head":"<!-- This site is optimized with the Yoast SEO plugin v27.4 - https:\/\/yoast.com\/product\/yoast-seo-wordpress\/ -->\n<title>El Concejo Deliberante de Epuy\u00e9n declar\u00f3 el Estado de Cat\u00e1strofe - Diario del Sur<\/title>\n<meta name=\"robots\" content=\"index, follow, max-snippet:-1, max-image-preview:large, max-video-preview:-1\" \/>\n<link rel=\"canonical\" href=\"https:\/\/diariodelsurdigital.com.ar\/?p=6485\" \/>\n<meta property=\"og:locale\" content=\"es_ES\" \/>\n<meta property=\"og:type\" content=\"article\" \/>\n<meta property=\"og:title\" content=\"El Concejo Deliberante de Epuy\u00e9n declar\u00f3 el Estado de Cat\u00e1strofe - Diario del Sur\" \/>\n<meta property=\"og:description\" content=\"En tanto, los vecinos siguen en alerta ante una posible evacuaci\u00f3n. El Concejo Deliberante de Epuy\u00e9n declar\u00f3 hoy el Estado de Cat\u00e1strofe, al menos hasta junio, mientras contin\u00faa el alerta ya que se reactivaron los focos de incendio en la zona, lo que derivar\u00eda en la evacuaci\u00f3n de los vecinos. A trav\u00e9s de la Ordenanza [&hellip;]\" \/>\n<meta property=\"og:url\" content=\"https:\/\/diariodelsurdigital.com.ar\/?p=6485\" \/>\n<meta property=\"og:site_name\" content=\"Diario del Sur\" \/>\n<meta property=\"article:published_time\" content=\"2026-01-14T12:35:28+00:00\" \/>\n<meta property=\"article:modified_time\" content=\"2026-01-14T12:35:29+00:00\" \/>\n<meta property=\"og:image\" content=\"https:\/\/diariodelsurdigital.com.ar\/wp-content\/uploads\/2026\/01\/md-48.webp\" \/>\n\t<meta property=\"og:image:width\" content=\"992\" \/>\n\t<meta property=\"og:image:height\" content=\"809\" \/>\n\t<meta property=\"og:image:type\" content=\"image\/webp\" \/>\n<meta name=\"author\" content=\"Diario del Sur Digital\" \/>\n<meta name=\"twitter:card\" content=\"summary_large_image\" \/>\n<meta name=\"twitter:label1\" content=\"Escrito por\" \/>\n\t<meta name=\"twitter:data1\" content=\"Diario del Sur Digital\" \/>\n\t<meta name=\"twitter:label2\" content=\"Tiempo de lectura\" \/>\n\t<meta name=\"twitter:data2\" content=\"2 minutos\" \/>\n<script type=\"application\/ld+json\" class=\"yoast-schema-graph\">{\"@context\":\"https:\\\/\\\/schema.org\",\"@graph\":[{\"@type\":\"Article\",\"@id\":\"https:\\\/\\\/diariodelsurdigital.com.ar\\\/?p=6485#article\",\"isPartOf\":{\"@id\":\"https:\\\/\\\/diariodelsurdigital.com.ar\\\/?p=6485\"},\"author\":{\"name\":\"Diario del Sur Digital\",\"@id\":\"https:\\\/\\\/diariodelsurdigital.com.ar\\\/#\\\/schema\\\/person\\\/1a4992532ed62965c968031b49195c81\"},\"headline\":\"El Concejo Deliberante de Epuy\u00e9n declar\u00f3 el Estado de Cat\u00e1strofe\",\"datePublished\":\"2026-01-14T12:35:28+00:00\",\"dateModified\":\"2026-01-14T12:35:29+00:00\",\"mainEntityOfPage\":{\"@id\":\"https:\\\/\\\/diariodelsurdigital.com.ar\\\/?p=6485\"},\"wordCount\":270,\"commentCount\":0,\"image\":{\"@id\":\"https:\\\/\\\/diariodelsurdigital.com.ar\\\/?p=6485#primaryimage\"},\"thumbnailUrl\":\"https:\\\/\\\/diariodelsurdigital.com.ar\\\/wp-content\\\/uploads\\\/2026\\\/01\\\/md-48.webp\",\"articleSection\":[\"Inter\u00e9s General\",\"Nacionales\"],\"inLanguage\":\"es\",\"potentialAction\":[{\"@type\":\"CommentAction\",\"name\":\"Comment\",\"target\":[\"https:\\\/\\\/diariodelsurdigital.com.ar\\\/?p=6485#respond\"]}]},{\"@type\":\"WebPage\",\"@id\":\"https:\\\/\\\/diariodelsurdigital.com.ar\\\/?p=6485\",\"url\":\"https:\\\/\\\/diariodelsurdigital.com.ar\\\/?p=6485\",\"name\":\"El Concejo Deliberante de Epuy\u00e9n declar\u00f3 el Estado de Cat\u00e1strofe - Diario del Sur\",\"isPartOf\":{\"@id\":\"https:\\\/\\\/diariodelsurdigital.com.ar\\\/#website\"},\"primaryImageOfPage\":{\"@id\":\"https:\\\/\\\/diariodelsurdigital.com.ar\\\/?p=6485#primaryimage\"},\"image\":{\"@id\":\"https:\\\/\\\/diariodelsurdigital.com.ar\\\/?p=6485#primaryimage\"},\"thumbnailUrl\":\"https:\\\/\\\/diariodelsurdigital.com.ar\\\/wp-content\\\/uploads\\\/2026\\\/01\\\/md-48.webp\",\"datePublished\":\"2026-01-14T12:35:28+00:00\",\"dateModified\":\"2026-01-14T12:35:29+00:00\",\"author\":{\"@id\":\"https:\\\/\\\/diariodelsurdigital.com.ar\\\/#\\\/schema\\\/person\\\/1a4992532ed62965c968031b49195c81\"},\"breadcrumb\":{\"@id\":\"https:\\\/\\\/diariodelsurdigital.com.ar\\\/?p=6485#breadcrumb\"},\"inLanguage\":\"es\",\"potentialAction\":[{\"@type\":\"ReadAction\",\"target\":[\"https:\\\/\\\/diariodelsurdigital.com.ar\\\/?p=6485\"]}]},{\"@type\":\"ImageObject\",\"inLanguage\":\"es\",\"@id\":\"https:\\\/\\\/diariodelsurdigital.com.ar\\\/?p=6485#primaryimage\",\"url\":\"https:\\\/\\\/diariodelsurdigital.com.ar\\\/wp-content\\\/uploads\\\/2026\\\/01\\\/md-48.webp\",\"contentUrl\":\"https:\\\/\\\/diariodelsurdigital.com.ar\\\/wp-content\\\/uploads\\\/2026\\\/01\\\/md-48.webp\",\"width\":992,\"height\":809},{\"@type\":\"BreadcrumbList\",\"@id\":\"https:\\\/\\\/diariodelsurdigital.com.ar\\\/?p=6485#breadcrumb\",\"itemListElement\":[{\"@type\":\"ListItem\",\"position\":1,\"name\":\"Portada\",\"item\":\"https:\\\/\\\/diariodelsurdigital.com.ar\\\/\"},{\"@type\":\"ListItem\",\"position\":2,\"name\":\"El Concejo Deliberante de Epuy\u00e9n declar\u00f3 el Estado de Cat\u00e1strofe\"}]},{\"@type\":\"WebSite\",\"@id\":\"https:\\\/\\\/diariodelsurdigital.com.ar\\\/#website\",\"url\":\"https:\\\/\\\/diariodelsurdigital.com.ar\\\/\",\"name\":\"Diario del Sur\",\"description\":\"Digital\",\"potentialAction\":[{\"@type\":\"SearchAction\",\"target\":{\"@type\":\"EntryPoint\",\"urlTemplate\":\"https:\\\/\\\/diariodelsurdigital.com.ar\\\/?s={search_term_string}\"},\"query-input\":{\"@type\":\"PropertyValueSpecification\",\"valueRequired\":true,\"valueName\":\"search_term_string\"}}],\"inLanguage\":\"es\"},{\"@type\":\"Person\",\"@id\":\"https:\\\/\\\/diariodelsurdigital.com.ar\\\/#\\\/schema\\\/person\\\/1a4992532ed62965c968031b49195c81\",\"name\":\"Diario del Sur Digital\",\"image\":{\"@type\":\"ImageObject\",\"inLanguage\":\"es\",\"@id\":\"https:\\\/\\\/secure.gravatar.com\\\/avatar\\\/f0c7c47fc7146d19828273b9b8eda651c9c7ab583767e6338d3d3bee825adf76?s=96&d=mm&r=g\",\"url\":\"https:\\\/\\\/secure.gravatar.com\\\/avatar\\\/f0c7c47fc7146d19828273b9b8eda651c9c7ab583767e6338d3d3bee825adf76?s=96&d=mm&r=g\",\"contentUrl\":\"https:\\\/\\\/secure.gravatar.com\\\/avatar\\\/f0c7c47fc7146d19828273b9b8eda651c9c7ab583767e6338d3d3bee825adf76?s=96&d=mm&r=g\",\"caption\":\"Diario del Sur Digital\"},\"url\":\"https:\\\/\\\/diariodelsurdigital.com.ar\\\/?author=4\"}]}<\/script>\n<!-- \/ Yoast SEO plugin. -->","yoast_head_json":{"title":"El Concejo Deliberante de Epuy\u00e9n declar\u00f3 el Estado de Cat\u00e1strofe - Diario del Sur","robots":{"index":"index","follow":"follow","max-snippet":"max-snippet:-1","max-image-preview":"max-image-preview:large","max-video-preview":"max-video-preview:-1"},"canonical":"https:\/\/diariodelsurdigital.com.ar\/?p=6485","og_locale":"es_ES","og_type":"article","og_title":"El Concejo Deliberante de Epuy\u00e9n declar\u00f3 el Estado de Cat\u00e1strofe - Diario del Sur","og_description":"En tanto, los vecinos siguen en alerta ante una posible evacuaci\u00f3n. El Concejo Deliberante de Epuy\u00e9n declar\u00f3 hoy el Estado de Cat\u00e1strofe, al menos hasta junio, mientras contin\u00faa el alerta ya que se reactivaron los focos de incendio en la zona, lo que derivar\u00eda en la evacuaci\u00f3n de los vecinos. A trav\u00e9s de la Ordenanza [&hellip;]","og_url":"https:\/\/diariodelsurdigital.com.ar\/?p=6485","og_site_name":"Diario del Sur","article_published_time":"2026-01-14T12:35:28+00:00","article_modified_time":"2026-01-14T12:35:29+00:00","og_image":[{"width":992,"height":809,"url":"https:\/\/diariodelsurdigital.com.ar\/wp-content\/uploads\/2026\/01\/md-48.webp","type":"image\/webp"}],"author":"Diario del Sur Digital","twitter_card":"summary_large_image","twitter_misc":{"Escrito por":"Diario del Sur Digital","Tiempo de lectura":"2 minutos"},"schema":{"@context":"https:\/\/schema.org","@graph":[{"@type":"Article","@id":"https:\/\/diariodelsurdigital.com.ar\/?p=6485#article","isPartOf":{"@id":"https:\/\/diariodelsurdigital.com.ar\/?p=6485"},"author":{"name":"Diario del Sur Digital","@id":"https:\/\/diariodelsurdigital.com.ar\/#\/schema\/person\/1a4992532ed62965c968031b49195c81"},"headline":"El Concejo Deliberante de Epuy\u00e9n declar\u00f3 el Estado de Cat\u00e1strofe","datePublished":"2026-01-14T12:35:28+00:00","dateModified":"2026-01-14T12:35:29+00:00","mainEntityOfPage":{"@id":"https:\/\/diariodelsurdigital.com.ar\/?p=6485"},"wordCount":270,"commentCount":0,"image":{"@id":"https:\/\/diariodelsurdigital.com.ar\/?p=6485#primaryimage"},"thumbnailUrl":"https:\/\/diariodelsurdigital.com.ar\/wp-content\/uploads\/2026\/01\/md-48.webp","articleSection":["Inter\u00e9s General","Nacionales"],"inLanguage":"es","potentialAction":[{"@type":"CommentAction","name":"Comment","target":["https:\/\/diariodelsurdigital.com.ar\/?p=6485#respond"]}]},{"@type":"WebPage","@id":"https:\/\/diariodelsurdigital.com.ar\/?p=6485","url":"https:\/\/diariodelsurdigital.com.ar\/?p=6485","name":"El Concejo Deliberante de Epuy\u00e9n declar\u00f3 el Estado de Cat\u00e1strofe - Diario del Sur","isPartOf":{"@id":"https:\/\/diariodelsurdigital.com.ar\/#website"},"primaryImageOfPage":{"@id":"https:\/\/diariodelsurdigital.com.ar\/?p=6485#primaryimage"},"image":{"@id":"https:\/\/diariodelsurdigital.com.ar\/?p=6485#primaryimage"},"thumbnailUrl":"https:\/\/diariodelsurdigital.com.ar\/wp-content\/uploads\/2026\/01\/md-48.webp","datePublished":"2026-01-14T12:35:28+00:00","dateModified":"2026-01-14T12:35:29+00:00","author":{"@id":"https:\/\/diariodelsurdigital.com.ar\/#\/schema\/person\/1a4992532ed62965c968031b49195c81"},"breadcrumb":{"@id":"https:\/\/diariodelsurdigital.com.ar\/?p=6485#breadcrumb"},"inLanguage":"es","potentialAction":[{"@type":"ReadAction","target":["https:\/\/diariodelsurdigital.com.ar\/?p=6485"]}]},{"@type":"ImageObject","inLanguage":"es","@id":"https:\/\/diariodelsurdigital.com.ar\/?p=6485#primaryimage","url":"https:\/\/diariodelsurdigital.com.ar\/wp-content\/uploads\/2026\/01\/md-48.webp","contentUrl":"https:\/\/diariodelsurdigital.com.ar\/wp-content\/uploads\/2026\/01\/md-48.webp","width":992,"height":809},{"@type":"BreadcrumbList","@id":"https:\/\/diariodelsurdigital.com.ar\/?p=6485#breadcrumb","itemListElement":[{"@type":"ListItem","position":1,"name":"Portada","item":"https:\/\/diariodelsurdigital.com.ar\/"},{"@type":"ListItem","position":2,"name":"El Concejo Deliberante de Epuy\u00e9n declar\u00f3 el Estado de Cat\u00e1strofe"}]},{"@type":"WebSite","@id":"https:\/\/diariodelsurdigital.com.ar\/#website","url":"https:\/\/diariodelsurdigital.com.ar\/","name":"Diario del Sur","description":"Digital","potentialAction":[{"@type":"SearchAction","target":{"@type":"EntryPoint","urlTemplate":"https:\/\/diariodelsurdigital.com.ar\/?s={search_term_string}"},"query-input":{"@type":"PropertyValueSpecification","valueRequired":true,"valueName":"search_term_string"}}],"inLanguage":"es"},{"@type":"Person","@id":"https:\/\/diariodelsurdigital.com.ar\/#\/schema\/person\/1a4992532ed62965c968031b49195c81","name":"Diario del Sur Digital","image":{"@type":"ImageObject","inLanguage":"es","@id":"https:\/\/secure.gravatar.com\/avatar\/f0c7c47fc7146d19828273b9b8eda651c9c7ab583767e6338d3d3bee825adf76?s=96&d=mm&r=g","url":"https:\/\/secure.gravatar.com\/avatar\/f0c7c47fc7146d19828273b9b8eda651c9c7ab583767e6338d3d3bee825adf76?s=96&d=mm&r=g","contentUrl":"https:\/\/secure.gravatar.com\/avatar\/f0c7c47fc7146d19828273b9b8eda651c9c7ab583767e6338d3d3bee825adf76?s=96&d=mm&r=g","caption":"Diario del Sur Digital"},"url":"https:\/\/diariodelsurdigital.com.ar\/?author=4"}]}},"_links":{"self":[{"href":"https:\/\/diariodelsurdigital.com.ar\/index.php?rest_route=\/wp\/v2\/posts\/6485","targetHints":{"allow":["GET"]}}],"collection":[{"href":"https:\/\/diariodelsurdigital.com.ar\/index.php?rest_route=\/wp\/v2\/posts"}],"about":[{"href":"https:\/\/diariodelsurdigital.com.ar\/index.php?rest_route=\/wp\/v2\/types\/post"}],"author":[{"embeddable":true,"href":"https:\/\/diariodelsurdigital.com.ar\/index.php?rest_route=\/wp\/v2\/users\/4"}],"replies":[{"embeddable":true,"href":"https:\/\/diariodelsurdigital.com.ar\/index.php?rest_route=%2Fwp%2Fv2%2Fcomments&post=6485"}],"version-history":[{"count":1,"href":"https:\/\/diariodelsurdigital.com.ar\/index.php?rest_route=\/wp\/v2\/posts\/6485\/revisions"}],"predecessor-version":[{"id":6487,"href":"https:\/\/diariodelsurdigital.com.ar\/index.php?rest_route=\/wp\/v2\/posts\/6485\/revisions\/6487"}],"wp:featuredmedia":[{"embeddable":true,"href":"https:\/\/diariodelsurdigital.com.ar\/index.php?rest_route=\/wp\/v2\/media\/6486"}],"wp:attachment":[{"href":"https:\/\/diariodelsurdigital.com.ar\/index.php?rest_route=%2Fwp%2Fv2%2Fmedia&parent=6485"}],"wp:term":[{"taxonomy":"category","embeddable":true,"href":"https:\/\/diariodelsurdigital.com.ar\/index.php?rest_route=%2Fwp%2Fv2%2Fcategories&post=6485"},{"taxonomy":"post_tag","embeddable":true,"href":"https:\/\/diariodelsurdigital.com.ar\/index.php?rest_route=%2Fwp%2Fv2%2Ftags&post=6485"}],"curies":[{"name":"wp","href":"https:\/\/api.w.org\/{rel}","templated":true}]}}