{"id":6499,"date":"2026-01-15T15:15:14","date_gmt":"2026-01-15T18:15:14","guid":{"rendered":"https:\/\/diariodelsurdigital.com.ar\/?p=6499"},"modified":"2026-01-15T15:15:15","modified_gmt":"2026-01-15T18:15:15","slug":"tregua-en-concordia-el-municipio-y-los-gremios-acuerdan-un-plazo-de-72-horas-para-revisar-la-no-renovacion-de-los-contratos","status":"publish","type":"post","link":"https:\/\/diariodelsurdigital.com.ar\/?p=6499","title":{"rendered":"Tregua en Concordia: El municipio y los gremios acuerdan un plazo de 72 horas para revisar la no renovaci\u00f3n de los contratos"},"content":{"rendered":"\n<p>Tras una medida de fuerza que se manten\u00eda desde principios de enero, APFDigital supo que el Ejecutivo local acept\u00f3 dialogar para reincorporar al 80% de los 130 trabajadores. El secretario General de ATE Entre R\u00edos y el titular de la seccional de Concordia advirtieron que la paz social depende de la recuperaci\u00f3n de los puestos de trabajo.<\/p>\n\n\n\n<p>La tensi\u00f3n gremial en la ciudad de Concordia parece haber encontrado un principio de cauce tras el anuncio de una tregua de 72 horas entre los sindicatos municipales y el Departamento Ejecutivo. La decisi\u00f3n suspende moment\u00e1neamente las medidas de fuerza que se ven\u00edan profundizando desde el pasado 2 de enero en reclamo por la baja de contratos laborales.<\/p>\n\n\n\n<p>Durante una conferencia de prensa, el titular de ATE a nivel provincial, Oscar Muntes, y el secretario general de la seccional local, Pedro P\u00e9rez, detallaron el alcance del preacuerdo y manifestaron su profunda preocupaci\u00f3n por el vaciamiento del Estado.<\/p>\n\n\n\n<p>El impacto de los \u00abdespidos\u00bb<br>\u00abEstamos muy preocupados por la situaci\u00f3n que estamos atravesando los trabajadores del Estado a nivel nacional, provincial y municipal\u00bb, se\u00f1al\u00f3 Muntes. El dirigente vincul\u00f3 la crisis local con un contexto mayor de ajuste: \u00abNo se puede seguir destruyendo el Estado y el empleo, pero tampoco sin generar alternativas para todas estas familias que se quedan sin su sustento\u00bb.<\/p>\n\n\n\n<p>Por su parte, P\u00e9rez enfatiz\u00f3 el impacto social de la medida en el contexto local: \u00abVenimos de ser una de las ciudades m\u00e1s pobres del pa\u00eds y que queden 130 compa\u00f1eros en la calle significa m\u00e1s pobreza y m\u00e1s inseguridad en una ciudad en la que no le sobra nada\u00bb. Cabe destacar que esta cifra se suma a un centenar de bajas previas desde el inicio de la gesti\u00f3n.<\/p>\n\n\n\n<p>La tregua de 72 horas<br>El conflicto, que incluy\u00f3 una movilizaci\u00f3n masiva el viernes pasado y paros rotativos durante esta semana, se detuvo ante una oferta de \u00faltimo momento del Ejecutivo para abrir una mesa de revisi\u00f3n de los legajos.<\/p>\n\n\n\n<p>\u00abHoy se levant\u00f3 la medida de fuerza\u00bb, confirm\u00f3 P\u00e9rez. \u00abSe acord\u00f3 entre los tres gremios mayoritarios (ATE, SUEM y Uoemc) llegar a una tregua por 72 horas para revertir la situaci\u00f3n de m\u00e1s o menos el 80% de los compa\u00f1eros que fueron dejados sin trabajo\u00bb.<\/p>\n\n\n\n<p>El dirigente local tambi\u00e9n destac\u00f3 que la propuesta fue aceptada por los trabajadores en una asamblea a las 7 de la ma\u00f1ana, dada la necesidad urgente de que el personal retorne a sus tareas.<\/p>\n\n\n\n<p>Unidad gremial y alerta provincial<br>Como conclusi\u00f3n Muntes manifest\u00f3: \u201cLa situaci\u00f3n de Concordia tiene que ser mirada con que esa es la forma en que hay que trabajar a trav\u00e9s del di\u00e1logo comprensivo para buscar soluciones. El di\u00e1logo sordo no existe y no sirve\u00bb.<\/p>\n\n\n\n<p>Hacia el final de la rueda de prensa, el titular de ATE Entre R\u00edos advirti\u00f3 que la unidad sindical demostrada en Concordia podr\u00eda trasladarse a nivel provincial si el gobierno de Entre R\u00edos no cumple con los plazos para la convocatoria a paritarias.<\/p>\n","protected":false},"excerpt":{"rendered":"<p>Tras una medida de fuerza que se manten\u00eda desde principios de enero, APFDigital supo que el Ejecutivo local acept\u00f3 dialogar para reincorporar al 80% de los 130 trabajadores. El secretario General de ATE Entre R\u00edos y el titular de la seccional de Concordia advirtieron que la paz social depende de la recuperaci\u00f3n de los puestos [&hellip;]<\/p>\n","protected":false},"author":4,"featured_media":6500,"comment_status":"open","ping_status":"open","sticky":false,"template":"","format":"standard","meta":{"footnotes":""},"categories":[16],"tags":[],"class_list":{"0":"post-6499","1":"post","2":"type-post","3":"status-publish","4":"format-standard","5":"has-post-thumbnail","7":"category-locales"},"yoast_head":"<!-- This site is optimized with the Yoast SEO plugin v27.4 - https:\/\/yoast.com\/product\/yoast-seo-wordpress\/ -->\n<title>Tregua en Concordia: El municipio y los gremios acuerdan un plazo de 72 horas para revisar la no renovaci\u00f3n de los contratos - Diario del Sur<\/title>\n<meta name=\"robots\" content=\"index, follow, max-snippet:-1, max-image-preview:large, max-video-preview:-1\" \/>\n<link rel=\"canonical\" href=\"https:\/\/diariodelsurdigital.com.ar\/?p=6499\" \/>\n<meta property=\"og:locale\" content=\"es_ES\" \/>\n<meta property=\"og:type\" content=\"article\" \/>\n<meta property=\"og:title\" content=\"Tregua en Concordia: El municipio y los gremios acuerdan un plazo de 72 horas para revisar la no renovaci\u00f3n de los contratos - Diario del Sur\" \/>\n<meta property=\"og:description\" content=\"Tras una medida de fuerza que se manten\u00eda desde principios de enero, APFDigital supo que el Ejecutivo local acept\u00f3 dialogar para reincorporar al 80% de los 130 trabajadores. El secretario General de ATE Entre R\u00edos y el titular de la seccional de Concordia advirtieron que la paz social depende de la recuperaci\u00f3n de los puestos [&hellip;]\" \/>\n<meta property=\"og:url\" content=\"https:\/\/diariodelsurdigital.com.ar\/?p=6499\" \/>\n<meta property=\"og:site_name\" content=\"Diario del Sur\" \/>\n<meta property=\"article:published_time\" content=\"2026-01-15T18:15:14+00:00\" \/>\n<meta property=\"article:modified_time\" content=\"2026-01-15T18:15:15+00:00\" \/>\n<meta property=\"og:image\" content=\"https:\/\/diariodelsurdigital.com.ar\/wp-content\/uploads\/2026\/01\/md-52.webp\" \/>\n\t<meta property=\"og:image:width\" content=\"992\" \/>\n\t<meta property=\"og:image:height\" content=\"661\" \/>\n\t<meta property=\"og:image:type\" content=\"image\/webp\" \/>\n<meta name=\"author\" content=\"Diario del Sur Digital\" \/>\n<meta name=\"twitter:card\" content=\"summary_large_image\" \/>\n<meta name=\"twitter:label1\" content=\"Escrito por\" \/>\n\t<meta name=\"twitter:data1\" content=\"Diario del Sur Digital\" \/>\n\t<meta name=\"twitter:label2\" content=\"Tiempo de lectura\" \/>\n\t<meta name=\"twitter:data2\" content=\"3 minutos\" \/>\n<script type=\"application\/ld+json\" class=\"yoast-schema-graph\">{\"@context\":\"https:\\\/\\\/schema.org\",\"@graph\":[{\"@type\":\"Article\",\"@id\":\"https:\\\/\\\/diariodelsurdigital.com.ar\\\/?p=6499#article\",\"isPartOf\":{\"@id\":\"https:\\\/\\\/diariodelsurdigital.com.ar\\\/?p=6499\"},\"author\":{\"name\":\"Diario del Sur Digital\",\"@id\":\"https:\\\/\\\/diariodelsurdigital.com.ar\\\/#\\\/schema\\\/person\\\/1a4992532ed62965c968031b49195c81\"},\"headline\":\"Tregua en Concordia: El municipio y los gremios acuerdan un plazo de 72 horas para revisar la no renovaci\u00f3n de los contratos\",\"datePublished\":\"2026-01-15T18:15:14+00:00\",\"dateModified\":\"2026-01-15T18:15:15+00:00\",\"mainEntityOfPage\":{\"@id\":\"https:\\\/\\\/diariodelsurdigital.com.ar\\\/?p=6499\"},\"wordCount\":537,\"commentCount\":0,\"image\":{\"@id\":\"https:\\\/\\\/diariodelsurdigital.com.ar\\\/?p=6499#primaryimage\"},\"thumbnailUrl\":\"https:\\\/\\\/diariodelsurdigital.com.ar\\\/wp-content\\\/uploads\\\/2026\\\/01\\\/md-52.webp\",\"articleSection\":[\"Locales\"],\"inLanguage\":\"es\",\"potentialAction\":[{\"@type\":\"CommentAction\",\"name\":\"Comment\",\"target\":[\"https:\\\/\\\/diariodelsurdigital.com.ar\\\/?p=6499#respond\"]}]},{\"@type\":\"WebPage\",\"@id\":\"https:\\\/\\\/diariodelsurdigital.com.ar\\\/?p=6499\",\"url\":\"https:\\\/\\\/diariodelsurdigital.com.ar\\\/?p=6499\",\"name\":\"Tregua en Concordia: El municipio y los gremios acuerdan un plazo de 72 horas para revisar la no renovaci\u00f3n de los contratos - Diario del Sur\",\"isPartOf\":{\"@id\":\"https:\\\/\\\/diariodelsurdigital.com.ar\\\/#website\"},\"primaryImageOfPage\":{\"@id\":\"https:\\\/\\\/diariodelsurdigital.com.ar\\\/?p=6499#primaryimage\"},\"image\":{\"@id\":\"https:\\\/\\\/diariodelsurdigital.com.ar\\\/?p=6499#primaryimage\"},\"thumbnailUrl\":\"https:\\\/\\\/diariodelsurdigital.com.ar\\\/wp-content\\\/uploads\\\/2026\\\/01\\\/md-52.webp\",\"datePublished\":\"2026-01-15T18:15:14+00:00\",\"dateModified\":\"2026-01-15T18:15:15+00:00\",\"author\":{\"@id\":\"https:\\\/\\\/diariodelsurdigital.com.ar\\\/#\\\/schema\\\/person\\\/1a4992532ed62965c968031b49195c81\"},\"breadcrumb\":{\"@id\":\"https:\\\/\\\/diariodelsurdigital.com.ar\\\/?p=6499#breadcrumb\"},\"inLanguage\":\"es\",\"potentialAction\":[{\"@type\":\"ReadAction\",\"target\":[\"https:\\\/\\\/diariodelsurdigital.com.ar\\\/?p=6499\"]}]},{\"@type\":\"ImageObject\",\"inLanguage\":\"es\",\"@id\":\"https:\\\/\\\/diariodelsurdigital.com.ar\\\/?p=6499#primaryimage\",\"url\":\"https:\\\/\\\/diariodelsurdigital.com.ar\\\/wp-content\\\/uploads\\\/2026\\\/01\\\/md-52.webp\",\"contentUrl\":\"https:\\\/\\\/diariodelsurdigital.com.ar\\\/wp-content\\\/uploads\\\/2026\\\/01\\\/md-52.webp\",\"width\":992,\"height\":661},{\"@type\":\"BreadcrumbList\",\"@id\":\"https:\\\/\\\/diariodelsurdigital.com.ar\\\/?p=6499#breadcrumb\",\"itemListElement\":[{\"@type\":\"ListItem\",\"position\":1,\"name\":\"Portada\",\"item\":\"https:\\\/\\\/diariodelsurdigital.com.ar\\\/\"},{\"@type\":\"ListItem\",\"position\":2,\"name\":\"Tregua en Concordia: El municipio y los gremios acuerdan un plazo de 72 horas para revisar la no renovaci\u00f3n de los contratos\"}]},{\"@type\":\"WebSite\",\"@id\":\"https:\\\/\\\/diariodelsurdigital.com.ar\\\/#website\",\"url\":\"https:\\\/\\\/diariodelsurdigital.com.ar\\\/\",\"name\":\"Diario del Sur\",\"description\":\"Digital\",\"potentialAction\":[{\"@type\":\"SearchAction\",\"target\":{\"@type\":\"EntryPoint\",\"urlTemplate\":\"https:\\\/\\\/diariodelsurdigital.com.ar\\\/?s={search_term_string}\"},\"query-input\":{\"@type\":\"PropertyValueSpecification\",\"valueRequired\":true,\"valueName\":\"search_term_string\"}}],\"inLanguage\":\"es\"},{\"@type\":\"Person\",\"@id\":\"https:\\\/\\\/diariodelsurdigital.com.ar\\\/#\\\/schema\\\/person\\\/1a4992532ed62965c968031b49195c81\",\"name\":\"Diario del Sur Digital\",\"image\":{\"@type\":\"ImageObject\",\"inLanguage\":\"es\",\"@id\":\"https:\\\/\\\/secure.gravatar.com\\\/avatar\\\/f0c7c47fc7146d19828273b9b8eda651c9c7ab583767e6338d3d3bee825adf76?s=96&d=mm&r=g\",\"url\":\"https:\\\/\\\/secure.gravatar.com\\\/avatar\\\/f0c7c47fc7146d19828273b9b8eda651c9c7ab583767e6338d3d3bee825adf76?s=96&d=mm&r=g\",\"contentUrl\":\"https:\\\/\\\/secure.gravatar.com\\\/avatar\\\/f0c7c47fc7146d19828273b9b8eda651c9c7ab583767e6338d3d3bee825adf76?s=96&d=mm&r=g\",\"caption\":\"Diario del Sur Digital\"},\"url\":\"https:\\\/\\\/diariodelsurdigital.com.ar\\\/?author=4\"}]}<\/script>\n<!-- \/ Yoast SEO plugin. -->","yoast_head_json":{"title":"Tregua en Concordia: El municipio y los gremios acuerdan un plazo de 72 horas para revisar la no renovaci\u00f3n de los contratos - Diario del Sur","robots":{"index":"index","follow":"follow","max-snippet":"max-snippet:-1","max-image-preview":"max-image-preview:large","max-video-preview":"max-video-preview:-1"},"canonical":"https:\/\/diariodelsurdigital.com.ar\/?p=6499","og_locale":"es_ES","og_type":"article","og_title":"Tregua en Concordia: El municipio y los gremios acuerdan un plazo de 72 horas para revisar la no renovaci\u00f3n de los contratos - Diario del Sur","og_description":"Tras una medida de fuerza que se manten\u00eda desde principios de enero, APFDigital supo que el Ejecutivo local acept\u00f3 dialogar para reincorporar al 80% de los 130 trabajadores. El secretario General de ATE Entre R\u00edos y el titular de la seccional de Concordia advirtieron que la paz social depende de la recuperaci\u00f3n de los puestos [&hellip;]","og_url":"https:\/\/diariodelsurdigital.com.ar\/?p=6499","og_site_name":"Diario del Sur","article_published_time":"2026-01-15T18:15:14+00:00","article_modified_time":"2026-01-15T18:15:15+00:00","og_image":[{"width":992,"height":661,"url":"https:\/\/diariodelsurdigital.com.ar\/wp-content\/uploads\/2026\/01\/md-52.webp","type":"image\/webp"}],"author":"Diario del Sur Digital","twitter_card":"summary_large_image","twitter_misc":{"Escrito por":"Diario del Sur Digital","Tiempo de lectura":"3 minutos"},"schema":{"@context":"https:\/\/schema.org","@graph":[{"@type":"Article","@id":"https:\/\/diariodelsurdigital.com.ar\/?p=6499#article","isPartOf":{"@id":"https:\/\/diariodelsurdigital.com.ar\/?p=6499"},"author":{"name":"Diario del Sur Digital","@id":"https:\/\/diariodelsurdigital.com.ar\/#\/schema\/person\/1a4992532ed62965c968031b49195c81"},"headline":"Tregua en Concordia: El municipio y los gremios acuerdan un plazo de 72 horas para revisar la no renovaci\u00f3n de los contratos","datePublished":"2026-01-15T18:15:14+00:00","dateModified":"2026-01-15T18:15:15+00:00","mainEntityOfPage":{"@id":"https:\/\/diariodelsurdigital.com.ar\/?p=6499"},"wordCount":537,"commentCount":0,"image":{"@id":"https:\/\/diariodelsurdigital.com.ar\/?p=6499#primaryimage"},"thumbnailUrl":"https:\/\/diariodelsurdigital.com.ar\/wp-content\/uploads\/2026\/01\/md-52.webp","articleSection":["Locales"],"inLanguage":"es","potentialAction":[{"@type":"CommentAction","name":"Comment","target":["https:\/\/diariodelsurdigital.com.ar\/?p=6499#respond"]}]},{"@type":"WebPage","@id":"https:\/\/diariodelsurdigital.com.ar\/?p=6499","url":"https:\/\/diariodelsurdigital.com.ar\/?p=6499","name":"Tregua en Concordia: El municipio y los gremios acuerdan un plazo de 72 horas para revisar la no renovaci\u00f3n de los contratos - Diario del Sur","isPartOf":{"@id":"https:\/\/diariodelsurdigital.com.ar\/#website"},"primaryImageOfPage":{"@id":"https:\/\/diariodelsurdigital.com.ar\/?p=6499#primaryimage"},"image":{"@id":"https:\/\/diariodelsurdigital.com.ar\/?p=6499#primaryimage"},"thumbnailUrl":"https:\/\/diariodelsurdigital.com.ar\/wp-content\/uploads\/2026\/01\/md-52.webp","datePublished":"2026-01-15T18:15:14+00:00","dateModified":"2026-01-15T18:15:15+00:00","author":{"@id":"https:\/\/diariodelsurdigital.com.ar\/#\/schema\/person\/1a4992532ed62965c968031b49195c81"},"breadcrumb":{"@id":"https:\/\/diariodelsurdigital.com.ar\/?p=6499#breadcrumb"},"inLanguage":"es","potentialAction":[{"@type":"ReadAction","target":["https:\/\/diariodelsurdigital.com.ar\/?p=6499"]}]},{"@type":"ImageObject","inLanguage":"es","@id":"https:\/\/diariodelsurdigital.com.ar\/?p=6499#primaryimage","url":"https:\/\/diariodelsurdigital.com.ar\/wp-content\/uploads\/2026\/01\/md-52.webp","contentUrl":"https:\/\/diariodelsurdigital.com.ar\/wp-content\/uploads\/2026\/01\/md-52.webp","width":992,"height":661},{"@type":"BreadcrumbList","@id":"https:\/\/diariodelsurdigital.com.ar\/?p=6499#breadcrumb","itemListElement":[{"@type":"ListItem","position":1,"name":"Portada","item":"https:\/\/diariodelsurdigital.com.ar\/"},{"@type":"ListItem","position":2,"name":"Tregua en Concordia: El municipio y los gremios acuerdan un plazo de 72 horas para revisar la no renovaci\u00f3n de los contratos"}]},{"@type":"WebSite","@id":"https:\/\/diariodelsurdigital.com.ar\/#website","url":"https:\/\/diariodelsurdigital.com.ar\/","name":"Diario del Sur","description":"Digital","potentialAction":[{"@type":"SearchAction","target":{"@type":"EntryPoint","urlTemplate":"https:\/\/diariodelsurdigital.com.ar\/?s={search_term_string}"},"query-input":{"@type":"PropertyValueSpecification","valueRequired":true,"valueName":"search_term_string"}}],"inLanguage":"es"},{"@type":"Person","@id":"https:\/\/diariodelsurdigital.com.ar\/#\/schema\/person\/1a4992532ed62965c968031b49195c81","name":"Diario del Sur Digital","image":{"@type":"ImageObject","inLanguage":"es","@id":"https:\/\/secure.gravatar.com\/avatar\/f0c7c47fc7146d19828273b9b8eda651c9c7ab583767e6338d3d3bee825adf76?s=96&d=mm&r=g","url":"https:\/\/secure.gravatar.com\/avatar\/f0c7c47fc7146d19828273b9b8eda651c9c7ab583767e6338d3d3bee825adf76?s=96&d=mm&r=g","contentUrl":"https:\/\/secure.gravatar.com\/avatar\/f0c7c47fc7146d19828273b9b8eda651c9c7ab583767e6338d3d3bee825adf76?s=96&d=mm&r=g","caption":"Diario del Sur Digital"},"url":"https:\/\/diariodelsurdigital.com.ar\/?author=4"}]}},"_links":{"self":[{"href":"https:\/\/diariodelsurdigital.com.ar\/index.php?rest_route=\/wp\/v2\/posts\/6499","targetHints":{"allow":["GET"]}}],"collection":[{"href":"https:\/\/diariodelsurdigital.com.ar\/index.php?rest_route=\/wp\/v2\/posts"}],"about":[{"href":"https:\/\/diariodelsurdigital.com.ar\/index.php?rest_route=\/wp\/v2\/types\/post"}],"author":[{"embeddable":true,"href":"https:\/\/diariodelsurdigital.com.ar\/index.php?rest_route=\/wp\/v2\/users\/4"}],"replies":[{"embeddable":true,"href":"https:\/\/diariodelsurdigital.com.ar\/index.php?rest_route=%2Fwp%2Fv2%2Fcomments&post=6499"}],"version-history":[{"count":1,"href":"https:\/\/diariodelsurdigital.com.ar\/index.php?rest_route=\/wp\/v2\/posts\/6499\/revisions"}],"predecessor-version":[{"id":6501,"href":"https:\/\/diariodelsurdigital.com.ar\/index.php?rest_route=\/wp\/v2\/posts\/6499\/revisions\/6501"}],"wp:featuredmedia":[{"embeddable":true,"href":"https:\/\/diariodelsurdigital.com.ar\/index.php?rest_route=\/wp\/v2\/media\/6500"}],"wp:attachment":[{"href":"https:\/\/diariodelsurdigital.com.ar\/index.php?rest_route=%2Fwp%2Fv2%2Fmedia&parent=6499"}],"wp:term":[{"taxonomy":"category","embeddable":true,"href":"https:\/\/diariodelsurdigital.com.ar\/index.php?rest_route=%2Fwp%2Fv2%2Fcategories&post=6499"},{"taxonomy":"post_tag","embeddable":true,"href":"https:\/\/diariodelsurdigital.com.ar\/index.php?rest_route=%2Fwp%2Fv2%2Ftags&post=6499"}],"curies":[{"name":"wp","href":"https:\/\/api.w.org\/{rel}","templated":true}]}}