{"id":6505,"date":"2026-01-15T15:25:39","date_gmt":"2026-01-15T18:25:39","guid":{"rendered":"https:\/\/diariodelsurdigital.com.ar\/?p=6505"},"modified":"2026-01-15T15:25:41","modified_gmt":"2026-01-15T18:25:41","slug":"semaforo-con-las-distintas-producciones-regionales-de-argentina-exhibio-caidas-en-14-actividades","status":"publish","type":"post","link":"https:\/\/diariodelsurdigital.com.ar\/?p=6505","title":{"rendered":"Sem\u00e1foro con las distintas producciones regionales de Argentina exhibi\u00f3 ca\u00eddas en 14 actividades"},"content":{"rendered":"\n<p>En noviembre de 2025 el Sem\u00e1foro de Econom\u00edas Regionales registr\u00f3 cinco actividades en verde, ocho en amarillo y seis en rojo. Comparadas con el mes anterior se observaron desmejoras, ya que aves cambi\u00f3 de categor\u00eda de verde a amarillo. Las actividades en rojo son yerba mate, arroz, papa, vino y mosto, hortalizas y algod\u00f3n. La mayor\u00eda de estas registr\u00f3 deterioros porque los precios percibidos por los productores quedaron por debajo de la inflaci\u00f3n y del aumento de los costos operativos.<br><\/p>\n\n\n\n<p>El Sem\u00e1foro de Econom\u00edas Regionales que confecciona la Confederaci\u00f3n Intercooperativa Agropecuaria (Coninagro) analiza tres componentes: negocio, productivo y mercado. El primero eval\u00faa la evoluci\u00f3n del precio y el costo, tanto mensual como interanual. El segundo mide el \u00e1rea o stock, seg\u00fan corresponda, y la producci\u00f3n. Y el \u00faltimo, la evoluci\u00f3n de las exportaciones y las importaciones de las producciones, as\u00ed como el consumo interno.<\/p>\n\n\n\n<p>Las actividades ubicadas en rojo son: yerba mate, arroz, papa, vino y mosto, hortalizas, y algod\u00f3n. En la mayor\u00eda de estos casos se registr\u00f3 un deterioro del componente de negocio, debido a que los precios percibidos por los productores quedaron por debajo de la inflaci\u00f3n y del aumento de los costos operativos, lo que provoca una p\u00e9rdida de la rentabilidad y limita la recuperaci\u00f3n de estas actividades.<\/p>\n\n\n\n<p>Las actividades en verde incluyen bovinos, porcinos, ovinos, granos y miel. En todos estos sectores se observ\u00f3 un buen componente de negocio, con precios que crecieron por encima de la inflaci\u00f3n. Este resultado se complement\u00f3 con un buen desempe\u00f1o en los mercados y con indicadores productivos que acompa\u00f1aron.<\/p>\n\n\n\n<p>Las actividades que permanecieron en amarillo fueron forestal, man\u00ed, leche, tabaco, c\u00edtricos dulces, mandioca, peras y manzanas y este mes se suma la actividad av\u00edcola. Estos sectores presentaron se\u00f1ales mixtas: los precios no lograron acompa\u00f1ar la inflaci\u00f3n, la demanda se mantuvo estable o con poca din\u00e1mica y los costos continuaron elevados. Esta combinaci\u00f3n deriv\u00f3 en per\u00edodos de recuperaci\u00f3n prolongados y en dificultades para consolidar mejoras sostenidas.<\/p>\n\n\n\n<p>La actividad aviar, que es el \u00fanico cambio de esta edici\u00f3n, presenta un deterioro en los componentes de negocio y mercado. En los \u00faltimos 12 meses, los precios registraron una suba acumulada del 16% (promedio simple de carne y huevos), muy por debajo de la inflaci\u00f3n (31%). En el frente externo, las exportaciones cayeron 13%, mientras que las importaciones aumentaron 12%. Por su parte, el consumo mostr\u00f3 un leve incremento del 1%. Desde el punto de vista productivo, en cambio, los indicadores contin\u00faan siendo positivos: el stock de aves creci\u00f3 4% y la producci\u00f3n aument\u00f3 3% en el \u00faltimo a\u00f1o.<\/p>\n\n\n\n<p>Sem\u00e1foro en perspectiva hist\u00f3rica<\/p>\n\n\n\n<p>El sem\u00e1foro de econom\u00edas regionales se publica todos los meses desde hace m\u00e1s de diez a\u00f1os. En ese per\u00edodo, 8 de las 19 econom\u00edas analizadas pasaron m\u00e1s de la mitad del tiempo en rojo. Entre las m\u00e1s comprometidas aparecen la vitivinicultura y los c\u00edtricos dulces, que estuvieron en rojo cerca del 70% de los meses. Detr\u00e1s se ubican la lecher\u00eda y el arroz, con 63%, y luego la producci\u00f3n ovina, junto con peras y manzanas y papa, que rondaron el 55% del per\u00edodo en esta situaci\u00f3n.<\/p>\n\n\n\n<p>Del otro lado, algunas actividades lograron un recorrido m\u00e1s estable. Las carnes porcina, aviar y bovina mostraron mejores resultados, permaneciendo en verde en m\u00e1s del 45% del tiempo. A este grupo se suman tambi\u00e9n la producci\u00f3n manicera y el complejo granos, que tambi\u00e9n mostraron buen desempe\u00f1o a lo largo de los \u00faltimos a\u00f1os.<\/p>\n\n\n\n<p>Comercio exterior de las econom\u00edas regionales<\/p>\n\n\n\n<p>Entre enero y noviembre de 2025, las 19 actividades agropecuarias y econom\u00edas regionales relevadas sumaron exportaciones por USD 54.193 millones, lo que significa un salto del 65% frente al promedio hist\u00f3rico de la \u00faltima d\u00e9cada (USD 32.802 millones). La estructura exportadora muestra una alta concentraci\u00f3n: el 76% de los ingresos provino de los complejos granarios (soja, ma\u00edz, trigo, girasol, cebada y sorgo), mientras que el 9,4% correspondi\u00f3 al sector bovino. El 14,6% restante, equivalente a unos USD 7.912 millones, fue aportado por el conjunto de las dem\u00e1s econom\u00edas regionales.<\/p>\n\n\n\n<p>Del lado de las importaciones, el total promedi\u00f3 USD 3.145 millones entre enero y noviembre. Nuevamente, el complejo granario marc\u00f3 la cancha, explicando el 72% de las compras externas. Luego se ubicaron la actividad forestal (9%), el sector porcino (4%) y el algod\u00f3n (3%). El 12% restante se dispers\u00f3 entre otras actividades de menor peso.<\/p>\n\n\n\n<p>Los gr\u00e1ficos a continuaci\u00f3n muestran la composici\u00f3n del comercio exterior diferenciando exportaciones e importaciones, excluyendo al complejo granario para facilitar la visualizaci\u00f3n del peso relativo del resto de las actividades.<\/p>\n\n\n\n<p>Cuando se comparan los datos con el promedio del mismo per\u00edodo de los \u00faltimos nueve a\u00f1os, las diferencias entre sectores se vuelven m\u00e1s marcadas: algunos muestran crecimientos muy fuertes y otros retroceden.<\/p>\n\n\n\n<p>Dentro del ranking de crecimiento exportador, el sector tabacalero fue el que m\u00e1s despeg\u00f3: USD 590 millones, un 293% por encima de su promedio hist\u00f3rico. Le sigui\u00f3 el arroz, con USD 414 millones, creciendo 181% respecto de los \u00faltimos a\u00f1os. En tercer lugar, qued\u00f3 el complejo forestal, con USD 148 millones, lo que implica un 154% m\u00e1s que su promedio hist\u00f3rico. El complejo l\u00e1cteo tambi\u00e9n se destac\u00f3: USD 1.621 millones, un 129% de crecimiento frente a los USD 738 millones del promedio 2016\u20132024.<\/p>\n\n\n\n<p>En sentido contrario, la \u00fanica actividad con una ca\u00edda relevante fue la av\u00edcola, que registr\u00f3 USD 87 millones, es decir, un retroceso del 64% frente al promedio hist\u00f3rico (USD 218 millones).<\/p>\n","protected":false},"excerpt":{"rendered":"<p>En noviembre de 2025 el Sem\u00e1foro de Econom\u00edas Regionales registr\u00f3 cinco actividades en verde, ocho en amarillo y seis en rojo. Comparadas con el mes anterior se observaron desmejoras, ya que aves cambi\u00f3 de categor\u00eda de verde a amarillo. Las actividades en rojo son yerba mate, arroz, papa, vino y mosto, hortalizas y algod\u00f3n. La [&hellip;]<\/p>\n","protected":false},"author":4,"featured_media":6506,"comment_status":"open","ping_status":"open","sticky":false,"template":"","format":"standard","meta":{"footnotes":""},"categories":[1],"tags":[],"class_list":{"0":"post-6505","1":"post","2":"type-post","3":"status-publish","4":"format-standard","5":"has-post-thumbnail","7":"category-uncategorized"},"yoast_head":"<!-- This site is optimized with the Yoast SEO plugin v27.4 - https:\/\/yoast.com\/product\/yoast-seo-wordpress\/ -->\n<title>Sem\u00e1foro con las distintas producciones regionales de Argentina exhibi\u00f3 ca\u00eddas en 14 actividades - Diario del Sur<\/title>\n<meta name=\"robots\" content=\"index, follow, max-snippet:-1, max-image-preview:large, max-video-preview:-1\" \/>\n<link rel=\"canonical\" href=\"https:\/\/diariodelsurdigital.com.ar\/?p=6505\" \/>\n<meta property=\"og:locale\" content=\"es_ES\" \/>\n<meta property=\"og:type\" content=\"article\" \/>\n<meta property=\"og:title\" content=\"Sem\u00e1foro con las distintas producciones regionales de Argentina exhibi\u00f3 ca\u00eddas en 14 actividades - Diario del Sur\" \/>\n<meta property=\"og:description\" content=\"En noviembre de 2025 el Sem\u00e1foro de Econom\u00edas Regionales registr\u00f3 cinco actividades en verde, ocho en amarillo y seis en rojo. Comparadas con el mes anterior se observaron desmejoras, ya que aves cambi\u00f3 de categor\u00eda de verde a amarillo. Las actividades en rojo son yerba mate, arroz, papa, vino y mosto, hortalizas y algod\u00f3n. La [&hellip;]\" \/>\n<meta property=\"og:url\" content=\"https:\/\/diariodelsurdigital.com.ar\/?p=6505\" \/>\n<meta property=\"og:site_name\" content=\"Diario del Sur\" \/>\n<meta property=\"article:published_time\" content=\"2026-01-15T18:25:39+00:00\" \/>\n<meta property=\"article:modified_time\" content=\"2026-01-15T18:25:41+00:00\" \/>\n<meta property=\"og:image\" content=\"https:\/\/diariodelsurdigital.com.ar\/wp-content\/uploads\/2026\/01\/md-54.webp\" \/>\n\t<meta property=\"og:image:width\" content=\"992\" \/>\n\t<meta property=\"og:image:height\" content=\"643\" \/>\n\t<meta property=\"og:image:type\" content=\"image\/webp\" \/>\n<meta name=\"author\" content=\"Diario del Sur Digital\" \/>\n<meta name=\"twitter:card\" content=\"summary_large_image\" \/>\n<meta name=\"twitter:label1\" content=\"Escrito por\" \/>\n\t<meta name=\"twitter:data1\" content=\"Diario del Sur Digital\" \/>\n\t<meta name=\"twitter:label2\" content=\"Tiempo de lectura\" \/>\n\t<meta name=\"twitter:data2\" content=\"5 minutos\" \/>\n<script type=\"application\/ld+json\" class=\"yoast-schema-graph\">{\"@context\":\"https:\\\/\\\/schema.org\",\"@graph\":[{\"@type\":\"Article\",\"@id\":\"https:\\\/\\\/diariodelsurdigital.com.ar\\\/?p=6505#article\",\"isPartOf\":{\"@id\":\"https:\\\/\\\/diariodelsurdigital.com.ar\\\/?p=6505\"},\"author\":{\"name\":\"Diario del Sur Digital\",\"@id\":\"https:\\\/\\\/diariodelsurdigital.com.ar\\\/#\\\/schema\\\/person\\\/1a4992532ed62965c968031b49195c81\"},\"headline\":\"Sem\u00e1foro con las distintas producciones regionales de Argentina exhibi\u00f3 ca\u00eddas en 14 actividades\",\"datePublished\":\"2026-01-15T18:25:39+00:00\",\"dateModified\":\"2026-01-15T18:25:41+00:00\",\"mainEntityOfPage\":{\"@id\":\"https:\\\/\\\/diariodelsurdigital.com.ar\\\/?p=6505\"},\"wordCount\":950,\"commentCount\":0,\"image\":{\"@id\":\"https:\\\/\\\/diariodelsurdigital.com.ar\\\/?p=6505#primaryimage\"},\"thumbnailUrl\":\"https:\\\/\\\/diariodelsurdigital.com.ar\\\/wp-content\\\/uploads\\\/2026\\\/01\\\/md-54.webp\",\"articleSection\":[\"Uncategorized\"],\"inLanguage\":\"es\",\"potentialAction\":[{\"@type\":\"CommentAction\",\"name\":\"Comment\",\"target\":[\"https:\\\/\\\/diariodelsurdigital.com.ar\\\/?p=6505#respond\"]}]},{\"@type\":\"WebPage\",\"@id\":\"https:\\\/\\\/diariodelsurdigital.com.ar\\\/?p=6505\",\"url\":\"https:\\\/\\\/diariodelsurdigital.com.ar\\\/?p=6505\",\"name\":\"Sem\u00e1foro con las distintas producciones regionales de Argentina exhibi\u00f3 ca\u00eddas en 14 actividades - Diario del Sur\",\"isPartOf\":{\"@id\":\"https:\\\/\\\/diariodelsurdigital.com.ar\\\/#website\"},\"primaryImageOfPage\":{\"@id\":\"https:\\\/\\\/diariodelsurdigital.com.ar\\\/?p=6505#primaryimage\"},\"image\":{\"@id\":\"https:\\\/\\\/diariodelsurdigital.com.ar\\\/?p=6505#primaryimage\"},\"thumbnailUrl\":\"https:\\\/\\\/diariodelsurdigital.com.ar\\\/wp-content\\\/uploads\\\/2026\\\/01\\\/md-54.webp\",\"datePublished\":\"2026-01-15T18:25:39+00:00\",\"dateModified\":\"2026-01-15T18:25:41+00:00\",\"author\":{\"@id\":\"https:\\\/\\\/diariodelsurdigital.com.ar\\\/#\\\/schema\\\/person\\\/1a4992532ed62965c968031b49195c81\"},\"breadcrumb\":{\"@id\":\"https:\\\/\\\/diariodelsurdigital.com.ar\\\/?p=6505#breadcrumb\"},\"inLanguage\":\"es\",\"potentialAction\":[{\"@type\":\"ReadAction\",\"target\":[\"https:\\\/\\\/diariodelsurdigital.com.ar\\\/?p=6505\"]}]},{\"@type\":\"ImageObject\",\"inLanguage\":\"es\",\"@id\":\"https:\\\/\\\/diariodelsurdigital.com.ar\\\/?p=6505#primaryimage\",\"url\":\"https:\\\/\\\/diariodelsurdigital.com.ar\\\/wp-content\\\/uploads\\\/2026\\\/01\\\/md-54.webp\",\"contentUrl\":\"https:\\\/\\\/diariodelsurdigital.com.ar\\\/wp-content\\\/uploads\\\/2026\\\/01\\\/md-54.webp\",\"width\":992,\"height\":643},{\"@type\":\"BreadcrumbList\",\"@id\":\"https:\\\/\\\/diariodelsurdigital.com.ar\\\/?p=6505#breadcrumb\",\"itemListElement\":[{\"@type\":\"ListItem\",\"position\":1,\"name\":\"Portada\",\"item\":\"https:\\\/\\\/diariodelsurdigital.com.ar\\\/\"},{\"@type\":\"ListItem\",\"position\":2,\"name\":\"Sem\u00e1foro con las distintas producciones regionales de Argentina exhibi\u00f3 ca\u00eddas en 14 actividades\"}]},{\"@type\":\"WebSite\",\"@id\":\"https:\\\/\\\/diariodelsurdigital.com.ar\\\/#website\",\"url\":\"https:\\\/\\\/diariodelsurdigital.com.ar\\\/\",\"name\":\"Diario del Sur\",\"description\":\"Digital\",\"potentialAction\":[{\"@type\":\"SearchAction\",\"target\":{\"@type\":\"EntryPoint\",\"urlTemplate\":\"https:\\\/\\\/diariodelsurdigital.com.ar\\\/?s={search_term_string}\"},\"query-input\":{\"@type\":\"PropertyValueSpecification\",\"valueRequired\":true,\"valueName\":\"search_term_string\"}}],\"inLanguage\":\"es\"},{\"@type\":\"Person\",\"@id\":\"https:\\\/\\\/diariodelsurdigital.com.ar\\\/#\\\/schema\\\/person\\\/1a4992532ed62965c968031b49195c81\",\"name\":\"Diario del Sur Digital\",\"image\":{\"@type\":\"ImageObject\",\"inLanguage\":\"es\",\"@id\":\"https:\\\/\\\/secure.gravatar.com\\\/avatar\\\/f0c7c47fc7146d19828273b9b8eda651c9c7ab583767e6338d3d3bee825adf76?s=96&d=mm&r=g\",\"url\":\"https:\\\/\\\/secure.gravatar.com\\\/avatar\\\/f0c7c47fc7146d19828273b9b8eda651c9c7ab583767e6338d3d3bee825adf76?s=96&d=mm&r=g\",\"contentUrl\":\"https:\\\/\\\/secure.gravatar.com\\\/avatar\\\/f0c7c47fc7146d19828273b9b8eda651c9c7ab583767e6338d3d3bee825adf76?s=96&d=mm&r=g\",\"caption\":\"Diario del Sur Digital\"},\"url\":\"https:\\\/\\\/diariodelsurdigital.com.ar\\\/?author=4\"}]}<\/script>\n<!-- \/ Yoast SEO plugin. -->","yoast_head_json":{"title":"Sem\u00e1foro con las distintas producciones regionales de Argentina exhibi\u00f3 ca\u00eddas en 14 actividades - Diario del Sur","robots":{"index":"index","follow":"follow","max-snippet":"max-snippet:-1","max-image-preview":"max-image-preview:large","max-video-preview":"max-video-preview:-1"},"canonical":"https:\/\/diariodelsurdigital.com.ar\/?p=6505","og_locale":"es_ES","og_type":"article","og_title":"Sem\u00e1foro con las distintas producciones regionales de Argentina exhibi\u00f3 ca\u00eddas en 14 actividades - Diario del Sur","og_description":"En noviembre de 2025 el Sem\u00e1foro de Econom\u00edas Regionales registr\u00f3 cinco actividades en verde, ocho en amarillo y seis en rojo. Comparadas con el mes anterior se observaron desmejoras, ya que aves cambi\u00f3 de categor\u00eda de verde a amarillo. Las actividades en rojo son yerba mate, arroz, papa, vino y mosto, hortalizas y algod\u00f3n. La [&hellip;]","og_url":"https:\/\/diariodelsurdigital.com.ar\/?p=6505","og_site_name":"Diario del Sur","article_published_time":"2026-01-15T18:25:39+00:00","article_modified_time":"2026-01-15T18:25:41+00:00","og_image":[{"width":992,"height":643,"url":"https:\/\/diariodelsurdigital.com.ar\/wp-content\/uploads\/2026\/01\/md-54.webp","type":"image\/webp"}],"author":"Diario del Sur Digital","twitter_card":"summary_large_image","twitter_misc":{"Escrito por":"Diario del Sur Digital","Tiempo de lectura":"5 minutos"},"schema":{"@context":"https:\/\/schema.org","@graph":[{"@type":"Article","@id":"https:\/\/diariodelsurdigital.com.ar\/?p=6505#article","isPartOf":{"@id":"https:\/\/diariodelsurdigital.com.ar\/?p=6505"},"author":{"name":"Diario del Sur Digital","@id":"https:\/\/diariodelsurdigital.com.ar\/#\/schema\/person\/1a4992532ed62965c968031b49195c81"},"headline":"Sem\u00e1foro con las distintas producciones regionales de Argentina exhibi\u00f3 ca\u00eddas en 14 actividades","datePublished":"2026-01-15T18:25:39+00:00","dateModified":"2026-01-15T18:25:41+00:00","mainEntityOfPage":{"@id":"https:\/\/diariodelsurdigital.com.ar\/?p=6505"},"wordCount":950,"commentCount":0,"image":{"@id":"https:\/\/diariodelsurdigital.com.ar\/?p=6505#primaryimage"},"thumbnailUrl":"https:\/\/diariodelsurdigital.com.ar\/wp-content\/uploads\/2026\/01\/md-54.webp","articleSection":["Uncategorized"],"inLanguage":"es","potentialAction":[{"@type":"CommentAction","name":"Comment","target":["https:\/\/diariodelsurdigital.com.ar\/?p=6505#respond"]}]},{"@type":"WebPage","@id":"https:\/\/diariodelsurdigital.com.ar\/?p=6505","url":"https:\/\/diariodelsurdigital.com.ar\/?p=6505","name":"Sem\u00e1foro con las distintas producciones regionales de Argentina exhibi\u00f3 ca\u00eddas en 14 actividades - Diario del Sur","isPartOf":{"@id":"https:\/\/diariodelsurdigital.com.ar\/#website"},"primaryImageOfPage":{"@id":"https:\/\/diariodelsurdigital.com.ar\/?p=6505#primaryimage"},"image":{"@id":"https:\/\/diariodelsurdigital.com.ar\/?p=6505#primaryimage"},"thumbnailUrl":"https:\/\/diariodelsurdigital.com.ar\/wp-content\/uploads\/2026\/01\/md-54.webp","datePublished":"2026-01-15T18:25:39+00:00","dateModified":"2026-01-15T18:25:41+00:00","author":{"@id":"https:\/\/diariodelsurdigital.com.ar\/#\/schema\/person\/1a4992532ed62965c968031b49195c81"},"breadcrumb":{"@id":"https:\/\/diariodelsurdigital.com.ar\/?p=6505#breadcrumb"},"inLanguage":"es","potentialAction":[{"@type":"ReadAction","target":["https:\/\/diariodelsurdigital.com.ar\/?p=6505"]}]},{"@type":"ImageObject","inLanguage":"es","@id":"https:\/\/diariodelsurdigital.com.ar\/?p=6505#primaryimage","url":"https:\/\/diariodelsurdigital.com.ar\/wp-content\/uploads\/2026\/01\/md-54.webp","contentUrl":"https:\/\/diariodelsurdigital.com.ar\/wp-content\/uploads\/2026\/01\/md-54.webp","width":992,"height":643},{"@type":"BreadcrumbList","@id":"https:\/\/diariodelsurdigital.com.ar\/?p=6505#breadcrumb","itemListElement":[{"@type":"ListItem","position":1,"name":"Portada","item":"https:\/\/diariodelsurdigital.com.ar\/"},{"@type":"ListItem","position":2,"name":"Sem\u00e1foro con las distintas producciones regionales de Argentina exhibi\u00f3 ca\u00eddas en 14 actividades"}]},{"@type":"WebSite","@id":"https:\/\/diariodelsurdigital.com.ar\/#website","url":"https:\/\/diariodelsurdigital.com.ar\/","name":"Diario del Sur","description":"Digital","potentialAction":[{"@type":"SearchAction","target":{"@type":"EntryPoint","urlTemplate":"https:\/\/diariodelsurdigital.com.ar\/?s={search_term_string}"},"query-input":{"@type":"PropertyValueSpecification","valueRequired":true,"valueName":"search_term_string"}}],"inLanguage":"es"},{"@type":"Person","@id":"https:\/\/diariodelsurdigital.com.ar\/#\/schema\/person\/1a4992532ed62965c968031b49195c81","name":"Diario del Sur Digital","image":{"@type":"ImageObject","inLanguage":"es","@id":"https:\/\/secure.gravatar.com\/avatar\/f0c7c47fc7146d19828273b9b8eda651c9c7ab583767e6338d3d3bee825adf76?s=96&d=mm&r=g","url":"https:\/\/secure.gravatar.com\/avatar\/f0c7c47fc7146d19828273b9b8eda651c9c7ab583767e6338d3d3bee825adf76?s=96&d=mm&r=g","contentUrl":"https:\/\/secure.gravatar.com\/avatar\/f0c7c47fc7146d19828273b9b8eda651c9c7ab583767e6338d3d3bee825adf76?s=96&d=mm&r=g","caption":"Diario del Sur Digital"},"url":"https:\/\/diariodelsurdigital.com.ar\/?author=4"}]}},"_links":{"self":[{"href":"https:\/\/diariodelsurdigital.com.ar\/index.php?rest_route=\/wp\/v2\/posts\/6505","targetHints":{"allow":["GET"]}}],"collection":[{"href":"https:\/\/diariodelsurdigital.com.ar\/index.php?rest_route=\/wp\/v2\/posts"}],"about":[{"href":"https:\/\/diariodelsurdigital.com.ar\/index.php?rest_route=\/wp\/v2\/types\/post"}],"author":[{"embeddable":true,"href":"https:\/\/diariodelsurdigital.com.ar\/index.php?rest_route=\/wp\/v2\/users\/4"}],"replies":[{"embeddable":true,"href":"https:\/\/diariodelsurdigital.com.ar\/index.php?rest_route=%2Fwp%2Fv2%2Fcomments&post=6505"}],"version-history":[{"count":1,"href":"https:\/\/diariodelsurdigital.com.ar\/index.php?rest_route=\/wp\/v2\/posts\/6505\/revisions"}],"predecessor-version":[{"id":6507,"href":"https:\/\/diariodelsurdigital.com.ar\/index.php?rest_route=\/wp\/v2\/posts\/6505\/revisions\/6507"}],"wp:featuredmedia":[{"embeddable":true,"href":"https:\/\/diariodelsurdigital.com.ar\/index.php?rest_route=\/wp\/v2\/media\/6506"}],"wp:attachment":[{"href":"https:\/\/diariodelsurdigital.com.ar\/index.php?rest_route=%2Fwp%2Fv2%2Fmedia&parent=6505"}],"wp:term":[{"taxonomy":"category","embeddable":true,"href":"https:\/\/diariodelsurdigital.com.ar\/index.php?rest_route=%2Fwp%2Fv2%2Fcategories&post=6505"},{"taxonomy":"post_tag","embeddable":true,"href":"https:\/\/diariodelsurdigital.com.ar\/index.php?rest_route=%2Fwp%2Fv2%2Ftags&post=6505"}],"curies":[{"name":"wp","href":"https:\/\/api.w.org\/{rel}","templated":true}]}}