{"id":6521,"date":"2026-01-16T14:50:09","date_gmt":"2026-01-16T17:50:09","guid":{"rendered":"https:\/\/diariodelsurdigital.com.ar\/?p=6521"},"modified":"2026-01-16T14:50:10","modified_gmt":"2026-01-16T17:50:10","slug":"referente-de-ddhh-de-entre-rios-manifesto-que-no-es-casual-que-busquen-un-vaciamiento-de-la-conciencia-y-la-memoria","status":"publish","type":"post","link":"https:\/\/diariodelsurdigital.com.ar\/?p=6521","title":{"rendered":"Referente de DDHH de Entre R\u00edos manifest\u00f3 que \u201cno es casual que busquen un vaciamiento de la conciencia y la memoria\u201d"},"content":{"rendered":"\n<p>Mar\u00eda Luz Pi\u00e9rola advirti\u00f3 sobre la no renovaci\u00f3n de los contratos a trabajadores con m\u00e1s de diez a\u00f1os de antig\u00fcedad y el desmantelamiento de \u00e1reas clave para la identidad y la memoria en la administraci\u00f3n p\u00fablica. La Multisectorial de DDHH convoca a una movilizaci\u00f3n para el pr\u00f3ximo mi\u00e9rcoles.<\/p>\n\n\n\n<p>La situaci\u00f3n del Registro \u00danico de la Verdad (RUV) de Entre R\u00edos se encuentra en una fase cr\u00edtica tras la decisi\u00f3n de no renovar contratos a personal especializado que desempe\u00f1aba funciones desde hace m\u00e1s de una d\u00e9cada. Seg\u00fan Mar\u00eda Luz Pi\u00e9rola, referente hist\u00f3rica de los Derechos Humanos, esto no es un hecho aislado, sino un \u00abvaciamento de pol\u00edtica p\u00fablica\u00bb.<\/p>\n\n\n\n<p>\u00abLa idea es denunciar los despidos espec\u00edficos en el Registro \u00danico de la Verdad\u201d, manifest\u00f3 la referente y explic\u00f3: \u201cSon cesant\u00edas, no le quitemos el peso porque eso es llanamente lo que pasa ac\u00e1. Los compa\u00f1eros que fueron echados no se les renov\u00f3 el contrato, ellos ven\u00edan hace m\u00e1s de 10 a\u00f1os trabajando\u201d.<\/p>\n\n\n\n<p>Cabe destacar que los trabajadores afectados cumplen roles en \u00e1reas sensibles como el archivo, la pedagog\u00eda de la memoria y el seguimiento de juicios de lesa humanidad.<\/p>\n","protected":false},"excerpt":{"rendered":"<p>Mar\u00eda Luz Pi\u00e9rola advirti\u00f3 sobre la no renovaci\u00f3n de los contratos a trabajadores con m\u00e1s de diez a\u00f1os de antig\u00fcedad y el desmantelamiento de \u00e1reas clave para la identidad y la memoria en la administraci\u00f3n p\u00fablica. La Multisectorial de DDHH convoca a una movilizaci\u00f3n para el pr\u00f3ximo mi\u00e9rcoles. La situaci\u00f3n del Registro \u00danico de la [&hellip;]<\/p>\n","protected":false},"author":4,"featured_media":6522,"comment_status":"open","ping_status":"open","sticky":false,"template":"","format":"standard","meta":{"footnotes":""},"categories":[19,17],"tags":[],"class_list":{"0":"post-6521","1":"post","2":"type-post","3":"status-publish","4":"format-standard","5":"has-post-thumbnail","7":"category-interes-general","8":"category-provinciales"},"yoast_head":"<!-- This site is optimized with the Yoast SEO plugin v27.4 - https:\/\/yoast.com\/product\/yoast-seo-wordpress\/ -->\n<title>Referente de DDHH de Entre R\u00edos manifest\u00f3 que \u201cno es casual que busquen un vaciamiento de la conciencia y la memoria\u201d - Diario del Sur<\/title>\n<meta name=\"robots\" content=\"index, follow, max-snippet:-1, max-image-preview:large, max-video-preview:-1\" \/>\n<link rel=\"canonical\" href=\"https:\/\/diariodelsurdigital.com.ar\/?p=6521\" \/>\n<meta property=\"og:locale\" content=\"es_ES\" \/>\n<meta property=\"og:type\" content=\"article\" \/>\n<meta property=\"og:title\" content=\"Referente de DDHH de Entre R\u00edos manifest\u00f3 que \u201cno es casual que busquen un vaciamiento de la conciencia y la memoria\u201d - Diario del Sur\" \/>\n<meta property=\"og:description\" content=\"Mar\u00eda Luz Pi\u00e9rola advirti\u00f3 sobre la no renovaci\u00f3n de los contratos a trabajadores con m\u00e1s de diez a\u00f1os de antig\u00fcedad y el desmantelamiento de \u00e1reas clave para la identidad y la memoria en la administraci\u00f3n p\u00fablica. La Multisectorial de DDHH convoca a una movilizaci\u00f3n para el pr\u00f3ximo mi\u00e9rcoles. La situaci\u00f3n del Registro \u00danico de la [&hellip;]\" \/>\n<meta property=\"og:url\" content=\"https:\/\/diariodelsurdigital.com.ar\/?p=6521\" \/>\n<meta property=\"og:site_name\" content=\"Diario del Sur\" \/>\n<meta property=\"article:published_time\" content=\"2026-01-16T17:50:09+00:00\" \/>\n<meta property=\"article:modified_time\" content=\"2026-01-16T17:50:10+00:00\" \/>\n<meta property=\"og:image\" content=\"https:\/\/diariodelsurdigital.com.ar\/wp-content\/uploads\/2026\/01\/md-55.webp\" \/>\n\t<meta property=\"og:image:width\" content=\"992\" \/>\n\t<meta property=\"og:image:height\" content=\"596\" \/>\n\t<meta property=\"og:image:type\" content=\"image\/webp\" \/>\n<meta name=\"author\" content=\"Diario del Sur Digital\" \/>\n<meta name=\"twitter:card\" content=\"summary_large_image\" \/>\n<meta name=\"twitter:label1\" content=\"Escrito por\" \/>\n\t<meta name=\"twitter:data1\" content=\"Diario del Sur Digital\" \/>\n\t<meta name=\"twitter:label2\" content=\"Tiempo de lectura\" \/>\n\t<meta name=\"twitter:data2\" content=\"2 minutos\" \/>\n<script type=\"application\/ld+json\" class=\"yoast-schema-graph\">{\"@context\":\"https:\\\/\\\/schema.org\",\"@graph\":[{\"@type\":\"Article\",\"@id\":\"https:\\\/\\\/diariodelsurdigital.com.ar\\\/?p=6521#article\",\"isPartOf\":{\"@id\":\"https:\\\/\\\/diariodelsurdigital.com.ar\\\/?p=6521\"},\"author\":{\"name\":\"Diario del Sur Digital\",\"@id\":\"https:\\\/\\\/diariodelsurdigital.com.ar\\\/#\\\/schema\\\/person\\\/1a4992532ed62965c968031b49195c81\"},\"headline\":\"Referente de DDHH de Entre R\u00edos manifest\u00f3 que \u201cno es casual que busquen un vaciamiento de la conciencia y la memoria\u201d\",\"datePublished\":\"2026-01-16T17:50:09+00:00\",\"dateModified\":\"2026-01-16T17:50:10+00:00\",\"mainEntityOfPage\":{\"@id\":\"https:\\\/\\\/diariodelsurdigital.com.ar\\\/?p=6521\"},\"wordCount\":239,\"commentCount\":0,\"image\":{\"@id\":\"https:\\\/\\\/diariodelsurdigital.com.ar\\\/?p=6521#primaryimage\"},\"thumbnailUrl\":\"https:\\\/\\\/diariodelsurdigital.com.ar\\\/wp-content\\\/uploads\\\/2026\\\/01\\\/md-55.webp\",\"articleSection\":[\"Inter\u00e9s General\",\"Provinciales\"],\"inLanguage\":\"es\",\"potentialAction\":[{\"@type\":\"CommentAction\",\"name\":\"Comment\",\"target\":[\"https:\\\/\\\/diariodelsurdigital.com.ar\\\/?p=6521#respond\"]}]},{\"@type\":\"WebPage\",\"@id\":\"https:\\\/\\\/diariodelsurdigital.com.ar\\\/?p=6521\",\"url\":\"https:\\\/\\\/diariodelsurdigital.com.ar\\\/?p=6521\",\"name\":\"Referente de DDHH de Entre R\u00edos manifest\u00f3 que \u201cno es casual que busquen un vaciamiento de la conciencia y la memoria\u201d - Diario del Sur\",\"isPartOf\":{\"@id\":\"https:\\\/\\\/diariodelsurdigital.com.ar\\\/#website\"},\"primaryImageOfPage\":{\"@id\":\"https:\\\/\\\/diariodelsurdigital.com.ar\\\/?p=6521#primaryimage\"},\"image\":{\"@id\":\"https:\\\/\\\/diariodelsurdigital.com.ar\\\/?p=6521#primaryimage\"},\"thumbnailUrl\":\"https:\\\/\\\/diariodelsurdigital.com.ar\\\/wp-content\\\/uploads\\\/2026\\\/01\\\/md-55.webp\",\"datePublished\":\"2026-01-16T17:50:09+00:00\",\"dateModified\":\"2026-01-16T17:50:10+00:00\",\"author\":{\"@id\":\"https:\\\/\\\/diariodelsurdigital.com.ar\\\/#\\\/schema\\\/person\\\/1a4992532ed62965c968031b49195c81\"},\"breadcrumb\":{\"@id\":\"https:\\\/\\\/diariodelsurdigital.com.ar\\\/?p=6521#breadcrumb\"},\"inLanguage\":\"es\",\"potentialAction\":[{\"@type\":\"ReadAction\",\"target\":[\"https:\\\/\\\/diariodelsurdigital.com.ar\\\/?p=6521\"]}]},{\"@type\":\"ImageObject\",\"inLanguage\":\"es\",\"@id\":\"https:\\\/\\\/diariodelsurdigital.com.ar\\\/?p=6521#primaryimage\",\"url\":\"https:\\\/\\\/diariodelsurdigital.com.ar\\\/wp-content\\\/uploads\\\/2026\\\/01\\\/md-55.webp\",\"contentUrl\":\"https:\\\/\\\/diariodelsurdigital.com.ar\\\/wp-content\\\/uploads\\\/2026\\\/01\\\/md-55.webp\",\"width\":992,\"height\":596},{\"@type\":\"BreadcrumbList\",\"@id\":\"https:\\\/\\\/diariodelsurdigital.com.ar\\\/?p=6521#breadcrumb\",\"itemListElement\":[{\"@type\":\"ListItem\",\"position\":1,\"name\":\"Portada\",\"item\":\"https:\\\/\\\/diariodelsurdigital.com.ar\\\/\"},{\"@type\":\"ListItem\",\"position\":2,\"name\":\"Referente de DDHH de Entre R\u00edos manifest\u00f3 que \u201cno es casual que busquen un vaciamiento de la conciencia y la memoria\u201d\"}]},{\"@type\":\"WebSite\",\"@id\":\"https:\\\/\\\/diariodelsurdigital.com.ar\\\/#website\",\"url\":\"https:\\\/\\\/diariodelsurdigital.com.ar\\\/\",\"name\":\"Diario del Sur\",\"description\":\"Digital\",\"potentialAction\":[{\"@type\":\"SearchAction\",\"target\":{\"@type\":\"EntryPoint\",\"urlTemplate\":\"https:\\\/\\\/diariodelsurdigital.com.ar\\\/?s={search_term_string}\"},\"query-input\":{\"@type\":\"PropertyValueSpecification\",\"valueRequired\":true,\"valueName\":\"search_term_string\"}}],\"inLanguage\":\"es\"},{\"@type\":\"Person\",\"@id\":\"https:\\\/\\\/diariodelsurdigital.com.ar\\\/#\\\/schema\\\/person\\\/1a4992532ed62965c968031b49195c81\",\"name\":\"Diario del Sur Digital\",\"image\":{\"@type\":\"ImageObject\",\"inLanguage\":\"es\",\"@id\":\"https:\\\/\\\/secure.gravatar.com\\\/avatar\\\/f0c7c47fc7146d19828273b9b8eda651c9c7ab583767e6338d3d3bee825adf76?s=96&d=mm&r=g\",\"url\":\"https:\\\/\\\/secure.gravatar.com\\\/avatar\\\/f0c7c47fc7146d19828273b9b8eda651c9c7ab583767e6338d3d3bee825adf76?s=96&d=mm&r=g\",\"contentUrl\":\"https:\\\/\\\/secure.gravatar.com\\\/avatar\\\/f0c7c47fc7146d19828273b9b8eda651c9c7ab583767e6338d3d3bee825adf76?s=96&d=mm&r=g\",\"caption\":\"Diario del Sur Digital\"},\"url\":\"https:\\\/\\\/diariodelsurdigital.com.ar\\\/?author=4\"}]}<\/script>\n<!-- \/ Yoast SEO plugin. -->","yoast_head_json":{"title":"Referente de DDHH de Entre R\u00edos manifest\u00f3 que \u201cno es casual que busquen un vaciamiento de la conciencia y la memoria\u201d - Diario del Sur","robots":{"index":"index","follow":"follow","max-snippet":"max-snippet:-1","max-image-preview":"max-image-preview:large","max-video-preview":"max-video-preview:-1"},"canonical":"https:\/\/diariodelsurdigital.com.ar\/?p=6521","og_locale":"es_ES","og_type":"article","og_title":"Referente de DDHH de Entre R\u00edos manifest\u00f3 que \u201cno es casual que busquen un vaciamiento de la conciencia y la memoria\u201d - Diario del Sur","og_description":"Mar\u00eda Luz Pi\u00e9rola advirti\u00f3 sobre la no renovaci\u00f3n de los contratos a trabajadores con m\u00e1s de diez a\u00f1os de antig\u00fcedad y el desmantelamiento de \u00e1reas clave para la identidad y la memoria en la administraci\u00f3n p\u00fablica. La Multisectorial de DDHH convoca a una movilizaci\u00f3n para el pr\u00f3ximo mi\u00e9rcoles. La situaci\u00f3n del Registro \u00danico de la [&hellip;]","og_url":"https:\/\/diariodelsurdigital.com.ar\/?p=6521","og_site_name":"Diario del Sur","article_published_time":"2026-01-16T17:50:09+00:00","article_modified_time":"2026-01-16T17:50:10+00:00","og_image":[{"width":992,"height":596,"url":"https:\/\/diariodelsurdigital.com.ar\/wp-content\/uploads\/2026\/01\/md-55.webp","type":"image\/webp"}],"author":"Diario del Sur Digital","twitter_card":"summary_large_image","twitter_misc":{"Escrito por":"Diario del Sur Digital","Tiempo de lectura":"2 minutos"},"schema":{"@context":"https:\/\/schema.org","@graph":[{"@type":"Article","@id":"https:\/\/diariodelsurdigital.com.ar\/?p=6521#article","isPartOf":{"@id":"https:\/\/diariodelsurdigital.com.ar\/?p=6521"},"author":{"name":"Diario del Sur Digital","@id":"https:\/\/diariodelsurdigital.com.ar\/#\/schema\/person\/1a4992532ed62965c968031b49195c81"},"headline":"Referente de DDHH de Entre R\u00edos manifest\u00f3 que \u201cno es casual que busquen un vaciamiento de la conciencia y la memoria\u201d","datePublished":"2026-01-16T17:50:09+00:00","dateModified":"2026-01-16T17:50:10+00:00","mainEntityOfPage":{"@id":"https:\/\/diariodelsurdigital.com.ar\/?p=6521"},"wordCount":239,"commentCount":0,"image":{"@id":"https:\/\/diariodelsurdigital.com.ar\/?p=6521#primaryimage"},"thumbnailUrl":"https:\/\/diariodelsurdigital.com.ar\/wp-content\/uploads\/2026\/01\/md-55.webp","articleSection":["Inter\u00e9s General","Provinciales"],"inLanguage":"es","potentialAction":[{"@type":"CommentAction","name":"Comment","target":["https:\/\/diariodelsurdigital.com.ar\/?p=6521#respond"]}]},{"@type":"WebPage","@id":"https:\/\/diariodelsurdigital.com.ar\/?p=6521","url":"https:\/\/diariodelsurdigital.com.ar\/?p=6521","name":"Referente de DDHH de Entre R\u00edos manifest\u00f3 que \u201cno es casual que busquen un vaciamiento de la conciencia y la memoria\u201d - Diario del Sur","isPartOf":{"@id":"https:\/\/diariodelsurdigital.com.ar\/#website"},"primaryImageOfPage":{"@id":"https:\/\/diariodelsurdigital.com.ar\/?p=6521#primaryimage"},"image":{"@id":"https:\/\/diariodelsurdigital.com.ar\/?p=6521#primaryimage"},"thumbnailUrl":"https:\/\/diariodelsurdigital.com.ar\/wp-content\/uploads\/2026\/01\/md-55.webp","datePublished":"2026-01-16T17:50:09+00:00","dateModified":"2026-01-16T17:50:10+00:00","author":{"@id":"https:\/\/diariodelsurdigital.com.ar\/#\/schema\/person\/1a4992532ed62965c968031b49195c81"},"breadcrumb":{"@id":"https:\/\/diariodelsurdigital.com.ar\/?p=6521#breadcrumb"},"inLanguage":"es","potentialAction":[{"@type":"ReadAction","target":["https:\/\/diariodelsurdigital.com.ar\/?p=6521"]}]},{"@type":"ImageObject","inLanguage":"es","@id":"https:\/\/diariodelsurdigital.com.ar\/?p=6521#primaryimage","url":"https:\/\/diariodelsurdigital.com.ar\/wp-content\/uploads\/2026\/01\/md-55.webp","contentUrl":"https:\/\/diariodelsurdigital.com.ar\/wp-content\/uploads\/2026\/01\/md-55.webp","width":992,"height":596},{"@type":"BreadcrumbList","@id":"https:\/\/diariodelsurdigital.com.ar\/?p=6521#breadcrumb","itemListElement":[{"@type":"ListItem","position":1,"name":"Portada","item":"https:\/\/diariodelsurdigital.com.ar\/"},{"@type":"ListItem","position":2,"name":"Referente de DDHH de Entre R\u00edos manifest\u00f3 que \u201cno es casual que busquen un vaciamiento de la conciencia y la memoria\u201d"}]},{"@type":"WebSite","@id":"https:\/\/diariodelsurdigital.com.ar\/#website","url":"https:\/\/diariodelsurdigital.com.ar\/","name":"Diario del Sur","description":"Digital","potentialAction":[{"@type":"SearchAction","target":{"@type":"EntryPoint","urlTemplate":"https:\/\/diariodelsurdigital.com.ar\/?s={search_term_string}"},"query-input":{"@type":"PropertyValueSpecification","valueRequired":true,"valueName":"search_term_string"}}],"inLanguage":"es"},{"@type":"Person","@id":"https:\/\/diariodelsurdigital.com.ar\/#\/schema\/person\/1a4992532ed62965c968031b49195c81","name":"Diario del Sur Digital","image":{"@type":"ImageObject","inLanguage":"es","@id":"https:\/\/secure.gravatar.com\/avatar\/f0c7c47fc7146d19828273b9b8eda651c9c7ab583767e6338d3d3bee825adf76?s=96&d=mm&r=g","url":"https:\/\/secure.gravatar.com\/avatar\/f0c7c47fc7146d19828273b9b8eda651c9c7ab583767e6338d3d3bee825adf76?s=96&d=mm&r=g","contentUrl":"https:\/\/secure.gravatar.com\/avatar\/f0c7c47fc7146d19828273b9b8eda651c9c7ab583767e6338d3d3bee825adf76?s=96&d=mm&r=g","caption":"Diario del Sur Digital"},"url":"https:\/\/diariodelsurdigital.com.ar\/?author=4"}]}},"_links":{"self":[{"href":"https:\/\/diariodelsurdigital.com.ar\/index.php?rest_route=\/wp\/v2\/posts\/6521","targetHints":{"allow":["GET"]}}],"collection":[{"href":"https:\/\/diariodelsurdigital.com.ar\/index.php?rest_route=\/wp\/v2\/posts"}],"about":[{"href":"https:\/\/diariodelsurdigital.com.ar\/index.php?rest_route=\/wp\/v2\/types\/post"}],"author":[{"embeddable":true,"href":"https:\/\/diariodelsurdigital.com.ar\/index.php?rest_route=\/wp\/v2\/users\/4"}],"replies":[{"embeddable":true,"href":"https:\/\/diariodelsurdigital.com.ar\/index.php?rest_route=%2Fwp%2Fv2%2Fcomments&post=6521"}],"version-history":[{"count":1,"href":"https:\/\/diariodelsurdigital.com.ar\/index.php?rest_route=\/wp\/v2\/posts\/6521\/revisions"}],"predecessor-version":[{"id":6523,"href":"https:\/\/diariodelsurdigital.com.ar\/index.php?rest_route=\/wp\/v2\/posts\/6521\/revisions\/6523"}],"wp:featuredmedia":[{"embeddable":true,"href":"https:\/\/diariodelsurdigital.com.ar\/index.php?rest_route=\/wp\/v2\/media\/6522"}],"wp:attachment":[{"href":"https:\/\/diariodelsurdigital.com.ar\/index.php?rest_route=%2Fwp%2Fv2%2Fmedia&parent=6521"}],"wp:term":[{"taxonomy":"category","embeddable":true,"href":"https:\/\/diariodelsurdigital.com.ar\/index.php?rest_route=%2Fwp%2Fv2%2Fcategories&post=6521"},{"taxonomy":"post_tag","embeddable":true,"href":"https:\/\/diariodelsurdigital.com.ar\/index.php?rest_route=%2Fwp%2Fv2%2Ftags&post=6521"}],"curies":[{"name":"wp","href":"https:\/\/api.w.org\/{rel}","templated":true}]}}