{"id":6524,"date":"2026-01-16T14:53:23","date_gmt":"2026-01-16T17:53:23","guid":{"rendered":"https:\/\/diariodelsurdigital.com.ar\/?p=6524"},"modified":"2026-01-16T14:55:20","modified_gmt":"2026-01-16T17:55:20","slug":"el-gobierno-provincial-buscar-avanzar-en-febrero-con-la-paritaria-docente-para-garantizar-el-normal-inicio-del-ciclo-lectivo","status":"publish","type":"post","link":"https:\/\/diariodelsurdigital.com.ar\/?p=6524","title":{"rendered":"El Gobierno provincial buscar avanzar en febrero con la paritaria docente para garantizar el normal inicio del ciclo lectivo"},"content":{"rendered":"\n<p>El presidente del CGE, Carlos Cuenca, indic\u00f3 que la intenci\u00f3n es convocar a los gremios en febrero. Tras una reuni\u00f3n con Agmer, el funcionario destac\u00f3 que el objetivo principal es que el 2 de marzo los alumnos est\u00e9n en las aulas y se eviten medidas de fuerza.<\/p>\n\n\n\n<p><\/p>\n\n\n\n<p>El presidente del Consejo General de Educaci\u00f3n (CGE), Carlos Cuenca, brind\u00f3 un panorama de los temas dialogados con la nueva dirigencia de la Asociaci\u00f3n Gremial del Magisterio de Entre R\u00edos (Agmer) en el encuentro que mantuvieron este jueves.<\/p>\n\n\n\n<p>Cuenca sostuvo que la reuni\u00f3n que mantuvo con la dirigencia gremial \u201cfue muy amena, muy productiva, planteando muchas cosas a trabajar en conjunto\u201d y en ese marco defini\u00f3 que \u201clas construcciones o la generaci\u00f3n de la gesti\u00f3n implica tener miradas diversas y poder debatirlo, muchas veces vamos a pensar distinto, muchas veces vamos a estar con opiniones distintas, pero es importante sentarnos a la mesa a discutir y sobre eso sacar lo mejor\u201d.<\/p>\n\n\n\n<p><br>Confirm\u00f3 que \u201cuno de los puntos que se trataron\u201d fue el reclamo docente por convocatoria a paritarias: \u201cObviamente entiendo que es uno de los puntos muy importantes, de cu\u00e1ndo se iba a poder dar la charla paritaria. Ellos ya presentaron una nota para poder trabajar en paritaria, la semana que viene tengo una reuni\u00f3n con el Ministro de Econom\u00eda y la idea es avanzar el mes que viene en las paritarias\u201d.<\/p>\n\n\n\n<p>\u201cObviamente no tengo fecha cierta, porque hay cosas que me exceden, pero entiendo que cuanto antes suceda mejor, as\u00ed el 2 de marzo podemos estar arrancando las clases, que es el gran desaf\u00edo que nos plante\u00f3 nuestro gobernador\u201d.<\/p>\n\n\n\n<p>Al respecto, admiti\u00f3 que \u201cel desaf\u00edo es que los chicos est\u00e9n en la escuela y que tengamos la mayor cantidad de d\u00edas posible de clases, o sea que evitemos los paros, que no tengamos ninguna dificultad para poder cumplir con la mayor cantidad de d\u00edas en clase. Ese es el gran desaf\u00edo que tenemos, el gran desaf\u00edo que nos plante\u00f3 nuestro gobernador, as\u00ed que hay que dar las discusiones y tienen que ser en un marco sano como para poder el 2 de marzo estar en las escuelas\u201d.<\/p>\n\n\n\n<p>Recategorizaci\u00f3n de escuelas<\/p>\n\n\n\n<p>Respecto de las recategorizaciones de escuelas que generaron pol\u00e9mica y preocupaci\u00f3n ante el riesgo de eventuales cierres, el funcionario sostuvo que \u201cson discusiones que hay que darlas porque obviamente ha cambiado el panorama respecto a algunas incidencias a lo que ya se ten\u00eda como escuelas; hay que dar la discusi\u00f3n y lo que los gremios plantearon es que quieren estar en la discusi\u00f3n, lo cual me parece totalmente correcto, y no est\u00e1n en contra de esto. La variable no es solamente la matr\u00edcula, sino que hay muchas otras condiciones que se analizan para tomar este tipo de decisiones\u201d.<\/p>\n\n\n\n<p>\u201cEn el caso de cerrar una escuela hay que ver si los estudiantes que van a esa escuela son de esa zona puntualmente y si no tienen otra escuela cercana a la que podr\u00edan ir, en caso de cerrar o de cambiar de categor\u00eda\u201d, se\u00f1al\u00f3 en declaraciones realizadas al programa A Quien Corresponda (Radio Plaza 94.7),<\/p>\n\n\n\n<p>\u201cHay muchas condiciones que se analizan; lo que ellos pidieron, que me parece totalmente sano, es estar en esa mesa de discusi\u00f3n para tomar la mejor decisi\u00f3n posible. En lo que estamos de acuerdo y ayer qued\u00f3 claro es que esa discusi\u00f3n hay que darla con ellos sentados a la mesa porque agrega una mirada m\u00e1s y ayuda a que la decisi\u00f3n que uno tome sea la m\u00e1s acertada posible. Ellos est\u00e1n todos los d\u00edas con los docentes, tambi\u00e9n tienen la realidad palpable de la diaria, as\u00ed que tambi\u00e9n ayudan y colaboran y agregan una mirada muy importante para que la decisi\u00f3n que se tome sea la m\u00e1s correcta posible\u201d, plante\u00f3.<\/p>\n\n\n\n<p>Infraestructura escolar<\/p>\n\n\n\n<p>En cuanto a la infraestructura escolar actual, dijo que \u201ces muy dif\u00edcil en tan poco tiempo cambiar dr\u00e1sticamente la infraestructura; obviamente se ha avanzado un mont\u00f3n, pero tambi\u00e9n hay un mont\u00f3n de escuelas o de institutos que necesitan una obra de infraestructura, que a veces puede ser menor y a veces puede ser de gran envergadura. Por eso estamos trabajando con otro organismo de la provincia para marcar prioridades; no se va a poder atender a todos de una vez, entonces lo m\u00e1s importante es marcar prioridad \u2013de las m\u00e1s urgentes a las menos urgentes- y plantear una l\u00ednea de acci\u00f3n para poder trabajarla\u201d.<\/p>\n\n\n\n<p>\u201cHoy estamos trabajando en conjunto con la UEP, con el Ministerio de Obra P\u00fablica, y obviamente con las cuadrillas y con infraestructura del Consejo, para marcar esas prioridades. O sea, de qu\u00e9 se va a ocupar cada uno en la diaria. Algunos obviamente van a tener obras de gran envergadura, como puede ser el Ministerio o la UEP, y el Consejo en la cuesti\u00f3n de mantenimiento. Es importante saber cu\u00e1les son las m\u00e1s prioritarias, porque lo que no nos puede pasar es que una escuela hoy no est\u00e9 atendida puntualmente y los chicos no puedan estar en la escuela. Eso no nos puede pasar. Entonces iremos de las m\u00e1s urgentes a las menos urgentes para que no haya ninguna imposibilidad de que los docentes y los chicos puedan estar en la escuela\u201d, sentenci\u00f3.<\/p>\n\n\n\n<p>Como ejemplo, mencion\u00f3 que \u201cahora puntualmente parte de la cuadrilla del Consejo estar\u00e1 yendo a la escuela que incendiaron en el Departamento La Paz, que qued\u00f3 totalmente destruida y hoy los chicos no pueden ir porque las instalaciones est\u00e1n destruidas, se incendi\u00f3 casi toda la instalaci\u00f3n, se perdi\u00f3 todo. Esa escuela tambi\u00e9n tiene el comedor as\u00ed que va a ser un gran desaf\u00edo que esa escuela el 2 de marzo est\u00e9 funcionando\u201d.<\/p>\n\n\n\n<p>Transporte escolar<\/p>\n\n\n\n<p>En relaci\u00f3n con el transporte escolar del Inaubepro, Cuenca asegur\u00f3 que \u201cen eso hay continuidad; reci\u00e9n en agosto se vuelve a licitar y la semana que viene justamente me junto con Mariano Berni\u00f1as que es el titular del becario para trabajar estos temas. Hoy no hay ning\u00fan inconveniente y si lo hubo ya se ha solucionado, pero hoy y hasta agosto, que se plantea la nueva licitaci\u00f3n, siguen los mismos circuitos y atienden la misma demanda que se ven\u00eda atendiendo\u201d.<\/p>\n","protected":false},"excerpt":{"rendered":"<p>El presidente del CGE, Carlos Cuenca, indic\u00f3 que la intenci\u00f3n es convocar a los gremios en febrero. Tras una reuni\u00f3n con Agmer, el funcionario destac\u00f3 que el objetivo principal es que el 2 de marzo los alumnos est\u00e9n en las aulas y se eviten medidas de fuerza. El presidente del Consejo General de Educaci\u00f3n (CGE), [&hellip;]<\/p>\n","protected":false},"author":4,"featured_media":6525,"comment_status":"open","ping_status":"open","sticky":false,"template":"","format":"standard","meta":{"footnotes":""},"categories":[19,17],"tags":[],"class_list":{"0":"post-6524","1":"post","2":"type-post","3":"status-publish","4":"format-standard","5":"has-post-thumbnail","7":"category-interes-general","8":"category-provinciales"},"yoast_head":"<!-- This site is optimized with the Yoast SEO plugin v27.4 - https:\/\/yoast.com\/product\/yoast-seo-wordpress\/ -->\n<title>El Gobierno provincial buscar avanzar en febrero con la paritaria docente para garantizar el normal inicio del ciclo lectivo - Diario del Sur<\/title>\n<meta name=\"robots\" content=\"index, follow, max-snippet:-1, max-image-preview:large, max-video-preview:-1\" \/>\n<link rel=\"canonical\" href=\"https:\/\/diariodelsurdigital.com.ar\/?p=6524\" \/>\n<meta property=\"og:locale\" content=\"es_ES\" \/>\n<meta property=\"og:type\" content=\"article\" \/>\n<meta property=\"og:title\" content=\"El Gobierno provincial buscar avanzar en febrero con la paritaria docente para garantizar el normal inicio del ciclo lectivo - Diario del Sur\" \/>\n<meta property=\"og:description\" content=\"El presidente del CGE, Carlos Cuenca, indic\u00f3 que la intenci\u00f3n es convocar a los gremios en febrero. Tras una reuni\u00f3n con Agmer, el funcionario destac\u00f3 que el objetivo principal es que el 2 de marzo los alumnos est\u00e9n en las aulas y se eviten medidas de fuerza. El presidente del Consejo General de Educaci\u00f3n (CGE), [&hellip;]\" \/>\n<meta property=\"og:url\" content=\"https:\/\/diariodelsurdigital.com.ar\/?p=6524\" \/>\n<meta property=\"og:site_name\" content=\"Diario del Sur\" \/>\n<meta property=\"article:published_time\" content=\"2026-01-16T17:53:23+00:00\" \/>\n<meta property=\"article:modified_time\" content=\"2026-01-16T17:55:20+00:00\" \/>\n<meta property=\"og:image\" content=\"https:\/\/diariodelsurdigital.com.ar\/wp-content\/uploads\/2026\/01\/md-56.webp\" \/>\n\t<meta property=\"og:image:width\" content=\"992\" \/>\n\t<meta property=\"og:image:height\" content=\"661\" \/>\n\t<meta property=\"og:image:type\" content=\"image\/webp\" \/>\n<meta name=\"author\" content=\"Diario del Sur Digital\" \/>\n<meta name=\"twitter:card\" content=\"summary_large_image\" \/>\n<meta name=\"twitter:label1\" content=\"Escrito por\" \/>\n\t<meta name=\"twitter:data1\" content=\"Diario del Sur Digital\" \/>\n\t<meta name=\"twitter:label2\" content=\"Tiempo de lectura\" \/>\n\t<meta name=\"twitter:data2\" content=\"5 minutos\" \/>\n<script type=\"application\/ld+json\" class=\"yoast-schema-graph\">{\"@context\":\"https:\\\/\\\/schema.org\",\"@graph\":[{\"@type\":\"Article\",\"@id\":\"https:\\\/\\\/diariodelsurdigital.com.ar\\\/?p=6524#article\",\"isPartOf\":{\"@id\":\"https:\\\/\\\/diariodelsurdigital.com.ar\\\/?p=6524\"},\"author\":{\"name\":\"Diario del Sur Digital\",\"@id\":\"https:\\\/\\\/diariodelsurdigital.com.ar\\\/#\\\/schema\\\/person\\\/1a4992532ed62965c968031b49195c81\"},\"headline\":\"El Gobierno provincial buscar avanzar en febrero con la paritaria docente para garantizar el normal inicio del ciclo lectivo\",\"datePublished\":\"2026-01-16T17:53:23+00:00\",\"dateModified\":\"2026-01-16T17:55:20+00:00\",\"mainEntityOfPage\":{\"@id\":\"https:\\\/\\\/diariodelsurdigital.com.ar\\\/?p=6524\"},\"wordCount\":1096,\"commentCount\":0,\"image\":{\"@id\":\"https:\\\/\\\/diariodelsurdigital.com.ar\\\/?p=6524#primaryimage\"},\"thumbnailUrl\":\"https:\\\/\\\/diariodelsurdigital.com.ar\\\/wp-content\\\/uploads\\\/2026\\\/01\\\/md-56.webp\",\"articleSection\":[\"Inter\u00e9s General\",\"Provinciales\"],\"inLanguage\":\"es\",\"potentialAction\":[{\"@type\":\"CommentAction\",\"name\":\"Comment\",\"target\":[\"https:\\\/\\\/diariodelsurdigital.com.ar\\\/?p=6524#respond\"]}]},{\"@type\":\"WebPage\",\"@id\":\"https:\\\/\\\/diariodelsurdigital.com.ar\\\/?p=6524\",\"url\":\"https:\\\/\\\/diariodelsurdigital.com.ar\\\/?p=6524\",\"name\":\"El Gobierno provincial buscar avanzar en febrero con la paritaria docente para garantizar el normal inicio del ciclo lectivo - Diario del Sur\",\"isPartOf\":{\"@id\":\"https:\\\/\\\/diariodelsurdigital.com.ar\\\/#website\"},\"primaryImageOfPage\":{\"@id\":\"https:\\\/\\\/diariodelsurdigital.com.ar\\\/?p=6524#primaryimage\"},\"image\":{\"@id\":\"https:\\\/\\\/diariodelsurdigital.com.ar\\\/?p=6524#primaryimage\"},\"thumbnailUrl\":\"https:\\\/\\\/diariodelsurdigital.com.ar\\\/wp-content\\\/uploads\\\/2026\\\/01\\\/md-56.webp\",\"datePublished\":\"2026-01-16T17:53:23+00:00\",\"dateModified\":\"2026-01-16T17:55:20+00:00\",\"author\":{\"@id\":\"https:\\\/\\\/diariodelsurdigital.com.ar\\\/#\\\/schema\\\/person\\\/1a4992532ed62965c968031b49195c81\"},\"breadcrumb\":{\"@id\":\"https:\\\/\\\/diariodelsurdigital.com.ar\\\/?p=6524#breadcrumb\"},\"inLanguage\":\"es\",\"potentialAction\":[{\"@type\":\"ReadAction\",\"target\":[\"https:\\\/\\\/diariodelsurdigital.com.ar\\\/?p=6524\"]}]},{\"@type\":\"ImageObject\",\"inLanguage\":\"es\",\"@id\":\"https:\\\/\\\/diariodelsurdigital.com.ar\\\/?p=6524#primaryimage\",\"url\":\"https:\\\/\\\/diariodelsurdigital.com.ar\\\/wp-content\\\/uploads\\\/2026\\\/01\\\/md-56.webp\",\"contentUrl\":\"https:\\\/\\\/diariodelsurdigital.com.ar\\\/wp-content\\\/uploads\\\/2026\\\/01\\\/md-56.webp\",\"width\":992,\"height\":661},{\"@type\":\"BreadcrumbList\",\"@id\":\"https:\\\/\\\/diariodelsurdigital.com.ar\\\/?p=6524#breadcrumb\",\"itemListElement\":[{\"@type\":\"ListItem\",\"position\":1,\"name\":\"Portada\",\"item\":\"https:\\\/\\\/diariodelsurdigital.com.ar\\\/\"},{\"@type\":\"ListItem\",\"position\":2,\"name\":\"El Gobierno provincial buscar avanzar en febrero con la paritaria docente para garantizar el normal inicio del ciclo lectivo\"}]},{\"@type\":\"WebSite\",\"@id\":\"https:\\\/\\\/diariodelsurdigital.com.ar\\\/#website\",\"url\":\"https:\\\/\\\/diariodelsurdigital.com.ar\\\/\",\"name\":\"Diario del Sur\",\"description\":\"Digital\",\"potentialAction\":[{\"@type\":\"SearchAction\",\"target\":{\"@type\":\"EntryPoint\",\"urlTemplate\":\"https:\\\/\\\/diariodelsurdigital.com.ar\\\/?s={search_term_string}\"},\"query-input\":{\"@type\":\"PropertyValueSpecification\",\"valueRequired\":true,\"valueName\":\"search_term_string\"}}],\"inLanguage\":\"es\"},{\"@type\":\"Person\",\"@id\":\"https:\\\/\\\/diariodelsurdigital.com.ar\\\/#\\\/schema\\\/person\\\/1a4992532ed62965c968031b49195c81\",\"name\":\"Diario del Sur Digital\",\"image\":{\"@type\":\"ImageObject\",\"inLanguage\":\"es\",\"@id\":\"https:\\\/\\\/secure.gravatar.com\\\/avatar\\\/f0c7c47fc7146d19828273b9b8eda651c9c7ab583767e6338d3d3bee825adf76?s=96&d=mm&r=g\",\"url\":\"https:\\\/\\\/secure.gravatar.com\\\/avatar\\\/f0c7c47fc7146d19828273b9b8eda651c9c7ab583767e6338d3d3bee825adf76?s=96&d=mm&r=g\",\"contentUrl\":\"https:\\\/\\\/secure.gravatar.com\\\/avatar\\\/f0c7c47fc7146d19828273b9b8eda651c9c7ab583767e6338d3d3bee825adf76?s=96&d=mm&r=g\",\"caption\":\"Diario del Sur Digital\"},\"url\":\"https:\\\/\\\/diariodelsurdigital.com.ar\\\/?author=4\"}]}<\/script>\n<!-- \/ Yoast SEO plugin. -->","yoast_head_json":{"title":"El Gobierno provincial buscar avanzar en febrero con la paritaria docente para garantizar el normal inicio del ciclo lectivo - Diario del Sur","robots":{"index":"index","follow":"follow","max-snippet":"max-snippet:-1","max-image-preview":"max-image-preview:large","max-video-preview":"max-video-preview:-1"},"canonical":"https:\/\/diariodelsurdigital.com.ar\/?p=6524","og_locale":"es_ES","og_type":"article","og_title":"El Gobierno provincial buscar avanzar en febrero con la paritaria docente para garantizar el normal inicio del ciclo lectivo - Diario del Sur","og_description":"El presidente del CGE, Carlos Cuenca, indic\u00f3 que la intenci\u00f3n es convocar a los gremios en febrero. Tras una reuni\u00f3n con Agmer, el funcionario destac\u00f3 que el objetivo principal es que el 2 de marzo los alumnos est\u00e9n en las aulas y se eviten medidas de fuerza. El presidente del Consejo General de Educaci\u00f3n (CGE), [&hellip;]","og_url":"https:\/\/diariodelsurdigital.com.ar\/?p=6524","og_site_name":"Diario del Sur","article_published_time":"2026-01-16T17:53:23+00:00","article_modified_time":"2026-01-16T17:55:20+00:00","og_image":[{"width":992,"height":661,"url":"https:\/\/diariodelsurdigital.com.ar\/wp-content\/uploads\/2026\/01\/md-56.webp","type":"image\/webp"}],"author":"Diario del Sur Digital","twitter_card":"summary_large_image","twitter_misc":{"Escrito por":"Diario del Sur Digital","Tiempo de lectura":"5 minutos"},"schema":{"@context":"https:\/\/schema.org","@graph":[{"@type":"Article","@id":"https:\/\/diariodelsurdigital.com.ar\/?p=6524#article","isPartOf":{"@id":"https:\/\/diariodelsurdigital.com.ar\/?p=6524"},"author":{"name":"Diario del Sur Digital","@id":"https:\/\/diariodelsurdigital.com.ar\/#\/schema\/person\/1a4992532ed62965c968031b49195c81"},"headline":"El Gobierno provincial buscar avanzar en febrero con la paritaria docente para garantizar el normal inicio del ciclo lectivo","datePublished":"2026-01-16T17:53:23+00:00","dateModified":"2026-01-16T17:55:20+00:00","mainEntityOfPage":{"@id":"https:\/\/diariodelsurdigital.com.ar\/?p=6524"},"wordCount":1096,"commentCount":0,"image":{"@id":"https:\/\/diariodelsurdigital.com.ar\/?p=6524#primaryimage"},"thumbnailUrl":"https:\/\/diariodelsurdigital.com.ar\/wp-content\/uploads\/2026\/01\/md-56.webp","articleSection":["Inter\u00e9s General","Provinciales"],"inLanguage":"es","potentialAction":[{"@type":"CommentAction","name":"Comment","target":["https:\/\/diariodelsurdigital.com.ar\/?p=6524#respond"]}]},{"@type":"WebPage","@id":"https:\/\/diariodelsurdigital.com.ar\/?p=6524","url":"https:\/\/diariodelsurdigital.com.ar\/?p=6524","name":"El Gobierno provincial buscar avanzar en febrero con la paritaria docente para garantizar el normal inicio del ciclo lectivo - Diario del Sur","isPartOf":{"@id":"https:\/\/diariodelsurdigital.com.ar\/#website"},"primaryImageOfPage":{"@id":"https:\/\/diariodelsurdigital.com.ar\/?p=6524#primaryimage"},"image":{"@id":"https:\/\/diariodelsurdigital.com.ar\/?p=6524#primaryimage"},"thumbnailUrl":"https:\/\/diariodelsurdigital.com.ar\/wp-content\/uploads\/2026\/01\/md-56.webp","datePublished":"2026-01-16T17:53:23+00:00","dateModified":"2026-01-16T17:55:20+00:00","author":{"@id":"https:\/\/diariodelsurdigital.com.ar\/#\/schema\/person\/1a4992532ed62965c968031b49195c81"},"breadcrumb":{"@id":"https:\/\/diariodelsurdigital.com.ar\/?p=6524#breadcrumb"},"inLanguage":"es","potentialAction":[{"@type":"ReadAction","target":["https:\/\/diariodelsurdigital.com.ar\/?p=6524"]}]},{"@type":"ImageObject","inLanguage":"es","@id":"https:\/\/diariodelsurdigital.com.ar\/?p=6524#primaryimage","url":"https:\/\/diariodelsurdigital.com.ar\/wp-content\/uploads\/2026\/01\/md-56.webp","contentUrl":"https:\/\/diariodelsurdigital.com.ar\/wp-content\/uploads\/2026\/01\/md-56.webp","width":992,"height":661},{"@type":"BreadcrumbList","@id":"https:\/\/diariodelsurdigital.com.ar\/?p=6524#breadcrumb","itemListElement":[{"@type":"ListItem","position":1,"name":"Portada","item":"https:\/\/diariodelsurdigital.com.ar\/"},{"@type":"ListItem","position":2,"name":"El Gobierno provincial buscar avanzar en febrero con la paritaria docente para garantizar el normal inicio del ciclo lectivo"}]},{"@type":"WebSite","@id":"https:\/\/diariodelsurdigital.com.ar\/#website","url":"https:\/\/diariodelsurdigital.com.ar\/","name":"Diario del Sur","description":"Digital","potentialAction":[{"@type":"SearchAction","target":{"@type":"EntryPoint","urlTemplate":"https:\/\/diariodelsurdigital.com.ar\/?s={search_term_string}"},"query-input":{"@type":"PropertyValueSpecification","valueRequired":true,"valueName":"search_term_string"}}],"inLanguage":"es"},{"@type":"Person","@id":"https:\/\/diariodelsurdigital.com.ar\/#\/schema\/person\/1a4992532ed62965c968031b49195c81","name":"Diario del Sur Digital","image":{"@type":"ImageObject","inLanguage":"es","@id":"https:\/\/secure.gravatar.com\/avatar\/f0c7c47fc7146d19828273b9b8eda651c9c7ab583767e6338d3d3bee825adf76?s=96&d=mm&r=g","url":"https:\/\/secure.gravatar.com\/avatar\/f0c7c47fc7146d19828273b9b8eda651c9c7ab583767e6338d3d3bee825adf76?s=96&d=mm&r=g","contentUrl":"https:\/\/secure.gravatar.com\/avatar\/f0c7c47fc7146d19828273b9b8eda651c9c7ab583767e6338d3d3bee825adf76?s=96&d=mm&r=g","caption":"Diario del Sur Digital"},"url":"https:\/\/diariodelsurdigital.com.ar\/?author=4"}]}},"_links":{"self":[{"href":"https:\/\/diariodelsurdigital.com.ar\/index.php?rest_route=\/wp\/v2\/posts\/6524","targetHints":{"allow":["GET"]}}],"collection":[{"href":"https:\/\/diariodelsurdigital.com.ar\/index.php?rest_route=\/wp\/v2\/posts"}],"about":[{"href":"https:\/\/diariodelsurdigital.com.ar\/index.php?rest_route=\/wp\/v2\/types\/post"}],"author":[{"embeddable":true,"href":"https:\/\/diariodelsurdigital.com.ar\/index.php?rest_route=\/wp\/v2\/users\/4"}],"replies":[{"embeddable":true,"href":"https:\/\/diariodelsurdigital.com.ar\/index.php?rest_route=%2Fwp%2Fv2%2Fcomments&post=6524"}],"version-history":[{"count":1,"href":"https:\/\/diariodelsurdigital.com.ar\/index.php?rest_route=\/wp\/v2\/posts\/6524\/revisions"}],"predecessor-version":[{"id":6526,"href":"https:\/\/diariodelsurdigital.com.ar\/index.php?rest_route=\/wp\/v2\/posts\/6524\/revisions\/6526"}],"wp:featuredmedia":[{"embeddable":true,"href":"https:\/\/diariodelsurdigital.com.ar\/index.php?rest_route=\/wp\/v2\/media\/6525"}],"wp:attachment":[{"href":"https:\/\/diariodelsurdigital.com.ar\/index.php?rest_route=%2Fwp%2Fv2%2Fmedia&parent=6524"}],"wp:term":[{"taxonomy":"category","embeddable":true,"href":"https:\/\/diariodelsurdigital.com.ar\/index.php?rest_route=%2Fwp%2Fv2%2Fcategories&post=6524"},{"taxonomy":"post_tag","embeddable":true,"href":"https:\/\/diariodelsurdigital.com.ar\/index.php?rest_route=%2Fwp%2Fv2%2Ftags&post=6524"}],"curies":[{"name":"wp","href":"https:\/\/api.w.org\/{rel}","templated":true}]}}