{"id":6529,"date":"2026-01-16T14:57:12","date_gmt":"2026-01-16T17:57:12","guid":{"rendered":"https:\/\/diariodelsurdigital.com.ar\/?p=6529"},"modified":"2026-01-16T14:57:14","modified_gmt":"2026-01-16T17:57:14","slug":"gremios-industriales-y-del-transporte-llaman-a-un-paro-y-movilizacion-en-rechazo-a-la-reforma-laboral-del-gobierno","status":"publish","type":"post","link":"https:\/\/diariodelsurdigital.com.ar\/?p=6529","title":{"rendered":"Gremios industriales y del transporte llaman a un paro y movilizaci\u00f3n en rechazo a la Reforma Laboral del Gobierno"},"content":{"rendered":"\n<p>La Uni\u00f3n Obrera Metal\u00fargica (UOM) y gremios de la industria y el transporte lanzan una convocatoria para definir un paro con movilizaci\u00f3n el d\u00eda que el Senado trate el proyecto de Reforma Laboral. Se pretende reunir un importante n\u00famero de sindicatos para hacer punta de lanza y definir la medida. Se sostuvo que la idea de generar masa cr\u00edtica para una protesta, va en paralelo de la discusi\u00f3n legislativa, y destac\u00f3 que la movilizaci\u00f3n callejera determin\u00f3 la postergaci\u00f3n del debate parlamentario.<\/p>\n\n\n\n<p>La convocatoria ya circula entre los dirigentes de la industria y el transporte. Busca reunir a los gremios estatales, de la educaci\u00f3n y de diferentes sectores. Ser\u00e1 en la sede de la Uni\u00f3n Obrera Metal\u00fargica (UOM) el pr\u00f3ximo mi\u00e9rcoles y tiene por objetivo lanzar un paro y una movilizaci\u00f3n el d\u00eda que se trate la Reforma Laboral en el Senado.<\/p>\n\n\n\n<p>La cita ser\u00e1 el pr\u00f3ximo mi\u00e9rcoles a las 16 horas en la propia sede de los metal\u00fargicos con Abel Furl\u00e1n como anfitri\u00f3n. El n\u00facleo duro de los presentes ser\u00e1n los gremios de la industria y el transporte, todos muy golpeados por el modelo econ\u00f3mico libertario, y esperan tener a varios pesos pesados sentados en la mesa.<\/p>\n\n\n\n<p>De hecho varios sindicalistas de gremios importantes ya expresaron su intenci\u00f3n de escalar la conflictividad en diferentes cuerpos org\u00e1nicos cegetistas. Hasta ahora est\u00e1n en un comp\u00e1s de espera por la postergaci\u00f3n del debate hasta febrero, precis\u00f3 el portal infogremiales.com.ar.<\/p>\n\n\n\n<p>Con la UOM como eje, los gremios de la industria y el transporte lanzan una convocatoria para definir un paro con movilizaci\u00f3n el d\u00eda que se trate la Reforma Laboral<\/p>\n\n\n\n<p>Pero no se quedar\u00e1n ah\u00ed, buscar\u00e1n que haya una convocatoria m\u00e1s amplia. Seg\u00fan pudo saber Info Gremiales adem\u00e1s de los presentes, los anfitriones planean incorporar por zoom a los que por diferentes motivos de agenda no puedan asistir. Tampoco descartan la presencia de sindicalistas de otras centrales.<\/p>\n\n\n\n<p>\u00abSabemos que el triunvirato est\u00e1 hablando con los gobernadores y va a estar en eso la semana pr\u00f3xima. Despu\u00e9s iremos a hablar con ellos para ver si se ponen al frente de esta propuesta\u00bb, se\u00f1alaron fuentes cercanas a quienes organizan el encuentro.<\/p>\n\n\n\n<p>La idea de generar masa cr\u00edtica para una protesta va en paralelo de la discusi\u00f3n legislativa. Son muchos los que entienden que parte de la postergaci\u00f3n del debate a fin de a\u00f1o se debi\u00f3 a la movilizaci\u00f3n callejera. Ahora la intenci\u00f3n es darle otro volumen a la demostraci\u00f3n de poder por la magnitud del da\u00f1o que puede generar el proyecto.<\/p>\n","protected":false},"excerpt":{"rendered":"<p>La Uni\u00f3n Obrera Metal\u00fargica (UOM) y gremios de la industria y el transporte lanzan una convocatoria para definir un paro con movilizaci\u00f3n el d\u00eda que el Senado trate el proyecto de Reforma Laboral. Se pretende reunir un importante n\u00famero de sindicatos para hacer punta de lanza y definir la medida. Se sostuvo que la idea [&hellip;]<\/p>\n","protected":false},"author":4,"featured_media":6530,"comment_status":"open","ping_status":"open","sticky":false,"template":"","format":"standard","meta":{"footnotes":""},"categories":[19,18],"tags":[],"class_list":{"0":"post-6529","1":"post","2":"type-post","3":"status-publish","4":"format-standard","5":"has-post-thumbnail","7":"category-interes-general","8":"category-nacionales"},"yoast_head":"<!-- This site is optimized with the Yoast SEO plugin v27.4 - https:\/\/yoast.com\/product\/yoast-seo-wordpress\/ -->\n<title>Gremios industriales y del transporte llaman a un paro y movilizaci\u00f3n en rechazo a la Reforma Laboral del Gobierno - Diario del Sur<\/title>\n<meta name=\"robots\" content=\"index, follow, max-snippet:-1, max-image-preview:large, max-video-preview:-1\" \/>\n<link rel=\"canonical\" href=\"https:\/\/diariodelsurdigital.com.ar\/?p=6529\" \/>\n<meta property=\"og:locale\" content=\"es_ES\" \/>\n<meta property=\"og:type\" content=\"article\" \/>\n<meta property=\"og:title\" content=\"Gremios industriales y del transporte llaman a un paro y movilizaci\u00f3n en rechazo a la Reforma Laboral del Gobierno - Diario del Sur\" \/>\n<meta property=\"og:description\" content=\"La Uni\u00f3n Obrera Metal\u00fargica (UOM) y gremios de la industria y el transporte lanzan una convocatoria para definir un paro con movilizaci\u00f3n el d\u00eda que el Senado trate el proyecto de Reforma Laboral. Se pretende reunir un importante n\u00famero de sindicatos para hacer punta de lanza y definir la medida. Se sostuvo que la idea [&hellip;]\" \/>\n<meta property=\"og:url\" content=\"https:\/\/diariodelsurdigital.com.ar\/?p=6529\" \/>\n<meta property=\"og:site_name\" content=\"Diario del Sur\" \/>\n<meta property=\"article:published_time\" content=\"2026-01-16T17:57:12+00:00\" \/>\n<meta property=\"article:modified_time\" content=\"2026-01-16T17:57:14+00:00\" \/>\n<meta property=\"og:image\" content=\"https:\/\/diariodelsurdigital.com.ar\/wp-content\/uploads\/2026\/01\/md-57.webp\" \/>\n\t<meta property=\"og:image:width\" content=\"992\" \/>\n\t<meta property=\"og:image:height\" content=\"566\" \/>\n\t<meta property=\"og:image:type\" content=\"image\/webp\" \/>\n<meta name=\"author\" content=\"Diario del Sur Digital\" \/>\n<meta name=\"twitter:card\" content=\"summary_large_image\" \/>\n<meta name=\"twitter:label1\" content=\"Escrito por\" \/>\n\t<meta name=\"twitter:data1\" content=\"Diario del Sur Digital\" \/>\n\t<meta name=\"twitter:label2\" content=\"Tiempo de lectura\" \/>\n\t<meta name=\"twitter:data2\" content=\"3 minutos\" \/>\n<script type=\"application\/ld+json\" class=\"yoast-schema-graph\">{\"@context\":\"https:\\\/\\\/schema.org\",\"@graph\":[{\"@type\":\"Article\",\"@id\":\"https:\\\/\\\/diariodelsurdigital.com.ar\\\/?p=6529#article\",\"isPartOf\":{\"@id\":\"https:\\\/\\\/diariodelsurdigital.com.ar\\\/?p=6529\"},\"author\":{\"name\":\"Diario del Sur Digital\",\"@id\":\"https:\\\/\\\/diariodelsurdigital.com.ar\\\/#\\\/schema\\\/person\\\/1a4992532ed62965c968031b49195c81\"},\"headline\":\"Gremios industriales y del transporte llaman a un paro y movilizaci\u00f3n en rechazo a la Reforma Laboral del Gobierno\",\"datePublished\":\"2026-01-16T17:57:12+00:00\",\"dateModified\":\"2026-01-16T17:57:14+00:00\",\"mainEntityOfPage\":{\"@id\":\"https:\\\/\\\/diariodelsurdigital.com.ar\\\/?p=6529\"},\"wordCount\":483,\"commentCount\":0,\"image\":{\"@id\":\"https:\\\/\\\/diariodelsurdigital.com.ar\\\/?p=6529#primaryimage\"},\"thumbnailUrl\":\"https:\\\/\\\/diariodelsurdigital.com.ar\\\/wp-content\\\/uploads\\\/2026\\\/01\\\/md-57.webp\",\"articleSection\":[\"Inter\u00e9s General\",\"Nacionales\"],\"inLanguage\":\"es\",\"potentialAction\":[{\"@type\":\"CommentAction\",\"name\":\"Comment\",\"target\":[\"https:\\\/\\\/diariodelsurdigital.com.ar\\\/?p=6529#respond\"]}]},{\"@type\":\"WebPage\",\"@id\":\"https:\\\/\\\/diariodelsurdigital.com.ar\\\/?p=6529\",\"url\":\"https:\\\/\\\/diariodelsurdigital.com.ar\\\/?p=6529\",\"name\":\"Gremios industriales y del transporte llaman a un paro y movilizaci\u00f3n en rechazo a la Reforma Laboral del Gobierno - Diario del Sur\",\"isPartOf\":{\"@id\":\"https:\\\/\\\/diariodelsurdigital.com.ar\\\/#website\"},\"primaryImageOfPage\":{\"@id\":\"https:\\\/\\\/diariodelsurdigital.com.ar\\\/?p=6529#primaryimage\"},\"image\":{\"@id\":\"https:\\\/\\\/diariodelsurdigital.com.ar\\\/?p=6529#primaryimage\"},\"thumbnailUrl\":\"https:\\\/\\\/diariodelsurdigital.com.ar\\\/wp-content\\\/uploads\\\/2026\\\/01\\\/md-57.webp\",\"datePublished\":\"2026-01-16T17:57:12+00:00\",\"dateModified\":\"2026-01-16T17:57:14+00:00\",\"author\":{\"@id\":\"https:\\\/\\\/diariodelsurdigital.com.ar\\\/#\\\/schema\\\/person\\\/1a4992532ed62965c968031b49195c81\"},\"breadcrumb\":{\"@id\":\"https:\\\/\\\/diariodelsurdigital.com.ar\\\/?p=6529#breadcrumb\"},\"inLanguage\":\"es\",\"potentialAction\":[{\"@type\":\"ReadAction\",\"target\":[\"https:\\\/\\\/diariodelsurdigital.com.ar\\\/?p=6529\"]}]},{\"@type\":\"ImageObject\",\"inLanguage\":\"es\",\"@id\":\"https:\\\/\\\/diariodelsurdigital.com.ar\\\/?p=6529#primaryimage\",\"url\":\"https:\\\/\\\/diariodelsurdigital.com.ar\\\/wp-content\\\/uploads\\\/2026\\\/01\\\/md-57.webp\",\"contentUrl\":\"https:\\\/\\\/diariodelsurdigital.com.ar\\\/wp-content\\\/uploads\\\/2026\\\/01\\\/md-57.webp\",\"width\":992,\"height\":566},{\"@type\":\"BreadcrumbList\",\"@id\":\"https:\\\/\\\/diariodelsurdigital.com.ar\\\/?p=6529#breadcrumb\",\"itemListElement\":[{\"@type\":\"ListItem\",\"position\":1,\"name\":\"Portada\",\"item\":\"https:\\\/\\\/diariodelsurdigital.com.ar\\\/\"},{\"@type\":\"ListItem\",\"position\":2,\"name\":\"Gremios industriales y del transporte llaman a un paro y movilizaci\u00f3n en rechazo a la Reforma Laboral del Gobierno\"}]},{\"@type\":\"WebSite\",\"@id\":\"https:\\\/\\\/diariodelsurdigital.com.ar\\\/#website\",\"url\":\"https:\\\/\\\/diariodelsurdigital.com.ar\\\/\",\"name\":\"Diario del Sur\",\"description\":\"Digital\",\"potentialAction\":[{\"@type\":\"SearchAction\",\"target\":{\"@type\":\"EntryPoint\",\"urlTemplate\":\"https:\\\/\\\/diariodelsurdigital.com.ar\\\/?s={search_term_string}\"},\"query-input\":{\"@type\":\"PropertyValueSpecification\",\"valueRequired\":true,\"valueName\":\"search_term_string\"}}],\"inLanguage\":\"es\"},{\"@type\":\"Person\",\"@id\":\"https:\\\/\\\/diariodelsurdigital.com.ar\\\/#\\\/schema\\\/person\\\/1a4992532ed62965c968031b49195c81\",\"name\":\"Diario del Sur Digital\",\"image\":{\"@type\":\"ImageObject\",\"inLanguage\":\"es\",\"@id\":\"https:\\\/\\\/secure.gravatar.com\\\/avatar\\\/f0c7c47fc7146d19828273b9b8eda651c9c7ab583767e6338d3d3bee825adf76?s=96&d=mm&r=g\",\"url\":\"https:\\\/\\\/secure.gravatar.com\\\/avatar\\\/f0c7c47fc7146d19828273b9b8eda651c9c7ab583767e6338d3d3bee825adf76?s=96&d=mm&r=g\",\"contentUrl\":\"https:\\\/\\\/secure.gravatar.com\\\/avatar\\\/f0c7c47fc7146d19828273b9b8eda651c9c7ab583767e6338d3d3bee825adf76?s=96&d=mm&r=g\",\"caption\":\"Diario del Sur Digital\"},\"url\":\"https:\\\/\\\/diariodelsurdigital.com.ar\\\/?author=4\"}]}<\/script>\n<!-- \/ Yoast SEO plugin. -->","yoast_head_json":{"title":"Gremios industriales y del transporte llaman a un paro y movilizaci\u00f3n en rechazo a la Reforma Laboral del Gobierno - Diario del Sur","robots":{"index":"index","follow":"follow","max-snippet":"max-snippet:-1","max-image-preview":"max-image-preview:large","max-video-preview":"max-video-preview:-1"},"canonical":"https:\/\/diariodelsurdigital.com.ar\/?p=6529","og_locale":"es_ES","og_type":"article","og_title":"Gremios industriales y del transporte llaman a un paro y movilizaci\u00f3n en rechazo a la Reforma Laboral del Gobierno - Diario del Sur","og_description":"La Uni\u00f3n Obrera Metal\u00fargica (UOM) y gremios de la industria y el transporte lanzan una convocatoria para definir un paro con movilizaci\u00f3n el d\u00eda que el Senado trate el proyecto de Reforma Laboral. Se pretende reunir un importante n\u00famero de sindicatos para hacer punta de lanza y definir la medida. Se sostuvo que la idea [&hellip;]","og_url":"https:\/\/diariodelsurdigital.com.ar\/?p=6529","og_site_name":"Diario del Sur","article_published_time":"2026-01-16T17:57:12+00:00","article_modified_time":"2026-01-16T17:57:14+00:00","og_image":[{"width":992,"height":566,"url":"https:\/\/diariodelsurdigital.com.ar\/wp-content\/uploads\/2026\/01\/md-57.webp","type":"image\/webp"}],"author":"Diario del Sur Digital","twitter_card":"summary_large_image","twitter_misc":{"Escrito por":"Diario del Sur Digital","Tiempo de lectura":"3 minutos"},"schema":{"@context":"https:\/\/schema.org","@graph":[{"@type":"Article","@id":"https:\/\/diariodelsurdigital.com.ar\/?p=6529#article","isPartOf":{"@id":"https:\/\/diariodelsurdigital.com.ar\/?p=6529"},"author":{"name":"Diario del Sur Digital","@id":"https:\/\/diariodelsurdigital.com.ar\/#\/schema\/person\/1a4992532ed62965c968031b49195c81"},"headline":"Gremios industriales y del transporte llaman a un paro y movilizaci\u00f3n en rechazo a la Reforma Laboral del Gobierno","datePublished":"2026-01-16T17:57:12+00:00","dateModified":"2026-01-16T17:57:14+00:00","mainEntityOfPage":{"@id":"https:\/\/diariodelsurdigital.com.ar\/?p=6529"},"wordCount":483,"commentCount":0,"image":{"@id":"https:\/\/diariodelsurdigital.com.ar\/?p=6529#primaryimage"},"thumbnailUrl":"https:\/\/diariodelsurdigital.com.ar\/wp-content\/uploads\/2026\/01\/md-57.webp","articleSection":["Inter\u00e9s General","Nacionales"],"inLanguage":"es","potentialAction":[{"@type":"CommentAction","name":"Comment","target":["https:\/\/diariodelsurdigital.com.ar\/?p=6529#respond"]}]},{"@type":"WebPage","@id":"https:\/\/diariodelsurdigital.com.ar\/?p=6529","url":"https:\/\/diariodelsurdigital.com.ar\/?p=6529","name":"Gremios industriales y del transporte llaman a un paro y movilizaci\u00f3n en rechazo a la Reforma Laboral del Gobierno - Diario del Sur","isPartOf":{"@id":"https:\/\/diariodelsurdigital.com.ar\/#website"},"primaryImageOfPage":{"@id":"https:\/\/diariodelsurdigital.com.ar\/?p=6529#primaryimage"},"image":{"@id":"https:\/\/diariodelsurdigital.com.ar\/?p=6529#primaryimage"},"thumbnailUrl":"https:\/\/diariodelsurdigital.com.ar\/wp-content\/uploads\/2026\/01\/md-57.webp","datePublished":"2026-01-16T17:57:12+00:00","dateModified":"2026-01-16T17:57:14+00:00","author":{"@id":"https:\/\/diariodelsurdigital.com.ar\/#\/schema\/person\/1a4992532ed62965c968031b49195c81"},"breadcrumb":{"@id":"https:\/\/diariodelsurdigital.com.ar\/?p=6529#breadcrumb"},"inLanguage":"es","potentialAction":[{"@type":"ReadAction","target":["https:\/\/diariodelsurdigital.com.ar\/?p=6529"]}]},{"@type":"ImageObject","inLanguage":"es","@id":"https:\/\/diariodelsurdigital.com.ar\/?p=6529#primaryimage","url":"https:\/\/diariodelsurdigital.com.ar\/wp-content\/uploads\/2026\/01\/md-57.webp","contentUrl":"https:\/\/diariodelsurdigital.com.ar\/wp-content\/uploads\/2026\/01\/md-57.webp","width":992,"height":566},{"@type":"BreadcrumbList","@id":"https:\/\/diariodelsurdigital.com.ar\/?p=6529#breadcrumb","itemListElement":[{"@type":"ListItem","position":1,"name":"Portada","item":"https:\/\/diariodelsurdigital.com.ar\/"},{"@type":"ListItem","position":2,"name":"Gremios industriales y del transporte llaman a un paro y movilizaci\u00f3n en rechazo a la Reforma Laboral del Gobierno"}]},{"@type":"WebSite","@id":"https:\/\/diariodelsurdigital.com.ar\/#website","url":"https:\/\/diariodelsurdigital.com.ar\/","name":"Diario del Sur","description":"Digital","potentialAction":[{"@type":"SearchAction","target":{"@type":"EntryPoint","urlTemplate":"https:\/\/diariodelsurdigital.com.ar\/?s={search_term_string}"},"query-input":{"@type":"PropertyValueSpecification","valueRequired":true,"valueName":"search_term_string"}}],"inLanguage":"es"},{"@type":"Person","@id":"https:\/\/diariodelsurdigital.com.ar\/#\/schema\/person\/1a4992532ed62965c968031b49195c81","name":"Diario del Sur Digital","image":{"@type":"ImageObject","inLanguage":"es","@id":"https:\/\/secure.gravatar.com\/avatar\/f0c7c47fc7146d19828273b9b8eda651c9c7ab583767e6338d3d3bee825adf76?s=96&d=mm&r=g","url":"https:\/\/secure.gravatar.com\/avatar\/f0c7c47fc7146d19828273b9b8eda651c9c7ab583767e6338d3d3bee825adf76?s=96&d=mm&r=g","contentUrl":"https:\/\/secure.gravatar.com\/avatar\/f0c7c47fc7146d19828273b9b8eda651c9c7ab583767e6338d3d3bee825adf76?s=96&d=mm&r=g","caption":"Diario del Sur Digital"},"url":"https:\/\/diariodelsurdigital.com.ar\/?author=4"}]}},"_links":{"self":[{"href":"https:\/\/diariodelsurdigital.com.ar\/index.php?rest_route=\/wp\/v2\/posts\/6529","targetHints":{"allow":["GET"]}}],"collection":[{"href":"https:\/\/diariodelsurdigital.com.ar\/index.php?rest_route=\/wp\/v2\/posts"}],"about":[{"href":"https:\/\/diariodelsurdigital.com.ar\/index.php?rest_route=\/wp\/v2\/types\/post"}],"author":[{"embeddable":true,"href":"https:\/\/diariodelsurdigital.com.ar\/index.php?rest_route=\/wp\/v2\/users\/4"}],"replies":[{"embeddable":true,"href":"https:\/\/diariodelsurdigital.com.ar\/index.php?rest_route=%2Fwp%2Fv2%2Fcomments&post=6529"}],"version-history":[{"count":1,"href":"https:\/\/diariodelsurdigital.com.ar\/index.php?rest_route=\/wp\/v2\/posts\/6529\/revisions"}],"predecessor-version":[{"id":6531,"href":"https:\/\/diariodelsurdigital.com.ar\/index.php?rest_route=\/wp\/v2\/posts\/6529\/revisions\/6531"}],"wp:featuredmedia":[{"embeddable":true,"href":"https:\/\/diariodelsurdigital.com.ar\/index.php?rest_route=\/wp\/v2\/media\/6530"}],"wp:attachment":[{"href":"https:\/\/diariodelsurdigital.com.ar\/index.php?rest_route=%2Fwp%2Fv2%2Fmedia&parent=6529"}],"wp:term":[{"taxonomy":"category","embeddable":true,"href":"https:\/\/diariodelsurdigital.com.ar\/index.php?rest_route=%2Fwp%2Fv2%2Fcategories&post=6529"},{"taxonomy":"post_tag","embeddable":true,"href":"https:\/\/diariodelsurdigital.com.ar\/index.php?rest_route=%2Fwp%2Fv2%2Ftags&post=6529"}],"curies":[{"name":"wp","href":"https:\/\/api.w.org\/{rel}","templated":true}]}}