{"id":6556,"date":"2026-01-19T14:52:40","date_gmt":"2026-01-19T17:52:40","guid":{"rendered":"https:\/\/diariodelsurdigital.com.ar\/?p=6556"},"modified":"2026-01-19T14:52:41","modified_gmt":"2026-01-19T17:52:41","slug":"salud-recuerda-la-importancia-de-proteger-la-piel-durante-el-verano","status":"publish","type":"post","link":"https:\/\/diariodelsurdigital.com.ar\/?p=6556","title":{"rendered":"Salud recuerda la importancia de proteger la piel durante el verano"},"content":{"rendered":"\n<p>En plena temporada de verano y con temperaturas elevadas, aumentan las actividades al aire libre y la piel est\u00e1 m\u00e1s expuesta a factores que pueden da\u00f1arla. En este marco, el Ministerio de Salud de Entre R\u00edos reitera las medidas para evitar da\u00f1os como manchas, envejecimiento prematuro y c\u00e1ncer de piel.<\/p>\n\n\n\n<p>En principio, el protector solar es el mejor aliado para prevenir da\u00f1os en la piel causados por la radiaci\u00f3n ultravioleta (UV), que puede desencadenar desde quemaduras solares hasta alteraciones en el ADN de las c\u00e9lulas de la piel, aumentando el riesgo de c\u00e1ncer.<\/p>\n\n\n\n<p>Para que la protecci\u00f3n sea efectiva, los especialistas recomiendan elegir un protector solar de amplio espectro, que proteja contra los rayos UVA y UVB, con un factor de protecci\u00f3n solar (FPS) de 30 o superior. Debe aplicarse al menos 30 minutos antes de la exposici\u00f3n al sol, cubriendo todas las zonas expuestas, incluidas orejas, cuello y pies, y reaplicarse cada dos horas o luego de nadar o realizar actividad f\u00edsica intensa.<\/p>\n\n\n\n<p>Debido a que el sol es m\u00e1s intenso entre las 10 y las 16 es clave no exponerse en estos horarios, ya que los rayos solares son m\u00e1s directos y aumenta el riesgo de quemaduras y da\u00f1os en la piel. Ante una quemadura solar, se aconseja aplicar agua fr\u00eda y utilizar geles o cremas hidratantes post solares para aliviar la piel. En el caso de los d\u00edas nublados o de poca luminosidad tambi\u00e9n se sugiere usar protector solar, ya que los rayos logran atravesar la ligera capa de nubes.<\/p>\n\n\n\n<p>Adem\u00e1s del protector solar, es posible proteger la piel mediante el uso de ropa adecuada, como prendas livianas y de colores claros. Es importante no olvidar que las gafas de sol deben brindar protecci\u00f3n UV, ya que los ojos tambi\u00e9n son sensibles a la radiaci\u00f3n solar, y la exposici\u00f3n prolongada puede causar da\u00f1os en la vista.<\/p>\n\n\n\n<p>Cuando no se toman las medidas de precauci\u00f3n correctas, la acumulaci\u00f3n de radiaci\u00f3n solar a trav\u00e9s del tiempo, puede incluso llegar a provocar distintos tipos de c\u00e1ncer de piel. De hecho, el 80 por ciento de los da\u00f1os causados por el sol ocurren antes de los 18 a\u00f1os, y sus efectos son acumulativos e irreversibles a lo largo de toda la vida.<\/p>\n","protected":false},"excerpt":{"rendered":"<p>En plena temporada de verano y con temperaturas elevadas, aumentan las actividades al aire libre y la piel est\u00e1 m\u00e1s expuesta a factores que pueden da\u00f1arla. En este marco, el Ministerio de Salud de Entre R\u00edos reitera las medidas para evitar da\u00f1os como manchas, envejecimiento prematuro y c\u00e1ncer de piel. En principio, el protector solar [&hellip;]<\/p>\n","protected":false},"author":4,"featured_media":6557,"comment_status":"open","ping_status":"open","sticky":false,"template":"","format":"standard","meta":{"footnotes":""},"categories":[19],"tags":[],"class_list":{"0":"post-6556","1":"post","2":"type-post","3":"status-publish","4":"format-standard","5":"has-post-thumbnail","7":"category-interes-general"},"yoast_head":"<!-- This site is optimized with the Yoast SEO plugin v27.4 - https:\/\/yoast.com\/product\/yoast-seo-wordpress\/ -->\n<title>Salud recuerda la importancia de proteger la piel durante el verano - Diario del Sur<\/title>\n<meta name=\"robots\" content=\"index, follow, max-snippet:-1, max-image-preview:large, max-video-preview:-1\" \/>\n<link rel=\"canonical\" href=\"https:\/\/diariodelsurdigital.com.ar\/?p=6556\" \/>\n<meta property=\"og:locale\" content=\"es_ES\" \/>\n<meta property=\"og:type\" content=\"article\" \/>\n<meta property=\"og:title\" content=\"Salud recuerda la importancia de proteger la piel durante el verano - Diario del Sur\" \/>\n<meta property=\"og:description\" content=\"En plena temporada de verano y con temperaturas elevadas, aumentan las actividades al aire libre y la piel est\u00e1 m\u00e1s expuesta a factores que pueden da\u00f1arla. En este marco, el Ministerio de Salud de Entre R\u00edos reitera las medidas para evitar da\u00f1os como manchas, envejecimiento prematuro y c\u00e1ncer de piel. En principio, el protector solar [&hellip;]\" \/>\n<meta property=\"og:url\" content=\"https:\/\/diariodelsurdigital.com.ar\/?p=6556\" \/>\n<meta property=\"og:site_name\" content=\"Diario del Sur\" \/>\n<meta property=\"article:published_time\" content=\"2026-01-19T17:52:40+00:00\" \/>\n<meta property=\"article:modified_time\" content=\"2026-01-19T17:52:41+00:00\" \/>\n<meta property=\"og:image\" content=\"https:\/\/diariodelsurdigital.com.ar\/wp-content\/uploads\/2026\/01\/md-61.webp\" \/>\n\t<meta property=\"og:image:width\" content=\"992\" \/>\n\t<meta property=\"og:image:height\" content=\"661\" \/>\n\t<meta property=\"og:image:type\" content=\"image\/webp\" \/>\n<meta name=\"author\" content=\"Diario del Sur Digital\" \/>\n<meta name=\"twitter:card\" content=\"summary_large_image\" \/>\n<meta name=\"twitter:label1\" content=\"Escrito por\" \/>\n\t<meta name=\"twitter:data1\" content=\"Diario del Sur Digital\" \/>\n\t<meta name=\"twitter:label2\" content=\"Tiempo de lectura\" \/>\n\t<meta name=\"twitter:data2\" content=\"2 minutos\" \/>\n<script type=\"application\/ld+json\" class=\"yoast-schema-graph\">{\"@context\":\"https:\\\/\\\/schema.org\",\"@graph\":[{\"@type\":\"Article\",\"@id\":\"https:\\\/\\\/diariodelsurdigital.com.ar\\\/?p=6556#article\",\"isPartOf\":{\"@id\":\"https:\\\/\\\/diariodelsurdigital.com.ar\\\/?p=6556\"},\"author\":{\"name\":\"Diario del Sur Digital\",\"@id\":\"https:\\\/\\\/diariodelsurdigital.com.ar\\\/#\\\/schema\\\/person\\\/1a4992532ed62965c968031b49195c81\"},\"headline\":\"Salud recuerda la importancia de proteger la piel durante el verano\",\"datePublished\":\"2026-01-19T17:52:40+00:00\",\"dateModified\":\"2026-01-19T17:52:41+00:00\",\"mainEntityOfPage\":{\"@id\":\"https:\\\/\\\/diariodelsurdigital.com.ar\\\/?p=6556\"},\"wordCount\":408,\"commentCount\":0,\"image\":{\"@id\":\"https:\\\/\\\/diariodelsurdigital.com.ar\\\/?p=6556#primaryimage\"},\"thumbnailUrl\":\"https:\\\/\\\/diariodelsurdigital.com.ar\\\/wp-content\\\/uploads\\\/2026\\\/01\\\/md-61.webp\",\"articleSection\":[\"Inter\u00e9s General\"],\"inLanguage\":\"es\",\"potentialAction\":[{\"@type\":\"CommentAction\",\"name\":\"Comment\",\"target\":[\"https:\\\/\\\/diariodelsurdigital.com.ar\\\/?p=6556#respond\"]}]},{\"@type\":\"WebPage\",\"@id\":\"https:\\\/\\\/diariodelsurdigital.com.ar\\\/?p=6556\",\"url\":\"https:\\\/\\\/diariodelsurdigital.com.ar\\\/?p=6556\",\"name\":\"Salud recuerda la importancia de proteger la piel durante el verano - Diario del Sur\",\"isPartOf\":{\"@id\":\"https:\\\/\\\/diariodelsurdigital.com.ar\\\/#website\"},\"primaryImageOfPage\":{\"@id\":\"https:\\\/\\\/diariodelsurdigital.com.ar\\\/?p=6556#primaryimage\"},\"image\":{\"@id\":\"https:\\\/\\\/diariodelsurdigital.com.ar\\\/?p=6556#primaryimage\"},\"thumbnailUrl\":\"https:\\\/\\\/diariodelsurdigital.com.ar\\\/wp-content\\\/uploads\\\/2026\\\/01\\\/md-61.webp\",\"datePublished\":\"2026-01-19T17:52:40+00:00\",\"dateModified\":\"2026-01-19T17:52:41+00:00\",\"author\":{\"@id\":\"https:\\\/\\\/diariodelsurdigital.com.ar\\\/#\\\/schema\\\/person\\\/1a4992532ed62965c968031b49195c81\"},\"breadcrumb\":{\"@id\":\"https:\\\/\\\/diariodelsurdigital.com.ar\\\/?p=6556#breadcrumb\"},\"inLanguage\":\"es\",\"potentialAction\":[{\"@type\":\"ReadAction\",\"target\":[\"https:\\\/\\\/diariodelsurdigital.com.ar\\\/?p=6556\"]}]},{\"@type\":\"ImageObject\",\"inLanguage\":\"es\",\"@id\":\"https:\\\/\\\/diariodelsurdigital.com.ar\\\/?p=6556#primaryimage\",\"url\":\"https:\\\/\\\/diariodelsurdigital.com.ar\\\/wp-content\\\/uploads\\\/2026\\\/01\\\/md-61.webp\",\"contentUrl\":\"https:\\\/\\\/diariodelsurdigital.com.ar\\\/wp-content\\\/uploads\\\/2026\\\/01\\\/md-61.webp\",\"width\":992,\"height\":661},{\"@type\":\"BreadcrumbList\",\"@id\":\"https:\\\/\\\/diariodelsurdigital.com.ar\\\/?p=6556#breadcrumb\",\"itemListElement\":[{\"@type\":\"ListItem\",\"position\":1,\"name\":\"Portada\",\"item\":\"https:\\\/\\\/diariodelsurdigital.com.ar\\\/\"},{\"@type\":\"ListItem\",\"position\":2,\"name\":\"Salud recuerda la importancia de proteger la piel durante el verano\"}]},{\"@type\":\"WebSite\",\"@id\":\"https:\\\/\\\/diariodelsurdigital.com.ar\\\/#website\",\"url\":\"https:\\\/\\\/diariodelsurdigital.com.ar\\\/\",\"name\":\"Diario del Sur\",\"description\":\"Digital\",\"potentialAction\":[{\"@type\":\"SearchAction\",\"target\":{\"@type\":\"EntryPoint\",\"urlTemplate\":\"https:\\\/\\\/diariodelsurdigital.com.ar\\\/?s={search_term_string}\"},\"query-input\":{\"@type\":\"PropertyValueSpecification\",\"valueRequired\":true,\"valueName\":\"search_term_string\"}}],\"inLanguage\":\"es\"},{\"@type\":\"Person\",\"@id\":\"https:\\\/\\\/diariodelsurdigital.com.ar\\\/#\\\/schema\\\/person\\\/1a4992532ed62965c968031b49195c81\",\"name\":\"Diario del Sur Digital\",\"image\":{\"@type\":\"ImageObject\",\"inLanguage\":\"es\",\"@id\":\"https:\\\/\\\/secure.gravatar.com\\\/avatar\\\/f0c7c47fc7146d19828273b9b8eda651c9c7ab583767e6338d3d3bee825adf76?s=96&d=mm&r=g\",\"url\":\"https:\\\/\\\/secure.gravatar.com\\\/avatar\\\/f0c7c47fc7146d19828273b9b8eda651c9c7ab583767e6338d3d3bee825adf76?s=96&d=mm&r=g\",\"contentUrl\":\"https:\\\/\\\/secure.gravatar.com\\\/avatar\\\/f0c7c47fc7146d19828273b9b8eda651c9c7ab583767e6338d3d3bee825adf76?s=96&d=mm&r=g\",\"caption\":\"Diario del Sur Digital\"},\"url\":\"https:\\\/\\\/diariodelsurdigital.com.ar\\\/?author=4\"}]}<\/script>\n<!-- \/ Yoast SEO plugin. -->","yoast_head_json":{"title":"Salud recuerda la importancia de proteger la piel durante el verano - Diario del Sur","robots":{"index":"index","follow":"follow","max-snippet":"max-snippet:-1","max-image-preview":"max-image-preview:large","max-video-preview":"max-video-preview:-1"},"canonical":"https:\/\/diariodelsurdigital.com.ar\/?p=6556","og_locale":"es_ES","og_type":"article","og_title":"Salud recuerda la importancia de proteger la piel durante el verano - Diario del Sur","og_description":"En plena temporada de verano y con temperaturas elevadas, aumentan las actividades al aire libre y la piel est\u00e1 m\u00e1s expuesta a factores que pueden da\u00f1arla. En este marco, el Ministerio de Salud de Entre R\u00edos reitera las medidas para evitar da\u00f1os como manchas, envejecimiento prematuro y c\u00e1ncer de piel. En principio, el protector solar [&hellip;]","og_url":"https:\/\/diariodelsurdigital.com.ar\/?p=6556","og_site_name":"Diario del Sur","article_published_time":"2026-01-19T17:52:40+00:00","article_modified_time":"2026-01-19T17:52:41+00:00","og_image":[{"width":992,"height":661,"url":"https:\/\/diariodelsurdigital.com.ar\/wp-content\/uploads\/2026\/01\/md-61.webp","type":"image\/webp"}],"author":"Diario del Sur Digital","twitter_card":"summary_large_image","twitter_misc":{"Escrito por":"Diario del Sur Digital","Tiempo de lectura":"2 minutos"},"schema":{"@context":"https:\/\/schema.org","@graph":[{"@type":"Article","@id":"https:\/\/diariodelsurdigital.com.ar\/?p=6556#article","isPartOf":{"@id":"https:\/\/diariodelsurdigital.com.ar\/?p=6556"},"author":{"name":"Diario del Sur Digital","@id":"https:\/\/diariodelsurdigital.com.ar\/#\/schema\/person\/1a4992532ed62965c968031b49195c81"},"headline":"Salud recuerda la importancia de proteger la piel durante el verano","datePublished":"2026-01-19T17:52:40+00:00","dateModified":"2026-01-19T17:52:41+00:00","mainEntityOfPage":{"@id":"https:\/\/diariodelsurdigital.com.ar\/?p=6556"},"wordCount":408,"commentCount":0,"image":{"@id":"https:\/\/diariodelsurdigital.com.ar\/?p=6556#primaryimage"},"thumbnailUrl":"https:\/\/diariodelsurdigital.com.ar\/wp-content\/uploads\/2026\/01\/md-61.webp","articleSection":["Inter\u00e9s General"],"inLanguage":"es","potentialAction":[{"@type":"CommentAction","name":"Comment","target":["https:\/\/diariodelsurdigital.com.ar\/?p=6556#respond"]}]},{"@type":"WebPage","@id":"https:\/\/diariodelsurdigital.com.ar\/?p=6556","url":"https:\/\/diariodelsurdigital.com.ar\/?p=6556","name":"Salud recuerda la importancia de proteger la piel durante el verano - Diario del Sur","isPartOf":{"@id":"https:\/\/diariodelsurdigital.com.ar\/#website"},"primaryImageOfPage":{"@id":"https:\/\/diariodelsurdigital.com.ar\/?p=6556#primaryimage"},"image":{"@id":"https:\/\/diariodelsurdigital.com.ar\/?p=6556#primaryimage"},"thumbnailUrl":"https:\/\/diariodelsurdigital.com.ar\/wp-content\/uploads\/2026\/01\/md-61.webp","datePublished":"2026-01-19T17:52:40+00:00","dateModified":"2026-01-19T17:52:41+00:00","author":{"@id":"https:\/\/diariodelsurdigital.com.ar\/#\/schema\/person\/1a4992532ed62965c968031b49195c81"},"breadcrumb":{"@id":"https:\/\/diariodelsurdigital.com.ar\/?p=6556#breadcrumb"},"inLanguage":"es","potentialAction":[{"@type":"ReadAction","target":["https:\/\/diariodelsurdigital.com.ar\/?p=6556"]}]},{"@type":"ImageObject","inLanguage":"es","@id":"https:\/\/diariodelsurdigital.com.ar\/?p=6556#primaryimage","url":"https:\/\/diariodelsurdigital.com.ar\/wp-content\/uploads\/2026\/01\/md-61.webp","contentUrl":"https:\/\/diariodelsurdigital.com.ar\/wp-content\/uploads\/2026\/01\/md-61.webp","width":992,"height":661},{"@type":"BreadcrumbList","@id":"https:\/\/diariodelsurdigital.com.ar\/?p=6556#breadcrumb","itemListElement":[{"@type":"ListItem","position":1,"name":"Portada","item":"https:\/\/diariodelsurdigital.com.ar\/"},{"@type":"ListItem","position":2,"name":"Salud recuerda la importancia de proteger la piel durante el verano"}]},{"@type":"WebSite","@id":"https:\/\/diariodelsurdigital.com.ar\/#website","url":"https:\/\/diariodelsurdigital.com.ar\/","name":"Diario del Sur","description":"Digital","potentialAction":[{"@type":"SearchAction","target":{"@type":"EntryPoint","urlTemplate":"https:\/\/diariodelsurdigital.com.ar\/?s={search_term_string}"},"query-input":{"@type":"PropertyValueSpecification","valueRequired":true,"valueName":"search_term_string"}}],"inLanguage":"es"},{"@type":"Person","@id":"https:\/\/diariodelsurdigital.com.ar\/#\/schema\/person\/1a4992532ed62965c968031b49195c81","name":"Diario del Sur Digital","image":{"@type":"ImageObject","inLanguage":"es","@id":"https:\/\/secure.gravatar.com\/avatar\/f0c7c47fc7146d19828273b9b8eda651c9c7ab583767e6338d3d3bee825adf76?s=96&d=mm&r=g","url":"https:\/\/secure.gravatar.com\/avatar\/f0c7c47fc7146d19828273b9b8eda651c9c7ab583767e6338d3d3bee825adf76?s=96&d=mm&r=g","contentUrl":"https:\/\/secure.gravatar.com\/avatar\/f0c7c47fc7146d19828273b9b8eda651c9c7ab583767e6338d3d3bee825adf76?s=96&d=mm&r=g","caption":"Diario del Sur Digital"},"url":"https:\/\/diariodelsurdigital.com.ar\/?author=4"}]}},"_links":{"self":[{"href":"https:\/\/diariodelsurdigital.com.ar\/index.php?rest_route=\/wp\/v2\/posts\/6556","targetHints":{"allow":["GET"]}}],"collection":[{"href":"https:\/\/diariodelsurdigital.com.ar\/index.php?rest_route=\/wp\/v2\/posts"}],"about":[{"href":"https:\/\/diariodelsurdigital.com.ar\/index.php?rest_route=\/wp\/v2\/types\/post"}],"author":[{"embeddable":true,"href":"https:\/\/diariodelsurdigital.com.ar\/index.php?rest_route=\/wp\/v2\/users\/4"}],"replies":[{"embeddable":true,"href":"https:\/\/diariodelsurdigital.com.ar\/index.php?rest_route=%2Fwp%2Fv2%2Fcomments&post=6556"}],"version-history":[{"count":1,"href":"https:\/\/diariodelsurdigital.com.ar\/index.php?rest_route=\/wp\/v2\/posts\/6556\/revisions"}],"predecessor-version":[{"id":6558,"href":"https:\/\/diariodelsurdigital.com.ar\/index.php?rest_route=\/wp\/v2\/posts\/6556\/revisions\/6558"}],"wp:featuredmedia":[{"embeddable":true,"href":"https:\/\/diariodelsurdigital.com.ar\/index.php?rest_route=\/wp\/v2\/media\/6557"}],"wp:attachment":[{"href":"https:\/\/diariodelsurdigital.com.ar\/index.php?rest_route=%2Fwp%2Fv2%2Fmedia&parent=6556"}],"wp:term":[{"taxonomy":"category","embeddable":true,"href":"https:\/\/diariodelsurdigital.com.ar\/index.php?rest_route=%2Fwp%2Fv2%2Fcategories&post=6556"},{"taxonomy":"post_tag","embeddable":true,"href":"https:\/\/diariodelsurdigital.com.ar\/index.php?rest_route=%2Fwp%2Fv2%2Ftags&post=6556"}],"curies":[{"name":"wp","href":"https:\/\/api.w.org\/{rel}","templated":true}]}}