{"id":6559,"date":"2026-01-19T14:54:42","date_gmt":"2026-01-19T17:54:42","guid":{"rendered":"https:\/\/diariodelsurdigital.com.ar\/?p=6559"},"modified":"2026-01-19T14:54:43","modified_gmt":"2026-01-19T17:54:43","slug":"libran-orden-de-captura-nacional-e-internacional-para-condenado-con-salidas-transitorias-que-no-regreso-al-penal","status":"publish","type":"post","link":"https:\/\/diariodelsurdigital.com.ar\/?p=6559","title":{"rendered":"Libran orden de captura nacional e internacional para condenado con salidas transitorias que no regres\u00f3 al penal"},"content":{"rendered":"\n<p>Se trata de un condenado que fue beneficiado con la salida socio familiar. Fue autorizado a salir 48 horas para visitar a su familia en Corrientes. Estaba cumpliendo condena en la Unidad Penal N\u00ba3 de Concordia y deb\u00eda reintegrarse este lunes a las 2:30. Desde el penal se inform\u00f3 que no se pudo entablar comunicaci\u00f3n con el interno ni con el referente designado para las salidas, por lo que se habilit\u00f3 la Feria, se declar\u00f3 su rebeld\u00eda y se dispuso su captura nacional e internacional.<\/p>\n\n\n\n<p>El Tribunal Oral Federal de Concepci\u00f3n del Uruguay dispuso la habilitaci\u00f3n de la Feria Judicial y resolvi\u00f3 este lunes \u201cdeclarar rebelde a V\u00edctor Hugo Murua\u201d de 26 a\u00f1os, oriundo de Corrientes capital; suspendi\u00f3 \u201cel c\u00f3mputo de su condena, hasta tanto sea habido\u201d; y orden\u00f3 su captura nacional e internacional, libr\u00e1ndose los recaudos pertinentes a los efectos de cumplimentar lo ordenado\u201d.<\/p>\n\n\n\n<p>La decisi\u00f3n se adopt\u00f3 tras la informaci\u00f3n del agente penitenciario, Andr\u00e9s Willard, que cumple funciones en la Unidad Penal N\u00b0 3 de Concordia, respecto a la \u201cnovedad surgida con el interno condenado a disposici\u00f3n de este Tribunal V\u00edctor Hugo Murua, quien deb\u00eda reintegrarse de su salida socio familiar autorizada correspondiente al corriente mes a las 2:30 del d\u00eda de la fecha, no habi\u00e9ndose presentado a\u00fan\u201d.<\/p>\n\n\n\n<p>La informaci\u00f3n precis\u00f3 que no se logr\u00f3 \u201centablar comunicaci\u00f3n con el condenado ni con el referente designado para las salidas.<\/p>\n\n\n\n<p>En la resoluci\u00f3n se consign\u00f3 que el 23 de diciembre de 2025 el mismo Tribunal resolvi\u00f3 incorporar al interno Murua, al R\u00e9gimen Preparatorio para la Liberaci\u00f3n y le concedi\u00f3 \u201clas salidas transitorias de 48 horas de duraci\u00f3n en cada oportunidad m\u00e1s el tiempo que le insumiera el viaje hasta el domicilio autorizado, en forma mensual, con motivo de \u2018afianzar y mejorar lazos familiares y sociales\u2019 y \u2018bajo palabra de honor\u2019, para dirigirse y permanecer en el domicilio\u2026\u201d. En barrio Quintana de la ciudad de Corrientes.<\/p>\n","protected":false},"excerpt":{"rendered":"<p>Se trata de un condenado que fue beneficiado con la salida socio familiar. Fue autorizado a salir 48 horas para visitar a su familia en Corrientes. Estaba cumpliendo condena en la Unidad Penal N\u00ba3 de Concordia y deb\u00eda reintegrarse este lunes a las 2:30. Desde el penal se inform\u00f3 que no se pudo entablar comunicaci\u00f3n [&hellip;]<\/p>\n","protected":false},"author":4,"featured_media":6560,"comment_status":"open","ping_status":"open","sticky":false,"template":"","format":"standard","meta":{"footnotes":""},"categories":[16,21],"tags":[],"class_list":{"0":"post-6559","1":"post","2":"type-post","3":"status-publish","4":"format-standard","5":"has-post-thumbnail","7":"category-locales","8":"category-policiales"},"yoast_head":"<!-- This site is optimized with the Yoast SEO plugin v27.4 - https:\/\/yoast.com\/product\/yoast-seo-wordpress\/ -->\n<title>Libran orden de captura nacional e internacional para condenado con salidas transitorias que no regres\u00f3 al penal - Diario del Sur<\/title>\n<meta name=\"robots\" content=\"index, follow, max-snippet:-1, max-image-preview:large, max-video-preview:-1\" \/>\n<link rel=\"canonical\" href=\"https:\/\/diariodelsurdigital.com.ar\/?p=6559\" \/>\n<meta property=\"og:locale\" content=\"es_ES\" \/>\n<meta property=\"og:type\" content=\"article\" \/>\n<meta property=\"og:title\" content=\"Libran orden de captura nacional e internacional para condenado con salidas transitorias que no regres\u00f3 al penal - Diario del Sur\" \/>\n<meta property=\"og:description\" content=\"Se trata de un condenado que fue beneficiado con la salida socio familiar. Fue autorizado a salir 48 horas para visitar a su familia en Corrientes. Estaba cumpliendo condena en la Unidad Penal N\u00ba3 de Concordia y deb\u00eda reintegrarse este lunes a las 2:30. Desde el penal se inform\u00f3 que no se pudo entablar comunicaci\u00f3n [&hellip;]\" \/>\n<meta property=\"og:url\" content=\"https:\/\/diariodelsurdigital.com.ar\/?p=6559\" \/>\n<meta property=\"og:site_name\" content=\"Diario del Sur\" \/>\n<meta property=\"article:published_time\" content=\"2026-01-19T17:54:42+00:00\" \/>\n<meta property=\"article:modified_time\" content=\"2026-01-19T17:54:43+00:00\" \/>\n<meta property=\"og:image\" content=\"https:\/\/diariodelsurdigital.com.ar\/wp-content\/uploads\/2026\/01\/md-62.webp\" \/>\n\t<meta property=\"og:image:width\" content=\"992\" \/>\n\t<meta property=\"og:image:height\" content=\"558\" \/>\n\t<meta property=\"og:image:type\" content=\"image\/webp\" \/>\n<meta name=\"author\" content=\"Diario del Sur Digital\" \/>\n<meta name=\"twitter:card\" content=\"summary_large_image\" \/>\n<meta name=\"twitter:label1\" content=\"Escrito por\" \/>\n\t<meta name=\"twitter:data1\" content=\"Diario del Sur Digital\" \/>\n\t<meta name=\"twitter:label2\" content=\"Tiempo de lectura\" \/>\n\t<meta name=\"twitter:data2\" content=\"2 minutos\" \/>\n<script type=\"application\/ld+json\" class=\"yoast-schema-graph\">{\"@context\":\"https:\\\/\\\/schema.org\",\"@graph\":[{\"@type\":\"Article\",\"@id\":\"https:\\\/\\\/diariodelsurdigital.com.ar\\\/?p=6559#article\",\"isPartOf\":{\"@id\":\"https:\\\/\\\/diariodelsurdigital.com.ar\\\/?p=6559\"},\"author\":{\"name\":\"Diario del Sur Digital\",\"@id\":\"https:\\\/\\\/diariodelsurdigital.com.ar\\\/#\\\/schema\\\/person\\\/1a4992532ed62965c968031b49195c81\"},\"headline\":\"Libran orden de captura nacional e internacional para condenado con salidas transitorias que no regres\u00f3 al penal\",\"datePublished\":\"2026-01-19T17:54:42+00:00\",\"dateModified\":\"2026-01-19T17:54:43+00:00\",\"mainEntityOfPage\":{\"@id\":\"https:\\\/\\\/diariodelsurdigital.com.ar\\\/?p=6559\"},\"wordCount\":349,\"commentCount\":0,\"image\":{\"@id\":\"https:\\\/\\\/diariodelsurdigital.com.ar\\\/?p=6559#primaryimage\"},\"thumbnailUrl\":\"https:\\\/\\\/diariodelsurdigital.com.ar\\\/wp-content\\\/uploads\\\/2026\\\/01\\\/md-62.webp\",\"articleSection\":[\"Locales\",\"Policiales\"],\"inLanguage\":\"es\",\"potentialAction\":[{\"@type\":\"CommentAction\",\"name\":\"Comment\",\"target\":[\"https:\\\/\\\/diariodelsurdigital.com.ar\\\/?p=6559#respond\"]}]},{\"@type\":\"WebPage\",\"@id\":\"https:\\\/\\\/diariodelsurdigital.com.ar\\\/?p=6559\",\"url\":\"https:\\\/\\\/diariodelsurdigital.com.ar\\\/?p=6559\",\"name\":\"Libran orden de captura nacional e internacional para condenado con salidas transitorias que no regres\u00f3 al penal - Diario del Sur\",\"isPartOf\":{\"@id\":\"https:\\\/\\\/diariodelsurdigital.com.ar\\\/#website\"},\"primaryImageOfPage\":{\"@id\":\"https:\\\/\\\/diariodelsurdigital.com.ar\\\/?p=6559#primaryimage\"},\"image\":{\"@id\":\"https:\\\/\\\/diariodelsurdigital.com.ar\\\/?p=6559#primaryimage\"},\"thumbnailUrl\":\"https:\\\/\\\/diariodelsurdigital.com.ar\\\/wp-content\\\/uploads\\\/2026\\\/01\\\/md-62.webp\",\"datePublished\":\"2026-01-19T17:54:42+00:00\",\"dateModified\":\"2026-01-19T17:54:43+00:00\",\"author\":{\"@id\":\"https:\\\/\\\/diariodelsurdigital.com.ar\\\/#\\\/schema\\\/person\\\/1a4992532ed62965c968031b49195c81\"},\"breadcrumb\":{\"@id\":\"https:\\\/\\\/diariodelsurdigital.com.ar\\\/?p=6559#breadcrumb\"},\"inLanguage\":\"es\",\"potentialAction\":[{\"@type\":\"ReadAction\",\"target\":[\"https:\\\/\\\/diariodelsurdigital.com.ar\\\/?p=6559\"]}]},{\"@type\":\"ImageObject\",\"inLanguage\":\"es\",\"@id\":\"https:\\\/\\\/diariodelsurdigital.com.ar\\\/?p=6559#primaryimage\",\"url\":\"https:\\\/\\\/diariodelsurdigital.com.ar\\\/wp-content\\\/uploads\\\/2026\\\/01\\\/md-62.webp\",\"contentUrl\":\"https:\\\/\\\/diariodelsurdigital.com.ar\\\/wp-content\\\/uploads\\\/2026\\\/01\\\/md-62.webp\",\"width\":992,\"height\":558},{\"@type\":\"BreadcrumbList\",\"@id\":\"https:\\\/\\\/diariodelsurdigital.com.ar\\\/?p=6559#breadcrumb\",\"itemListElement\":[{\"@type\":\"ListItem\",\"position\":1,\"name\":\"Portada\",\"item\":\"https:\\\/\\\/diariodelsurdigital.com.ar\\\/\"},{\"@type\":\"ListItem\",\"position\":2,\"name\":\"Libran orden de captura nacional e internacional para condenado con salidas transitorias que no regres\u00f3 al penal\"}]},{\"@type\":\"WebSite\",\"@id\":\"https:\\\/\\\/diariodelsurdigital.com.ar\\\/#website\",\"url\":\"https:\\\/\\\/diariodelsurdigital.com.ar\\\/\",\"name\":\"Diario del Sur\",\"description\":\"Digital\",\"potentialAction\":[{\"@type\":\"SearchAction\",\"target\":{\"@type\":\"EntryPoint\",\"urlTemplate\":\"https:\\\/\\\/diariodelsurdigital.com.ar\\\/?s={search_term_string}\"},\"query-input\":{\"@type\":\"PropertyValueSpecification\",\"valueRequired\":true,\"valueName\":\"search_term_string\"}}],\"inLanguage\":\"es\"},{\"@type\":\"Person\",\"@id\":\"https:\\\/\\\/diariodelsurdigital.com.ar\\\/#\\\/schema\\\/person\\\/1a4992532ed62965c968031b49195c81\",\"name\":\"Diario del Sur Digital\",\"image\":{\"@type\":\"ImageObject\",\"inLanguage\":\"es\",\"@id\":\"https:\\\/\\\/secure.gravatar.com\\\/avatar\\\/f0c7c47fc7146d19828273b9b8eda651c9c7ab583767e6338d3d3bee825adf76?s=96&d=mm&r=g\",\"url\":\"https:\\\/\\\/secure.gravatar.com\\\/avatar\\\/f0c7c47fc7146d19828273b9b8eda651c9c7ab583767e6338d3d3bee825adf76?s=96&d=mm&r=g\",\"contentUrl\":\"https:\\\/\\\/secure.gravatar.com\\\/avatar\\\/f0c7c47fc7146d19828273b9b8eda651c9c7ab583767e6338d3d3bee825adf76?s=96&d=mm&r=g\",\"caption\":\"Diario del Sur Digital\"},\"url\":\"https:\\\/\\\/diariodelsurdigital.com.ar\\\/?author=4\"}]}<\/script>\n<!-- \/ Yoast SEO plugin. -->","yoast_head_json":{"title":"Libran orden de captura nacional e internacional para condenado con salidas transitorias que no regres\u00f3 al penal - Diario del Sur","robots":{"index":"index","follow":"follow","max-snippet":"max-snippet:-1","max-image-preview":"max-image-preview:large","max-video-preview":"max-video-preview:-1"},"canonical":"https:\/\/diariodelsurdigital.com.ar\/?p=6559","og_locale":"es_ES","og_type":"article","og_title":"Libran orden de captura nacional e internacional para condenado con salidas transitorias que no regres\u00f3 al penal - Diario del Sur","og_description":"Se trata de un condenado que fue beneficiado con la salida socio familiar. Fue autorizado a salir 48 horas para visitar a su familia en Corrientes. Estaba cumpliendo condena en la Unidad Penal N\u00ba3 de Concordia y deb\u00eda reintegrarse este lunes a las 2:30. Desde el penal se inform\u00f3 que no se pudo entablar comunicaci\u00f3n [&hellip;]","og_url":"https:\/\/diariodelsurdigital.com.ar\/?p=6559","og_site_name":"Diario del Sur","article_published_time":"2026-01-19T17:54:42+00:00","article_modified_time":"2026-01-19T17:54:43+00:00","og_image":[{"width":992,"height":558,"url":"https:\/\/diariodelsurdigital.com.ar\/wp-content\/uploads\/2026\/01\/md-62.webp","type":"image\/webp"}],"author":"Diario del Sur Digital","twitter_card":"summary_large_image","twitter_misc":{"Escrito por":"Diario del Sur Digital","Tiempo de lectura":"2 minutos"},"schema":{"@context":"https:\/\/schema.org","@graph":[{"@type":"Article","@id":"https:\/\/diariodelsurdigital.com.ar\/?p=6559#article","isPartOf":{"@id":"https:\/\/diariodelsurdigital.com.ar\/?p=6559"},"author":{"name":"Diario del Sur Digital","@id":"https:\/\/diariodelsurdigital.com.ar\/#\/schema\/person\/1a4992532ed62965c968031b49195c81"},"headline":"Libran orden de captura nacional e internacional para condenado con salidas transitorias que no regres\u00f3 al penal","datePublished":"2026-01-19T17:54:42+00:00","dateModified":"2026-01-19T17:54:43+00:00","mainEntityOfPage":{"@id":"https:\/\/diariodelsurdigital.com.ar\/?p=6559"},"wordCount":349,"commentCount":0,"image":{"@id":"https:\/\/diariodelsurdigital.com.ar\/?p=6559#primaryimage"},"thumbnailUrl":"https:\/\/diariodelsurdigital.com.ar\/wp-content\/uploads\/2026\/01\/md-62.webp","articleSection":["Locales","Policiales"],"inLanguage":"es","potentialAction":[{"@type":"CommentAction","name":"Comment","target":["https:\/\/diariodelsurdigital.com.ar\/?p=6559#respond"]}]},{"@type":"WebPage","@id":"https:\/\/diariodelsurdigital.com.ar\/?p=6559","url":"https:\/\/diariodelsurdigital.com.ar\/?p=6559","name":"Libran orden de captura nacional e internacional para condenado con salidas transitorias que no regres\u00f3 al penal - Diario del Sur","isPartOf":{"@id":"https:\/\/diariodelsurdigital.com.ar\/#website"},"primaryImageOfPage":{"@id":"https:\/\/diariodelsurdigital.com.ar\/?p=6559#primaryimage"},"image":{"@id":"https:\/\/diariodelsurdigital.com.ar\/?p=6559#primaryimage"},"thumbnailUrl":"https:\/\/diariodelsurdigital.com.ar\/wp-content\/uploads\/2026\/01\/md-62.webp","datePublished":"2026-01-19T17:54:42+00:00","dateModified":"2026-01-19T17:54:43+00:00","author":{"@id":"https:\/\/diariodelsurdigital.com.ar\/#\/schema\/person\/1a4992532ed62965c968031b49195c81"},"breadcrumb":{"@id":"https:\/\/diariodelsurdigital.com.ar\/?p=6559#breadcrumb"},"inLanguage":"es","potentialAction":[{"@type":"ReadAction","target":["https:\/\/diariodelsurdigital.com.ar\/?p=6559"]}]},{"@type":"ImageObject","inLanguage":"es","@id":"https:\/\/diariodelsurdigital.com.ar\/?p=6559#primaryimage","url":"https:\/\/diariodelsurdigital.com.ar\/wp-content\/uploads\/2026\/01\/md-62.webp","contentUrl":"https:\/\/diariodelsurdigital.com.ar\/wp-content\/uploads\/2026\/01\/md-62.webp","width":992,"height":558},{"@type":"BreadcrumbList","@id":"https:\/\/diariodelsurdigital.com.ar\/?p=6559#breadcrumb","itemListElement":[{"@type":"ListItem","position":1,"name":"Portada","item":"https:\/\/diariodelsurdigital.com.ar\/"},{"@type":"ListItem","position":2,"name":"Libran orden de captura nacional e internacional para condenado con salidas transitorias que no regres\u00f3 al penal"}]},{"@type":"WebSite","@id":"https:\/\/diariodelsurdigital.com.ar\/#website","url":"https:\/\/diariodelsurdigital.com.ar\/","name":"Diario del Sur","description":"Digital","potentialAction":[{"@type":"SearchAction","target":{"@type":"EntryPoint","urlTemplate":"https:\/\/diariodelsurdigital.com.ar\/?s={search_term_string}"},"query-input":{"@type":"PropertyValueSpecification","valueRequired":true,"valueName":"search_term_string"}}],"inLanguage":"es"},{"@type":"Person","@id":"https:\/\/diariodelsurdigital.com.ar\/#\/schema\/person\/1a4992532ed62965c968031b49195c81","name":"Diario del Sur Digital","image":{"@type":"ImageObject","inLanguage":"es","@id":"https:\/\/secure.gravatar.com\/avatar\/f0c7c47fc7146d19828273b9b8eda651c9c7ab583767e6338d3d3bee825adf76?s=96&d=mm&r=g","url":"https:\/\/secure.gravatar.com\/avatar\/f0c7c47fc7146d19828273b9b8eda651c9c7ab583767e6338d3d3bee825adf76?s=96&d=mm&r=g","contentUrl":"https:\/\/secure.gravatar.com\/avatar\/f0c7c47fc7146d19828273b9b8eda651c9c7ab583767e6338d3d3bee825adf76?s=96&d=mm&r=g","caption":"Diario del Sur Digital"},"url":"https:\/\/diariodelsurdigital.com.ar\/?author=4"}]}},"_links":{"self":[{"href":"https:\/\/diariodelsurdigital.com.ar\/index.php?rest_route=\/wp\/v2\/posts\/6559","targetHints":{"allow":["GET"]}}],"collection":[{"href":"https:\/\/diariodelsurdigital.com.ar\/index.php?rest_route=\/wp\/v2\/posts"}],"about":[{"href":"https:\/\/diariodelsurdigital.com.ar\/index.php?rest_route=\/wp\/v2\/types\/post"}],"author":[{"embeddable":true,"href":"https:\/\/diariodelsurdigital.com.ar\/index.php?rest_route=\/wp\/v2\/users\/4"}],"replies":[{"embeddable":true,"href":"https:\/\/diariodelsurdigital.com.ar\/index.php?rest_route=%2Fwp%2Fv2%2Fcomments&post=6559"}],"version-history":[{"count":1,"href":"https:\/\/diariodelsurdigital.com.ar\/index.php?rest_route=\/wp\/v2\/posts\/6559\/revisions"}],"predecessor-version":[{"id":6561,"href":"https:\/\/diariodelsurdigital.com.ar\/index.php?rest_route=\/wp\/v2\/posts\/6559\/revisions\/6561"}],"wp:featuredmedia":[{"embeddable":true,"href":"https:\/\/diariodelsurdigital.com.ar\/index.php?rest_route=\/wp\/v2\/media\/6560"}],"wp:attachment":[{"href":"https:\/\/diariodelsurdigital.com.ar\/index.php?rest_route=%2Fwp%2Fv2%2Fmedia&parent=6559"}],"wp:term":[{"taxonomy":"category","embeddable":true,"href":"https:\/\/diariodelsurdigital.com.ar\/index.php?rest_route=%2Fwp%2Fv2%2Fcategories&post=6559"},{"taxonomy":"post_tag","embeddable":true,"href":"https:\/\/diariodelsurdigital.com.ar\/index.php?rest_route=%2Fwp%2Fv2%2Ftags&post=6559"}],"curies":[{"name":"wp","href":"https:\/\/api.w.org\/{rel}","templated":true}]}}