{"id":6566,"date":"2026-01-20T10:42:42","date_gmt":"2026-01-20T13:42:42","guid":{"rendered":"https:\/\/diariodelsurdigital.com.ar\/?p=6566"},"modified":"2026-01-20T10:42:43","modified_gmt":"2026-01-20T13:42:43","slug":"la-inflacion-mayorista-salto-24-en-diciembre-empujada-por-combustibles-y-alimentos","status":"publish","type":"post","link":"https:\/\/diariodelsurdigital.com.ar\/?p=6566","title":{"rendered":"La inflaci\u00f3n mayorista salt\u00f3 2,4% en diciembre, empujada por combustibles y alimentos"},"content":{"rendered":"\n<p>As\u00ed lo inform\u00f3 esta tarde el Indec. El dato pone presi\u00f3n al \u00edndice de precios al consumidor de enero, tras la suba de 2,8% el mes pasado.<\/p>\n\n\n\n<p>Tras conocerse el dato de inflaci\u00f3n de diciembre, ahora el \u00edndice de precios mayoristas marc\u00f3 una suba de 2,4% en comparaci\u00f3n al mes anterior, acumulando en los \u00faltimos doce meses un incremento de 26,2%, inform\u00f3 este lunes el Instituto Nacional de Estad\u00edstica y Censos (Indec).<\/p>\n\n\n\n<p>Se trata de unas d\u00e9cimas menos que la inflaci\u00f3n minorista el mismo mes, pero como la variaci\u00f3n de precios mayoristas tiene un impacto en los precios futuros al menudeo, no cabe esperar una baja sustantiva de la inflaci\u00f3n en el primer mes de 2026.<\/p>\n\n\n\n<p>El nivel general del \u00edndice de precios internos al por mayor (IPIM), que releva el Indec, registr\u00f3 un incremento de 2,4% el mes pasado en relaci\u00f3n a noviembre, lo que resulta de la suba de 2,4% en \u201cProductos nacionales\u201d y de 1,7% en los \u201cProductos importados\u201d.<\/p>\n\n\n\n<p>Principales subas<br>\u00abDentro de los productos nacionales, las divisiones con mayor incidencia positiva en el IPIM fueron \u00abProductos refinados del petr\u00f3leo\u201d, con 0,70%; \u201cAlimentos y bebidas\u201d, con 0,38%; \u201cPetr\u00f3leo crudo y gas\u201d, con 0,24%; \u201cVeh\u00edculos automotores, carrocer\u00edas y repuestos\u201d, con 0,23%; y \u201cProductos agropecuarios\u201d, con 0,21%.<\/p>\n\n\n\n<p>En cuanto a Alimentos y Bebidas los precios mayoristas tuvieron un salto de 3,2%, mientras que algunos rubros con incidencia acotada, como Productos pesqueros registraron un salto de 10,7%, en especial por una baja base de comparaci\u00f3n, o Tabaco, que tuvo un avance de 3%.<\/p>\n\n\n\n<p>Electricidad en baja<br>El dato llamativo lo marc\u00f3 el rubro Energ\u00eda el\u00e9ctrica, que baj\u00f3 -2,4%. Junto con los Productos importados, cuyos precios subieron 1,7%, contribuy\u00f3 a contener la suba del \u00edndice de precios mayoristas y que no sea incluso mayor a la que se registr\u00f3.<\/p>\n\n\n\n<p>En el acumulado anual se destacan la variaci\u00f3n de precios de Productos refinados del petr\u00f3leo, que en los \u00faltimos doce meses subieron 37,5%, mientras que Productos agropecuarios se incrementaron 36,8% en todo el 2025, y Veh\u00edculos automotores, carrocer\u00edas y repuestos subi\u00f3 33,4%.<\/p>\n","protected":false},"excerpt":{"rendered":"<p>As\u00ed lo inform\u00f3 esta tarde el Indec. El dato pone presi\u00f3n al \u00edndice de precios al consumidor de enero, tras la suba de 2,8% el mes pasado. Tras conocerse el dato de inflaci\u00f3n de diciembre, ahora el \u00edndice de precios mayoristas marc\u00f3 una suba de 2,4% en comparaci\u00f3n al mes anterior, acumulando en los \u00faltimos [&hellip;]<\/p>\n","protected":false},"author":4,"featured_media":6567,"comment_status":"open","ping_status":"open","sticky":false,"template":"","format":"standard","meta":{"footnotes":""},"categories":[19,18],"tags":[],"class_list":{"0":"post-6566","1":"post","2":"type-post","3":"status-publish","4":"format-standard","5":"has-post-thumbnail","7":"category-interes-general","8":"category-nacionales"},"yoast_head":"<!-- This site is optimized with the Yoast SEO plugin v27.4 - https:\/\/yoast.com\/product\/yoast-seo-wordpress\/ -->\n<title>La inflaci\u00f3n mayorista salt\u00f3 2,4% en diciembre, empujada por combustibles y alimentos - Diario del Sur<\/title>\n<meta name=\"robots\" content=\"index, follow, max-snippet:-1, max-image-preview:large, max-video-preview:-1\" \/>\n<link rel=\"canonical\" href=\"https:\/\/diariodelsurdigital.com.ar\/?p=6566\" \/>\n<meta property=\"og:locale\" content=\"es_ES\" \/>\n<meta property=\"og:type\" content=\"article\" \/>\n<meta property=\"og:title\" content=\"La inflaci\u00f3n mayorista salt\u00f3 2,4% en diciembre, empujada por combustibles y alimentos - Diario del Sur\" \/>\n<meta property=\"og:description\" content=\"As\u00ed lo inform\u00f3 esta tarde el Indec. El dato pone presi\u00f3n al \u00edndice de precios al consumidor de enero, tras la suba de 2,8% el mes pasado. Tras conocerse el dato de inflaci\u00f3n de diciembre, ahora el \u00edndice de precios mayoristas marc\u00f3 una suba de 2,4% en comparaci\u00f3n al mes anterior, acumulando en los \u00faltimos [&hellip;]\" \/>\n<meta property=\"og:url\" content=\"https:\/\/diariodelsurdigital.com.ar\/?p=6566\" \/>\n<meta property=\"og:site_name\" content=\"Diario del Sur\" \/>\n<meta property=\"article:published_time\" content=\"2026-01-20T13:42:42+00:00\" \/>\n<meta property=\"article:modified_time\" content=\"2026-01-20T13:42:43+00:00\" \/>\n<meta property=\"og:image\" content=\"https:\/\/diariodelsurdigital.com.ar\/wp-content\/uploads\/2026\/01\/md-65.webp\" \/>\n\t<meta property=\"og:image:width\" content=\"992\" \/>\n\t<meta property=\"og:image:height\" content=\"497\" \/>\n\t<meta property=\"og:image:type\" content=\"image\/webp\" \/>\n<meta name=\"author\" content=\"Diario del Sur Digital\" \/>\n<meta name=\"twitter:card\" content=\"summary_large_image\" \/>\n<meta name=\"twitter:label1\" content=\"Escrito por\" \/>\n\t<meta name=\"twitter:data1\" content=\"Diario del Sur Digital\" \/>\n\t<meta name=\"twitter:label2\" content=\"Tiempo de lectura\" \/>\n\t<meta name=\"twitter:data2\" content=\"2 minutos\" \/>\n<script type=\"application\/ld+json\" class=\"yoast-schema-graph\">{\"@context\":\"https:\\\/\\\/schema.org\",\"@graph\":[{\"@type\":\"Article\",\"@id\":\"https:\\\/\\\/diariodelsurdigital.com.ar\\\/?p=6566#article\",\"isPartOf\":{\"@id\":\"https:\\\/\\\/diariodelsurdigital.com.ar\\\/?p=6566\"},\"author\":{\"name\":\"Diario del Sur Digital\",\"@id\":\"https:\\\/\\\/diariodelsurdigital.com.ar\\\/#\\\/schema\\\/person\\\/1a4992532ed62965c968031b49195c81\"},\"headline\":\"La inflaci\u00f3n mayorista salt\u00f3 2,4% en diciembre, empujada por combustibles y alimentos\",\"datePublished\":\"2026-01-20T13:42:42+00:00\",\"dateModified\":\"2026-01-20T13:42:43+00:00\",\"mainEntityOfPage\":{\"@id\":\"https:\\\/\\\/diariodelsurdigital.com.ar\\\/?p=6566\"},\"wordCount\":351,\"commentCount\":0,\"image\":{\"@id\":\"https:\\\/\\\/diariodelsurdigital.com.ar\\\/?p=6566#primaryimage\"},\"thumbnailUrl\":\"https:\\\/\\\/diariodelsurdigital.com.ar\\\/wp-content\\\/uploads\\\/2026\\\/01\\\/md-65.webp\",\"articleSection\":[\"Inter\u00e9s General\",\"Nacionales\"],\"inLanguage\":\"es\",\"potentialAction\":[{\"@type\":\"CommentAction\",\"name\":\"Comment\",\"target\":[\"https:\\\/\\\/diariodelsurdigital.com.ar\\\/?p=6566#respond\"]}]},{\"@type\":\"WebPage\",\"@id\":\"https:\\\/\\\/diariodelsurdigital.com.ar\\\/?p=6566\",\"url\":\"https:\\\/\\\/diariodelsurdigital.com.ar\\\/?p=6566\",\"name\":\"La inflaci\u00f3n mayorista salt\u00f3 2,4% en diciembre, empujada por combustibles y alimentos - Diario del Sur\",\"isPartOf\":{\"@id\":\"https:\\\/\\\/diariodelsurdigital.com.ar\\\/#website\"},\"primaryImageOfPage\":{\"@id\":\"https:\\\/\\\/diariodelsurdigital.com.ar\\\/?p=6566#primaryimage\"},\"image\":{\"@id\":\"https:\\\/\\\/diariodelsurdigital.com.ar\\\/?p=6566#primaryimage\"},\"thumbnailUrl\":\"https:\\\/\\\/diariodelsurdigital.com.ar\\\/wp-content\\\/uploads\\\/2026\\\/01\\\/md-65.webp\",\"datePublished\":\"2026-01-20T13:42:42+00:00\",\"dateModified\":\"2026-01-20T13:42:43+00:00\",\"author\":{\"@id\":\"https:\\\/\\\/diariodelsurdigital.com.ar\\\/#\\\/schema\\\/person\\\/1a4992532ed62965c968031b49195c81\"},\"breadcrumb\":{\"@id\":\"https:\\\/\\\/diariodelsurdigital.com.ar\\\/?p=6566#breadcrumb\"},\"inLanguage\":\"es\",\"potentialAction\":[{\"@type\":\"ReadAction\",\"target\":[\"https:\\\/\\\/diariodelsurdigital.com.ar\\\/?p=6566\"]}]},{\"@type\":\"ImageObject\",\"inLanguage\":\"es\",\"@id\":\"https:\\\/\\\/diariodelsurdigital.com.ar\\\/?p=6566#primaryimage\",\"url\":\"https:\\\/\\\/diariodelsurdigital.com.ar\\\/wp-content\\\/uploads\\\/2026\\\/01\\\/md-65.webp\",\"contentUrl\":\"https:\\\/\\\/diariodelsurdigital.com.ar\\\/wp-content\\\/uploads\\\/2026\\\/01\\\/md-65.webp\",\"width\":992,\"height\":497},{\"@type\":\"BreadcrumbList\",\"@id\":\"https:\\\/\\\/diariodelsurdigital.com.ar\\\/?p=6566#breadcrumb\",\"itemListElement\":[{\"@type\":\"ListItem\",\"position\":1,\"name\":\"Portada\",\"item\":\"https:\\\/\\\/diariodelsurdigital.com.ar\\\/\"},{\"@type\":\"ListItem\",\"position\":2,\"name\":\"La inflaci\u00f3n mayorista salt\u00f3 2,4% en diciembre, empujada por combustibles y alimentos\"}]},{\"@type\":\"WebSite\",\"@id\":\"https:\\\/\\\/diariodelsurdigital.com.ar\\\/#website\",\"url\":\"https:\\\/\\\/diariodelsurdigital.com.ar\\\/\",\"name\":\"Diario del Sur\",\"description\":\"Digital\",\"potentialAction\":[{\"@type\":\"SearchAction\",\"target\":{\"@type\":\"EntryPoint\",\"urlTemplate\":\"https:\\\/\\\/diariodelsurdigital.com.ar\\\/?s={search_term_string}\"},\"query-input\":{\"@type\":\"PropertyValueSpecification\",\"valueRequired\":true,\"valueName\":\"search_term_string\"}}],\"inLanguage\":\"es\"},{\"@type\":\"Person\",\"@id\":\"https:\\\/\\\/diariodelsurdigital.com.ar\\\/#\\\/schema\\\/person\\\/1a4992532ed62965c968031b49195c81\",\"name\":\"Diario del Sur Digital\",\"image\":{\"@type\":\"ImageObject\",\"inLanguage\":\"es\",\"@id\":\"https:\\\/\\\/secure.gravatar.com\\\/avatar\\\/f0c7c47fc7146d19828273b9b8eda651c9c7ab583767e6338d3d3bee825adf76?s=96&d=mm&r=g\",\"url\":\"https:\\\/\\\/secure.gravatar.com\\\/avatar\\\/f0c7c47fc7146d19828273b9b8eda651c9c7ab583767e6338d3d3bee825adf76?s=96&d=mm&r=g\",\"contentUrl\":\"https:\\\/\\\/secure.gravatar.com\\\/avatar\\\/f0c7c47fc7146d19828273b9b8eda651c9c7ab583767e6338d3d3bee825adf76?s=96&d=mm&r=g\",\"caption\":\"Diario del Sur Digital\"},\"url\":\"https:\\\/\\\/diariodelsurdigital.com.ar\\\/?author=4\"}]}<\/script>\n<!-- \/ Yoast SEO plugin. -->","yoast_head_json":{"title":"La inflaci\u00f3n mayorista salt\u00f3 2,4% en diciembre, empujada por combustibles y alimentos - Diario del Sur","robots":{"index":"index","follow":"follow","max-snippet":"max-snippet:-1","max-image-preview":"max-image-preview:large","max-video-preview":"max-video-preview:-1"},"canonical":"https:\/\/diariodelsurdigital.com.ar\/?p=6566","og_locale":"es_ES","og_type":"article","og_title":"La inflaci\u00f3n mayorista salt\u00f3 2,4% en diciembre, empujada por combustibles y alimentos - Diario del Sur","og_description":"As\u00ed lo inform\u00f3 esta tarde el Indec. El dato pone presi\u00f3n al \u00edndice de precios al consumidor de enero, tras la suba de 2,8% el mes pasado. Tras conocerse el dato de inflaci\u00f3n de diciembre, ahora el \u00edndice de precios mayoristas marc\u00f3 una suba de 2,4% en comparaci\u00f3n al mes anterior, acumulando en los \u00faltimos [&hellip;]","og_url":"https:\/\/diariodelsurdigital.com.ar\/?p=6566","og_site_name":"Diario del Sur","article_published_time":"2026-01-20T13:42:42+00:00","article_modified_time":"2026-01-20T13:42:43+00:00","og_image":[{"width":992,"height":497,"url":"https:\/\/diariodelsurdigital.com.ar\/wp-content\/uploads\/2026\/01\/md-65.webp","type":"image\/webp"}],"author":"Diario del Sur Digital","twitter_card":"summary_large_image","twitter_misc":{"Escrito por":"Diario del Sur Digital","Tiempo de lectura":"2 minutos"},"schema":{"@context":"https:\/\/schema.org","@graph":[{"@type":"Article","@id":"https:\/\/diariodelsurdigital.com.ar\/?p=6566#article","isPartOf":{"@id":"https:\/\/diariodelsurdigital.com.ar\/?p=6566"},"author":{"name":"Diario del Sur Digital","@id":"https:\/\/diariodelsurdigital.com.ar\/#\/schema\/person\/1a4992532ed62965c968031b49195c81"},"headline":"La inflaci\u00f3n mayorista salt\u00f3 2,4% en diciembre, empujada por combustibles y alimentos","datePublished":"2026-01-20T13:42:42+00:00","dateModified":"2026-01-20T13:42:43+00:00","mainEntityOfPage":{"@id":"https:\/\/diariodelsurdigital.com.ar\/?p=6566"},"wordCount":351,"commentCount":0,"image":{"@id":"https:\/\/diariodelsurdigital.com.ar\/?p=6566#primaryimage"},"thumbnailUrl":"https:\/\/diariodelsurdigital.com.ar\/wp-content\/uploads\/2026\/01\/md-65.webp","articleSection":["Inter\u00e9s General","Nacionales"],"inLanguage":"es","potentialAction":[{"@type":"CommentAction","name":"Comment","target":["https:\/\/diariodelsurdigital.com.ar\/?p=6566#respond"]}]},{"@type":"WebPage","@id":"https:\/\/diariodelsurdigital.com.ar\/?p=6566","url":"https:\/\/diariodelsurdigital.com.ar\/?p=6566","name":"La inflaci\u00f3n mayorista salt\u00f3 2,4% en diciembre, empujada por combustibles y alimentos - Diario del Sur","isPartOf":{"@id":"https:\/\/diariodelsurdigital.com.ar\/#website"},"primaryImageOfPage":{"@id":"https:\/\/diariodelsurdigital.com.ar\/?p=6566#primaryimage"},"image":{"@id":"https:\/\/diariodelsurdigital.com.ar\/?p=6566#primaryimage"},"thumbnailUrl":"https:\/\/diariodelsurdigital.com.ar\/wp-content\/uploads\/2026\/01\/md-65.webp","datePublished":"2026-01-20T13:42:42+00:00","dateModified":"2026-01-20T13:42:43+00:00","author":{"@id":"https:\/\/diariodelsurdigital.com.ar\/#\/schema\/person\/1a4992532ed62965c968031b49195c81"},"breadcrumb":{"@id":"https:\/\/diariodelsurdigital.com.ar\/?p=6566#breadcrumb"},"inLanguage":"es","potentialAction":[{"@type":"ReadAction","target":["https:\/\/diariodelsurdigital.com.ar\/?p=6566"]}]},{"@type":"ImageObject","inLanguage":"es","@id":"https:\/\/diariodelsurdigital.com.ar\/?p=6566#primaryimage","url":"https:\/\/diariodelsurdigital.com.ar\/wp-content\/uploads\/2026\/01\/md-65.webp","contentUrl":"https:\/\/diariodelsurdigital.com.ar\/wp-content\/uploads\/2026\/01\/md-65.webp","width":992,"height":497},{"@type":"BreadcrumbList","@id":"https:\/\/diariodelsurdigital.com.ar\/?p=6566#breadcrumb","itemListElement":[{"@type":"ListItem","position":1,"name":"Portada","item":"https:\/\/diariodelsurdigital.com.ar\/"},{"@type":"ListItem","position":2,"name":"La inflaci\u00f3n mayorista salt\u00f3 2,4% en diciembre, empujada por combustibles y alimentos"}]},{"@type":"WebSite","@id":"https:\/\/diariodelsurdigital.com.ar\/#website","url":"https:\/\/diariodelsurdigital.com.ar\/","name":"Diario del Sur","description":"Digital","potentialAction":[{"@type":"SearchAction","target":{"@type":"EntryPoint","urlTemplate":"https:\/\/diariodelsurdigital.com.ar\/?s={search_term_string}"},"query-input":{"@type":"PropertyValueSpecification","valueRequired":true,"valueName":"search_term_string"}}],"inLanguage":"es"},{"@type":"Person","@id":"https:\/\/diariodelsurdigital.com.ar\/#\/schema\/person\/1a4992532ed62965c968031b49195c81","name":"Diario del Sur Digital","image":{"@type":"ImageObject","inLanguage":"es","@id":"https:\/\/secure.gravatar.com\/avatar\/f0c7c47fc7146d19828273b9b8eda651c9c7ab583767e6338d3d3bee825adf76?s=96&d=mm&r=g","url":"https:\/\/secure.gravatar.com\/avatar\/f0c7c47fc7146d19828273b9b8eda651c9c7ab583767e6338d3d3bee825adf76?s=96&d=mm&r=g","contentUrl":"https:\/\/secure.gravatar.com\/avatar\/f0c7c47fc7146d19828273b9b8eda651c9c7ab583767e6338d3d3bee825adf76?s=96&d=mm&r=g","caption":"Diario del Sur Digital"},"url":"https:\/\/diariodelsurdigital.com.ar\/?author=4"}]}},"_links":{"self":[{"href":"https:\/\/diariodelsurdigital.com.ar\/index.php?rest_route=\/wp\/v2\/posts\/6566","targetHints":{"allow":["GET"]}}],"collection":[{"href":"https:\/\/diariodelsurdigital.com.ar\/index.php?rest_route=\/wp\/v2\/posts"}],"about":[{"href":"https:\/\/diariodelsurdigital.com.ar\/index.php?rest_route=\/wp\/v2\/types\/post"}],"author":[{"embeddable":true,"href":"https:\/\/diariodelsurdigital.com.ar\/index.php?rest_route=\/wp\/v2\/users\/4"}],"replies":[{"embeddable":true,"href":"https:\/\/diariodelsurdigital.com.ar\/index.php?rest_route=%2Fwp%2Fv2%2Fcomments&post=6566"}],"version-history":[{"count":1,"href":"https:\/\/diariodelsurdigital.com.ar\/index.php?rest_route=\/wp\/v2\/posts\/6566\/revisions"}],"predecessor-version":[{"id":6568,"href":"https:\/\/diariodelsurdigital.com.ar\/index.php?rest_route=\/wp\/v2\/posts\/6566\/revisions\/6568"}],"wp:featuredmedia":[{"embeddable":true,"href":"https:\/\/diariodelsurdigital.com.ar\/index.php?rest_route=\/wp\/v2\/media\/6567"}],"wp:attachment":[{"href":"https:\/\/diariodelsurdigital.com.ar\/index.php?rest_route=%2Fwp%2Fv2%2Fmedia&parent=6566"}],"wp:term":[{"taxonomy":"category","embeddable":true,"href":"https:\/\/diariodelsurdigital.com.ar\/index.php?rest_route=%2Fwp%2Fv2%2Fcategories&post=6566"},{"taxonomy":"post_tag","embeddable":true,"href":"https:\/\/diariodelsurdigital.com.ar\/index.php?rest_route=%2Fwp%2Fv2%2Ftags&post=6566"}],"curies":[{"name":"wp","href":"https:\/\/api.w.org\/{rel}","templated":true}]}}