{"id":6569,"date":"2026-01-20T10:45:00","date_gmt":"2026-01-20T13:45:00","guid":{"rendered":"https:\/\/diariodelsurdigital.com.ar\/?p=6569"},"modified":"2026-01-20T10:45:01","modified_gmt":"2026-01-20T13:45:01","slug":"pymes-advierten-que-el-acuerdo-mercosur-ue-podria-provocar-el-cierre-del-20-de-las-fabricas","status":"publish","type":"post","link":"https:\/\/diariodelsurdigital.com.ar\/?p=6569","title":{"rendered":"Pymes advierten que el acuerdo Mercosur-UE podr\u00eda provocar el cierre del 20% de las f\u00e1bricas"},"content":{"rendered":"\n<p>Las pymes industriales advirtieron al gobierno de Javier Milei que el acuerdo del Mercosur con la Uni\u00f3n Europea podr\u00eda ser \u00abuna bomba\u00bb para la producci\u00f3n nacional y podr\u00eda provocar el cierre del 20% de las f\u00e1bricas.<\/p>\n\n\n\n<p>El presidente de Industriales Pymes Argentinos (IPA), Daniel Rosato, alert\u00f3 que la apertura de mercados potenciar\u00e1 la crisis actual si antes no hay un plan para fortalecer a las peque\u00f1as y medianas empresas.<\/p>\n\n\n\n<p>El dirigente fabril exigi\u00f3 al gobierno la \u00abinmediata conformaci\u00f3n\u00bb de una mesa de trabajo para dise\u00f1ar un plan de competitividad. Seg\u00fan Rosato, de no equilibrarse las condiciones de competencia, el acuerdo funcionar\u00e1 como una \u00abbomba en la producci\u00f3n nacional\u00bb que convertir\u00e1 al pa\u00eds en un escenario de disputa comercial entre potencias.<\/p>\n\n\n\n<p>Seg\u00fan la agencia NA, Rosato sostuvo que los pa\u00edses europeos planifican incentivos para exportar manufacturas y comprar materias primas, lo que pone en riesgo el empleo local. \u00abSi la Argentina no toma nota de ese accionar para equilibrar la cancha, estaremos ante una masacre de Pymes industriales que ver\u00e1n una inundaci\u00f3n sostenida de productos importados\u00bb, afirm\u00f3.<\/p>\n\n\n\n<p>Para evitar este escenario, el titular de IPA reclam\u00f3 financiamiento y beneficios productivos que permitan a las f\u00e1bricas alcanzar un nivel de competitividad internacional. Rosato advirti\u00f3 que la primarizaci\u00f3n de las exportaciones generar\u00e1 un d\u00e9ficit comercial insostenible por la falta de d\u00f3lares y subray\u00f3: \u00abSi la integraci\u00f3n est\u00e1 planteada en esos t\u00e9rminos, no seremos socios de la UE, sino que seremos apenas un cliente\u00bb.<\/p>\n\n\n\n<p>Finalmente, el representante de las pymes destac\u00f3 que es fundamental reducir los costos operativos en moneda extranjera y establecer un plan econ\u00f3mico claro. \u00abEn una econom\u00eda abierta como la que propone el Gobierno, bajar nuestros costos en d\u00f3lares es clave\u00bb, concluy\u00f3 Rosato, enfatizando que la firma del tratado no traer\u00e1 beneficios autom\u00e1ticos.<\/p>\n","protected":false},"excerpt":{"rendered":"<p>Las pymes industriales advirtieron al gobierno de Javier Milei que el acuerdo del Mercosur con la Uni\u00f3n Europea podr\u00eda ser \u00abuna bomba\u00bb para la producci\u00f3n nacional y podr\u00eda provocar el cierre del 20% de las f\u00e1bricas. El presidente de Industriales Pymes Argentinos (IPA), Daniel Rosato, alert\u00f3 que la apertura de mercados potenciar\u00e1 la crisis actual [&hellip;]<\/p>\n","protected":false},"author":4,"featured_media":6570,"comment_status":"open","ping_status":"open","sticky":false,"template":"","format":"standard","meta":{"footnotes":""},"categories":[19,18],"tags":[],"class_list":{"0":"post-6569","1":"post","2":"type-post","3":"status-publish","4":"format-standard","5":"has-post-thumbnail","7":"category-interes-general","8":"category-nacionales"},"yoast_head":"<!-- This site is optimized with the Yoast SEO plugin v27.4 - https:\/\/yoast.com\/product\/yoast-seo-wordpress\/ -->\n<title>Pymes advierten que el acuerdo Mercosur-UE podr\u00eda provocar el cierre del 20% de las f\u00e1bricas - Diario del Sur<\/title>\n<meta name=\"robots\" content=\"index, follow, max-snippet:-1, max-image-preview:large, max-video-preview:-1\" \/>\n<link rel=\"canonical\" href=\"https:\/\/diariodelsurdigital.com.ar\/?p=6569\" \/>\n<meta property=\"og:locale\" content=\"es_ES\" \/>\n<meta property=\"og:type\" content=\"article\" \/>\n<meta property=\"og:title\" content=\"Pymes advierten que el acuerdo Mercosur-UE podr\u00eda provocar el cierre del 20% de las f\u00e1bricas - Diario del Sur\" \/>\n<meta property=\"og:description\" content=\"Las pymes industriales advirtieron al gobierno de Javier Milei que el acuerdo del Mercosur con la Uni\u00f3n Europea podr\u00eda ser \u00abuna bomba\u00bb para la producci\u00f3n nacional y podr\u00eda provocar el cierre del 20% de las f\u00e1bricas. El presidente de Industriales Pymes Argentinos (IPA), Daniel Rosato, alert\u00f3 que la apertura de mercados potenciar\u00e1 la crisis actual [&hellip;]\" \/>\n<meta property=\"og:url\" content=\"https:\/\/diariodelsurdigital.com.ar\/?p=6569\" \/>\n<meta property=\"og:site_name\" content=\"Diario del Sur\" \/>\n<meta property=\"article:published_time\" content=\"2026-01-20T13:45:00+00:00\" \/>\n<meta property=\"article:modified_time\" content=\"2026-01-20T13:45:01+00:00\" \/>\n<meta property=\"og:image\" content=\"https:\/\/diariodelsurdigital.com.ar\/wp-content\/uploads\/2026\/01\/md-66.webp\" \/>\n\t<meta property=\"og:image:width\" content=\"992\" \/>\n\t<meta property=\"og:image:height\" content=\"553\" \/>\n\t<meta property=\"og:image:type\" content=\"image\/webp\" \/>\n<meta name=\"author\" content=\"Diario del Sur Digital\" \/>\n<meta name=\"twitter:card\" content=\"summary_large_image\" \/>\n<meta name=\"twitter:label1\" content=\"Escrito por\" \/>\n\t<meta name=\"twitter:data1\" content=\"Diario del Sur Digital\" \/>\n\t<meta name=\"twitter:label2\" content=\"Tiempo de lectura\" \/>\n\t<meta name=\"twitter:data2\" content=\"2 minutos\" \/>\n<script type=\"application\/ld+json\" class=\"yoast-schema-graph\">{\"@context\":\"https:\\\/\\\/schema.org\",\"@graph\":[{\"@type\":\"Article\",\"@id\":\"https:\\\/\\\/diariodelsurdigital.com.ar\\\/?p=6569#article\",\"isPartOf\":{\"@id\":\"https:\\\/\\\/diariodelsurdigital.com.ar\\\/?p=6569\"},\"author\":{\"name\":\"Diario del Sur Digital\",\"@id\":\"https:\\\/\\\/diariodelsurdigital.com.ar\\\/#\\\/schema\\\/person\\\/1a4992532ed62965c968031b49195c81\"},\"headline\":\"Pymes advierten que el acuerdo Mercosur-UE podr\u00eda provocar el cierre del 20% de las f\u00e1bricas\",\"datePublished\":\"2026-01-20T13:45:00+00:00\",\"dateModified\":\"2026-01-20T13:45:01+00:00\",\"mainEntityOfPage\":{\"@id\":\"https:\\\/\\\/diariodelsurdigital.com.ar\\\/?p=6569\"},\"wordCount\":332,\"commentCount\":0,\"image\":{\"@id\":\"https:\\\/\\\/diariodelsurdigital.com.ar\\\/?p=6569#primaryimage\"},\"thumbnailUrl\":\"https:\\\/\\\/diariodelsurdigital.com.ar\\\/wp-content\\\/uploads\\\/2026\\\/01\\\/md-66.webp\",\"articleSection\":[\"Inter\u00e9s General\",\"Nacionales\"],\"inLanguage\":\"es\",\"potentialAction\":[{\"@type\":\"CommentAction\",\"name\":\"Comment\",\"target\":[\"https:\\\/\\\/diariodelsurdigital.com.ar\\\/?p=6569#respond\"]}]},{\"@type\":\"WebPage\",\"@id\":\"https:\\\/\\\/diariodelsurdigital.com.ar\\\/?p=6569\",\"url\":\"https:\\\/\\\/diariodelsurdigital.com.ar\\\/?p=6569\",\"name\":\"Pymes advierten que el acuerdo Mercosur-UE podr\u00eda provocar el cierre del 20% de las f\u00e1bricas - Diario del Sur\",\"isPartOf\":{\"@id\":\"https:\\\/\\\/diariodelsurdigital.com.ar\\\/#website\"},\"primaryImageOfPage\":{\"@id\":\"https:\\\/\\\/diariodelsurdigital.com.ar\\\/?p=6569#primaryimage\"},\"image\":{\"@id\":\"https:\\\/\\\/diariodelsurdigital.com.ar\\\/?p=6569#primaryimage\"},\"thumbnailUrl\":\"https:\\\/\\\/diariodelsurdigital.com.ar\\\/wp-content\\\/uploads\\\/2026\\\/01\\\/md-66.webp\",\"datePublished\":\"2026-01-20T13:45:00+00:00\",\"dateModified\":\"2026-01-20T13:45:01+00:00\",\"author\":{\"@id\":\"https:\\\/\\\/diariodelsurdigital.com.ar\\\/#\\\/schema\\\/person\\\/1a4992532ed62965c968031b49195c81\"},\"breadcrumb\":{\"@id\":\"https:\\\/\\\/diariodelsurdigital.com.ar\\\/?p=6569#breadcrumb\"},\"inLanguage\":\"es\",\"potentialAction\":[{\"@type\":\"ReadAction\",\"target\":[\"https:\\\/\\\/diariodelsurdigital.com.ar\\\/?p=6569\"]}]},{\"@type\":\"ImageObject\",\"inLanguage\":\"es\",\"@id\":\"https:\\\/\\\/diariodelsurdigital.com.ar\\\/?p=6569#primaryimage\",\"url\":\"https:\\\/\\\/diariodelsurdigital.com.ar\\\/wp-content\\\/uploads\\\/2026\\\/01\\\/md-66.webp\",\"contentUrl\":\"https:\\\/\\\/diariodelsurdigital.com.ar\\\/wp-content\\\/uploads\\\/2026\\\/01\\\/md-66.webp\",\"width\":992,\"height\":553},{\"@type\":\"BreadcrumbList\",\"@id\":\"https:\\\/\\\/diariodelsurdigital.com.ar\\\/?p=6569#breadcrumb\",\"itemListElement\":[{\"@type\":\"ListItem\",\"position\":1,\"name\":\"Portada\",\"item\":\"https:\\\/\\\/diariodelsurdigital.com.ar\\\/\"},{\"@type\":\"ListItem\",\"position\":2,\"name\":\"Pymes advierten que el acuerdo Mercosur-UE podr\u00eda provocar el cierre del 20% de las f\u00e1bricas\"}]},{\"@type\":\"WebSite\",\"@id\":\"https:\\\/\\\/diariodelsurdigital.com.ar\\\/#website\",\"url\":\"https:\\\/\\\/diariodelsurdigital.com.ar\\\/\",\"name\":\"Diario del Sur\",\"description\":\"Digital\",\"potentialAction\":[{\"@type\":\"SearchAction\",\"target\":{\"@type\":\"EntryPoint\",\"urlTemplate\":\"https:\\\/\\\/diariodelsurdigital.com.ar\\\/?s={search_term_string}\"},\"query-input\":{\"@type\":\"PropertyValueSpecification\",\"valueRequired\":true,\"valueName\":\"search_term_string\"}}],\"inLanguage\":\"es\"},{\"@type\":\"Person\",\"@id\":\"https:\\\/\\\/diariodelsurdigital.com.ar\\\/#\\\/schema\\\/person\\\/1a4992532ed62965c968031b49195c81\",\"name\":\"Diario del Sur Digital\",\"image\":{\"@type\":\"ImageObject\",\"inLanguage\":\"es\",\"@id\":\"https:\\\/\\\/secure.gravatar.com\\\/avatar\\\/f0c7c47fc7146d19828273b9b8eda651c9c7ab583767e6338d3d3bee825adf76?s=96&d=mm&r=g\",\"url\":\"https:\\\/\\\/secure.gravatar.com\\\/avatar\\\/f0c7c47fc7146d19828273b9b8eda651c9c7ab583767e6338d3d3bee825adf76?s=96&d=mm&r=g\",\"contentUrl\":\"https:\\\/\\\/secure.gravatar.com\\\/avatar\\\/f0c7c47fc7146d19828273b9b8eda651c9c7ab583767e6338d3d3bee825adf76?s=96&d=mm&r=g\",\"caption\":\"Diario del Sur Digital\"},\"url\":\"https:\\\/\\\/diariodelsurdigital.com.ar\\\/?author=4\"}]}<\/script>\n<!-- \/ Yoast SEO plugin. -->","yoast_head_json":{"title":"Pymes advierten que el acuerdo Mercosur-UE podr\u00eda provocar el cierre del 20% de las f\u00e1bricas - Diario del Sur","robots":{"index":"index","follow":"follow","max-snippet":"max-snippet:-1","max-image-preview":"max-image-preview:large","max-video-preview":"max-video-preview:-1"},"canonical":"https:\/\/diariodelsurdigital.com.ar\/?p=6569","og_locale":"es_ES","og_type":"article","og_title":"Pymes advierten que el acuerdo Mercosur-UE podr\u00eda provocar el cierre del 20% de las f\u00e1bricas - Diario del Sur","og_description":"Las pymes industriales advirtieron al gobierno de Javier Milei que el acuerdo del Mercosur con la Uni\u00f3n Europea podr\u00eda ser \u00abuna bomba\u00bb para la producci\u00f3n nacional y podr\u00eda provocar el cierre del 20% de las f\u00e1bricas. El presidente de Industriales Pymes Argentinos (IPA), Daniel Rosato, alert\u00f3 que la apertura de mercados potenciar\u00e1 la crisis actual [&hellip;]","og_url":"https:\/\/diariodelsurdigital.com.ar\/?p=6569","og_site_name":"Diario del Sur","article_published_time":"2026-01-20T13:45:00+00:00","article_modified_time":"2026-01-20T13:45:01+00:00","og_image":[{"width":992,"height":553,"url":"https:\/\/diariodelsurdigital.com.ar\/wp-content\/uploads\/2026\/01\/md-66.webp","type":"image\/webp"}],"author":"Diario del Sur Digital","twitter_card":"summary_large_image","twitter_misc":{"Escrito por":"Diario del Sur Digital","Tiempo de lectura":"2 minutos"},"schema":{"@context":"https:\/\/schema.org","@graph":[{"@type":"Article","@id":"https:\/\/diariodelsurdigital.com.ar\/?p=6569#article","isPartOf":{"@id":"https:\/\/diariodelsurdigital.com.ar\/?p=6569"},"author":{"name":"Diario del Sur Digital","@id":"https:\/\/diariodelsurdigital.com.ar\/#\/schema\/person\/1a4992532ed62965c968031b49195c81"},"headline":"Pymes advierten que el acuerdo Mercosur-UE podr\u00eda provocar el cierre del 20% de las f\u00e1bricas","datePublished":"2026-01-20T13:45:00+00:00","dateModified":"2026-01-20T13:45:01+00:00","mainEntityOfPage":{"@id":"https:\/\/diariodelsurdigital.com.ar\/?p=6569"},"wordCount":332,"commentCount":0,"image":{"@id":"https:\/\/diariodelsurdigital.com.ar\/?p=6569#primaryimage"},"thumbnailUrl":"https:\/\/diariodelsurdigital.com.ar\/wp-content\/uploads\/2026\/01\/md-66.webp","articleSection":["Inter\u00e9s General","Nacionales"],"inLanguage":"es","potentialAction":[{"@type":"CommentAction","name":"Comment","target":["https:\/\/diariodelsurdigital.com.ar\/?p=6569#respond"]}]},{"@type":"WebPage","@id":"https:\/\/diariodelsurdigital.com.ar\/?p=6569","url":"https:\/\/diariodelsurdigital.com.ar\/?p=6569","name":"Pymes advierten que el acuerdo Mercosur-UE podr\u00eda provocar el cierre del 20% de las f\u00e1bricas - Diario del Sur","isPartOf":{"@id":"https:\/\/diariodelsurdigital.com.ar\/#website"},"primaryImageOfPage":{"@id":"https:\/\/diariodelsurdigital.com.ar\/?p=6569#primaryimage"},"image":{"@id":"https:\/\/diariodelsurdigital.com.ar\/?p=6569#primaryimage"},"thumbnailUrl":"https:\/\/diariodelsurdigital.com.ar\/wp-content\/uploads\/2026\/01\/md-66.webp","datePublished":"2026-01-20T13:45:00+00:00","dateModified":"2026-01-20T13:45:01+00:00","author":{"@id":"https:\/\/diariodelsurdigital.com.ar\/#\/schema\/person\/1a4992532ed62965c968031b49195c81"},"breadcrumb":{"@id":"https:\/\/diariodelsurdigital.com.ar\/?p=6569#breadcrumb"},"inLanguage":"es","potentialAction":[{"@type":"ReadAction","target":["https:\/\/diariodelsurdigital.com.ar\/?p=6569"]}]},{"@type":"ImageObject","inLanguage":"es","@id":"https:\/\/diariodelsurdigital.com.ar\/?p=6569#primaryimage","url":"https:\/\/diariodelsurdigital.com.ar\/wp-content\/uploads\/2026\/01\/md-66.webp","contentUrl":"https:\/\/diariodelsurdigital.com.ar\/wp-content\/uploads\/2026\/01\/md-66.webp","width":992,"height":553},{"@type":"BreadcrumbList","@id":"https:\/\/diariodelsurdigital.com.ar\/?p=6569#breadcrumb","itemListElement":[{"@type":"ListItem","position":1,"name":"Portada","item":"https:\/\/diariodelsurdigital.com.ar\/"},{"@type":"ListItem","position":2,"name":"Pymes advierten que el acuerdo Mercosur-UE podr\u00eda provocar el cierre del 20% de las f\u00e1bricas"}]},{"@type":"WebSite","@id":"https:\/\/diariodelsurdigital.com.ar\/#website","url":"https:\/\/diariodelsurdigital.com.ar\/","name":"Diario del Sur","description":"Digital","potentialAction":[{"@type":"SearchAction","target":{"@type":"EntryPoint","urlTemplate":"https:\/\/diariodelsurdigital.com.ar\/?s={search_term_string}"},"query-input":{"@type":"PropertyValueSpecification","valueRequired":true,"valueName":"search_term_string"}}],"inLanguage":"es"},{"@type":"Person","@id":"https:\/\/diariodelsurdigital.com.ar\/#\/schema\/person\/1a4992532ed62965c968031b49195c81","name":"Diario del Sur Digital","image":{"@type":"ImageObject","inLanguage":"es","@id":"https:\/\/secure.gravatar.com\/avatar\/f0c7c47fc7146d19828273b9b8eda651c9c7ab583767e6338d3d3bee825adf76?s=96&d=mm&r=g","url":"https:\/\/secure.gravatar.com\/avatar\/f0c7c47fc7146d19828273b9b8eda651c9c7ab583767e6338d3d3bee825adf76?s=96&d=mm&r=g","contentUrl":"https:\/\/secure.gravatar.com\/avatar\/f0c7c47fc7146d19828273b9b8eda651c9c7ab583767e6338d3d3bee825adf76?s=96&d=mm&r=g","caption":"Diario del Sur Digital"},"url":"https:\/\/diariodelsurdigital.com.ar\/?author=4"}]}},"_links":{"self":[{"href":"https:\/\/diariodelsurdigital.com.ar\/index.php?rest_route=\/wp\/v2\/posts\/6569","targetHints":{"allow":["GET"]}}],"collection":[{"href":"https:\/\/diariodelsurdigital.com.ar\/index.php?rest_route=\/wp\/v2\/posts"}],"about":[{"href":"https:\/\/diariodelsurdigital.com.ar\/index.php?rest_route=\/wp\/v2\/types\/post"}],"author":[{"embeddable":true,"href":"https:\/\/diariodelsurdigital.com.ar\/index.php?rest_route=\/wp\/v2\/users\/4"}],"replies":[{"embeddable":true,"href":"https:\/\/diariodelsurdigital.com.ar\/index.php?rest_route=%2Fwp%2Fv2%2Fcomments&post=6569"}],"version-history":[{"count":1,"href":"https:\/\/diariodelsurdigital.com.ar\/index.php?rest_route=\/wp\/v2\/posts\/6569\/revisions"}],"predecessor-version":[{"id":6571,"href":"https:\/\/diariodelsurdigital.com.ar\/index.php?rest_route=\/wp\/v2\/posts\/6569\/revisions\/6571"}],"wp:featuredmedia":[{"embeddable":true,"href":"https:\/\/diariodelsurdigital.com.ar\/index.php?rest_route=\/wp\/v2\/media\/6570"}],"wp:attachment":[{"href":"https:\/\/diariodelsurdigital.com.ar\/index.php?rest_route=%2Fwp%2Fv2%2Fmedia&parent=6569"}],"wp:term":[{"taxonomy":"category","embeddable":true,"href":"https:\/\/diariodelsurdigital.com.ar\/index.php?rest_route=%2Fwp%2Fv2%2Fcategories&post=6569"},{"taxonomy":"post_tag","embeddable":true,"href":"https:\/\/diariodelsurdigital.com.ar\/index.php?rest_route=%2Fwp%2Fv2%2Ftags&post=6569"}],"curies":[{"name":"wp","href":"https:\/\/api.w.org\/{rel}","templated":true}]}}