{"id":657,"date":"2025-01-20T15:11:47","date_gmt":"2025-01-20T18:11:47","guid":{"rendered":"https:\/\/diariodelsurdigital.com.ar\/?p=657"},"modified":"2025-01-20T15:11:48","modified_gmt":"2025-01-20T18:11:48","slug":"echaron-a-dos-penitenciarios-que-vendian-drogas-en-un-penal","status":"publish","type":"post","link":"https:\/\/diariodelsurdigital.com.ar\/?p=657","title":{"rendered":"Echaron a dos penitenciarios que vend\u00edan drogas en un penal"},"content":{"rendered":"\n<p>Seg\u00fan el sumario, los funcionarios Juan Manuel Oliva y Roberto Ariel Rodr\u00edguez fueron imputados y condenados penalmente por los delitos de distribuci\u00f3n y comercializaci\u00f3n de estupefacientes y violaci\u00f3n de los deberes de funcionario p\u00fablico. Por esta raz\u00f3n se les aplicar\u00e1 la sanci\u00f3n de despido definitivo.<\/p>\n\n\n\n<p>Se finaliz\u00f3 la investigaci\u00f3n en la que se se\u00f1ala a dos agentes penitenciarios &nbsp;como \u201cautores del delito penal de distribuci\u00f3n y comercializaci\u00f3n de estupefacientes agravados por efectuarse en un lugar de detenci\u00f3n y por el n\u00famero de integrantes de la organizaci\u00f3n encargada de comercializar e incumplimientos de los deberes de funcionario p\u00fablico\u201d, seg\u00fan el Bolet\u00edn Oficial N\u00ba 28.020.<\/p>\n\n\n\n<p>Los actos de Oliva y Rodr\u00edguez no solo implicaron sanciones penales, sino que tambi\u00e9n trajeron desprestigio a la instituci\u00f3n penitenciaria. Seg\u00fan las leyes vigentes, estas conductas son consideradas faltas graves que justifican el despido definitivo.<\/p>\n\n\n\n<p>Cabe destacar que los agentes&nbsp;desarrollaban sus tareas en la&nbsp;<strong>Unidad Penal N\u00b0 1<\/strong>, ubicada en la ciudad de Paran\u00e1.<\/p>\n\n\n\n<p>Adem\u00e1s, se resalta que, aunque los procesos penales y administrativos son diferentes, en este caso las condenas penales respaldan plenamente las sanciones administrativas. Por lo tanto, la Direcci\u00f3n General del Servicio Penitenciario de Entre R\u00edos avala la decisi\u00f3n de aplicar la sanci\u00f3n m\u00e1xima de cesant\u00eda a ambos funcionarios.<\/p>\n","protected":false},"excerpt":{"rendered":"<p>Seg\u00fan el sumario, los funcionarios Juan Manuel Oliva y Roberto Ariel Rodr\u00edguez fueron imputados y condenados penalmente por los delitos de distribuci\u00f3n y comercializaci\u00f3n de estupefacientes y violaci\u00f3n de los deberes de funcionario p\u00fablico. Por esta raz\u00f3n se les aplicar\u00e1 la sanci\u00f3n de despido definitivo. Se finaliz\u00f3 la investigaci\u00f3n en la que se se\u00f1ala a [&hellip;]<\/p>\n","protected":false},"author":4,"featured_media":658,"comment_status":"open","ping_status":"open","sticky":false,"template":"","format":"standard","meta":{"footnotes":""},"categories":[19,17],"tags":[],"class_list":{"0":"post-657","1":"post","2":"type-post","3":"status-publish","4":"format-standard","5":"has-post-thumbnail","7":"category-interes-general","8":"category-provinciales"},"yoast_head":"<!-- This site is optimized with the Yoast SEO plugin v27.4 - https:\/\/yoast.com\/product\/yoast-seo-wordpress\/ -->\n<title>Echaron a dos penitenciarios que vend\u00edan drogas en un penal - Diario del Sur<\/title>\n<meta name=\"robots\" content=\"index, follow, max-snippet:-1, max-image-preview:large, max-video-preview:-1\" \/>\n<link rel=\"canonical\" href=\"https:\/\/diariodelsurdigital.com.ar\/?p=657\" \/>\n<meta property=\"og:locale\" content=\"es_ES\" \/>\n<meta property=\"og:type\" content=\"article\" \/>\n<meta property=\"og:title\" content=\"Echaron a dos penitenciarios que vend\u00edan drogas en un penal - Diario del Sur\" \/>\n<meta property=\"og:description\" content=\"Seg\u00fan el sumario, los funcionarios Juan Manuel Oliva y Roberto Ariel Rodr\u00edguez fueron imputados y condenados penalmente por los delitos de distribuci\u00f3n y comercializaci\u00f3n de estupefacientes y violaci\u00f3n de los deberes de funcionario p\u00fablico. Por esta raz\u00f3n se les aplicar\u00e1 la sanci\u00f3n de despido definitivo. Se finaliz\u00f3 la investigaci\u00f3n en la que se se\u00f1ala a [&hellip;]\" \/>\n<meta property=\"og:url\" content=\"https:\/\/diariodelsurdigital.com.ar\/?p=657\" \/>\n<meta property=\"og:site_name\" content=\"Diario del Sur\" \/>\n<meta property=\"article:published_time\" content=\"2025-01-20T18:11:47+00:00\" \/>\n<meta property=\"article:modified_time\" content=\"2025-01-20T18:11:48+00:00\" \/>\n<meta property=\"og:image\" content=\"https:\/\/diariodelsurdigital.com.ar\/wp-content\/uploads\/2025\/01\/md-2025-01-20T150348.774.webp\" \/>\n\t<meta property=\"og:image:width\" content=\"992\" \/>\n\t<meta property=\"og:image:height\" content=\"655\" \/>\n\t<meta property=\"og:image:type\" content=\"image\/webp\" \/>\n<meta name=\"author\" content=\"Diario del Sur Digital\" \/>\n<meta name=\"twitter:card\" content=\"summary_large_image\" \/>\n<meta name=\"twitter:label1\" content=\"Escrito por\" \/>\n\t<meta name=\"twitter:data1\" content=\"Diario del Sur Digital\" \/>\n\t<meta name=\"twitter:label2\" content=\"Tiempo de lectura\" \/>\n\t<meta name=\"twitter:data2\" content=\"2 minutos\" \/>\n<script type=\"application\/ld+json\" class=\"yoast-schema-graph\">{\"@context\":\"https:\\\/\\\/schema.org\",\"@graph\":[{\"@type\":\"Article\",\"@id\":\"https:\\\/\\\/diariodelsurdigital.com.ar\\\/?p=657#article\",\"isPartOf\":{\"@id\":\"https:\\\/\\\/diariodelsurdigital.com.ar\\\/?p=657\"},\"author\":{\"name\":\"Diario del Sur Digital\",\"@id\":\"https:\\\/\\\/diariodelsurdigital.com.ar\\\/#\\\/schema\\\/person\\\/1a4992532ed62965c968031b49195c81\"},\"headline\":\"Echaron a dos penitenciarios que vend\u00edan drogas en un penal\",\"datePublished\":\"2025-01-20T18:11:47+00:00\",\"dateModified\":\"2025-01-20T18:11:48+00:00\",\"mainEntityOfPage\":{\"@id\":\"https:\\\/\\\/diariodelsurdigital.com.ar\\\/?p=657\"},\"wordCount\":247,\"commentCount\":0,\"image\":{\"@id\":\"https:\\\/\\\/diariodelsurdigital.com.ar\\\/?p=657#primaryimage\"},\"thumbnailUrl\":\"https:\\\/\\\/diariodelsurdigital.com.ar\\\/wp-content\\\/uploads\\\/2025\\\/01\\\/md-2025-01-20T150348.774.webp\",\"articleSection\":[\"Inter\u00e9s General\",\"Provinciales\"],\"inLanguage\":\"es\",\"potentialAction\":[{\"@type\":\"CommentAction\",\"name\":\"Comment\",\"target\":[\"https:\\\/\\\/diariodelsurdigital.com.ar\\\/?p=657#respond\"]}]},{\"@type\":\"WebPage\",\"@id\":\"https:\\\/\\\/diariodelsurdigital.com.ar\\\/?p=657\",\"url\":\"https:\\\/\\\/diariodelsurdigital.com.ar\\\/?p=657\",\"name\":\"Echaron a dos penitenciarios que vend\u00edan drogas en un penal - Diario del Sur\",\"isPartOf\":{\"@id\":\"https:\\\/\\\/diariodelsurdigital.com.ar\\\/#website\"},\"primaryImageOfPage\":{\"@id\":\"https:\\\/\\\/diariodelsurdigital.com.ar\\\/?p=657#primaryimage\"},\"image\":{\"@id\":\"https:\\\/\\\/diariodelsurdigital.com.ar\\\/?p=657#primaryimage\"},\"thumbnailUrl\":\"https:\\\/\\\/diariodelsurdigital.com.ar\\\/wp-content\\\/uploads\\\/2025\\\/01\\\/md-2025-01-20T150348.774.webp\",\"datePublished\":\"2025-01-20T18:11:47+00:00\",\"dateModified\":\"2025-01-20T18:11:48+00:00\",\"author\":{\"@id\":\"https:\\\/\\\/diariodelsurdigital.com.ar\\\/#\\\/schema\\\/person\\\/1a4992532ed62965c968031b49195c81\"},\"breadcrumb\":{\"@id\":\"https:\\\/\\\/diariodelsurdigital.com.ar\\\/?p=657#breadcrumb\"},\"inLanguage\":\"es\",\"potentialAction\":[{\"@type\":\"ReadAction\",\"target\":[\"https:\\\/\\\/diariodelsurdigital.com.ar\\\/?p=657\"]}]},{\"@type\":\"ImageObject\",\"inLanguage\":\"es\",\"@id\":\"https:\\\/\\\/diariodelsurdigital.com.ar\\\/?p=657#primaryimage\",\"url\":\"https:\\\/\\\/diariodelsurdigital.com.ar\\\/wp-content\\\/uploads\\\/2025\\\/01\\\/md-2025-01-20T150348.774.webp\",\"contentUrl\":\"https:\\\/\\\/diariodelsurdigital.com.ar\\\/wp-content\\\/uploads\\\/2025\\\/01\\\/md-2025-01-20T150348.774.webp\",\"width\":992,\"height\":655},{\"@type\":\"BreadcrumbList\",\"@id\":\"https:\\\/\\\/diariodelsurdigital.com.ar\\\/?p=657#breadcrumb\",\"itemListElement\":[{\"@type\":\"ListItem\",\"position\":1,\"name\":\"Portada\",\"item\":\"https:\\\/\\\/diariodelsurdigital.com.ar\\\/\"},{\"@type\":\"ListItem\",\"position\":2,\"name\":\"Echaron a dos penitenciarios que vend\u00edan drogas en un penal\"}]},{\"@type\":\"WebSite\",\"@id\":\"https:\\\/\\\/diariodelsurdigital.com.ar\\\/#website\",\"url\":\"https:\\\/\\\/diariodelsurdigital.com.ar\\\/\",\"name\":\"Diario del Sur\",\"description\":\"Digital\",\"potentialAction\":[{\"@type\":\"SearchAction\",\"target\":{\"@type\":\"EntryPoint\",\"urlTemplate\":\"https:\\\/\\\/diariodelsurdigital.com.ar\\\/?s={search_term_string}\"},\"query-input\":{\"@type\":\"PropertyValueSpecification\",\"valueRequired\":true,\"valueName\":\"search_term_string\"}}],\"inLanguage\":\"es\"},{\"@type\":\"Person\",\"@id\":\"https:\\\/\\\/diariodelsurdigital.com.ar\\\/#\\\/schema\\\/person\\\/1a4992532ed62965c968031b49195c81\",\"name\":\"Diario del Sur Digital\",\"image\":{\"@type\":\"ImageObject\",\"inLanguage\":\"es\",\"@id\":\"https:\\\/\\\/secure.gravatar.com\\\/avatar\\\/f0c7c47fc7146d19828273b9b8eda651c9c7ab583767e6338d3d3bee825adf76?s=96&d=mm&r=g\",\"url\":\"https:\\\/\\\/secure.gravatar.com\\\/avatar\\\/f0c7c47fc7146d19828273b9b8eda651c9c7ab583767e6338d3d3bee825adf76?s=96&d=mm&r=g\",\"contentUrl\":\"https:\\\/\\\/secure.gravatar.com\\\/avatar\\\/f0c7c47fc7146d19828273b9b8eda651c9c7ab583767e6338d3d3bee825adf76?s=96&d=mm&r=g\",\"caption\":\"Diario del Sur Digital\"},\"url\":\"https:\\\/\\\/diariodelsurdigital.com.ar\\\/?author=4\"}]}<\/script>\n<!-- \/ Yoast SEO plugin. -->","yoast_head_json":{"title":"Echaron a dos penitenciarios que vend\u00edan drogas en un penal - Diario del Sur","robots":{"index":"index","follow":"follow","max-snippet":"max-snippet:-1","max-image-preview":"max-image-preview:large","max-video-preview":"max-video-preview:-1"},"canonical":"https:\/\/diariodelsurdigital.com.ar\/?p=657","og_locale":"es_ES","og_type":"article","og_title":"Echaron a dos penitenciarios que vend\u00edan drogas en un penal - Diario del Sur","og_description":"Seg\u00fan el sumario, los funcionarios Juan Manuel Oliva y Roberto Ariel Rodr\u00edguez fueron imputados y condenados penalmente por los delitos de distribuci\u00f3n y comercializaci\u00f3n de estupefacientes y violaci\u00f3n de los deberes de funcionario p\u00fablico. Por esta raz\u00f3n se les aplicar\u00e1 la sanci\u00f3n de despido definitivo. Se finaliz\u00f3 la investigaci\u00f3n en la que se se\u00f1ala a [&hellip;]","og_url":"https:\/\/diariodelsurdigital.com.ar\/?p=657","og_site_name":"Diario del Sur","article_published_time":"2025-01-20T18:11:47+00:00","article_modified_time":"2025-01-20T18:11:48+00:00","og_image":[{"width":992,"height":655,"url":"https:\/\/diariodelsurdigital.com.ar\/wp-content\/uploads\/2025\/01\/md-2025-01-20T150348.774.webp","type":"image\/webp"}],"author":"Diario del Sur Digital","twitter_card":"summary_large_image","twitter_misc":{"Escrito por":"Diario del Sur Digital","Tiempo de lectura":"2 minutos"},"schema":{"@context":"https:\/\/schema.org","@graph":[{"@type":"Article","@id":"https:\/\/diariodelsurdigital.com.ar\/?p=657#article","isPartOf":{"@id":"https:\/\/diariodelsurdigital.com.ar\/?p=657"},"author":{"name":"Diario del Sur Digital","@id":"https:\/\/diariodelsurdigital.com.ar\/#\/schema\/person\/1a4992532ed62965c968031b49195c81"},"headline":"Echaron a dos penitenciarios que vend\u00edan drogas en un penal","datePublished":"2025-01-20T18:11:47+00:00","dateModified":"2025-01-20T18:11:48+00:00","mainEntityOfPage":{"@id":"https:\/\/diariodelsurdigital.com.ar\/?p=657"},"wordCount":247,"commentCount":0,"image":{"@id":"https:\/\/diariodelsurdigital.com.ar\/?p=657#primaryimage"},"thumbnailUrl":"https:\/\/diariodelsurdigital.com.ar\/wp-content\/uploads\/2025\/01\/md-2025-01-20T150348.774.webp","articleSection":["Inter\u00e9s General","Provinciales"],"inLanguage":"es","potentialAction":[{"@type":"CommentAction","name":"Comment","target":["https:\/\/diariodelsurdigital.com.ar\/?p=657#respond"]}]},{"@type":"WebPage","@id":"https:\/\/diariodelsurdigital.com.ar\/?p=657","url":"https:\/\/diariodelsurdigital.com.ar\/?p=657","name":"Echaron a dos penitenciarios que vend\u00edan drogas en un penal - Diario del Sur","isPartOf":{"@id":"https:\/\/diariodelsurdigital.com.ar\/#website"},"primaryImageOfPage":{"@id":"https:\/\/diariodelsurdigital.com.ar\/?p=657#primaryimage"},"image":{"@id":"https:\/\/diariodelsurdigital.com.ar\/?p=657#primaryimage"},"thumbnailUrl":"https:\/\/diariodelsurdigital.com.ar\/wp-content\/uploads\/2025\/01\/md-2025-01-20T150348.774.webp","datePublished":"2025-01-20T18:11:47+00:00","dateModified":"2025-01-20T18:11:48+00:00","author":{"@id":"https:\/\/diariodelsurdigital.com.ar\/#\/schema\/person\/1a4992532ed62965c968031b49195c81"},"breadcrumb":{"@id":"https:\/\/diariodelsurdigital.com.ar\/?p=657#breadcrumb"},"inLanguage":"es","potentialAction":[{"@type":"ReadAction","target":["https:\/\/diariodelsurdigital.com.ar\/?p=657"]}]},{"@type":"ImageObject","inLanguage":"es","@id":"https:\/\/diariodelsurdigital.com.ar\/?p=657#primaryimage","url":"https:\/\/diariodelsurdigital.com.ar\/wp-content\/uploads\/2025\/01\/md-2025-01-20T150348.774.webp","contentUrl":"https:\/\/diariodelsurdigital.com.ar\/wp-content\/uploads\/2025\/01\/md-2025-01-20T150348.774.webp","width":992,"height":655},{"@type":"BreadcrumbList","@id":"https:\/\/diariodelsurdigital.com.ar\/?p=657#breadcrumb","itemListElement":[{"@type":"ListItem","position":1,"name":"Portada","item":"https:\/\/diariodelsurdigital.com.ar\/"},{"@type":"ListItem","position":2,"name":"Echaron a dos penitenciarios que vend\u00edan drogas en un penal"}]},{"@type":"WebSite","@id":"https:\/\/diariodelsurdigital.com.ar\/#website","url":"https:\/\/diariodelsurdigital.com.ar\/","name":"Diario del Sur","description":"Digital","potentialAction":[{"@type":"SearchAction","target":{"@type":"EntryPoint","urlTemplate":"https:\/\/diariodelsurdigital.com.ar\/?s={search_term_string}"},"query-input":{"@type":"PropertyValueSpecification","valueRequired":true,"valueName":"search_term_string"}}],"inLanguage":"es"},{"@type":"Person","@id":"https:\/\/diariodelsurdigital.com.ar\/#\/schema\/person\/1a4992532ed62965c968031b49195c81","name":"Diario del Sur Digital","image":{"@type":"ImageObject","inLanguage":"es","@id":"https:\/\/secure.gravatar.com\/avatar\/f0c7c47fc7146d19828273b9b8eda651c9c7ab583767e6338d3d3bee825adf76?s=96&d=mm&r=g","url":"https:\/\/secure.gravatar.com\/avatar\/f0c7c47fc7146d19828273b9b8eda651c9c7ab583767e6338d3d3bee825adf76?s=96&d=mm&r=g","contentUrl":"https:\/\/secure.gravatar.com\/avatar\/f0c7c47fc7146d19828273b9b8eda651c9c7ab583767e6338d3d3bee825adf76?s=96&d=mm&r=g","caption":"Diario del Sur Digital"},"url":"https:\/\/diariodelsurdigital.com.ar\/?author=4"}]}},"_links":{"self":[{"href":"https:\/\/diariodelsurdigital.com.ar\/index.php?rest_route=\/wp\/v2\/posts\/657","targetHints":{"allow":["GET"]}}],"collection":[{"href":"https:\/\/diariodelsurdigital.com.ar\/index.php?rest_route=\/wp\/v2\/posts"}],"about":[{"href":"https:\/\/diariodelsurdigital.com.ar\/index.php?rest_route=\/wp\/v2\/types\/post"}],"author":[{"embeddable":true,"href":"https:\/\/diariodelsurdigital.com.ar\/index.php?rest_route=\/wp\/v2\/users\/4"}],"replies":[{"embeddable":true,"href":"https:\/\/diariodelsurdigital.com.ar\/index.php?rest_route=%2Fwp%2Fv2%2Fcomments&post=657"}],"version-history":[{"count":1,"href":"https:\/\/diariodelsurdigital.com.ar\/index.php?rest_route=\/wp\/v2\/posts\/657\/revisions"}],"predecessor-version":[{"id":659,"href":"https:\/\/diariodelsurdigital.com.ar\/index.php?rest_route=\/wp\/v2\/posts\/657\/revisions\/659"}],"wp:featuredmedia":[{"embeddable":true,"href":"https:\/\/diariodelsurdigital.com.ar\/index.php?rest_route=\/wp\/v2\/media\/658"}],"wp:attachment":[{"href":"https:\/\/diariodelsurdigital.com.ar\/index.php?rest_route=%2Fwp%2Fv2%2Fmedia&parent=657"}],"wp:term":[{"taxonomy":"category","embeddable":true,"href":"https:\/\/diariodelsurdigital.com.ar\/index.php?rest_route=%2Fwp%2Fv2%2Fcategories&post=657"},{"taxonomy":"post_tag","embeddable":true,"href":"https:\/\/diariodelsurdigital.com.ar\/index.php?rest_route=%2Fwp%2Fv2%2Ftags&post=657"}],"curies":[{"name":"wp","href":"https:\/\/api.w.org\/{rel}","templated":true}]}}