{"id":6572,"date":"2026-01-20T10:50:57","date_gmt":"2026-01-20T13:50:57","guid":{"rendered":"https:\/\/diariodelsurdigital.com.ar\/?p=6572"},"modified":"2026-01-20T10:50:58","modified_gmt":"2026-01-20T13:50:58","slug":"dengue-en-entre-rios-confirman-dos-casos-importados-y-detectan-la-circulacion-de-una-nueva-cepa","status":"publish","type":"post","link":"https:\/\/diariodelsurdigital.com.ar\/?p=6572","title":{"rendered":"Dengue en Entre R\u00edos: Confirman dos casos importados y detectan la circulaci\u00f3n de una nueva cepa"},"content":{"rendered":"\n<p>En el inicio de la temporada 2025-2026, la provincia registr\u00f3 dos pacientes con antecedentes de viaje a Cuba y Brasil. En uno de ellos se identific\u00f3 el serotipo DENV-3, mientras las autoridades mantienen la vigilancia ante otros virus transmitidos por mosquitos.<\/p>\n\n\n\n<p>En el marco del \u00faltimo Bolet\u00edn Epidemiol\u00f3gico Nacional N\u00b0 791, se dieron a conocer los datos correspondientes al inicio de la temporada 2025-2026. En Entre R\u00edos, el sistema de salud detect\u00f3 hasta el momento dos casos confirmados de dengue, ambos con antecedentes de viaje al exterior, lo que sit\u00faa a la provincia en una etapa de vigilancia intensificada para evitar la propagaci\u00f3n local.<\/p>\n\n\n\n<p>Los datos de la provincia<br>Seg\u00fan el informe, que comprende el per\u00edodo desde la semana epidemiol\u00f3gica 31 de 2025 hasta la primera semana de 2026, Entre R\u00edos report\u00f3 un total de 185 casos sospechosos de dengue. De ese total:<\/p>\n\n\n\n<p>2 casos fueron confirmados por laboratorio.<br>1 caso fue clasificado como probable.<br>169 muestras resultaron negativas, mientras que el resto permanece en estudio.<br>Un dato que encendi\u00f3 las alarmas de las autoridades sanitarias es la identificaci\u00f3n de la cepa DENV-3 en el paciente que regres\u00f3 de Brasil (SE 53). El otro caso confirmado corresponde a un viajero proveniente de Cuba (SE 43). La presencia de diferentes serotipos en la regi\u00f3n aumenta la necesidad de extremar los cuidados, ya que la infecci\u00f3n sucesiva con variedades distintas del virus puede incrementar el riesgo de cuadros graves.<\/p>\n\n\n\n<p>Vigilancia de otros virus<br>Adem\u00e1s del dengue, el reporte detalla la situaci\u00f3n de otras enfermedades transmitidas por mosquitos en territorio entrerriano:<\/p>\n\n\n\n<p>Chikungunya: Se registr\u00f3 un caso probable con antecedente de viaje y 27 notificaciones sospechosas que fueron descartadas o permanecen bajo an\u00e1lisis.<br>Oropouche y Encefalitis de San Luis: Aunque se estudiaron 5 y 8 casos respectivamente, no se registraron resultados positivos en la provincia hasta la fecha.<br>Fiebre del Nilo Occidental: Se analizaron 2 muestras con resultados negativos.<\/p>\n\n\n\n<p><br>El escenario nacional<\/p>\n\n\n\n<p><br>A nivel pa\u00eds, la situaci\u00f3n se mantiene en un \u00abescenario de bajo riesgo\u00bb comparado con los picos hist\u00f3ricos de 2023 y 2024. Hasta el momento solo se confirmaron 14 casos de dengue en toda la Argentina, de los cuales el 64% son importados. Sin embargo, el Ministerio de Salud de la Naci\u00f3n insta a no bajar la guardia debido a la situaci\u00f3n regional: Pa\u00edses vecinos como Brasil ya reportan m\u00e1s de 3.7 millones de casos de dengue y la circulaci\u00f3n de las cuatro cepas existentes.<\/p>\n","protected":false},"excerpt":{"rendered":"<p>En el inicio de la temporada 2025-2026, la provincia registr\u00f3 dos pacientes con antecedentes de viaje a Cuba y Brasil. En uno de ellos se identific\u00f3 el serotipo DENV-3, mientras las autoridades mantienen la vigilancia ante otros virus transmitidos por mosquitos. En el marco del \u00faltimo Bolet\u00edn Epidemiol\u00f3gico Nacional N\u00b0 791, se dieron a conocer [&hellip;]<\/p>\n","protected":false},"author":4,"featured_media":6573,"comment_status":"open","ping_status":"open","sticky":false,"template":"","format":"standard","meta":{"footnotes":""},"categories":[19,17],"tags":[],"class_list":{"0":"post-6572","1":"post","2":"type-post","3":"status-publish","4":"format-standard","5":"has-post-thumbnail","7":"category-interes-general","8":"category-provinciales"},"yoast_head":"<!-- This site is optimized with the Yoast SEO plugin v27.4 - https:\/\/yoast.com\/product\/yoast-seo-wordpress\/ -->\n<title>Dengue en Entre R\u00edos: Confirman dos casos importados y detectan la circulaci\u00f3n de una nueva cepa - Diario del Sur<\/title>\n<meta name=\"robots\" content=\"index, follow, max-snippet:-1, max-image-preview:large, max-video-preview:-1\" \/>\n<link rel=\"canonical\" href=\"https:\/\/diariodelsurdigital.com.ar\/?p=6572\" \/>\n<meta property=\"og:locale\" content=\"es_ES\" \/>\n<meta property=\"og:type\" content=\"article\" \/>\n<meta property=\"og:title\" content=\"Dengue en Entre R\u00edos: Confirman dos casos importados y detectan la circulaci\u00f3n de una nueva cepa - Diario del Sur\" \/>\n<meta property=\"og:description\" content=\"En el inicio de la temporada 2025-2026, la provincia registr\u00f3 dos pacientes con antecedentes de viaje a Cuba y Brasil. En uno de ellos se identific\u00f3 el serotipo DENV-3, mientras las autoridades mantienen la vigilancia ante otros virus transmitidos por mosquitos. En el marco del \u00faltimo Bolet\u00edn Epidemiol\u00f3gico Nacional N\u00b0 791, se dieron a conocer [&hellip;]\" \/>\n<meta property=\"og:url\" content=\"https:\/\/diariodelsurdigital.com.ar\/?p=6572\" \/>\n<meta property=\"og:site_name\" content=\"Diario del Sur\" \/>\n<meta property=\"article:published_time\" content=\"2026-01-20T13:50:57+00:00\" \/>\n<meta property=\"article:modified_time\" content=\"2026-01-20T13:50:58+00:00\" \/>\n<meta property=\"og:image\" content=\"https:\/\/diariodelsurdigital.com.ar\/wp-content\/uploads\/2026\/01\/md-67.webp\" \/>\n\t<meta property=\"og:image:width\" content=\"992\" \/>\n\t<meta property=\"og:image:height\" content=\"489\" \/>\n\t<meta property=\"og:image:type\" content=\"image\/webp\" \/>\n<meta name=\"author\" content=\"Diario del Sur Digital\" \/>\n<meta name=\"twitter:card\" content=\"summary_large_image\" \/>\n<meta name=\"twitter:label1\" content=\"Escrito por\" \/>\n\t<meta name=\"twitter:data1\" content=\"Diario del Sur Digital\" \/>\n\t<meta name=\"twitter:label2\" content=\"Tiempo de lectura\" \/>\n\t<meta name=\"twitter:data2\" content=\"3 minutos\" \/>\n<script type=\"application\/ld+json\" class=\"yoast-schema-graph\">{\"@context\":\"https:\\\/\\\/schema.org\",\"@graph\":[{\"@type\":\"Article\",\"@id\":\"https:\\\/\\\/diariodelsurdigital.com.ar\\\/?p=6572#article\",\"isPartOf\":{\"@id\":\"https:\\\/\\\/diariodelsurdigital.com.ar\\\/?p=6572\"},\"author\":{\"name\":\"Diario del Sur Digital\",\"@id\":\"https:\\\/\\\/diariodelsurdigital.com.ar\\\/#\\\/schema\\\/person\\\/1a4992532ed62965c968031b49195c81\"},\"headline\":\"Dengue en Entre R\u00edos: Confirman dos casos importados y detectan la circulaci\u00f3n de una nueva cepa\",\"datePublished\":\"2026-01-20T13:50:57+00:00\",\"dateModified\":\"2026-01-20T13:50:58+00:00\",\"mainEntityOfPage\":{\"@id\":\"https:\\\/\\\/diariodelsurdigital.com.ar\\\/?p=6572\"},\"wordCount\":423,\"commentCount\":0,\"image\":{\"@id\":\"https:\\\/\\\/diariodelsurdigital.com.ar\\\/?p=6572#primaryimage\"},\"thumbnailUrl\":\"https:\\\/\\\/diariodelsurdigital.com.ar\\\/wp-content\\\/uploads\\\/2026\\\/01\\\/md-67.webp\",\"articleSection\":[\"Inter\u00e9s General\",\"Provinciales\"],\"inLanguage\":\"es\",\"potentialAction\":[{\"@type\":\"CommentAction\",\"name\":\"Comment\",\"target\":[\"https:\\\/\\\/diariodelsurdigital.com.ar\\\/?p=6572#respond\"]}]},{\"@type\":\"WebPage\",\"@id\":\"https:\\\/\\\/diariodelsurdigital.com.ar\\\/?p=6572\",\"url\":\"https:\\\/\\\/diariodelsurdigital.com.ar\\\/?p=6572\",\"name\":\"Dengue en Entre R\u00edos: Confirman dos casos importados y detectan la circulaci\u00f3n de una nueva cepa - Diario del Sur\",\"isPartOf\":{\"@id\":\"https:\\\/\\\/diariodelsurdigital.com.ar\\\/#website\"},\"primaryImageOfPage\":{\"@id\":\"https:\\\/\\\/diariodelsurdigital.com.ar\\\/?p=6572#primaryimage\"},\"image\":{\"@id\":\"https:\\\/\\\/diariodelsurdigital.com.ar\\\/?p=6572#primaryimage\"},\"thumbnailUrl\":\"https:\\\/\\\/diariodelsurdigital.com.ar\\\/wp-content\\\/uploads\\\/2026\\\/01\\\/md-67.webp\",\"datePublished\":\"2026-01-20T13:50:57+00:00\",\"dateModified\":\"2026-01-20T13:50:58+00:00\",\"author\":{\"@id\":\"https:\\\/\\\/diariodelsurdigital.com.ar\\\/#\\\/schema\\\/person\\\/1a4992532ed62965c968031b49195c81\"},\"breadcrumb\":{\"@id\":\"https:\\\/\\\/diariodelsurdigital.com.ar\\\/?p=6572#breadcrumb\"},\"inLanguage\":\"es\",\"potentialAction\":[{\"@type\":\"ReadAction\",\"target\":[\"https:\\\/\\\/diariodelsurdigital.com.ar\\\/?p=6572\"]}]},{\"@type\":\"ImageObject\",\"inLanguage\":\"es\",\"@id\":\"https:\\\/\\\/diariodelsurdigital.com.ar\\\/?p=6572#primaryimage\",\"url\":\"https:\\\/\\\/diariodelsurdigital.com.ar\\\/wp-content\\\/uploads\\\/2026\\\/01\\\/md-67.webp\",\"contentUrl\":\"https:\\\/\\\/diariodelsurdigital.com.ar\\\/wp-content\\\/uploads\\\/2026\\\/01\\\/md-67.webp\",\"width\":992,\"height\":489},{\"@type\":\"BreadcrumbList\",\"@id\":\"https:\\\/\\\/diariodelsurdigital.com.ar\\\/?p=6572#breadcrumb\",\"itemListElement\":[{\"@type\":\"ListItem\",\"position\":1,\"name\":\"Portada\",\"item\":\"https:\\\/\\\/diariodelsurdigital.com.ar\\\/\"},{\"@type\":\"ListItem\",\"position\":2,\"name\":\"Dengue en Entre R\u00edos: Confirman dos casos importados y detectan la circulaci\u00f3n de una nueva cepa\"}]},{\"@type\":\"WebSite\",\"@id\":\"https:\\\/\\\/diariodelsurdigital.com.ar\\\/#website\",\"url\":\"https:\\\/\\\/diariodelsurdigital.com.ar\\\/\",\"name\":\"Diario del Sur\",\"description\":\"Digital\",\"potentialAction\":[{\"@type\":\"SearchAction\",\"target\":{\"@type\":\"EntryPoint\",\"urlTemplate\":\"https:\\\/\\\/diariodelsurdigital.com.ar\\\/?s={search_term_string}\"},\"query-input\":{\"@type\":\"PropertyValueSpecification\",\"valueRequired\":true,\"valueName\":\"search_term_string\"}}],\"inLanguage\":\"es\"},{\"@type\":\"Person\",\"@id\":\"https:\\\/\\\/diariodelsurdigital.com.ar\\\/#\\\/schema\\\/person\\\/1a4992532ed62965c968031b49195c81\",\"name\":\"Diario del Sur Digital\",\"image\":{\"@type\":\"ImageObject\",\"inLanguage\":\"es\",\"@id\":\"https:\\\/\\\/secure.gravatar.com\\\/avatar\\\/f0c7c47fc7146d19828273b9b8eda651c9c7ab583767e6338d3d3bee825adf76?s=96&d=mm&r=g\",\"url\":\"https:\\\/\\\/secure.gravatar.com\\\/avatar\\\/f0c7c47fc7146d19828273b9b8eda651c9c7ab583767e6338d3d3bee825adf76?s=96&d=mm&r=g\",\"contentUrl\":\"https:\\\/\\\/secure.gravatar.com\\\/avatar\\\/f0c7c47fc7146d19828273b9b8eda651c9c7ab583767e6338d3d3bee825adf76?s=96&d=mm&r=g\",\"caption\":\"Diario del Sur Digital\"},\"url\":\"https:\\\/\\\/diariodelsurdigital.com.ar\\\/?author=4\"}]}<\/script>\n<!-- \/ Yoast SEO plugin. -->","yoast_head_json":{"title":"Dengue en Entre R\u00edos: Confirman dos casos importados y detectan la circulaci\u00f3n de una nueva cepa - Diario del Sur","robots":{"index":"index","follow":"follow","max-snippet":"max-snippet:-1","max-image-preview":"max-image-preview:large","max-video-preview":"max-video-preview:-1"},"canonical":"https:\/\/diariodelsurdigital.com.ar\/?p=6572","og_locale":"es_ES","og_type":"article","og_title":"Dengue en Entre R\u00edos: Confirman dos casos importados y detectan la circulaci\u00f3n de una nueva cepa - Diario del Sur","og_description":"En el inicio de la temporada 2025-2026, la provincia registr\u00f3 dos pacientes con antecedentes de viaje a Cuba y Brasil. En uno de ellos se identific\u00f3 el serotipo DENV-3, mientras las autoridades mantienen la vigilancia ante otros virus transmitidos por mosquitos. En el marco del \u00faltimo Bolet\u00edn Epidemiol\u00f3gico Nacional N\u00b0 791, se dieron a conocer [&hellip;]","og_url":"https:\/\/diariodelsurdigital.com.ar\/?p=6572","og_site_name":"Diario del Sur","article_published_time":"2026-01-20T13:50:57+00:00","article_modified_time":"2026-01-20T13:50:58+00:00","og_image":[{"width":992,"height":489,"url":"https:\/\/diariodelsurdigital.com.ar\/wp-content\/uploads\/2026\/01\/md-67.webp","type":"image\/webp"}],"author":"Diario del Sur Digital","twitter_card":"summary_large_image","twitter_misc":{"Escrito por":"Diario del Sur Digital","Tiempo de lectura":"3 minutos"},"schema":{"@context":"https:\/\/schema.org","@graph":[{"@type":"Article","@id":"https:\/\/diariodelsurdigital.com.ar\/?p=6572#article","isPartOf":{"@id":"https:\/\/diariodelsurdigital.com.ar\/?p=6572"},"author":{"name":"Diario del Sur Digital","@id":"https:\/\/diariodelsurdigital.com.ar\/#\/schema\/person\/1a4992532ed62965c968031b49195c81"},"headline":"Dengue en Entre R\u00edos: Confirman dos casos importados y detectan la circulaci\u00f3n de una nueva cepa","datePublished":"2026-01-20T13:50:57+00:00","dateModified":"2026-01-20T13:50:58+00:00","mainEntityOfPage":{"@id":"https:\/\/diariodelsurdigital.com.ar\/?p=6572"},"wordCount":423,"commentCount":0,"image":{"@id":"https:\/\/diariodelsurdigital.com.ar\/?p=6572#primaryimage"},"thumbnailUrl":"https:\/\/diariodelsurdigital.com.ar\/wp-content\/uploads\/2026\/01\/md-67.webp","articleSection":["Inter\u00e9s General","Provinciales"],"inLanguage":"es","potentialAction":[{"@type":"CommentAction","name":"Comment","target":["https:\/\/diariodelsurdigital.com.ar\/?p=6572#respond"]}]},{"@type":"WebPage","@id":"https:\/\/diariodelsurdigital.com.ar\/?p=6572","url":"https:\/\/diariodelsurdigital.com.ar\/?p=6572","name":"Dengue en Entre R\u00edos: Confirman dos casos importados y detectan la circulaci\u00f3n de una nueva cepa - Diario del Sur","isPartOf":{"@id":"https:\/\/diariodelsurdigital.com.ar\/#website"},"primaryImageOfPage":{"@id":"https:\/\/diariodelsurdigital.com.ar\/?p=6572#primaryimage"},"image":{"@id":"https:\/\/diariodelsurdigital.com.ar\/?p=6572#primaryimage"},"thumbnailUrl":"https:\/\/diariodelsurdigital.com.ar\/wp-content\/uploads\/2026\/01\/md-67.webp","datePublished":"2026-01-20T13:50:57+00:00","dateModified":"2026-01-20T13:50:58+00:00","author":{"@id":"https:\/\/diariodelsurdigital.com.ar\/#\/schema\/person\/1a4992532ed62965c968031b49195c81"},"breadcrumb":{"@id":"https:\/\/diariodelsurdigital.com.ar\/?p=6572#breadcrumb"},"inLanguage":"es","potentialAction":[{"@type":"ReadAction","target":["https:\/\/diariodelsurdigital.com.ar\/?p=6572"]}]},{"@type":"ImageObject","inLanguage":"es","@id":"https:\/\/diariodelsurdigital.com.ar\/?p=6572#primaryimage","url":"https:\/\/diariodelsurdigital.com.ar\/wp-content\/uploads\/2026\/01\/md-67.webp","contentUrl":"https:\/\/diariodelsurdigital.com.ar\/wp-content\/uploads\/2026\/01\/md-67.webp","width":992,"height":489},{"@type":"BreadcrumbList","@id":"https:\/\/diariodelsurdigital.com.ar\/?p=6572#breadcrumb","itemListElement":[{"@type":"ListItem","position":1,"name":"Portada","item":"https:\/\/diariodelsurdigital.com.ar\/"},{"@type":"ListItem","position":2,"name":"Dengue en Entre R\u00edos: Confirman dos casos importados y detectan la circulaci\u00f3n de una nueva cepa"}]},{"@type":"WebSite","@id":"https:\/\/diariodelsurdigital.com.ar\/#website","url":"https:\/\/diariodelsurdigital.com.ar\/","name":"Diario del Sur","description":"Digital","potentialAction":[{"@type":"SearchAction","target":{"@type":"EntryPoint","urlTemplate":"https:\/\/diariodelsurdigital.com.ar\/?s={search_term_string}"},"query-input":{"@type":"PropertyValueSpecification","valueRequired":true,"valueName":"search_term_string"}}],"inLanguage":"es"},{"@type":"Person","@id":"https:\/\/diariodelsurdigital.com.ar\/#\/schema\/person\/1a4992532ed62965c968031b49195c81","name":"Diario del Sur Digital","image":{"@type":"ImageObject","inLanguage":"es","@id":"https:\/\/secure.gravatar.com\/avatar\/f0c7c47fc7146d19828273b9b8eda651c9c7ab583767e6338d3d3bee825adf76?s=96&d=mm&r=g","url":"https:\/\/secure.gravatar.com\/avatar\/f0c7c47fc7146d19828273b9b8eda651c9c7ab583767e6338d3d3bee825adf76?s=96&d=mm&r=g","contentUrl":"https:\/\/secure.gravatar.com\/avatar\/f0c7c47fc7146d19828273b9b8eda651c9c7ab583767e6338d3d3bee825adf76?s=96&d=mm&r=g","caption":"Diario del Sur Digital"},"url":"https:\/\/diariodelsurdigital.com.ar\/?author=4"}]}},"_links":{"self":[{"href":"https:\/\/diariodelsurdigital.com.ar\/index.php?rest_route=\/wp\/v2\/posts\/6572","targetHints":{"allow":["GET"]}}],"collection":[{"href":"https:\/\/diariodelsurdigital.com.ar\/index.php?rest_route=\/wp\/v2\/posts"}],"about":[{"href":"https:\/\/diariodelsurdigital.com.ar\/index.php?rest_route=\/wp\/v2\/types\/post"}],"author":[{"embeddable":true,"href":"https:\/\/diariodelsurdigital.com.ar\/index.php?rest_route=\/wp\/v2\/users\/4"}],"replies":[{"embeddable":true,"href":"https:\/\/diariodelsurdigital.com.ar\/index.php?rest_route=%2Fwp%2Fv2%2Fcomments&post=6572"}],"version-history":[{"count":1,"href":"https:\/\/diariodelsurdigital.com.ar\/index.php?rest_route=\/wp\/v2\/posts\/6572\/revisions"}],"predecessor-version":[{"id":6574,"href":"https:\/\/diariodelsurdigital.com.ar\/index.php?rest_route=\/wp\/v2\/posts\/6572\/revisions\/6574"}],"wp:featuredmedia":[{"embeddable":true,"href":"https:\/\/diariodelsurdigital.com.ar\/index.php?rest_route=\/wp\/v2\/media\/6573"}],"wp:attachment":[{"href":"https:\/\/diariodelsurdigital.com.ar\/index.php?rest_route=%2Fwp%2Fv2%2Fmedia&parent=6572"}],"wp:term":[{"taxonomy":"category","embeddable":true,"href":"https:\/\/diariodelsurdigital.com.ar\/index.php?rest_route=%2Fwp%2Fv2%2Fcategories&post=6572"},{"taxonomy":"post_tag","embeddable":true,"href":"https:\/\/diariodelsurdigital.com.ar\/index.php?rest_route=%2Fwp%2Fv2%2Ftags&post=6572"}],"curies":[{"name":"wp","href":"https:\/\/api.w.org\/{rel}","templated":true}]}}