{"id":6598,"date":"2026-01-21T14:47:42","date_gmt":"2026-01-21T17:47:42","guid":{"rendered":"https:\/\/diariodelsurdigital.com.ar\/?p=6598"},"modified":"2026-01-21T14:47:43","modified_gmt":"2026-01-21T17:47:43","slug":"exponen-que-en-entre-rios-la-elevada-participacion-del-empleo-publico-mantiene-estable-la-tasa-de-desocupacion","status":"publish","type":"post","link":"https:\/\/diariodelsurdigital.com.ar\/?p=6598","title":{"rendered":"Exponen que en Entre R\u00edos \u201cla elevada participaci\u00f3n del empleo p\u00fablico\u201d mantiene \u201cestable\u201d la tasa de desocupaci\u00f3n"},"content":{"rendered":"\n<p>El Consejo de Empresarios de Entre R\u00edos (CEER) elabor\u00f3 un informe donde analiz\u00f3 las principales variables del mercado laboral provincial, espec\u00edficamente en el empleo privado registrado y el empleo p\u00fablico a partir de datos del INDEC a septiembre de 2025. Concordia registr\u00f3 una ca\u00edda en las tasas de actividad mientras que el Gran Paran\u00e1 mejor\u00f3 tanto en actividad como en empleo. Al mismo mes de 2024, el empleo privado perdi\u00f3 436 trabajadores, mientras que el Estado registr\u00f3 314 agentes menos.<\/p>\n\n\n\n<p><\/p>\n\n\n\n<p>El Instituto de Investigaciones Econ\u00f3micas y Sociales (IIES) del Consejo de Empresarios de Entre R\u00edos elabor\u00f3 un informe que analiz\u00f3 las principales variables del mercado laboral en la provincia, espec\u00edficamente en el empleo privado registrado y el empleo p\u00fablico, a partir de datos a septiembre de 2025.<\/p>\n\n\n\n<p>El informe Monitoreo del empleo en Entre R\u00edos y la Regi\u00f3n Centro, de elaboraci\u00f3n propia en base a datos del Instituto de Estad\u00edsticas y Censo (INDEC), expuso que \u201cen Concordia se registr\u00f3 una ca\u00edda en las tasas de actividad y empleo, junto con un aumento de la desocupaci\u00f3n. En cambio, el Gran Paran\u00e1 evidenci\u00f3 mejoras tanto en la actividad como en el empleo, manteniendo estable la tasa de desocupaci\u00f3n en torno al 5%\u201d.<\/p>\n\n\n\n<p>En el apartado Monitoreo del empleo provincial se se\u00f1al\u00f3 que \u201cen septiembre de 2025, el registro de empleados asalariados privados registrados en Entre R\u00edos fue de 136.575, lo que represent\u00f3 una disminuci\u00f3n interanual del 0,3%, equivalente a 436 trabajadores menos respecto al mismo mes del a\u00f1o anterior\u201d.<\/p>\n\n\n\n<p>Tambi\u00e9n consign\u00f3 que \u201cpor su parte, se alcanzaron los 90.397 empleados p\u00fablicos provinciales, manteni\u00e9ndose pr\u00e1cticamente estable, con una variaci\u00f3n interanual tambi\u00e9n negativa del 0,3%, es decir, 314 agentes menos que en septiembre de 2024. En tanto, el n\u00famero de jubilados y pensionados ascendi\u00f3 a 65.807 beneficiarios, un 2,8% m\u00e1s que el a\u00f1o previo, reflejando una leve expansi\u00f3n del conjunto de personas que dependen del Estado provincial\u201d.<\/p>\n\n\n\n<p>Alta participaci\u00f3n del empleo p\u00fablico<\/p>\n\n\n\n<p>en el \u00edtem Tasa de Empleo de los aglomerados de Entre R\u00edos y la Nacional, se se\u00f1al\u00f3 que \u201clas tasas de desocupaci\u00f3n suelen ser m\u00e1s bajas que el promedio nacional en los aglomerados representativos de Entre R\u00edos, ya que los mismos contienen un alto empleo p\u00fablico, el cual es un fen\u00f3meno menos frecuente que en otros aglomerados. Adem\u00e1s, no se contemplan en ellos, algunas ciudades que se encuentran en la costa del r\u00edo Uruguay que han tenido un gran desarrollo laboral.<\/p>\n\n\n\n<p>Empleo estatal en Entre R\u00edos<\/p>\n\n\n\n<p>Al analizar el empleo estatal en Entre R\u00edos, el informe observ\u00f3 que \u201cla variaci\u00f3n interanual de los empleados p\u00fablicos provinciales a septiembre fue negativa en 0,3%, es decir, 314 empleados menos respecto del mismo mes del a\u00f1o anterior. Sin embargo, se observa una tendencia al mantenimiento de la planta provincial en aproximadamente 90 mil agentes, lo que lleva a una tasa de 62 empleados p\u00fablicos cada 1.000 habitantes. Asimismo, el gasto en personal del Estado provincial ascendi\u00f3 a 180.523 millones de pesos en el mes de septiembre, con un gasto promedio por empleado de $1.997.969\u201d.<\/p>\n\n\n\n<p>Tambi\u00e9n se consign\u00f3 que \u201cal incorporar al an\u00e1lisis, la cantidad de jubilados y pensionados provinciales a septiembre de 2025, la cual refiere a 65.807 beneficiarios (registrando un aumento interanual del 2,8%), se concluye que, un total de casi 156 mil personas, entre activos y pasivos, dependen actualmente del Estado provincial en Entre R\u00edos\u201d.<\/p>\n\n\n\n<p>Principales indicadores del mercado laboral<\/p>\n\n\n\n<p>En el informe se destac\u00f3 que \u201clos principales indicadores del mercado laboral, elaborados a partir de la Encuesta Permanente de Hogares, muestran comportamientos dispares entre los aglomerados de la provincia. En Concordia se registr\u00f3 una ca\u00edda en las tasas de actividad y empleo, junto con un aumento de la desocupaci\u00f3n. En cambio, el Gran Paran\u00e1 evidenci\u00f3 mejoras tanto en la actividad como en el empleo, manteniendo estable la tasa de desocupaci\u00f3n en torno al 5%\u201d. Asimismo se indic\u00f3 que \u201cen ambos casos, los niveles de desempleo contin\u00faan siendo inferiores al promedio nacional, en parte debido a la elevada participaci\u00f3n del empleo p\u00fablico.<\/p>\n\n\n\n<p>Empleo asalariado privado registrado<\/p>\n\n\n\n<p>En cuanto al empleo asalariado privado registrado, desde el CEER indicaron que \u201cse observa un retroceso en septiembre del 2025, al ubicarse en 136.575 trabajadores. Al medir esta cifra por cada 1000 habitantes, el valor alcanza 94 empleados, es decir, un valor inferior al observado en a\u00f1os previos y significativamente menor al de las provincias vecinas de la Regi\u00f3n Centro. Santa Fe y C\u00f3rdoba registran 139 y 132 empleos privados cada mil habitantes, respectivamente\u201d.<\/p>\n\n\n\n<p>As\u00ed, se sostuvo que \u201cpara igualar estos niveles, Entre R\u00edos deber\u00eda incrementar su empleo privado entre un 40% y un 48%, lo que pone de manifiesto la brecha existente en materia de generaci\u00f3n de empleo formal\u201d.<\/p>\n","protected":false},"excerpt":{"rendered":"<p>El Consejo de Empresarios de Entre R\u00edos (CEER) elabor\u00f3 un informe donde analiz\u00f3 las principales variables del mercado laboral provincial, espec\u00edficamente en el empleo privado registrado y el empleo p\u00fablico a partir de datos del INDEC a septiembre de 2025. Concordia registr\u00f3 una ca\u00edda en las tasas de actividad mientras que el Gran Paran\u00e1 mejor\u00f3 [&hellip;]<\/p>\n","protected":false},"author":4,"featured_media":6599,"comment_status":"open","ping_status":"open","sticky":false,"template":"","format":"standard","meta":{"footnotes":""},"categories":[19,17],"tags":[],"class_list":{"0":"post-6598","1":"post","2":"type-post","3":"status-publish","4":"format-standard","5":"has-post-thumbnail","7":"category-interes-general","8":"category-provinciales"},"yoast_head":"<!-- This site is optimized with the Yoast SEO plugin v27.4 - https:\/\/yoast.com\/product\/yoast-seo-wordpress\/ -->\n<title>Exponen que en Entre R\u00edos \u201cla elevada participaci\u00f3n del empleo p\u00fablico\u201d mantiene \u201cestable\u201d la tasa de desocupaci\u00f3n - Diario del Sur<\/title>\n<meta name=\"robots\" content=\"index, follow, max-snippet:-1, max-image-preview:large, max-video-preview:-1\" \/>\n<link rel=\"canonical\" href=\"https:\/\/diariodelsurdigital.com.ar\/?p=6598\" \/>\n<meta property=\"og:locale\" content=\"es_ES\" \/>\n<meta property=\"og:type\" content=\"article\" \/>\n<meta property=\"og:title\" content=\"Exponen que en Entre R\u00edos \u201cla elevada participaci\u00f3n del empleo p\u00fablico\u201d mantiene \u201cestable\u201d la tasa de desocupaci\u00f3n - Diario del Sur\" \/>\n<meta property=\"og:description\" content=\"El Consejo de Empresarios de Entre R\u00edos (CEER) elabor\u00f3 un informe donde analiz\u00f3 las principales variables del mercado laboral provincial, espec\u00edficamente en el empleo privado registrado y el empleo p\u00fablico a partir de datos del INDEC a septiembre de 2025. Concordia registr\u00f3 una ca\u00edda en las tasas de actividad mientras que el Gran Paran\u00e1 mejor\u00f3 [&hellip;]\" \/>\n<meta property=\"og:url\" content=\"https:\/\/diariodelsurdigital.com.ar\/?p=6598\" \/>\n<meta property=\"og:site_name\" content=\"Diario del Sur\" \/>\n<meta property=\"article:published_time\" content=\"2026-01-21T17:47:42+00:00\" \/>\n<meta property=\"article:modified_time\" content=\"2026-01-21T17:47:43+00:00\" \/>\n<meta property=\"og:image\" content=\"https:\/\/diariodelsurdigital.com.ar\/wp-content\/uploads\/2026\/01\/md-71.webp\" \/>\n\t<meta property=\"og:image:width\" content=\"992\" \/>\n\t<meta property=\"og:image:height\" content=\"661\" \/>\n\t<meta property=\"og:image:type\" content=\"image\/webp\" \/>\n<meta name=\"author\" content=\"Diario del Sur Digital\" \/>\n<meta name=\"twitter:card\" content=\"summary_large_image\" \/>\n<meta name=\"twitter:label1\" content=\"Escrito por\" \/>\n\t<meta name=\"twitter:data1\" content=\"Diario del Sur Digital\" \/>\n\t<meta name=\"twitter:label2\" content=\"Tiempo de lectura\" \/>\n\t<meta name=\"twitter:data2\" content=\"4 minutos\" \/>\n<script type=\"application\/ld+json\" class=\"yoast-schema-graph\">{\"@context\":\"https:\\\/\\\/schema.org\",\"@graph\":[{\"@type\":\"Article\",\"@id\":\"https:\\\/\\\/diariodelsurdigital.com.ar\\\/?p=6598#article\",\"isPartOf\":{\"@id\":\"https:\\\/\\\/diariodelsurdigital.com.ar\\\/?p=6598\"},\"author\":{\"name\":\"Diario del Sur Digital\",\"@id\":\"https:\\\/\\\/diariodelsurdigital.com.ar\\\/#\\\/schema\\\/person\\\/1a4992532ed62965c968031b49195c81\"},\"headline\":\"Exponen que en Entre R\u00edos \u201cla elevada participaci\u00f3n del empleo p\u00fablico\u201d mantiene \u201cestable\u201d la tasa de desocupaci\u00f3n\",\"datePublished\":\"2026-01-21T17:47:42+00:00\",\"dateModified\":\"2026-01-21T17:47:43+00:00\",\"mainEntityOfPage\":{\"@id\":\"https:\\\/\\\/diariodelsurdigital.com.ar\\\/?p=6598\"},\"wordCount\":819,\"commentCount\":0,\"image\":{\"@id\":\"https:\\\/\\\/diariodelsurdigital.com.ar\\\/?p=6598#primaryimage\"},\"thumbnailUrl\":\"https:\\\/\\\/diariodelsurdigital.com.ar\\\/wp-content\\\/uploads\\\/2026\\\/01\\\/md-71.webp\",\"articleSection\":[\"Inter\u00e9s General\",\"Provinciales\"],\"inLanguage\":\"es\",\"potentialAction\":[{\"@type\":\"CommentAction\",\"name\":\"Comment\",\"target\":[\"https:\\\/\\\/diariodelsurdigital.com.ar\\\/?p=6598#respond\"]}]},{\"@type\":\"WebPage\",\"@id\":\"https:\\\/\\\/diariodelsurdigital.com.ar\\\/?p=6598\",\"url\":\"https:\\\/\\\/diariodelsurdigital.com.ar\\\/?p=6598\",\"name\":\"Exponen que en Entre R\u00edos \u201cla elevada participaci\u00f3n del empleo p\u00fablico\u201d mantiene \u201cestable\u201d la tasa de desocupaci\u00f3n - Diario del Sur\",\"isPartOf\":{\"@id\":\"https:\\\/\\\/diariodelsurdigital.com.ar\\\/#website\"},\"primaryImageOfPage\":{\"@id\":\"https:\\\/\\\/diariodelsurdigital.com.ar\\\/?p=6598#primaryimage\"},\"image\":{\"@id\":\"https:\\\/\\\/diariodelsurdigital.com.ar\\\/?p=6598#primaryimage\"},\"thumbnailUrl\":\"https:\\\/\\\/diariodelsurdigital.com.ar\\\/wp-content\\\/uploads\\\/2026\\\/01\\\/md-71.webp\",\"datePublished\":\"2026-01-21T17:47:42+00:00\",\"dateModified\":\"2026-01-21T17:47:43+00:00\",\"author\":{\"@id\":\"https:\\\/\\\/diariodelsurdigital.com.ar\\\/#\\\/schema\\\/person\\\/1a4992532ed62965c968031b49195c81\"},\"breadcrumb\":{\"@id\":\"https:\\\/\\\/diariodelsurdigital.com.ar\\\/?p=6598#breadcrumb\"},\"inLanguage\":\"es\",\"potentialAction\":[{\"@type\":\"ReadAction\",\"target\":[\"https:\\\/\\\/diariodelsurdigital.com.ar\\\/?p=6598\"]}]},{\"@type\":\"ImageObject\",\"inLanguage\":\"es\",\"@id\":\"https:\\\/\\\/diariodelsurdigital.com.ar\\\/?p=6598#primaryimage\",\"url\":\"https:\\\/\\\/diariodelsurdigital.com.ar\\\/wp-content\\\/uploads\\\/2026\\\/01\\\/md-71.webp\",\"contentUrl\":\"https:\\\/\\\/diariodelsurdigital.com.ar\\\/wp-content\\\/uploads\\\/2026\\\/01\\\/md-71.webp\",\"width\":992,\"height\":661},{\"@type\":\"BreadcrumbList\",\"@id\":\"https:\\\/\\\/diariodelsurdigital.com.ar\\\/?p=6598#breadcrumb\",\"itemListElement\":[{\"@type\":\"ListItem\",\"position\":1,\"name\":\"Portada\",\"item\":\"https:\\\/\\\/diariodelsurdigital.com.ar\\\/\"},{\"@type\":\"ListItem\",\"position\":2,\"name\":\"Exponen que en Entre R\u00edos \u201cla elevada participaci\u00f3n del empleo p\u00fablico\u201d mantiene \u201cestable\u201d la tasa de desocupaci\u00f3n\"}]},{\"@type\":\"WebSite\",\"@id\":\"https:\\\/\\\/diariodelsurdigital.com.ar\\\/#website\",\"url\":\"https:\\\/\\\/diariodelsurdigital.com.ar\\\/\",\"name\":\"Diario del Sur\",\"description\":\"Digital\",\"potentialAction\":[{\"@type\":\"SearchAction\",\"target\":{\"@type\":\"EntryPoint\",\"urlTemplate\":\"https:\\\/\\\/diariodelsurdigital.com.ar\\\/?s={search_term_string}\"},\"query-input\":{\"@type\":\"PropertyValueSpecification\",\"valueRequired\":true,\"valueName\":\"search_term_string\"}}],\"inLanguage\":\"es\"},{\"@type\":\"Person\",\"@id\":\"https:\\\/\\\/diariodelsurdigital.com.ar\\\/#\\\/schema\\\/person\\\/1a4992532ed62965c968031b49195c81\",\"name\":\"Diario del Sur Digital\",\"image\":{\"@type\":\"ImageObject\",\"inLanguage\":\"es\",\"@id\":\"https:\\\/\\\/secure.gravatar.com\\\/avatar\\\/f0c7c47fc7146d19828273b9b8eda651c9c7ab583767e6338d3d3bee825adf76?s=96&d=mm&r=g\",\"url\":\"https:\\\/\\\/secure.gravatar.com\\\/avatar\\\/f0c7c47fc7146d19828273b9b8eda651c9c7ab583767e6338d3d3bee825adf76?s=96&d=mm&r=g\",\"contentUrl\":\"https:\\\/\\\/secure.gravatar.com\\\/avatar\\\/f0c7c47fc7146d19828273b9b8eda651c9c7ab583767e6338d3d3bee825adf76?s=96&d=mm&r=g\",\"caption\":\"Diario del Sur Digital\"},\"url\":\"https:\\\/\\\/diariodelsurdigital.com.ar\\\/?author=4\"}]}<\/script>\n<!-- \/ Yoast SEO plugin. -->","yoast_head_json":{"title":"Exponen que en Entre R\u00edos \u201cla elevada participaci\u00f3n del empleo p\u00fablico\u201d mantiene \u201cestable\u201d la tasa de desocupaci\u00f3n - Diario del Sur","robots":{"index":"index","follow":"follow","max-snippet":"max-snippet:-1","max-image-preview":"max-image-preview:large","max-video-preview":"max-video-preview:-1"},"canonical":"https:\/\/diariodelsurdigital.com.ar\/?p=6598","og_locale":"es_ES","og_type":"article","og_title":"Exponen que en Entre R\u00edos \u201cla elevada participaci\u00f3n del empleo p\u00fablico\u201d mantiene \u201cestable\u201d la tasa de desocupaci\u00f3n - Diario del Sur","og_description":"El Consejo de Empresarios de Entre R\u00edos (CEER) elabor\u00f3 un informe donde analiz\u00f3 las principales variables del mercado laboral provincial, espec\u00edficamente en el empleo privado registrado y el empleo p\u00fablico a partir de datos del INDEC a septiembre de 2025. Concordia registr\u00f3 una ca\u00edda en las tasas de actividad mientras que el Gran Paran\u00e1 mejor\u00f3 [&hellip;]","og_url":"https:\/\/diariodelsurdigital.com.ar\/?p=6598","og_site_name":"Diario del Sur","article_published_time":"2026-01-21T17:47:42+00:00","article_modified_time":"2026-01-21T17:47:43+00:00","og_image":[{"width":992,"height":661,"url":"https:\/\/diariodelsurdigital.com.ar\/wp-content\/uploads\/2026\/01\/md-71.webp","type":"image\/webp"}],"author":"Diario del Sur Digital","twitter_card":"summary_large_image","twitter_misc":{"Escrito por":"Diario del Sur Digital","Tiempo de lectura":"4 minutos"},"schema":{"@context":"https:\/\/schema.org","@graph":[{"@type":"Article","@id":"https:\/\/diariodelsurdigital.com.ar\/?p=6598#article","isPartOf":{"@id":"https:\/\/diariodelsurdigital.com.ar\/?p=6598"},"author":{"name":"Diario del Sur Digital","@id":"https:\/\/diariodelsurdigital.com.ar\/#\/schema\/person\/1a4992532ed62965c968031b49195c81"},"headline":"Exponen que en Entre R\u00edos \u201cla elevada participaci\u00f3n del empleo p\u00fablico\u201d mantiene \u201cestable\u201d la tasa de desocupaci\u00f3n","datePublished":"2026-01-21T17:47:42+00:00","dateModified":"2026-01-21T17:47:43+00:00","mainEntityOfPage":{"@id":"https:\/\/diariodelsurdigital.com.ar\/?p=6598"},"wordCount":819,"commentCount":0,"image":{"@id":"https:\/\/diariodelsurdigital.com.ar\/?p=6598#primaryimage"},"thumbnailUrl":"https:\/\/diariodelsurdigital.com.ar\/wp-content\/uploads\/2026\/01\/md-71.webp","articleSection":["Inter\u00e9s General","Provinciales"],"inLanguage":"es","potentialAction":[{"@type":"CommentAction","name":"Comment","target":["https:\/\/diariodelsurdigital.com.ar\/?p=6598#respond"]}]},{"@type":"WebPage","@id":"https:\/\/diariodelsurdigital.com.ar\/?p=6598","url":"https:\/\/diariodelsurdigital.com.ar\/?p=6598","name":"Exponen que en Entre R\u00edos \u201cla elevada participaci\u00f3n del empleo p\u00fablico\u201d mantiene \u201cestable\u201d la tasa de desocupaci\u00f3n - Diario del Sur","isPartOf":{"@id":"https:\/\/diariodelsurdigital.com.ar\/#website"},"primaryImageOfPage":{"@id":"https:\/\/diariodelsurdigital.com.ar\/?p=6598#primaryimage"},"image":{"@id":"https:\/\/diariodelsurdigital.com.ar\/?p=6598#primaryimage"},"thumbnailUrl":"https:\/\/diariodelsurdigital.com.ar\/wp-content\/uploads\/2026\/01\/md-71.webp","datePublished":"2026-01-21T17:47:42+00:00","dateModified":"2026-01-21T17:47:43+00:00","author":{"@id":"https:\/\/diariodelsurdigital.com.ar\/#\/schema\/person\/1a4992532ed62965c968031b49195c81"},"breadcrumb":{"@id":"https:\/\/diariodelsurdigital.com.ar\/?p=6598#breadcrumb"},"inLanguage":"es","potentialAction":[{"@type":"ReadAction","target":["https:\/\/diariodelsurdigital.com.ar\/?p=6598"]}]},{"@type":"ImageObject","inLanguage":"es","@id":"https:\/\/diariodelsurdigital.com.ar\/?p=6598#primaryimage","url":"https:\/\/diariodelsurdigital.com.ar\/wp-content\/uploads\/2026\/01\/md-71.webp","contentUrl":"https:\/\/diariodelsurdigital.com.ar\/wp-content\/uploads\/2026\/01\/md-71.webp","width":992,"height":661},{"@type":"BreadcrumbList","@id":"https:\/\/diariodelsurdigital.com.ar\/?p=6598#breadcrumb","itemListElement":[{"@type":"ListItem","position":1,"name":"Portada","item":"https:\/\/diariodelsurdigital.com.ar\/"},{"@type":"ListItem","position":2,"name":"Exponen que en Entre R\u00edos \u201cla elevada participaci\u00f3n del empleo p\u00fablico\u201d mantiene \u201cestable\u201d la tasa de desocupaci\u00f3n"}]},{"@type":"WebSite","@id":"https:\/\/diariodelsurdigital.com.ar\/#website","url":"https:\/\/diariodelsurdigital.com.ar\/","name":"Diario del Sur","description":"Digital","potentialAction":[{"@type":"SearchAction","target":{"@type":"EntryPoint","urlTemplate":"https:\/\/diariodelsurdigital.com.ar\/?s={search_term_string}"},"query-input":{"@type":"PropertyValueSpecification","valueRequired":true,"valueName":"search_term_string"}}],"inLanguage":"es"},{"@type":"Person","@id":"https:\/\/diariodelsurdigital.com.ar\/#\/schema\/person\/1a4992532ed62965c968031b49195c81","name":"Diario del Sur Digital","image":{"@type":"ImageObject","inLanguage":"es","@id":"https:\/\/secure.gravatar.com\/avatar\/f0c7c47fc7146d19828273b9b8eda651c9c7ab583767e6338d3d3bee825adf76?s=96&d=mm&r=g","url":"https:\/\/secure.gravatar.com\/avatar\/f0c7c47fc7146d19828273b9b8eda651c9c7ab583767e6338d3d3bee825adf76?s=96&d=mm&r=g","contentUrl":"https:\/\/secure.gravatar.com\/avatar\/f0c7c47fc7146d19828273b9b8eda651c9c7ab583767e6338d3d3bee825adf76?s=96&d=mm&r=g","caption":"Diario del Sur Digital"},"url":"https:\/\/diariodelsurdigital.com.ar\/?author=4"}]}},"_links":{"self":[{"href":"https:\/\/diariodelsurdigital.com.ar\/index.php?rest_route=\/wp\/v2\/posts\/6598","targetHints":{"allow":["GET"]}}],"collection":[{"href":"https:\/\/diariodelsurdigital.com.ar\/index.php?rest_route=\/wp\/v2\/posts"}],"about":[{"href":"https:\/\/diariodelsurdigital.com.ar\/index.php?rest_route=\/wp\/v2\/types\/post"}],"author":[{"embeddable":true,"href":"https:\/\/diariodelsurdigital.com.ar\/index.php?rest_route=\/wp\/v2\/users\/4"}],"replies":[{"embeddable":true,"href":"https:\/\/diariodelsurdigital.com.ar\/index.php?rest_route=%2Fwp%2Fv2%2Fcomments&post=6598"}],"version-history":[{"count":1,"href":"https:\/\/diariodelsurdigital.com.ar\/index.php?rest_route=\/wp\/v2\/posts\/6598\/revisions"}],"predecessor-version":[{"id":6600,"href":"https:\/\/diariodelsurdigital.com.ar\/index.php?rest_route=\/wp\/v2\/posts\/6598\/revisions\/6600"}],"wp:featuredmedia":[{"embeddable":true,"href":"https:\/\/diariodelsurdigital.com.ar\/index.php?rest_route=\/wp\/v2\/media\/6599"}],"wp:attachment":[{"href":"https:\/\/diariodelsurdigital.com.ar\/index.php?rest_route=%2Fwp%2Fv2%2Fmedia&parent=6598"}],"wp:term":[{"taxonomy":"category","embeddable":true,"href":"https:\/\/diariodelsurdigital.com.ar\/index.php?rest_route=%2Fwp%2Fv2%2Fcategories&post=6598"},{"taxonomy":"post_tag","embeddable":true,"href":"https:\/\/diariodelsurdigital.com.ar\/index.php?rest_route=%2Fwp%2Fv2%2Ftags&post=6598"}],"curies":[{"name":"wp","href":"https:\/\/api.w.org\/{rel}","templated":true}]}}