{"id":6603,"date":"2026-01-22T14:31:55","date_gmt":"2026-01-22T17:31:55","guid":{"rendered":"https:\/\/diariodelsurdigital.com.ar\/?p=6603"},"modified":"2026-01-22T14:31:56","modified_gmt":"2026-01-22T17:31:56","slug":"detienen-a-chelo-lima-por-incumplir-medidas-de-restriccion-relacionadas-con-las-amenazas-al-intendente-de-concordia","status":"publish","type":"post","link":"https:\/\/diariodelsurdigital.com.ar\/?p=6603","title":{"rendered":"Detienen a \u201cChelo\u201d Lima por incumplir medidas de restricci\u00f3n relacionadas con las amenazas al intendente de Concordia"},"content":{"rendered":"\n<p>Fue en un allanamiento por presunto incumplimiento de las medidas judiciales impuestas en una causa por amenazas. El martes la Polic\u00eda allan\u00f3 su vivienda a ra\u00edz de una serie de amenazas de muerte que Lima habr\u00eda proferido contra el intendente de Concordia, Francisco Azcu\u00e9, y funcionarios del gabinete municipal y provincial, y otros vecinos de la zona. Lima, de 61 a\u00f1os, protagoniz\u00f3 a fines de los \u201990 una asonada televisiva que anunciaba el regreso a Argentina de la lucha armada.<\/p>\n\n\n\n<p>La aprehensi\u00f3n de Jos\u00e9 Mar\u00eda \u201cChelo\u201d Lima se concret\u00f3 en un procedimiento durante el mi\u00e9rcoles 21, en el contexto de un allanamiento solicitado por la fiscal Macarena Mondrag\u00f3n y ordenado por la jueza de Garant\u00edas, Gabriela Ser\u00f3. La medida judicial inclu\u00eda, adem\u00e1s, el pedido de captura y detenci\u00f3n de Lima. Habr\u00eda vuelto a amenazar de muerte a uno de los comprendidos en una serie de amenazas a funcionarios y vecinos, entre los que se encuentra el intendente de Concordia, Francisco Azcu\u00e9.<\/p>\n\n\n\n<p>La detenci\u00f3n, seg\u00fan consign\u00f3 Concordia Policiales, se concret\u00f3 porque para Mondrag\u00f3n existen elementos suficientes para considerar que el imputado incumpli\u00f3 las medidas judiciales que la Justicia le hab\u00eda impuesto el martes 20 de enero en una causa por amenazas. As\u00ed, el martes la Polic\u00eda allan\u00f3 su vivienda por la serie de amenazas de muerte que Lima habr\u00eda proferido contra el intendente Francisco Azcu\u00e9, funcionarios del gabinete municipal y provincial, y otros vecinos de la zona.<\/p>\n\n\n\n<p>Pedido de captura<\/p>\n\n\n\n<p>El pedido de captura se emiti\u00f3 luego de que, ese mismo martes, Lima habr\u00eda violado una de las restricciones impuestas por la Justicia respecto de una de las v\u00edctimas, a quien habr\u00eda amenazado nuevamente, esta vez con un cuchillo, e incluso con matarla.<\/p>\n\n\n\n<p>Las denuncias de las v\u00edctimas y los elementos recabados por el personal policial a cargo del comisario, Mario Mattio, fueron considerados suficientes por la fiscal\u00eda para solicitar su captura y detenci\u00f3n, medida que finalmente se concret\u00f3 este mi\u00e9rcoles en un operativo coordinado por el jefe de la Divisi\u00f3n Operaciones, Roberto Barboza, y el jefe Departamental, Jos\u00e9 Mar\u00eda Rosatelli.<\/p>\n\n\n\n<p>Jos\u00e9 Mar\u00eda \u201cChelo\u201d Lima es un hombre de 61 a\u00f1os que fue conocido en la d\u00e9cada del \u201990 y comienzos de los 2000 como referente de movimientos de desocupados. Su nombre tom\u00f3 repercusi\u00f3n nacional en el a\u00f1o 2000 por el episodio conocido como \u201cComando Sabino Navarro\u201d, una puesta en escena difundida por televisi\u00f3n que simulaba la aparici\u00f3n de un grupo insurgente y que fue investigada judicialmente.<\/p>\n","protected":false},"excerpt":{"rendered":"<p>Fue en un allanamiento por presunto incumplimiento de las medidas judiciales impuestas en una causa por amenazas. El martes la Polic\u00eda allan\u00f3 su vivienda a ra\u00edz de una serie de amenazas de muerte que Lima habr\u00eda proferido contra el intendente de Concordia, Francisco Azcu\u00e9, y funcionarios del gabinete municipal y provincial, y otros vecinos de [&hellip;]<\/p>\n","protected":false},"author":4,"featured_media":6604,"comment_status":"open","ping_status":"open","sticky":false,"template":"","format":"standard","meta":{"footnotes":""},"categories":[16,21],"tags":[],"class_list":{"0":"post-6603","1":"post","2":"type-post","3":"status-publish","4":"format-standard","5":"has-post-thumbnail","7":"category-locales","8":"category-policiales"},"yoast_head":"<!-- This site is optimized with the Yoast SEO plugin v27.4 - https:\/\/yoast.com\/product\/yoast-seo-wordpress\/ -->\n<title>Detienen a \u201cChelo\u201d Lima por incumplir medidas de restricci\u00f3n relacionadas con las amenazas al intendente de Concordia - Diario del Sur<\/title>\n<meta name=\"robots\" content=\"index, follow, max-snippet:-1, max-image-preview:large, max-video-preview:-1\" \/>\n<link rel=\"canonical\" href=\"https:\/\/diariodelsurdigital.com.ar\/?p=6603\" \/>\n<meta property=\"og:locale\" content=\"es_ES\" \/>\n<meta property=\"og:type\" content=\"article\" \/>\n<meta property=\"og:title\" content=\"Detienen a \u201cChelo\u201d Lima por incumplir medidas de restricci\u00f3n relacionadas con las amenazas al intendente de Concordia - Diario del Sur\" \/>\n<meta property=\"og:description\" content=\"Fue en un allanamiento por presunto incumplimiento de las medidas judiciales impuestas en una causa por amenazas. El martes la Polic\u00eda allan\u00f3 su vivienda a ra\u00edz de una serie de amenazas de muerte que Lima habr\u00eda proferido contra el intendente de Concordia, Francisco Azcu\u00e9, y funcionarios del gabinete municipal y provincial, y otros vecinos de [&hellip;]\" \/>\n<meta property=\"og:url\" content=\"https:\/\/diariodelsurdigital.com.ar\/?p=6603\" \/>\n<meta property=\"og:site_name\" content=\"Diario del Sur\" \/>\n<meta property=\"article:published_time\" content=\"2026-01-22T17:31:55+00:00\" \/>\n<meta property=\"article:modified_time\" content=\"2026-01-22T17:31:56+00:00\" \/>\n<meta property=\"og:image\" content=\"https:\/\/diariodelsurdigital.com.ar\/wp-content\/uploads\/2026\/01\/md-72.webp\" \/>\n\t<meta property=\"og:image:width\" content=\"992\" \/>\n\t<meta property=\"og:image:height\" content=\"558\" \/>\n\t<meta property=\"og:image:type\" content=\"image\/webp\" \/>\n<meta name=\"author\" content=\"Diario del Sur Digital\" \/>\n<meta name=\"twitter:card\" content=\"summary_large_image\" \/>\n<meta name=\"twitter:label1\" content=\"Escrito por\" \/>\n\t<meta name=\"twitter:data1\" content=\"Diario del Sur Digital\" \/>\n\t<meta name=\"twitter:label2\" content=\"Tiempo de lectura\" \/>\n\t<meta name=\"twitter:data2\" content=\"3 minutos\" \/>\n<script type=\"application\/ld+json\" class=\"yoast-schema-graph\">{\"@context\":\"https:\\\/\\\/schema.org\",\"@graph\":[{\"@type\":\"Article\",\"@id\":\"https:\\\/\\\/diariodelsurdigital.com.ar\\\/?p=6603#article\",\"isPartOf\":{\"@id\":\"https:\\\/\\\/diariodelsurdigital.com.ar\\\/?p=6603\"},\"author\":{\"name\":\"Diario del Sur Digital\",\"@id\":\"https:\\\/\\\/diariodelsurdigital.com.ar\\\/#\\\/schema\\\/person\\\/1a4992532ed62965c968031b49195c81\"},\"headline\":\"Detienen a \u201cChelo\u201d Lima por incumplir medidas de restricci\u00f3n relacionadas con las amenazas al intendente de Concordia\",\"datePublished\":\"2026-01-22T17:31:55+00:00\",\"dateModified\":\"2026-01-22T17:31:56+00:00\",\"mainEntityOfPage\":{\"@id\":\"https:\\\/\\\/diariodelsurdigital.com.ar\\\/?p=6603\"},\"wordCount\":451,\"commentCount\":0,\"image\":{\"@id\":\"https:\\\/\\\/diariodelsurdigital.com.ar\\\/?p=6603#primaryimage\"},\"thumbnailUrl\":\"https:\\\/\\\/diariodelsurdigital.com.ar\\\/wp-content\\\/uploads\\\/2026\\\/01\\\/md-72.webp\",\"articleSection\":[\"Locales\",\"Policiales\"],\"inLanguage\":\"es\",\"potentialAction\":[{\"@type\":\"CommentAction\",\"name\":\"Comment\",\"target\":[\"https:\\\/\\\/diariodelsurdigital.com.ar\\\/?p=6603#respond\"]}]},{\"@type\":\"WebPage\",\"@id\":\"https:\\\/\\\/diariodelsurdigital.com.ar\\\/?p=6603\",\"url\":\"https:\\\/\\\/diariodelsurdigital.com.ar\\\/?p=6603\",\"name\":\"Detienen a \u201cChelo\u201d Lima por incumplir medidas de restricci\u00f3n relacionadas con las amenazas al intendente de Concordia - Diario del Sur\",\"isPartOf\":{\"@id\":\"https:\\\/\\\/diariodelsurdigital.com.ar\\\/#website\"},\"primaryImageOfPage\":{\"@id\":\"https:\\\/\\\/diariodelsurdigital.com.ar\\\/?p=6603#primaryimage\"},\"image\":{\"@id\":\"https:\\\/\\\/diariodelsurdigital.com.ar\\\/?p=6603#primaryimage\"},\"thumbnailUrl\":\"https:\\\/\\\/diariodelsurdigital.com.ar\\\/wp-content\\\/uploads\\\/2026\\\/01\\\/md-72.webp\",\"datePublished\":\"2026-01-22T17:31:55+00:00\",\"dateModified\":\"2026-01-22T17:31:56+00:00\",\"author\":{\"@id\":\"https:\\\/\\\/diariodelsurdigital.com.ar\\\/#\\\/schema\\\/person\\\/1a4992532ed62965c968031b49195c81\"},\"breadcrumb\":{\"@id\":\"https:\\\/\\\/diariodelsurdigital.com.ar\\\/?p=6603#breadcrumb\"},\"inLanguage\":\"es\",\"potentialAction\":[{\"@type\":\"ReadAction\",\"target\":[\"https:\\\/\\\/diariodelsurdigital.com.ar\\\/?p=6603\"]}]},{\"@type\":\"ImageObject\",\"inLanguage\":\"es\",\"@id\":\"https:\\\/\\\/diariodelsurdigital.com.ar\\\/?p=6603#primaryimage\",\"url\":\"https:\\\/\\\/diariodelsurdigital.com.ar\\\/wp-content\\\/uploads\\\/2026\\\/01\\\/md-72.webp\",\"contentUrl\":\"https:\\\/\\\/diariodelsurdigital.com.ar\\\/wp-content\\\/uploads\\\/2026\\\/01\\\/md-72.webp\",\"width\":992,\"height\":558},{\"@type\":\"BreadcrumbList\",\"@id\":\"https:\\\/\\\/diariodelsurdigital.com.ar\\\/?p=6603#breadcrumb\",\"itemListElement\":[{\"@type\":\"ListItem\",\"position\":1,\"name\":\"Portada\",\"item\":\"https:\\\/\\\/diariodelsurdigital.com.ar\\\/\"},{\"@type\":\"ListItem\",\"position\":2,\"name\":\"Detienen a \u201cChelo\u201d Lima por incumplir medidas de restricci\u00f3n relacionadas con las amenazas al intendente de Concordia\"}]},{\"@type\":\"WebSite\",\"@id\":\"https:\\\/\\\/diariodelsurdigital.com.ar\\\/#website\",\"url\":\"https:\\\/\\\/diariodelsurdigital.com.ar\\\/\",\"name\":\"Diario del Sur\",\"description\":\"Digital\",\"potentialAction\":[{\"@type\":\"SearchAction\",\"target\":{\"@type\":\"EntryPoint\",\"urlTemplate\":\"https:\\\/\\\/diariodelsurdigital.com.ar\\\/?s={search_term_string}\"},\"query-input\":{\"@type\":\"PropertyValueSpecification\",\"valueRequired\":true,\"valueName\":\"search_term_string\"}}],\"inLanguage\":\"es\"},{\"@type\":\"Person\",\"@id\":\"https:\\\/\\\/diariodelsurdigital.com.ar\\\/#\\\/schema\\\/person\\\/1a4992532ed62965c968031b49195c81\",\"name\":\"Diario del Sur Digital\",\"image\":{\"@type\":\"ImageObject\",\"inLanguage\":\"es\",\"@id\":\"https:\\\/\\\/secure.gravatar.com\\\/avatar\\\/f0c7c47fc7146d19828273b9b8eda651c9c7ab583767e6338d3d3bee825adf76?s=96&d=mm&r=g\",\"url\":\"https:\\\/\\\/secure.gravatar.com\\\/avatar\\\/f0c7c47fc7146d19828273b9b8eda651c9c7ab583767e6338d3d3bee825adf76?s=96&d=mm&r=g\",\"contentUrl\":\"https:\\\/\\\/secure.gravatar.com\\\/avatar\\\/f0c7c47fc7146d19828273b9b8eda651c9c7ab583767e6338d3d3bee825adf76?s=96&d=mm&r=g\",\"caption\":\"Diario del Sur Digital\"},\"url\":\"https:\\\/\\\/diariodelsurdigital.com.ar\\\/?author=4\"}]}<\/script>\n<!-- \/ Yoast SEO plugin. -->","yoast_head_json":{"title":"Detienen a \u201cChelo\u201d Lima por incumplir medidas de restricci\u00f3n relacionadas con las amenazas al intendente de Concordia - Diario del Sur","robots":{"index":"index","follow":"follow","max-snippet":"max-snippet:-1","max-image-preview":"max-image-preview:large","max-video-preview":"max-video-preview:-1"},"canonical":"https:\/\/diariodelsurdigital.com.ar\/?p=6603","og_locale":"es_ES","og_type":"article","og_title":"Detienen a \u201cChelo\u201d Lima por incumplir medidas de restricci\u00f3n relacionadas con las amenazas al intendente de Concordia - Diario del Sur","og_description":"Fue en un allanamiento por presunto incumplimiento de las medidas judiciales impuestas en una causa por amenazas. El martes la Polic\u00eda allan\u00f3 su vivienda a ra\u00edz de una serie de amenazas de muerte que Lima habr\u00eda proferido contra el intendente de Concordia, Francisco Azcu\u00e9, y funcionarios del gabinete municipal y provincial, y otros vecinos de [&hellip;]","og_url":"https:\/\/diariodelsurdigital.com.ar\/?p=6603","og_site_name":"Diario del Sur","article_published_time":"2026-01-22T17:31:55+00:00","article_modified_time":"2026-01-22T17:31:56+00:00","og_image":[{"width":992,"height":558,"url":"https:\/\/diariodelsurdigital.com.ar\/wp-content\/uploads\/2026\/01\/md-72.webp","type":"image\/webp"}],"author":"Diario del Sur Digital","twitter_card":"summary_large_image","twitter_misc":{"Escrito por":"Diario del Sur Digital","Tiempo de lectura":"3 minutos"},"schema":{"@context":"https:\/\/schema.org","@graph":[{"@type":"Article","@id":"https:\/\/diariodelsurdigital.com.ar\/?p=6603#article","isPartOf":{"@id":"https:\/\/diariodelsurdigital.com.ar\/?p=6603"},"author":{"name":"Diario del Sur Digital","@id":"https:\/\/diariodelsurdigital.com.ar\/#\/schema\/person\/1a4992532ed62965c968031b49195c81"},"headline":"Detienen a \u201cChelo\u201d Lima por incumplir medidas de restricci\u00f3n relacionadas con las amenazas al intendente de Concordia","datePublished":"2026-01-22T17:31:55+00:00","dateModified":"2026-01-22T17:31:56+00:00","mainEntityOfPage":{"@id":"https:\/\/diariodelsurdigital.com.ar\/?p=6603"},"wordCount":451,"commentCount":0,"image":{"@id":"https:\/\/diariodelsurdigital.com.ar\/?p=6603#primaryimage"},"thumbnailUrl":"https:\/\/diariodelsurdigital.com.ar\/wp-content\/uploads\/2026\/01\/md-72.webp","articleSection":["Locales","Policiales"],"inLanguage":"es","potentialAction":[{"@type":"CommentAction","name":"Comment","target":["https:\/\/diariodelsurdigital.com.ar\/?p=6603#respond"]}]},{"@type":"WebPage","@id":"https:\/\/diariodelsurdigital.com.ar\/?p=6603","url":"https:\/\/diariodelsurdigital.com.ar\/?p=6603","name":"Detienen a \u201cChelo\u201d Lima por incumplir medidas de restricci\u00f3n relacionadas con las amenazas al intendente de Concordia - Diario del Sur","isPartOf":{"@id":"https:\/\/diariodelsurdigital.com.ar\/#website"},"primaryImageOfPage":{"@id":"https:\/\/diariodelsurdigital.com.ar\/?p=6603#primaryimage"},"image":{"@id":"https:\/\/diariodelsurdigital.com.ar\/?p=6603#primaryimage"},"thumbnailUrl":"https:\/\/diariodelsurdigital.com.ar\/wp-content\/uploads\/2026\/01\/md-72.webp","datePublished":"2026-01-22T17:31:55+00:00","dateModified":"2026-01-22T17:31:56+00:00","author":{"@id":"https:\/\/diariodelsurdigital.com.ar\/#\/schema\/person\/1a4992532ed62965c968031b49195c81"},"breadcrumb":{"@id":"https:\/\/diariodelsurdigital.com.ar\/?p=6603#breadcrumb"},"inLanguage":"es","potentialAction":[{"@type":"ReadAction","target":["https:\/\/diariodelsurdigital.com.ar\/?p=6603"]}]},{"@type":"ImageObject","inLanguage":"es","@id":"https:\/\/diariodelsurdigital.com.ar\/?p=6603#primaryimage","url":"https:\/\/diariodelsurdigital.com.ar\/wp-content\/uploads\/2026\/01\/md-72.webp","contentUrl":"https:\/\/diariodelsurdigital.com.ar\/wp-content\/uploads\/2026\/01\/md-72.webp","width":992,"height":558},{"@type":"BreadcrumbList","@id":"https:\/\/diariodelsurdigital.com.ar\/?p=6603#breadcrumb","itemListElement":[{"@type":"ListItem","position":1,"name":"Portada","item":"https:\/\/diariodelsurdigital.com.ar\/"},{"@type":"ListItem","position":2,"name":"Detienen a \u201cChelo\u201d Lima por incumplir medidas de restricci\u00f3n relacionadas con las amenazas al intendente de Concordia"}]},{"@type":"WebSite","@id":"https:\/\/diariodelsurdigital.com.ar\/#website","url":"https:\/\/diariodelsurdigital.com.ar\/","name":"Diario del Sur","description":"Digital","potentialAction":[{"@type":"SearchAction","target":{"@type":"EntryPoint","urlTemplate":"https:\/\/diariodelsurdigital.com.ar\/?s={search_term_string}"},"query-input":{"@type":"PropertyValueSpecification","valueRequired":true,"valueName":"search_term_string"}}],"inLanguage":"es"},{"@type":"Person","@id":"https:\/\/diariodelsurdigital.com.ar\/#\/schema\/person\/1a4992532ed62965c968031b49195c81","name":"Diario del Sur Digital","image":{"@type":"ImageObject","inLanguage":"es","@id":"https:\/\/secure.gravatar.com\/avatar\/f0c7c47fc7146d19828273b9b8eda651c9c7ab583767e6338d3d3bee825adf76?s=96&d=mm&r=g","url":"https:\/\/secure.gravatar.com\/avatar\/f0c7c47fc7146d19828273b9b8eda651c9c7ab583767e6338d3d3bee825adf76?s=96&d=mm&r=g","contentUrl":"https:\/\/secure.gravatar.com\/avatar\/f0c7c47fc7146d19828273b9b8eda651c9c7ab583767e6338d3d3bee825adf76?s=96&d=mm&r=g","caption":"Diario del Sur Digital"},"url":"https:\/\/diariodelsurdigital.com.ar\/?author=4"}]}},"_links":{"self":[{"href":"https:\/\/diariodelsurdigital.com.ar\/index.php?rest_route=\/wp\/v2\/posts\/6603","targetHints":{"allow":["GET"]}}],"collection":[{"href":"https:\/\/diariodelsurdigital.com.ar\/index.php?rest_route=\/wp\/v2\/posts"}],"about":[{"href":"https:\/\/diariodelsurdigital.com.ar\/index.php?rest_route=\/wp\/v2\/types\/post"}],"author":[{"embeddable":true,"href":"https:\/\/diariodelsurdigital.com.ar\/index.php?rest_route=\/wp\/v2\/users\/4"}],"replies":[{"embeddable":true,"href":"https:\/\/diariodelsurdigital.com.ar\/index.php?rest_route=%2Fwp%2Fv2%2Fcomments&post=6603"}],"version-history":[{"count":1,"href":"https:\/\/diariodelsurdigital.com.ar\/index.php?rest_route=\/wp\/v2\/posts\/6603\/revisions"}],"predecessor-version":[{"id":6605,"href":"https:\/\/diariodelsurdigital.com.ar\/index.php?rest_route=\/wp\/v2\/posts\/6603\/revisions\/6605"}],"wp:featuredmedia":[{"embeddable":true,"href":"https:\/\/diariodelsurdigital.com.ar\/index.php?rest_route=\/wp\/v2\/media\/6604"}],"wp:attachment":[{"href":"https:\/\/diariodelsurdigital.com.ar\/index.php?rest_route=%2Fwp%2Fv2%2Fmedia&parent=6603"}],"wp:term":[{"taxonomy":"category","embeddable":true,"href":"https:\/\/diariodelsurdigital.com.ar\/index.php?rest_route=%2Fwp%2Fv2%2Fcategories&post=6603"},{"taxonomy":"post_tag","embeddable":true,"href":"https:\/\/diariodelsurdigital.com.ar\/index.php?rest_route=%2Fwp%2Fv2%2Ftags&post=6603"}],"curies":[{"name":"wp","href":"https:\/\/api.w.org\/{rel}","templated":true}]}}