{"id":6606,"date":"2026-01-22T14:34:28","date_gmt":"2026-01-22T17:34:28","guid":{"rendered":"https:\/\/diariodelsurdigital.com.ar\/?p=6606"},"modified":"2026-01-22T14:34:29","modified_gmt":"2026-01-22T17:34:29","slug":"el-presidente-del-pj-repudio-el-hecho-de-espionaje-resulta-inadmisible","status":"publish","type":"post","link":"https:\/\/diariodelsurdigital.com.ar\/?p=6606","title":{"rendered":"El Presidente del PJ repudi\u00f3 el hecho de espionaje: \u201cResulta inadmisible\u201d"},"content":{"rendered":"\n<p>El Presidente del Consejo Provincial del PJ de Entre R\u00edos, Jos\u00e9 C\u00e1ceres, expres\u00f3 su \u201cm\u00e1s en\u00e9rgico repudio al espionaje contra las autoridades democr\u00e1ticas de nuestra provincia\u201d, manifestando que \u201cresulta inadmisible que nuestra vida p\u00fablica sea atravesada por hechos como los denunciados hoy por el gobernador Rogelio Frigerio\u201d.<\/p>\n\n\n\n<p>Luego agreg\u00f3: \u201cLos peronistas en la historia provincial y nacional siempre hemos sido las v\u00edctimas de hechos de esta naturaleza por lo que jam\u00e1s estaremos entre quienes recurren a estas acciones que expresan lo peor de la pol\u00edtica. Los hechos son m\u00e1s preocupantes si consideramos que estamos transitando el tercer a\u00f1o de la gesti\u00f3n provincial actual, la cual realiz\u00f3 controles de seguridad sobre estas cuestiones al inicio de su gobierno\u201d.<\/p>\n\n\n\n<p>\u201cNos solidarizamos con las autoridades y personas afectadas y le pedimos a la Justicia que act\u00fae con celeridad para esclarecer a la brevedad estos hechos que son una afrenta a la Democracia y la convivencia republicana de nuestra provincia\u201d, concluy\u00f3 Jos\u00e9 C\u00e1ceres.<\/p>\n","protected":false},"excerpt":{"rendered":"<p>El Presidente del Consejo Provincial del PJ de Entre R\u00edos, Jos\u00e9 C\u00e1ceres, expres\u00f3 su \u201cm\u00e1s en\u00e9rgico repudio al espionaje contra las autoridades democr\u00e1ticas de nuestra provincia\u201d, manifestando que \u201cresulta inadmisible que nuestra vida p\u00fablica sea atravesada por hechos como los denunciados hoy por el gobernador Rogelio Frigerio\u201d. Luego agreg\u00f3: \u201cLos peronistas en la historia provincial [&hellip;]<\/p>\n","protected":false},"author":4,"featured_media":6607,"comment_status":"open","ping_status":"open","sticky":false,"template":"","format":"standard","meta":{"footnotes":""},"categories":[22,17],"tags":[],"class_list":{"0":"post-6606","1":"post","2":"type-post","3":"status-publish","4":"format-standard","5":"has-post-thumbnail","7":"category-politica","8":"category-provinciales"},"yoast_head":"<!-- This site is optimized with the Yoast SEO plugin v27.4 - https:\/\/yoast.com\/product\/yoast-seo-wordpress\/ -->\n<title>El Presidente del PJ repudi\u00f3 el hecho de espionaje: \u201cResulta inadmisible\u201d - Diario del Sur<\/title>\n<meta name=\"robots\" content=\"index, follow, max-snippet:-1, max-image-preview:large, max-video-preview:-1\" \/>\n<link rel=\"canonical\" href=\"https:\/\/diariodelsurdigital.com.ar\/?p=6606\" \/>\n<meta property=\"og:locale\" content=\"es_ES\" \/>\n<meta property=\"og:type\" content=\"article\" \/>\n<meta property=\"og:title\" content=\"El Presidente del PJ repudi\u00f3 el hecho de espionaje: \u201cResulta inadmisible\u201d - Diario del Sur\" \/>\n<meta property=\"og:description\" content=\"El Presidente del Consejo Provincial del PJ de Entre R\u00edos, Jos\u00e9 C\u00e1ceres, expres\u00f3 su \u201cm\u00e1s en\u00e9rgico repudio al espionaje contra las autoridades democr\u00e1ticas de nuestra provincia\u201d, manifestando que \u201cresulta inadmisible que nuestra vida p\u00fablica sea atravesada por hechos como los denunciados hoy por el gobernador Rogelio Frigerio\u201d. Luego agreg\u00f3: \u201cLos peronistas en la historia provincial [&hellip;]\" \/>\n<meta property=\"og:url\" content=\"https:\/\/diariodelsurdigital.com.ar\/?p=6606\" \/>\n<meta property=\"og:site_name\" content=\"Diario del Sur\" \/>\n<meta property=\"article:published_time\" content=\"2026-01-22T17:34:28+00:00\" \/>\n<meta property=\"article:modified_time\" content=\"2026-01-22T17:34:29+00:00\" \/>\n<meta property=\"og:image\" content=\"https:\/\/diariodelsurdigital.com.ar\/wp-content\/uploads\/2026\/01\/md-73.webp\" \/>\n\t<meta property=\"og:image:width\" content=\"992\" \/>\n\t<meta property=\"og:image:height\" content=\"661\" \/>\n\t<meta property=\"og:image:type\" content=\"image\/webp\" \/>\n<meta name=\"author\" content=\"Diario del Sur Digital\" \/>\n<meta name=\"twitter:card\" content=\"summary_large_image\" \/>\n<meta name=\"twitter:label1\" content=\"Escrito por\" \/>\n\t<meta name=\"twitter:data1\" content=\"Diario del Sur Digital\" \/>\n\t<meta name=\"twitter:label2\" content=\"Tiempo de lectura\" \/>\n\t<meta name=\"twitter:data2\" content=\"1 minuto\" \/>\n<script type=\"application\/ld+json\" class=\"yoast-schema-graph\">{\"@context\":\"https:\\\/\\\/schema.org\",\"@graph\":[{\"@type\":\"Article\",\"@id\":\"https:\\\/\\\/diariodelsurdigital.com.ar\\\/?p=6606#article\",\"isPartOf\":{\"@id\":\"https:\\\/\\\/diariodelsurdigital.com.ar\\\/?p=6606\"},\"author\":{\"name\":\"Diario del Sur Digital\",\"@id\":\"https:\\\/\\\/diariodelsurdigital.com.ar\\\/#\\\/schema\\\/person\\\/1a4992532ed62965c968031b49195c81\"},\"headline\":\"El Presidente del PJ repudi\u00f3 el hecho de espionaje: \u201cResulta inadmisible\u201d\",\"datePublished\":\"2026-01-22T17:34:28+00:00\",\"dateModified\":\"2026-01-22T17:34:29+00:00\",\"mainEntityOfPage\":{\"@id\":\"https:\\\/\\\/diariodelsurdigital.com.ar\\\/?p=6606\"},\"wordCount\":184,\"commentCount\":0,\"image\":{\"@id\":\"https:\\\/\\\/diariodelsurdigital.com.ar\\\/?p=6606#primaryimage\"},\"thumbnailUrl\":\"https:\\\/\\\/diariodelsurdigital.com.ar\\\/wp-content\\\/uploads\\\/2026\\\/01\\\/md-73.webp\",\"articleSection\":[\"Pol\u00edtica\",\"Provinciales\"],\"inLanguage\":\"es\",\"potentialAction\":[{\"@type\":\"CommentAction\",\"name\":\"Comment\",\"target\":[\"https:\\\/\\\/diariodelsurdigital.com.ar\\\/?p=6606#respond\"]}]},{\"@type\":\"WebPage\",\"@id\":\"https:\\\/\\\/diariodelsurdigital.com.ar\\\/?p=6606\",\"url\":\"https:\\\/\\\/diariodelsurdigital.com.ar\\\/?p=6606\",\"name\":\"El Presidente del PJ repudi\u00f3 el hecho de espionaje: \u201cResulta inadmisible\u201d - Diario del Sur\",\"isPartOf\":{\"@id\":\"https:\\\/\\\/diariodelsurdigital.com.ar\\\/#website\"},\"primaryImageOfPage\":{\"@id\":\"https:\\\/\\\/diariodelsurdigital.com.ar\\\/?p=6606#primaryimage\"},\"image\":{\"@id\":\"https:\\\/\\\/diariodelsurdigital.com.ar\\\/?p=6606#primaryimage\"},\"thumbnailUrl\":\"https:\\\/\\\/diariodelsurdigital.com.ar\\\/wp-content\\\/uploads\\\/2026\\\/01\\\/md-73.webp\",\"datePublished\":\"2026-01-22T17:34:28+00:00\",\"dateModified\":\"2026-01-22T17:34:29+00:00\",\"author\":{\"@id\":\"https:\\\/\\\/diariodelsurdigital.com.ar\\\/#\\\/schema\\\/person\\\/1a4992532ed62965c968031b49195c81\"},\"breadcrumb\":{\"@id\":\"https:\\\/\\\/diariodelsurdigital.com.ar\\\/?p=6606#breadcrumb\"},\"inLanguage\":\"es\",\"potentialAction\":[{\"@type\":\"ReadAction\",\"target\":[\"https:\\\/\\\/diariodelsurdigital.com.ar\\\/?p=6606\"]}]},{\"@type\":\"ImageObject\",\"inLanguage\":\"es\",\"@id\":\"https:\\\/\\\/diariodelsurdigital.com.ar\\\/?p=6606#primaryimage\",\"url\":\"https:\\\/\\\/diariodelsurdigital.com.ar\\\/wp-content\\\/uploads\\\/2026\\\/01\\\/md-73.webp\",\"contentUrl\":\"https:\\\/\\\/diariodelsurdigital.com.ar\\\/wp-content\\\/uploads\\\/2026\\\/01\\\/md-73.webp\",\"width\":992,\"height\":661},{\"@type\":\"BreadcrumbList\",\"@id\":\"https:\\\/\\\/diariodelsurdigital.com.ar\\\/?p=6606#breadcrumb\",\"itemListElement\":[{\"@type\":\"ListItem\",\"position\":1,\"name\":\"Portada\",\"item\":\"https:\\\/\\\/diariodelsurdigital.com.ar\\\/\"},{\"@type\":\"ListItem\",\"position\":2,\"name\":\"El Presidente del PJ repudi\u00f3 el hecho de espionaje: \u201cResulta inadmisible\u201d\"}]},{\"@type\":\"WebSite\",\"@id\":\"https:\\\/\\\/diariodelsurdigital.com.ar\\\/#website\",\"url\":\"https:\\\/\\\/diariodelsurdigital.com.ar\\\/\",\"name\":\"Diario del Sur\",\"description\":\"Digital\",\"potentialAction\":[{\"@type\":\"SearchAction\",\"target\":{\"@type\":\"EntryPoint\",\"urlTemplate\":\"https:\\\/\\\/diariodelsurdigital.com.ar\\\/?s={search_term_string}\"},\"query-input\":{\"@type\":\"PropertyValueSpecification\",\"valueRequired\":true,\"valueName\":\"search_term_string\"}}],\"inLanguage\":\"es\"},{\"@type\":\"Person\",\"@id\":\"https:\\\/\\\/diariodelsurdigital.com.ar\\\/#\\\/schema\\\/person\\\/1a4992532ed62965c968031b49195c81\",\"name\":\"Diario del Sur Digital\",\"image\":{\"@type\":\"ImageObject\",\"inLanguage\":\"es\",\"@id\":\"https:\\\/\\\/secure.gravatar.com\\\/avatar\\\/f0c7c47fc7146d19828273b9b8eda651c9c7ab583767e6338d3d3bee825adf76?s=96&d=mm&r=g\",\"url\":\"https:\\\/\\\/secure.gravatar.com\\\/avatar\\\/f0c7c47fc7146d19828273b9b8eda651c9c7ab583767e6338d3d3bee825adf76?s=96&d=mm&r=g\",\"contentUrl\":\"https:\\\/\\\/secure.gravatar.com\\\/avatar\\\/f0c7c47fc7146d19828273b9b8eda651c9c7ab583767e6338d3d3bee825adf76?s=96&d=mm&r=g\",\"caption\":\"Diario del Sur Digital\"},\"url\":\"https:\\\/\\\/diariodelsurdigital.com.ar\\\/?author=4\"}]}<\/script>\n<!-- \/ Yoast SEO plugin. -->","yoast_head_json":{"title":"El Presidente del PJ repudi\u00f3 el hecho de espionaje: \u201cResulta inadmisible\u201d - Diario del Sur","robots":{"index":"index","follow":"follow","max-snippet":"max-snippet:-1","max-image-preview":"max-image-preview:large","max-video-preview":"max-video-preview:-1"},"canonical":"https:\/\/diariodelsurdigital.com.ar\/?p=6606","og_locale":"es_ES","og_type":"article","og_title":"El Presidente del PJ repudi\u00f3 el hecho de espionaje: \u201cResulta inadmisible\u201d - Diario del Sur","og_description":"El Presidente del Consejo Provincial del PJ de Entre R\u00edos, Jos\u00e9 C\u00e1ceres, expres\u00f3 su \u201cm\u00e1s en\u00e9rgico repudio al espionaje contra las autoridades democr\u00e1ticas de nuestra provincia\u201d, manifestando que \u201cresulta inadmisible que nuestra vida p\u00fablica sea atravesada por hechos como los denunciados hoy por el gobernador Rogelio Frigerio\u201d. Luego agreg\u00f3: \u201cLos peronistas en la historia provincial [&hellip;]","og_url":"https:\/\/diariodelsurdigital.com.ar\/?p=6606","og_site_name":"Diario del Sur","article_published_time":"2026-01-22T17:34:28+00:00","article_modified_time":"2026-01-22T17:34:29+00:00","og_image":[{"width":992,"height":661,"url":"https:\/\/diariodelsurdigital.com.ar\/wp-content\/uploads\/2026\/01\/md-73.webp","type":"image\/webp"}],"author":"Diario del Sur Digital","twitter_card":"summary_large_image","twitter_misc":{"Escrito por":"Diario del Sur Digital","Tiempo de lectura":"1 minuto"},"schema":{"@context":"https:\/\/schema.org","@graph":[{"@type":"Article","@id":"https:\/\/diariodelsurdigital.com.ar\/?p=6606#article","isPartOf":{"@id":"https:\/\/diariodelsurdigital.com.ar\/?p=6606"},"author":{"name":"Diario del Sur Digital","@id":"https:\/\/diariodelsurdigital.com.ar\/#\/schema\/person\/1a4992532ed62965c968031b49195c81"},"headline":"El Presidente del PJ repudi\u00f3 el hecho de espionaje: \u201cResulta inadmisible\u201d","datePublished":"2026-01-22T17:34:28+00:00","dateModified":"2026-01-22T17:34:29+00:00","mainEntityOfPage":{"@id":"https:\/\/diariodelsurdigital.com.ar\/?p=6606"},"wordCount":184,"commentCount":0,"image":{"@id":"https:\/\/diariodelsurdigital.com.ar\/?p=6606#primaryimage"},"thumbnailUrl":"https:\/\/diariodelsurdigital.com.ar\/wp-content\/uploads\/2026\/01\/md-73.webp","articleSection":["Pol\u00edtica","Provinciales"],"inLanguage":"es","potentialAction":[{"@type":"CommentAction","name":"Comment","target":["https:\/\/diariodelsurdigital.com.ar\/?p=6606#respond"]}]},{"@type":"WebPage","@id":"https:\/\/diariodelsurdigital.com.ar\/?p=6606","url":"https:\/\/diariodelsurdigital.com.ar\/?p=6606","name":"El Presidente del PJ repudi\u00f3 el hecho de espionaje: \u201cResulta inadmisible\u201d - Diario del Sur","isPartOf":{"@id":"https:\/\/diariodelsurdigital.com.ar\/#website"},"primaryImageOfPage":{"@id":"https:\/\/diariodelsurdigital.com.ar\/?p=6606#primaryimage"},"image":{"@id":"https:\/\/diariodelsurdigital.com.ar\/?p=6606#primaryimage"},"thumbnailUrl":"https:\/\/diariodelsurdigital.com.ar\/wp-content\/uploads\/2026\/01\/md-73.webp","datePublished":"2026-01-22T17:34:28+00:00","dateModified":"2026-01-22T17:34:29+00:00","author":{"@id":"https:\/\/diariodelsurdigital.com.ar\/#\/schema\/person\/1a4992532ed62965c968031b49195c81"},"breadcrumb":{"@id":"https:\/\/diariodelsurdigital.com.ar\/?p=6606#breadcrumb"},"inLanguage":"es","potentialAction":[{"@type":"ReadAction","target":["https:\/\/diariodelsurdigital.com.ar\/?p=6606"]}]},{"@type":"ImageObject","inLanguage":"es","@id":"https:\/\/diariodelsurdigital.com.ar\/?p=6606#primaryimage","url":"https:\/\/diariodelsurdigital.com.ar\/wp-content\/uploads\/2026\/01\/md-73.webp","contentUrl":"https:\/\/diariodelsurdigital.com.ar\/wp-content\/uploads\/2026\/01\/md-73.webp","width":992,"height":661},{"@type":"BreadcrumbList","@id":"https:\/\/diariodelsurdigital.com.ar\/?p=6606#breadcrumb","itemListElement":[{"@type":"ListItem","position":1,"name":"Portada","item":"https:\/\/diariodelsurdigital.com.ar\/"},{"@type":"ListItem","position":2,"name":"El Presidente del PJ repudi\u00f3 el hecho de espionaje: \u201cResulta inadmisible\u201d"}]},{"@type":"WebSite","@id":"https:\/\/diariodelsurdigital.com.ar\/#website","url":"https:\/\/diariodelsurdigital.com.ar\/","name":"Diario del Sur","description":"Digital","potentialAction":[{"@type":"SearchAction","target":{"@type":"EntryPoint","urlTemplate":"https:\/\/diariodelsurdigital.com.ar\/?s={search_term_string}"},"query-input":{"@type":"PropertyValueSpecification","valueRequired":true,"valueName":"search_term_string"}}],"inLanguage":"es"},{"@type":"Person","@id":"https:\/\/diariodelsurdigital.com.ar\/#\/schema\/person\/1a4992532ed62965c968031b49195c81","name":"Diario del Sur Digital","image":{"@type":"ImageObject","inLanguage":"es","@id":"https:\/\/secure.gravatar.com\/avatar\/f0c7c47fc7146d19828273b9b8eda651c9c7ab583767e6338d3d3bee825adf76?s=96&d=mm&r=g","url":"https:\/\/secure.gravatar.com\/avatar\/f0c7c47fc7146d19828273b9b8eda651c9c7ab583767e6338d3d3bee825adf76?s=96&d=mm&r=g","contentUrl":"https:\/\/secure.gravatar.com\/avatar\/f0c7c47fc7146d19828273b9b8eda651c9c7ab583767e6338d3d3bee825adf76?s=96&d=mm&r=g","caption":"Diario del Sur Digital"},"url":"https:\/\/diariodelsurdigital.com.ar\/?author=4"}]}},"_links":{"self":[{"href":"https:\/\/diariodelsurdigital.com.ar\/index.php?rest_route=\/wp\/v2\/posts\/6606","targetHints":{"allow":["GET"]}}],"collection":[{"href":"https:\/\/diariodelsurdigital.com.ar\/index.php?rest_route=\/wp\/v2\/posts"}],"about":[{"href":"https:\/\/diariodelsurdigital.com.ar\/index.php?rest_route=\/wp\/v2\/types\/post"}],"author":[{"embeddable":true,"href":"https:\/\/diariodelsurdigital.com.ar\/index.php?rest_route=\/wp\/v2\/users\/4"}],"replies":[{"embeddable":true,"href":"https:\/\/diariodelsurdigital.com.ar\/index.php?rest_route=%2Fwp%2Fv2%2Fcomments&post=6606"}],"version-history":[{"count":1,"href":"https:\/\/diariodelsurdigital.com.ar\/index.php?rest_route=\/wp\/v2\/posts\/6606\/revisions"}],"predecessor-version":[{"id":6608,"href":"https:\/\/diariodelsurdigital.com.ar\/index.php?rest_route=\/wp\/v2\/posts\/6606\/revisions\/6608"}],"wp:featuredmedia":[{"embeddable":true,"href":"https:\/\/diariodelsurdigital.com.ar\/index.php?rest_route=\/wp\/v2\/media\/6607"}],"wp:attachment":[{"href":"https:\/\/diariodelsurdigital.com.ar\/index.php?rest_route=%2Fwp%2Fv2%2Fmedia&parent=6606"}],"wp:term":[{"taxonomy":"category","embeddable":true,"href":"https:\/\/diariodelsurdigital.com.ar\/index.php?rest_route=%2Fwp%2Fv2%2Fcategories&post=6606"},{"taxonomy":"post_tag","embeddable":true,"href":"https:\/\/diariodelsurdigital.com.ar\/index.php?rest_route=%2Fwp%2Fv2%2Ftags&post=6606"}],"curies":[{"name":"wp","href":"https:\/\/api.w.org\/{rel}","templated":true}]}}