{"id":6615,"date":"2026-01-22T23:32:02","date_gmt":"2026-01-23T02:32:02","guid":{"rendered":"https:\/\/diariodelsurdigital.com.ar\/?p=6615"},"modified":"2026-01-22T23:32:03","modified_gmt":"2026-01-23T02:32:03","slug":"mendieta-le-contesto-a-azcue","status":"publish","type":"post","link":"https:\/\/diariodelsurdigital.com.ar\/?p=6615","title":{"rendered":"Mendieta le contest\u00f3 a Azcu\u00e9"},"content":{"rendered":"\n<h2 class=\"wp-block-heading\" id=\"nota-title\">\u201cM\u00e1s de 2 a\u00f1os despu\u00e9s, la misma excusa: la deuda heredada\u00bb, dijo el ex funcionario de Enrique Cresto al intendente de Concordia.<\/h2>\n\n\n\n<figure class=\"wp-block-image\"><a class=\"open-popup-link big-img\" href=\"https:\/\/www.elentrerios.com\/actualidad\/exfuncionario-respondi-a-azcu-ldquoms-de-2-aos-despus-la-misma-excusa-la-deuda-heredada-y-la-ciudad-esperando-gestinrdquo.htm#galeria-popup\"><img decoding=\"async\" src=\"https:\/\/media.elentrerios.com\/fotos-v2\/2026\/01\/22\/l_1769100708.jpg\" alt=\"\" title=\"\"\/><\/a><\/figure>\n\n\n\n<p><\/p>\n\n\n\n<p>\u201cComo ex Secretario de Obras y Servicios P\u00fablicos de la Municipalidad de Concordia me veo en la obligaci\u00f3n de responder a la reciente publicaci\u00f3n del intendente Francisco Azcu\u00e9 sobre la \u2018deuda heredada\u2019 en d\u00f3lares\u201d, escribi\u00f3 Jorge Mendieta.<a href=\"https:\/\/www.elentrerios.com\/uid-220319\"><\/a><\/p>\n\n\n\n<p>El exfuncionario del gobierno de Enrique Cresto asegur\u00f3 que \u201cel problema no es la deuda: es el relato. Se la presenta como un lastre ajeno para justificar la ineficacia del presente, pero se evita decir lo esencial: ese cr\u00e9dito fue una herramienta para hacer obras, comprar equipamiento y mejorar servicios\u201d.<\/p>\n\n\n\n<p>\u201cLa decisi\u00f3n de acceder a esta financiaci\u00f3n \u2013escribi\u00f3 Mendieta- fue avalada por el Concejo Deliberante en agosto de 2017, mediante la Ordenanza N\u00b0 36.174. La actual viceintendenta, Magdalena Reta de Urquiza, era concejal cuando se aprob\u00f3 y podr\u00eda comentarle al Intendente que esto se debati\u00f3, se explic\u00f3 y se vot\u00f3 por unanimidad en una sesi\u00f3n p\u00fablica. No fue una sorpresa para nadie\u201d.<\/p>\n\n\n\n<p><em>\u201c\u00bfPara qu\u00e9 fue ese cr\u00e9dito? Para atender urgencias de los vecinos y para invertir en infraestructura y bienes de capital\u201d, dijo Mendieta, y puso \u201cejemplos\u201d:<br><br>&#8211; Mario Gatto: desag\u00fces, pavimento e iluminaci\u00f3n para que barrios completos no queden aislados cuando llueve.<br><br>&#8211; Federaci\u00f3n y Vuelta de Obligado: desag\u00fces pluviales y cord\u00f3n cuneta en un sector donde el agua entraba a las viviendas en d\u00edas de lluvia.<br><br>&#8211; Sara Neira: desag\u00fces pluviales, pavimento e iluminaci\u00f3n, adem\u00e1s del entubamiento vinculado a la obra.<br><br>&#8211; Concejal Veiga: redes de agua y cloaca, iluminaci\u00f3n y pavimento, con impacto directo en servicios b\u00e1sicos.<br><br>&#8211; Programa Solidario de Pavimentaci\u00f3n: intervenci\u00f3n de cuadras en distintos barrios para mejorar accesibilidad y transitabilidad.<br><br>&#8211; Recuperaci\u00f3n urbana: obras complementarias de accesibilidad y mejoras barriales (veredas y entornos) en sectores priorizados.<br><br>&#8211; Infraestructura y equipamiento para servicios: compra de camiones. maquinaria, recolectores y barredoras que todav\u00eda se utilizan en la prestaci\u00f3n diaria.<\/em><\/p>\n\n\n\n<p>Seg\u00fan Mendieta, \u201cla lista podr\u00eda ser m\u00e1s extensa a\u00fan\u2026 Porque todo esto es parte de la historia real de una gesti\u00f3n que mejor\u00f3 servicios y calidad de vida, ejecut\u00f3 obras y gobern\u00f3 para todos los concordienses\u201d.<\/p>\n\n\n\n<p>En tono cr\u00edtico hacia Azcu\u00e9, el exsecretario consider\u00f3 que \u201cconducir un municipio es mucho m\u00e1s que publicar fotos retocadas, salir corriendo a los tribunales ante cualquier conflicto y repartir culpas eternamente. Gobernar es hacerse cargo: mostrar ejecuci\u00f3n, obras terminadas, servicios que mejoran\u201d.<\/p>\n\n\n\n<p>\u201cPorque mientras en las redes sociales se anuncian inversiones \u2018hist\u00f3ricas\u2019, en la vida cotidiana la ciudad se deteriora: calles rotas, barrios desatendidos, espacios p\u00fablicos descuidados, equipamiento urbano venido abajo y familias que esperan respuestas\u201d, describi\u00f3 Mendieta.<\/p>\n\n\n\n<p>Por \u00faltimo, el exfuncionario le habl\u00f3 directamente a Francisco Azcu\u00e9: \u201cSe\u00f1or Intendente, ya van m\u00e1s de dos a\u00f1os de gesti\u00f3n y es hora de mostrar para qu\u00e9 quiso ser electo. Concordia no necesita un gobierno intolerante a la cr\u00edtica constructiva y enamorado del aplauso propio: necesita un gobierno que escuche, corrija y haga. Porque la deuda m\u00e1s pesada no es un cr\u00e9dito, es la de las promesas incumplidas y los resultados que no llegan\u201d.<\/p>\n","protected":false},"excerpt":{"rendered":"<p>\u201cM\u00e1s de 2 a\u00f1os despu\u00e9s, la misma excusa: la deuda heredada\u00bb, dijo el ex funcionario de Enrique Cresto al intendente de Concordia. \u201cComo ex Secretario de Obras y Servicios P\u00fablicos de la Municipalidad de Concordia me veo en la obligaci\u00f3n de responder a la reciente publicaci\u00f3n del intendente Francisco Azcu\u00e9 sobre la \u2018deuda heredada\u2019 en [&hellip;]<\/p>\n","protected":false},"author":2,"featured_media":6616,"comment_status":"open","ping_status":"open","sticky":false,"template":"","format":"standard","meta":{"footnotes":""},"categories":[19,16],"tags":[],"class_list":{"0":"post-6615","1":"post","2":"type-post","3":"status-publish","4":"format-standard","5":"has-post-thumbnail","7":"category-interes-general","8":"category-locales"},"yoast_head":"<!-- This site is optimized with the Yoast SEO plugin v27.4 - https:\/\/yoast.com\/product\/yoast-seo-wordpress\/ -->\n<title>Mendieta le contest\u00f3 a Azcu\u00e9 - Diario del Sur<\/title>\n<meta name=\"robots\" content=\"index, follow, max-snippet:-1, max-image-preview:large, max-video-preview:-1\" \/>\n<link rel=\"canonical\" href=\"https:\/\/diariodelsurdigital.com.ar\/?p=6615\" \/>\n<meta property=\"og:locale\" content=\"es_ES\" \/>\n<meta property=\"og:type\" content=\"article\" \/>\n<meta property=\"og:title\" content=\"Mendieta le contest\u00f3 a Azcu\u00e9 - Diario del Sur\" \/>\n<meta property=\"og:description\" content=\"\u201cM\u00e1s de 2 a\u00f1os despu\u00e9s, la misma excusa: la deuda heredada\u00bb, dijo el ex funcionario de Enrique Cresto al intendente de Concordia. \u201cComo ex Secretario de Obras y Servicios P\u00fablicos de la Municipalidad de Concordia me veo en la obligaci\u00f3n de responder a la reciente publicaci\u00f3n del intendente Francisco Azcu\u00e9 sobre la \u2018deuda heredada\u2019 en [&hellip;]\" \/>\n<meta property=\"og:url\" content=\"https:\/\/diariodelsurdigital.com.ar\/?p=6615\" \/>\n<meta property=\"og:site_name\" content=\"Diario del Sur\" \/>\n<meta property=\"article:published_time\" content=\"2026-01-23T02:32:02+00:00\" \/>\n<meta property=\"article:modified_time\" content=\"2026-01-23T02:32:03+00:00\" \/>\n<meta property=\"og:image\" content=\"https:\/\/diariodelsurdigital.com.ar\/wp-content\/uploads\/2026\/01\/D_3eY07WwAA9i0P.jpg\" \/>\n\t<meta property=\"og:image:width\" content=\"424\" \/>\n\t<meta property=\"og:image:height\" content=\"276\" \/>\n\t<meta property=\"og:image:type\" content=\"image\/jpeg\" \/>\n<meta name=\"author\" content=\"Diario del Sur Digital\" \/>\n<meta name=\"twitter:card\" content=\"summary_large_image\" \/>\n<meta name=\"twitter:label1\" content=\"Escrito por\" \/>\n\t<meta name=\"twitter:data1\" content=\"Diario del Sur Digital\" \/>\n\t<meta name=\"twitter:label2\" content=\"Tiempo de lectura\" \/>\n\t<meta name=\"twitter:data2\" content=\"3 minutos\" \/>\n<script type=\"application\/ld+json\" class=\"yoast-schema-graph\">{\"@context\":\"https:\\\/\\\/schema.org\",\"@graph\":[{\"@type\":\"Article\",\"@id\":\"https:\\\/\\\/diariodelsurdigital.com.ar\\\/?p=6615#article\",\"isPartOf\":{\"@id\":\"https:\\\/\\\/diariodelsurdigital.com.ar\\\/?p=6615\"},\"author\":{\"name\":\"Diario del Sur Digital\",\"@id\":\"https:\\\/\\\/diariodelsurdigital.com.ar\\\/#\\\/schema\\\/person\\\/6136a32571657f7dba980b88b04c5465\"},\"headline\":\"Mendieta le contest\u00f3 a Azcu\u00e9\",\"datePublished\":\"2026-01-23T02:32:02+00:00\",\"dateModified\":\"2026-01-23T02:32:03+00:00\",\"mainEntityOfPage\":{\"@id\":\"https:\\\/\\\/diariodelsurdigital.com.ar\\\/?p=6615\"},\"wordCount\":559,\"commentCount\":0,\"image\":{\"@id\":\"https:\\\/\\\/diariodelsurdigital.com.ar\\\/?p=6615#primaryimage\"},\"thumbnailUrl\":\"https:\\\/\\\/diariodelsurdigital.com.ar\\\/wp-content\\\/uploads\\\/2026\\\/01\\\/D_3eY07WwAA9i0P.jpg\",\"articleSection\":[\"Inter\u00e9s General\",\"Locales\"],\"inLanguage\":\"es\",\"potentialAction\":[{\"@type\":\"CommentAction\",\"name\":\"Comment\",\"target\":[\"https:\\\/\\\/diariodelsurdigital.com.ar\\\/?p=6615#respond\"]}]},{\"@type\":\"WebPage\",\"@id\":\"https:\\\/\\\/diariodelsurdigital.com.ar\\\/?p=6615\",\"url\":\"https:\\\/\\\/diariodelsurdigital.com.ar\\\/?p=6615\",\"name\":\"Mendieta le contest\u00f3 a Azcu\u00e9 - Diario del Sur\",\"isPartOf\":{\"@id\":\"https:\\\/\\\/diariodelsurdigital.com.ar\\\/#website\"},\"primaryImageOfPage\":{\"@id\":\"https:\\\/\\\/diariodelsurdigital.com.ar\\\/?p=6615#primaryimage\"},\"image\":{\"@id\":\"https:\\\/\\\/diariodelsurdigital.com.ar\\\/?p=6615#primaryimage\"},\"thumbnailUrl\":\"https:\\\/\\\/diariodelsurdigital.com.ar\\\/wp-content\\\/uploads\\\/2026\\\/01\\\/D_3eY07WwAA9i0P.jpg\",\"datePublished\":\"2026-01-23T02:32:02+00:00\",\"dateModified\":\"2026-01-23T02:32:03+00:00\",\"author\":{\"@id\":\"https:\\\/\\\/diariodelsurdigital.com.ar\\\/#\\\/schema\\\/person\\\/6136a32571657f7dba980b88b04c5465\"},\"breadcrumb\":{\"@id\":\"https:\\\/\\\/diariodelsurdigital.com.ar\\\/?p=6615#breadcrumb\"},\"inLanguage\":\"es\",\"potentialAction\":[{\"@type\":\"ReadAction\",\"target\":[\"https:\\\/\\\/diariodelsurdigital.com.ar\\\/?p=6615\"]}]},{\"@type\":\"ImageObject\",\"inLanguage\":\"es\",\"@id\":\"https:\\\/\\\/diariodelsurdigital.com.ar\\\/?p=6615#primaryimage\",\"url\":\"https:\\\/\\\/diariodelsurdigital.com.ar\\\/wp-content\\\/uploads\\\/2026\\\/01\\\/D_3eY07WwAA9i0P.jpg\",\"contentUrl\":\"https:\\\/\\\/diariodelsurdigital.com.ar\\\/wp-content\\\/uploads\\\/2026\\\/01\\\/D_3eY07WwAA9i0P.jpg\",\"width\":424,\"height\":276},{\"@type\":\"BreadcrumbList\",\"@id\":\"https:\\\/\\\/diariodelsurdigital.com.ar\\\/?p=6615#breadcrumb\",\"itemListElement\":[{\"@type\":\"ListItem\",\"position\":1,\"name\":\"Portada\",\"item\":\"https:\\\/\\\/diariodelsurdigital.com.ar\\\/\"},{\"@type\":\"ListItem\",\"position\":2,\"name\":\"Mendieta le contest\u00f3 a Azcu\u00e9\"}]},{\"@type\":\"WebSite\",\"@id\":\"https:\\\/\\\/diariodelsurdigital.com.ar\\\/#website\",\"url\":\"https:\\\/\\\/diariodelsurdigital.com.ar\\\/\",\"name\":\"Diario del Sur\",\"description\":\"Digital\",\"potentialAction\":[{\"@type\":\"SearchAction\",\"target\":{\"@type\":\"EntryPoint\",\"urlTemplate\":\"https:\\\/\\\/diariodelsurdigital.com.ar\\\/?s={search_term_string}\"},\"query-input\":{\"@type\":\"PropertyValueSpecification\",\"valueRequired\":true,\"valueName\":\"search_term_string\"}}],\"inLanguage\":\"es\"},{\"@type\":\"Person\",\"@id\":\"https:\\\/\\\/diariodelsurdigital.com.ar\\\/#\\\/schema\\\/person\\\/6136a32571657f7dba980b88b04c5465\",\"name\":\"Diario del Sur Digital\",\"image\":{\"@type\":\"ImageObject\",\"inLanguage\":\"es\",\"@id\":\"https:\\\/\\\/secure.gravatar.com\\\/avatar\\\/4c29ceac98541dd42460b2474aaa5dd37594d6ce6cb3cf2c101d09b48ee287ba?s=96&d=mm&r=g\",\"url\":\"https:\\\/\\\/secure.gravatar.com\\\/avatar\\\/4c29ceac98541dd42460b2474aaa5dd37594d6ce6cb3cf2c101d09b48ee287ba?s=96&d=mm&r=g\",\"contentUrl\":\"https:\\\/\\\/secure.gravatar.com\\\/avatar\\\/4c29ceac98541dd42460b2474aaa5dd37594d6ce6cb3cf2c101d09b48ee287ba?s=96&d=mm&r=g\",\"caption\":\"Diario del Sur Digital\"},\"url\":\"https:\\\/\\\/diariodelsurdigital.com.ar\\\/?author=2\"}]}<\/script>\n<!-- \/ Yoast SEO plugin. -->","yoast_head_json":{"title":"Mendieta le contest\u00f3 a Azcu\u00e9 - Diario del Sur","robots":{"index":"index","follow":"follow","max-snippet":"max-snippet:-1","max-image-preview":"max-image-preview:large","max-video-preview":"max-video-preview:-1"},"canonical":"https:\/\/diariodelsurdigital.com.ar\/?p=6615","og_locale":"es_ES","og_type":"article","og_title":"Mendieta le contest\u00f3 a Azcu\u00e9 - Diario del Sur","og_description":"\u201cM\u00e1s de 2 a\u00f1os despu\u00e9s, la misma excusa: la deuda heredada\u00bb, dijo el ex funcionario de Enrique Cresto al intendente de Concordia. \u201cComo ex Secretario de Obras y Servicios P\u00fablicos de la Municipalidad de Concordia me veo en la obligaci\u00f3n de responder a la reciente publicaci\u00f3n del intendente Francisco Azcu\u00e9 sobre la \u2018deuda heredada\u2019 en [&hellip;]","og_url":"https:\/\/diariodelsurdigital.com.ar\/?p=6615","og_site_name":"Diario del Sur","article_published_time":"2026-01-23T02:32:02+00:00","article_modified_time":"2026-01-23T02:32:03+00:00","og_image":[{"width":424,"height":276,"url":"https:\/\/diariodelsurdigital.com.ar\/wp-content\/uploads\/2026\/01\/D_3eY07WwAA9i0P.jpg","type":"image\/jpeg"}],"author":"Diario del Sur Digital","twitter_card":"summary_large_image","twitter_misc":{"Escrito por":"Diario del Sur Digital","Tiempo de lectura":"3 minutos"},"schema":{"@context":"https:\/\/schema.org","@graph":[{"@type":"Article","@id":"https:\/\/diariodelsurdigital.com.ar\/?p=6615#article","isPartOf":{"@id":"https:\/\/diariodelsurdigital.com.ar\/?p=6615"},"author":{"name":"Diario del Sur Digital","@id":"https:\/\/diariodelsurdigital.com.ar\/#\/schema\/person\/6136a32571657f7dba980b88b04c5465"},"headline":"Mendieta le contest\u00f3 a Azcu\u00e9","datePublished":"2026-01-23T02:32:02+00:00","dateModified":"2026-01-23T02:32:03+00:00","mainEntityOfPage":{"@id":"https:\/\/diariodelsurdigital.com.ar\/?p=6615"},"wordCount":559,"commentCount":0,"image":{"@id":"https:\/\/diariodelsurdigital.com.ar\/?p=6615#primaryimage"},"thumbnailUrl":"https:\/\/diariodelsurdigital.com.ar\/wp-content\/uploads\/2026\/01\/D_3eY07WwAA9i0P.jpg","articleSection":["Inter\u00e9s General","Locales"],"inLanguage":"es","potentialAction":[{"@type":"CommentAction","name":"Comment","target":["https:\/\/diariodelsurdigital.com.ar\/?p=6615#respond"]}]},{"@type":"WebPage","@id":"https:\/\/diariodelsurdigital.com.ar\/?p=6615","url":"https:\/\/diariodelsurdigital.com.ar\/?p=6615","name":"Mendieta le contest\u00f3 a Azcu\u00e9 - Diario del Sur","isPartOf":{"@id":"https:\/\/diariodelsurdigital.com.ar\/#website"},"primaryImageOfPage":{"@id":"https:\/\/diariodelsurdigital.com.ar\/?p=6615#primaryimage"},"image":{"@id":"https:\/\/diariodelsurdigital.com.ar\/?p=6615#primaryimage"},"thumbnailUrl":"https:\/\/diariodelsurdigital.com.ar\/wp-content\/uploads\/2026\/01\/D_3eY07WwAA9i0P.jpg","datePublished":"2026-01-23T02:32:02+00:00","dateModified":"2026-01-23T02:32:03+00:00","author":{"@id":"https:\/\/diariodelsurdigital.com.ar\/#\/schema\/person\/6136a32571657f7dba980b88b04c5465"},"breadcrumb":{"@id":"https:\/\/diariodelsurdigital.com.ar\/?p=6615#breadcrumb"},"inLanguage":"es","potentialAction":[{"@type":"ReadAction","target":["https:\/\/diariodelsurdigital.com.ar\/?p=6615"]}]},{"@type":"ImageObject","inLanguage":"es","@id":"https:\/\/diariodelsurdigital.com.ar\/?p=6615#primaryimage","url":"https:\/\/diariodelsurdigital.com.ar\/wp-content\/uploads\/2026\/01\/D_3eY07WwAA9i0P.jpg","contentUrl":"https:\/\/diariodelsurdigital.com.ar\/wp-content\/uploads\/2026\/01\/D_3eY07WwAA9i0P.jpg","width":424,"height":276},{"@type":"BreadcrumbList","@id":"https:\/\/diariodelsurdigital.com.ar\/?p=6615#breadcrumb","itemListElement":[{"@type":"ListItem","position":1,"name":"Portada","item":"https:\/\/diariodelsurdigital.com.ar\/"},{"@type":"ListItem","position":2,"name":"Mendieta le contest\u00f3 a Azcu\u00e9"}]},{"@type":"WebSite","@id":"https:\/\/diariodelsurdigital.com.ar\/#website","url":"https:\/\/diariodelsurdigital.com.ar\/","name":"Diario del Sur","description":"Digital","potentialAction":[{"@type":"SearchAction","target":{"@type":"EntryPoint","urlTemplate":"https:\/\/diariodelsurdigital.com.ar\/?s={search_term_string}"},"query-input":{"@type":"PropertyValueSpecification","valueRequired":true,"valueName":"search_term_string"}}],"inLanguage":"es"},{"@type":"Person","@id":"https:\/\/diariodelsurdigital.com.ar\/#\/schema\/person\/6136a32571657f7dba980b88b04c5465","name":"Diario del Sur Digital","image":{"@type":"ImageObject","inLanguage":"es","@id":"https:\/\/secure.gravatar.com\/avatar\/4c29ceac98541dd42460b2474aaa5dd37594d6ce6cb3cf2c101d09b48ee287ba?s=96&d=mm&r=g","url":"https:\/\/secure.gravatar.com\/avatar\/4c29ceac98541dd42460b2474aaa5dd37594d6ce6cb3cf2c101d09b48ee287ba?s=96&d=mm&r=g","contentUrl":"https:\/\/secure.gravatar.com\/avatar\/4c29ceac98541dd42460b2474aaa5dd37594d6ce6cb3cf2c101d09b48ee287ba?s=96&d=mm&r=g","caption":"Diario del Sur Digital"},"url":"https:\/\/diariodelsurdigital.com.ar\/?author=2"}]}},"_links":{"self":[{"href":"https:\/\/diariodelsurdigital.com.ar\/index.php?rest_route=\/wp\/v2\/posts\/6615","targetHints":{"allow":["GET"]}}],"collection":[{"href":"https:\/\/diariodelsurdigital.com.ar\/index.php?rest_route=\/wp\/v2\/posts"}],"about":[{"href":"https:\/\/diariodelsurdigital.com.ar\/index.php?rest_route=\/wp\/v2\/types\/post"}],"author":[{"embeddable":true,"href":"https:\/\/diariodelsurdigital.com.ar\/index.php?rest_route=\/wp\/v2\/users\/2"}],"replies":[{"embeddable":true,"href":"https:\/\/diariodelsurdigital.com.ar\/index.php?rest_route=%2Fwp%2Fv2%2Fcomments&post=6615"}],"version-history":[{"count":1,"href":"https:\/\/diariodelsurdigital.com.ar\/index.php?rest_route=\/wp\/v2\/posts\/6615\/revisions"}],"predecessor-version":[{"id":6617,"href":"https:\/\/diariodelsurdigital.com.ar\/index.php?rest_route=\/wp\/v2\/posts\/6615\/revisions\/6617"}],"wp:featuredmedia":[{"embeddable":true,"href":"https:\/\/diariodelsurdigital.com.ar\/index.php?rest_route=\/wp\/v2\/media\/6616"}],"wp:attachment":[{"href":"https:\/\/diariodelsurdigital.com.ar\/index.php?rest_route=%2Fwp%2Fv2%2Fmedia&parent=6615"}],"wp:term":[{"taxonomy":"category","embeddable":true,"href":"https:\/\/diariodelsurdigital.com.ar\/index.php?rest_route=%2Fwp%2Fv2%2Fcategories&post=6615"},{"taxonomy":"post_tag","embeddable":true,"href":"https:\/\/diariodelsurdigital.com.ar\/index.php?rest_route=%2Fwp%2Fv2%2Ftags&post=6615"}],"curies":[{"name":"wp","href":"https:\/\/api.w.org\/{rel}","templated":true}]}}