{"id":6621,"date":"2026-01-23T10:00:31","date_gmt":"2026-01-23T13:00:31","guid":{"rendered":"https:\/\/diariodelsurdigital.com.ar\/?p=6621"},"modified":"2026-01-23T10:00:32","modified_gmt":"2026-01-23T13:00:32","slug":"informe-expone-que-el-desempleo-es-consecuencia-directa-de-un-esquema-de-politica-economica-anti-produccion","status":"publish","type":"post","link":"https:\/\/diariodelsurdigital.com.ar\/?p=6621","title":{"rendered":"Informe expone que el desempleo \u201ces consecuencia directa de un esquema de pol\u00edtica econ\u00f3mica\u201d anti producci\u00f3n"},"content":{"rendered":"\n<p>El contador y ex funcionario provincial, \u00c1lvaro Gab\u00e1s, realiz\u00f3 un informe de los dos a\u00f1os de gesti\u00f3n de La Libertad Avanza (LLA). Se bas\u00f3 en datos de la Superintendencia de Riesgos del Trabajo, ADIMRA y la C\u00e1mara Industrial Argentina de la Indumentaria. Se\u00f1al\u00f3 que las pol\u00edticas econ\u00f3micas de Javier Milei no se tradujeron en hechos concretos como la recuperaci\u00f3n del tejido productivo sino que deriv\u00f3 en p\u00e9rdida de puestos de trabajo, destrucci\u00f3n de empresas y desindustrializaci\u00f3n.<\/p>\n\n\n\n<p><\/p>\n\n\n\n<p>El contador y ex funcionario provincial, \u00c1lvaro Gab\u00e1s, realiz\u00f3 un informe basado en datos de la Superintendencia de Riesgos del Trabajo, ADIMRA y la C\u00e1mara Industrial Argentina de la Indumentaria, de los dos a\u00f1os de gesti\u00f3n de La Libertad Avanza (LLA). Se\u00f1al\u00f3 que las pol\u00edticas econ\u00f3micas de Javier Milei no se tradujeron en hechos concretos como la recuperaci\u00f3n del tejido productivo sino que deriv\u00f3 en p\u00e9rdida de puestos de trabajo, destrucci\u00f3n de empresas y desindustrializaci\u00f3n.<\/p>\n\n\n\n<p>El informe expuso que \u201cla p\u00e9rdida de 21.046 empleadores y m\u00e1s de 270.000 puestos de trabajo registrados entre 2023 y 2025 (datos de la Superintendencia de Riesgos del Trabajo), no constituye un efecto colateral transitorio del ajuste, sino la consecuencia directa de un esquema de pol\u00edtica econ\u00f3mica que prescinde deliberadamente de instrumentos de desarrollo productivo\u201d.<\/p>\n\n\n\n<p>Tambi\u00e9n exhibi\u00f3 que \u201cla evidencia muestra que el impacto se concentr\u00f3 en las peque\u00f1as y medianas empresas, responsables hist\u00f3ricas de la mayor parte del empleo formal, configurando un proceso de vaciamiento del n\u00facleo productivo nacional\u201d entre otros conceptos que desarroll\u00f3 basado en n\u00fameros oficiales.<\/p>\n\n\n\n<p>A continuaci\u00f3n el informe completo:<\/p>\n\n\n\n<p>\u201cEra Milei: la industria nacional en estado cr\u00edtico y ya se destruyeron 270.000 puestos de trabajo\u201d.<\/p>\n\n\n\n<p>*Mg. Cr. \u00c1lvaro Gab\u00e1s<\/p>\n\n\n\n<p>El desempe\u00f1o macroecon\u00f3mico registrado durante los primeros dos a\u00f1os del gobierno de Javier Milei \u2014reflejado en el crecimiento del PBI, el super\u00e1vit fiscal y ciertos indicadores de actividad\u2014 no solo no se tradujo en una recuperaci\u00f3n del tejido productivo, sino que coexisti\u00f3 con un proceso acelerado de destrucci\u00f3n de empresas, empleo y capacidades industriales.<\/p>\n\n\n\n<p>La p\u00e9rdida de 21.046 empleadores y m\u00e1s de 270.000 puestos de trabajo registrados entre 2023 y 2025 (datos de la Superintendencia de Riesgos del Trabajo), no constituye un efecto colateral transitorio del ajuste, sino la consecuencia directa de un esquema de pol\u00edtica econ\u00f3mica que prescinde deliberadamente de instrumentos de desarrollo productivo. La evidencia muestra que el impacto se concentr\u00f3 en las peque\u00f1as y medianas empresas, responsables hist\u00f3ricas de la mayor parte del empleo formal, configurando un proceso de vaciamiento del n\u00facleo productivo nacional.<\/p>\n\n\n\n<p>La combinaci\u00f3n de:<\/p>\n\n\n\n<p>Apertura comercial indiscriminada,<br>Apreciaci\u00f3n cambiaria persistente,<br>Tasas de inter\u00e9s reales elevadas,<br>Retiro del Estado como actor coordinador del desarrollo gener\u00f3 un entorno macro hostil para la producci\u00f3n local, particularmente en sectores intensivos en trabajo y con encadenamientos industriales relevantes.<\/p>\n\n\n\n<p>Este fen\u00f3meno impact\u00f3 de manera desproporcionada sobre las peque\u00f1as y medianas empresas:<\/p>\n\n\n\n<p>El 99,63% de las bajas correspondi\u00f3 a empleadores con hasta 500 trabajadores (20.969 empresas).<br>Solo el 0,37% correspondi\u00f3 a empresas de m\u00e1s de 500 trabajadores (77 casos).<br>Este dato confirma que el ajuste productivo se concentr\u00f3 en el n\u00facleo del empleo privado formal.<\/p>\n\n\n\n<p>El sector textil fue uno de los m\u00e1s afectados. De acuerdo con la C\u00e1mara Industrial Argentina de la Indumentaria (CIAI):<\/p>\n\n\n\n<p>Se cerraron 523 empresas en toda la cadena textil\u2013indumentaria (-8,6%).<br>En el segmento de confecci\u00f3n desaparecieron unas 225 compa\u00f1\u00edas (-8%).<br>En los \u00faltimos 24 meses se perdieron 17.658 puestos de trabajo registrados, lo que implica una contracci\u00f3n del 15% del empleo sectorial.<br>Los rubros m\u00e1s perjudicados fueron:<\/p>\n\n\n\n<p>Ropa interior: -21%<br>Indumentaria deportiva: -21%<br>Tejidos de punto: -20%<br>El sector identifica como factores centrales:<\/p>\n\n\n\n<p>El desplome del consumo interno.<br>La apreciaci\u00f3n cambiaria.<br>El elevado costo del financiamiento.<br>Una apertura comercial acelerada que duplic\u00f3 las importaciones de prendas.<br>Todo ello ocurri\u00f3 en un contexto de contracci\u00f3n del mercado interno, profundizando la destrucci\u00f3n de empresas y empleo formal.<\/p>\n\n\n\n<p>Por su parte, la industria metal\u00fargica mostr\u00f3 un desempe\u00f1o negativo persistente. Seg\u00fan ADIMRA:<\/p>\n\n\n\n<p>La actividad cay\u00f3 4,6% interanual en octubre de 2025, con un leve repunte mensual de apenas 0,3%.<br>El empleo retrocedi\u00f3 2,9% interanual.<br>El 83,3% de las empresas anticip\u00f3 que mantendr\u00e1 o reducir\u00e1 su dotaci\u00f3n de personal.<br>El 67,4% espera que su nivel de producci\u00f3n se mantenga sin cambios o disminuya.<br>Rubros estrat\u00e9gicos como autopartes, fundici\u00f3n y bienes de capital contin\u00faan en terreno negativo, sin se\u00f1ales claras de recuperaci\u00f3n en el corto plazo, consolidando un escenario de fragilidad industrial.<\/p>\n\n\n\n<p>La construcci\u00f3n fue particularmente afectada por el parate de la obra p\u00fablica:<\/p>\n\n\n\n<p>El sector registr\u00f3 una ca\u00edda del 8,3% en la cantidad de empleadores.<br>Se perdieron 74.359 puestos de trabajo registrados en los primeros dos a\u00f1os de gesti\u00f3n, seg\u00fan la SRT.<br>Considerando trabajadores subcontratados, la p\u00e9rdida total ascender\u00eda a 120.000 empleos entre julio de 2023 y octubre de 2025 (IERIC).<br>Si bien no se observaron cierres masivos de grandes empresas, muchas firmas debieron reconvertirse hacia obras privadas o provinciales, operando en un contexto de fuerte restricci\u00f3n de actividad.<\/p>\n\n\n\n<p>Conclusiones<\/p>\n\n\n\n<p>La recuperaci\u00f3n macroecon\u00f3mica observada es fr\u00e1gil y excluyente, ya que se sustenta en variables fiscales y financieras, pero prescinde de una estrategia de desarrollo productivo sostenible.<br>La destrucci\u00f3n de empresas y empleo industrial no constituye una fase transitoria del ajuste, sino un proceso estructural de desindustrializaci\u00f3n, con efectos de largo plazo sobre la competitividad, el empleo de calidad y la capacidad exportadora.<br>La ausencia de pol\u00edticas sectoriales, combinada con una apertura comercial acelerada, incentiva la reprimarizaci\u00f3n y la dependencia importadora, debilitando los encadenamientos productivos locales.<br>La p\u00e9rdida de capacidades industriales \u2014especialmente en sectores como textil, metal\u00fargico y automotriz\u2014 implica costos que no se recuperan autom\u00e1ticamente con el crecimiento del PBI, ya que involucran capital humano, redes de proveedores y conocimiento acumulado.<br>La concentraci\u00f3n del ajuste sobre las PyMEs consolida un modelo de crecimiento que excluye al principal generador de empleo formal, profundizando la precarizaci\u00f3n laboral y la desigualdad territorial.<br>En ausencia de un giro en la orientaci\u00f3n de la pol\u00edtica econ\u00f3mica, la Argentina corre el riesgo de consolidar un crecimiento estad\u00edstico sin desarrollo, con una estructura productiva m\u00e1s d\u00e9bil, mayor dependencia externa y menor capacidad de generar empleo sostenible.<\/p>\n\n\n\n<p><\/p>\n","protected":false},"excerpt":{"rendered":"<p>El contador y ex funcionario provincial, \u00c1lvaro Gab\u00e1s, realiz\u00f3 un informe de los dos a\u00f1os de gesti\u00f3n de La Libertad Avanza (LLA). Se bas\u00f3 en datos de la Superintendencia de Riesgos del Trabajo, ADIMRA y la C\u00e1mara Industrial Argentina de la Indumentaria. Se\u00f1al\u00f3 que las pol\u00edticas econ\u00f3micas de Javier Milei no se tradujeron en hechos [&hellip;]<\/p>\n","protected":false},"author":4,"featured_media":6622,"comment_status":"open","ping_status":"open","sticky":false,"template":"","format":"standard","meta":{"footnotes":""},"categories":[19],"tags":[],"class_list":{"0":"post-6621","1":"post","2":"type-post","3":"status-publish","4":"format-standard","5":"has-post-thumbnail","7":"category-interes-general"},"yoast_head":"<!-- This site is optimized with the Yoast SEO plugin v27.4 - https:\/\/yoast.com\/product\/yoast-seo-wordpress\/ -->\n<title>Informe expone que el desempleo \u201ces consecuencia directa de un esquema de pol\u00edtica econ\u00f3mica\u201d anti producci\u00f3n - Diario del Sur<\/title>\n<meta name=\"robots\" content=\"index, follow, max-snippet:-1, max-image-preview:large, max-video-preview:-1\" \/>\n<link rel=\"canonical\" href=\"https:\/\/diariodelsurdigital.com.ar\/?p=6621\" \/>\n<meta property=\"og:locale\" content=\"es_ES\" \/>\n<meta property=\"og:type\" content=\"article\" \/>\n<meta property=\"og:title\" content=\"Informe expone que el desempleo \u201ces consecuencia directa de un esquema de pol\u00edtica econ\u00f3mica\u201d anti producci\u00f3n - Diario del Sur\" \/>\n<meta property=\"og:description\" content=\"El contador y ex funcionario provincial, \u00c1lvaro Gab\u00e1s, realiz\u00f3 un informe de los dos a\u00f1os de gesti\u00f3n de La Libertad Avanza (LLA). Se bas\u00f3 en datos de la Superintendencia de Riesgos del Trabajo, ADIMRA y la C\u00e1mara Industrial Argentina de la Indumentaria. Se\u00f1al\u00f3 que las pol\u00edticas econ\u00f3micas de Javier Milei no se tradujeron en hechos [&hellip;]\" \/>\n<meta property=\"og:url\" content=\"https:\/\/diariodelsurdigital.com.ar\/?p=6621\" \/>\n<meta property=\"og:site_name\" content=\"Diario del Sur\" \/>\n<meta property=\"article:published_time\" content=\"2026-01-23T13:00:31+00:00\" \/>\n<meta property=\"article:modified_time\" content=\"2026-01-23T13:00:32+00:00\" \/>\n<meta property=\"og:image\" content=\"https:\/\/diariodelsurdigital.com.ar\/wp-content\/uploads\/2026\/01\/md-77.webp\" \/>\n\t<meta property=\"og:image:width\" content=\"992\" \/>\n\t<meta property=\"og:image:height\" content=\"659\" \/>\n\t<meta property=\"og:image:type\" content=\"image\/webp\" \/>\n<meta name=\"author\" content=\"Diario del Sur Digital\" \/>\n<meta name=\"twitter:card\" content=\"summary_large_image\" \/>\n<meta name=\"twitter:label1\" content=\"Escrito por\" \/>\n\t<meta name=\"twitter:data1\" content=\"Diario del Sur Digital\" \/>\n\t<meta name=\"twitter:label2\" content=\"Tiempo de lectura\" \/>\n\t<meta name=\"twitter:data2\" content=\"5 minutos\" \/>\n<script type=\"application\/ld+json\" class=\"yoast-schema-graph\">{\"@context\":\"https:\\\/\\\/schema.org\",\"@graph\":[{\"@type\":\"Article\",\"@id\":\"https:\\\/\\\/diariodelsurdigital.com.ar\\\/?p=6621#article\",\"isPartOf\":{\"@id\":\"https:\\\/\\\/diariodelsurdigital.com.ar\\\/?p=6621\"},\"author\":{\"name\":\"Diario del Sur Digital\",\"@id\":\"https:\\\/\\\/diariodelsurdigital.com.ar\\\/#\\\/schema\\\/person\\\/1a4992532ed62965c968031b49195c81\"},\"headline\":\"Informe expone que el desempleo \u201ces consecuencia directa de un esquema de pol\u00edtica econ\u00f3mica\u201d anti producci\u00f3n\",\"datePublished\":\"2026-01-23T13:00:31+00:00\",\"dateModified\":\"2026-01-23T13:00:32+00:00\",\"mainEntityOfPage\":{\"@id\":\"https:\\\/\\\/diariodelsurdigital.com.ar\\\/?p=6621\"},\"wordCount\":1093,\"commentCount\":0,\"image\":{\"@id\":\"https:\\\/\\\/diariodelsurdigital.com.ar\\\/?p=6621#primaryimage\"},\"thumbnailUrl\":\"https:\\\/\\\/diariodelsurdigital.com.ar\\\/wp-content\\\/uploads\\\/2026\\\/01\\\/md-77.webp\",\"articleSection\":[\"Inter\u00e9s General\"],\"inLanguage\":\"es\",\"potentialAction\":[{\"@type\":\"CommentAction\",\"name\":\"Comment\",\"target\":[\"https:\\\/\\\/diariodelsurdigital.com.ar\\\/?p=6621#respond\"]}]},{\"@type\":\"WebPage\",\"@id\":\"https:\\\/\\\/diariodelsurdigital.com.ar\\\/?p=6621\",\"url\":\"https:\\\/\\\/diariodelsurdigital.com.ar\\\/?p=6621\",\"name\":\"Informe expone que el desempleo \u201ces consecuencia directa de un esquema de pol\u00edtica econ\u00f3mica\u201d anti producci\u00f3n - Diario del Sur\",\"isPartOf\":{\"@id\":\"https:\\\/\\\/diariodelsurdigital.com.ar\\\/#website\"},\"primaryImageOfPage\":{\"@id\":\"https:\\\/\\\/diariodelsurdigital.com.ar\\\/?p=6621#primaryimage\"},\"image\":{\"@id\":\"https:\\\/\\\/diariodelsurdigital.com.ar\\\/?p=6621#primaryimage\"},\"thumbnailUrl\":\"https:\\\/\\\/diariodelsurdigital.com.ar\\\/wp-content\\\/uploads\\\/2026\\\/01\\\/md-77.webp\",\"datePublished\":\"2026-01-23T13:00:31+00:00\",\"dateModified\":\"2026-01-23T13:00:32+00:00\",\"author\":{\"@id\":\"https:\\\/\\\/diariodelsurdigital.com.ar\\\/#\\\/schema\\\/person\\\/1a4992532ed62965c968031b49195c81\"},\"breadcrumb\":{\"@id\":\"https:\\\/\\\/diariodelsurdigital.com.ar\\\/?p=6621#breadcrumb\"},\"inLanguage\":\"es\",\"potentialAction\":[{\"@type\":\"ReadAction\",\"target\":[\"https:\\\/\\\/diariodelsurdigital.com.ar\\\/?p=6621\"]}]},{\"@type\":\"ImageObject\",\"inLanguage\":\"es\",\"@id\":\"https:\\\/\\\/diariodelsurdigital.com.ar\\\/?p=6621#primaryimage\",\"url\":\"https:\\\/\\\/diariodelsurdigital.com.ar\\\/wp-content\\\/uploads\\\/2026\\\/01\\\/md-77.webp\",\"contentUrl\":\"https:\\\/\\\/diariodelsurdigital.com.ar\\\/wp-content\\\/uploads\\\/2026\\\/01\\\/md-77.webp\",\"width\":992,\"height\":659},{\"@type\":\"BreadcrumbList\",\"@id\":\"https:\\\/\\\/diariodelsurdigital.com.ar\\\/?p=6621#breadcrumb\",\"itemListElement\":[{\"@type\":\"ListItem\",\"position\":1,\"name\":\"Portada\",\"item\":\"https:\\\/\\\/diariodelsurdigital.com.ar\\\/\"},{\"@type\":\"ListItem\",\"position\":2,\"name\":\"Informe expone que el desempleo \u201ces consecuencia directa de un esquema de pol\u00edtica econ\u00f3mica\u201d anti producci\u00f3n\"}]},{\"@type\":\"WebSite\",\"@id\":\"https:\\\/\\\/diariodelsurdigital.com.ar\\\/#website\",\"url\":\"https:\\\/\\\/diariodelsurdigital.com.ar\\\/\",\"name\":\"Diario del Sur\",\"description\":\"Digital\",\"potentialAction\":[{\"@type\":\"SearchAction\",\"target\":{\"@type\":\"EntryPoint\",\"urlTemplate\":\"https:\\\/\\\/diariodelsurdigital.com.ar\\\/?s={search_term_string}\"},\"query-input\":{\"@type\":\"PropertyValueSpecification\",\"valueRequired\":true,\"valueName\":\"search_term_string\"}}],\"inLanguage\":\"es\"},{\"@type\":\"Person\",\"@id\":\"https:\\\/\\\/diariodelsurdigital.com.ar\\\/#\\\/schema\\\/person\\\/1a4992532ed62965c968031b49195c81\",\"name\":\"Diario del Sur Digital\",\"image\":{\"@type\":\"ImageObject\",\"inLanguage\":\"es\",\"@id\":\"https:\\\/\\\/secure.gravatar.com\\\/avatar\\\/f0c7c47fc7146d19828273b9b8eda651c9c7ab583767e6338d3d3bee825adf76?s=96&d=mm&r=g\",\"url\":\"https:\\\/\\\/secure.gravatar.com\\\/avatar\\\/f0c7c47fc7146d19828273b9b8eda651c9c7ab583767e6338d3d3bee825adf76?s=96&d=mm&r=g\",\"contentUrl\":\"https:\\\/\\\/secure.gravatar.com\\\/avatar\\\/f0c7c47fc7146d19828273b9b8eda651c9c7ab583767e6338d3d3bee825adf76?s=96&d=mm&r=g\",\"caption\":\"Diario del Sur Digital\"},\"url\":\"https:\\\/\\\/diariodelsurdigital.com.ar\\\/?author=4\"}]}<\/script>\n<!-- \/ Yoast SEO plugin. -->","yoast_head_json":{"title":"Informe expone que el desempleo \u201ces consecuencia directa de un esquema de pol\u00edtica econ\u00f3mica\u201d anti producci\u00f3n - Diario del Sur","robots":{"index":"index","follow":"follow","max-snippet":"max-snippet:-1","max-image-preview":"max-image-preview:large","max-video-preview":"max-video-preview:-1"},"canonical":"https:\/\/diariodelsurdigital.com.ar\/?p=6621","og_locale":"es_ES","og_type":"article","og_title":"Informe expone que el desempleo \u201ces consecuencia directa de un esquema de pol\u00edtica econ\u00f3mica\u201d anti producci\u00f3n - Diario del Sur","og_description":"El contador y ex funcionario provincial, \u00c1lvaro Gab\u00e1s, realiz\u00f3 un informe de los dos a\u00f1os de gesti\u00f3n de La Libertad Avanza (LLA). Se bas\u00f3 en datos de la Superintendencia de Riesgos del Trabajo, ADIMRA y la C\u00e1mara Industrial Argentina de la Indumentaria. Se\u00f1al\u00f3 que las pol\u00edticas econ\u00f3micas de Javier Milei no se tradujeron en hechos [&hellip;]","og_url":"https:\/\/diariodelsurdigital.com.ar\/?p=6621","og_site_name":"Diario del Sur","article_published_time":"2026-01-23T13:00:31+00:00","article_modified_time":"2026-01-23T13:00:32+00:00","og_image":[{"width":992,"height":659,"url":"https:\/\/diariodelsurdigital.com.ar\/wp-content\/uploads\/2026\/01\/md-77.webp","type":"image\/webp"}],"author":"Diario del Sur Digital","twitter_card":"summary_large_image","twitter_misc":{"Escrito por":"Diario del Sur Digital","Tiempo de lectura":"5 minutos"},"schema":{"@context":"https:\/\/schema.org","@graph":[{"@type":"Article","@id":"https:\/\/diariodelsurdigital.com.ar\/?p=6621#article","isPartOf":{"@id":"https:\/\/diariodelsurdigital.com.ar\/?p=6621"},"author":{"name":"Diario del Sur Digital","@id":"https:\/\/diariodelsurdigital.com.ar\/#\/schema\/person\/1a4992532ed62965c968031b49195c81"},"headline":"Informe expone que el desempleo \u201ces consecuencia directa de un esquema de pol\u00edtica econ\u00f3mica\u201d anti producci\u00f3n","datePublished":"2026-01-23T13:00:31+00:00","dateModified":"2026-01-23T13:00:32+00:00","mainEntityOfPage":{"@id":"https:\/\/diariodelsurdigital.com.ar\/?p=6621"},"wordCount":1093,"commentCount":0,"image":{"@id":"https:\/\/diariodelsurdigital.com.ar\/?p=6621#primaryimage"},"thumbnailUrl":"https:\/\/diariodelsurdigital.com.ar\/wp-content\/uploads\/2026\/01\/md-77.webp","articleSection":["Inter\u00e9s General"],"inLanguage":"es","potentialAction":[{"@type":"CommentAction","name":"Comment","target":["https:\/\/diariodelsurdigital.com.ar\/?p=6621#respond"]}]},{"@type":"WebPage","@id":"https:\/\/diariodelsurdigital.com.ar\/?p=6621","url":"https:\/\/diariodelsurdigital.com.ar\/?p=6621","name":"Informe expone que el desempleo \u201ces consecuencia directa de un esquema de pol\u00edtica econ\u00f3mica\u201d anti producci\u00f3n - Diario del Sur","isPartOf":{"@id":"https:\/\/diariodelsurdigital.com.ar\/#website"},"primaryImageOfPage":{"@id":"https:\/\/diariodelsurdigital.com.ar\/?p=6621#primaryimage"},"image":{"@id":"https:\/\/diariodelsurdigital.com.ar\/?p=6621#primaryimage"},"thumbnailUrl":"https:\/\/diariodelsurdigital.com.ar\/wp-content\/uploads\/2026\/01\/md-77.webp","datePublished":"2026-01-23T13:00:31+00:00","dateModified":"2026-01-23T13:00:32+00:00","author":{"@id":"https:\/\/diariodelsurdigital.com.ar\/#\/schema\/person\/1a4992532ed62965c968031b49195c81"},"breadcrumb":{"@id":"https:\/\/diariodelsurdigital.com.ar\/?p=6621#breadcrumb"},"inLanguage":"es","potentialAction":[{"@type":"ReadAction","target":["https:\/\/diariodelsurdigital.com.ar\/?p=6621"]}]},{"@type":"ImageObject","inLanguage":"es","@id":"https:\/\/diariodelsurdigital.com.ar\/?p=6621#primaryimage","url":"https:\/\/diariodelsurdigital.com.ar\/wp-content\/uploads\/2026\/01\/md-77.webp","contentUrl":"https:\/\/diariodelsurdigital.com.ar\/wp-content\/uploads\/2026\/01\/md-77.webp","width":992,"height":659},{"@type":"BreadcrumbList","@id":"https:\/\/diariodelsurdigital.com.ar\/?p=6621#breadcrumb","itemListElement":[{"@type":"ListItem","position":1,"name":"Portada","item":"https:\/\/diariodelsurdigital.com.ar\/"},{"@type":"ListItem","position":2,"name":"Informe expone que el desempleo \u201ces consecuencia directa de un esquema de pol\u00edtica econ\u00f3mica\u201d anti producci\u00f3n"}]},{"@type":"WebSite","@id":"https:\/\/diariodelsurdigital.com.ar\/#website","url":"https:\/\/diariodelsurdigital.com.ar\/","name":"Diario del Sur","description":"Digital","potentialAction":[{"@type":"SearchAction","target":{"@type":"EntryPoint","urlTemplate":"https:\/\/diariodelsurdigital.com.ar\/?s={search_term_string}"},"query-input":{"@type":"PropertyValueSpecification","valueRequired":true,"valueName":"search_term_string"}}],"inLanguage":"es"},{"@type":"Person","@id":"https:\/\/diariodelsurdigital.com.ar\/#\/schema\/person\/1a4992532ed62965c968031b49195c81","name":"Diario del Sur Digital","image":{"@type":"ImageObject","inLanguage":"es","@id":"https:\/\/secure.gravatar.com\/avatar\/f0c7c47fc7146d19828273b9b8eda651c9c7ab583767e6338d3d3bee825adf76?s=96&d=mm&r=g","url":"https:\/\/secure.gravatar.com\/avatar\/f0c7c47fc7146d19828273b9b8eda651c9c7ab583767e6338d3d3bee825adf76?s=96&d=mm&r=g","contentUrl":"https:\/\/secure.gravatar.com\/avatar\/f0c7c47fc7146d19828273b9b8eda651c9c7ab583767e6338d3d3bee825adf76?s=96&d=mm&r=g","caption":"Diario del Sur Digital"},"url":"https:\/\/diariodelsurdigital.com.ar\/?author=4"}]}},"_links":{"self":[{"href":"https:\/\/diariodelsurdigital.com.ar\/index.php?rest_route=\/wp\/v2\/posts\/6621","targetHints":{"allow":["GET"]}}],"collection":[{"href":"https:\/\/diariodelsurdigital.com.ar\/index.php?rest_route=\/wp\/v2\/posts"}],"about":[{"href":"https:\/\/diariodelsurdigital.com.ar\/index.php?rest_route=\/wp\/v2\/types\/post"}],"author":[{"embeddable":true,"href":"https:\/\/diariodelsurdigital.com.ar\/index.php?rest_route=\/wp\/v2\/users\/4"}],"replies":[{"embeddable":true,"href":"https:\/\/diariodelsurdigital.com.ar\/index.php?rest_route=%2Fwp%2Fv2%2Fcomments&post=6621"}],"version-history":[{"count":1,"href":"https:\/\/diariodelsurdigital.com.ar\/index.php?rest_route=\/wp\/v2\/posts\/6621\/revisions"}],"predecessor-version":[{"id":6623,"href":"https:\/\/diariodelsurdigital.com.ar\/index.php?rest_route=\/wp\/v2\/posts\/6621\/revisions\/6623"}],"wp:featuredmedia":[{"embeddable":true,"href":"https:\/\/diariodelsurdigital.com.ar\/index.php?rest_route=\/wp\/v2\/media\/6622"}],"wp:attachment":[{"href":"https:\/\/diariodelsurdigital.com.ar\/index.php?rest_route=%2Fwp%2Fv2%2Fmedia&parent=6621"}],"wp:term":[{"taxonomy":"category","embeddable":true,"href":"https:\/\/diariodelsurdigital.com.ar\/index.php?rest_route=%2Fwp%2Fv2%2Fcategories&post=6621"},{"taxonomy":"post_tag","embeddable":true,"href":"https:\/\/diariodelsurdigital.com.ar\/index.php?rest_route=%2Fwp%2Fv2%2Ftags&post=6621"}],"curies":[{"name":"wp","href":"https:\/\/api.w.org\/{rel}","templated":true}]}}