{"id":6627,"date":"2026-01-23T10:05:50","date_gmt":"2026-01-23T13:05:50","guid":{"rendered":"https:\/\/diariodelsurdigital.com.ar\/?p=6627"},"modified":"2026-01-23T10:05:51","modified_gmt":"2026-01-23T13:05:51","slug":"el-consumo-en-supermercados-a-nivel-nacional-tuvo-en-noviembre-su-peor-caida-desde-2023","status":"publish","type":"post","link":"https:\/\/diariodelsurdigital.com.ar\/?p=6627","title":{"rendered":"El consumo en supermercados a nivel nacional tuvo en noviembre su peor ca\u00edda desde 2023"},"content":{"rendered":"\n<p>Sucedi\u00f3 luego de la incertidumbre generada por el contexto electoral. Las ventas se encuentran cerca de m\u00ednimos de la serie que publica el INDEC.<\/p>\n\n\n\n<p>Las ventas en supermercados registr\u00f3 en noviembre su mayor ca\u00edda mensual desde diciembre de 2023. De este modo, el consumo en dichos establecimientos coquetea con m\u00ednimos de la serie.<\/p>\n\n\n\n<p>El INDEC inform\u00f3 que las ventas se contrajeron 3,8% respecto de octubre. Vale recordar que en el medio estuvieron las elecciones legislativas, por lo cual muchos consumidores pueden haber adelantado sus compras ante una potencial posterior devaluaci\u00f3n, con un consecuente aumento de precios.<\/p>\n\n\n\n<p>A partir de estos n\u00fameros, la serie desestacionalizada toc\u00f3 su valor m\u00e1s bajo desde marzo de 2024, mientras que la tendencia-ciclo, que es la que sugiere mirar el INDEC para evaluar la din\u00e1mica de largo plazo, lleg\u00f3 a su piso desde junio de dicho a\u00f1o.<\/p>\n\n\n\n<p>En t\u00e9rminos interanuales, las ventas se contrajeron 2,8%. En este caso, la variaci\u00f3n negativa fue la m\u00e1s profunda desde diciembre de 2024.<\/p>\n\n\n\n<p>A nivel producto, las mayores bajas reales se verificaron en el consumo de productos electr\u00f3nicos, bebidas y l\u00e1cteos. Solo en carnes se observ\u00f3 un aumento marcado.<\/p>\n\n\n\n<p>En cuanto a los medios de pago, la que m\u00e1s ascendi\u00f3 fue la categor\u00eda de \u00abotros medios de pago\u00bb, que incluye a las transacciones con QR y por transferencia. El uso de tarjetas de cr\u00e9dito se mantuvo como el instrumento m\u00e1s utilizado, pero fue el que mayor baja arroj\u00f3.<\/p>\n\n\n\n<p>Por provincia, las m\u00e1s afectadas fueron La Rioja, Tucum\u00e1n y Corrientes. En el otro extremo, Neuqu\u00e9n, Catamarca y R\u00edo Negro mostraron incrementos.<\/p>\n","protected":false},"excerpt":{"rendered":"<p>Sucedi\u00f3 luego de la incertidumbre generada por el contexto electoral. Las ventas se encuentran cerca de m\u00ednimos de la serie que publica el INDEC. Las ventas en supermercados registr\u00f3 en noviembre su mayor ca\u00edda mensual desde diciembre de 2023. De este modo, el consumo en dichos establecimientos coquetea con m\u00ednimos de la serie. El INDEC [&hellip;]<\/p>\n","protected":false},"author":4,"featured_media":6629,"comment_status":"open","ping_status":"open","sticky":false,"template":"","format":"standard","meta":{"footnotes":""},"categories":[19],"tags":[],"class_list":{"0":"post-6627","1":"post","2":"type-post","3":"status-publish","4":"format-standard","5":"has-post-thumbnail","7":"category-interes-general"},"yoast_head":"<!-- This site is optimized with the Yoast SEO plugin v27.4 - https:\/\/yoast.com\/product\/yoast-seo-wordpress\/ -->\n<title>El consumo en supermercados a nivel nacional tuvo en noviembre su peor ca\u00edda desde 2023 - Diario del Sur<\/title>\n<meta name=\"robots\" content=\"index, follow, max-snippet:-1, max-image-preview:large, max-video-preview:-1\" \/>\n<link rel=\"canonical\" href=\"https:\/\/diariodelsurdigital.com.ar\/?p=6627\" \/>\n<meta property=\"og:locale\" content=\"es_ES\" \/>\n<meta property=\"og:type\" content=\"article\" \/>\n<meta property=\"og:title\" content=\"El consumo en supermercados a nivel nacional tuvo en noviembre su peor ca\u00edda desde 2023 - Diario del Sur\" \/>\n<meta property=\"og:description\" content=\"Sucedi\u00f3 luego de la incertidumbre generada por el contexto electoral. Las ventas se encuentran cerca de m\u00ednimos de la serie que publica el INDEC. Las ventas en supermercados registr\u00f3 en noviembre su mayor ca\u00edda mensual desde diciembre de 2023. De este modo, el consumo en dichos establecimientos coquetea con m\u00ednimos de la serie. El INDEC [&hellip;]\" \/>\n<meta property=\"og:url\" content=\"https:\/\/diariodelsurdigital.com.ar\/?p=6627\" \/>\n<meta property=\"og:site_name\" content=\"Diario del Sur\" \/>\n<meta property=\"article:published_time\" content=\"2026-01-23T13:05:50+00:00\" \/>\n<meta property=\"article:modified_time\" content=\"2026-01-23T13:05:51+00:00\" \/>\n<meta property=\"og:image\" content=\"https:\/\/diariodelsurdigital.com.ar\/wp-content\/uploads\/2026\/01\/md-79.webp\" \/>\n\t<meta property=\"og:image:width\" content=\"992\" \/>\n\t<meta property=\"og:image:height\" content=\"558\" \/>\n\t<meta property=\"og:image:type\" content=\"image\/webp\" \/>\n<meta name=\"author\" content=\"Diario del Sur Digital\" \/>\n<meta name=\"twitter:card\" content=\"summary_large_image\" \/>\n<meta name=\"twitter:label1\" content=\"Escrito por\" \/>\n\t<meta name=\"twitter:data1\" content=\"Diario del Sur Digital\" \/>\n\t<meta name=\"twitter:label2\" content=\"Tiempo de lectura\" \/>\n\t<meta name=\"twitter:data2\" content=\"2 minutos\" \/>\n<script type=\"application\/ld+json\" class=\"yoast-schema-graph\">{\"@context\":\"https:\\\/\\\/schema.org\",\"@graph\":[{\"@type\":\"Article\",\"@id\":\"https:\\\/\\\/diariodelsurdigital.com.ar\\\/?p=6627#article\",\"isPartOf\":{\"@id\":\"https:\\\/\\\/diariodelsurdigital.com.ar\\\/?p=6627\"},\"author\":{\"name\":\"Diario del Sur Digital\",\"@id\":\"https:\\\/\\\/diariodelsurdigital.com.ar\\\/#\\\/schema\\\/person\\\/1a4992532ed62965c968031b49195c81\"},\"headline\":\"El consumo en supermercados a nivel nacional tuvo en noviembre su peor ca\u00edda desde 2023\",\"datePublished\":\"2026-01-23T13:05:50+00:00\",\"dateModified\":\"2026-01-23T13:05:51+00:00\",\"mainEntityOfPage\":{\"@id\":\"https:\\\/\\\/diariodelsurdigital.com.ar\\\/?p=6627\"},\"wordCount\":291,\"commentCount\":0,\"image\":{\"@id\":\"https:\\\/\\\/diariodelsurdigital.com.ar\\\/?p=6627#primaryimage\"},\"thumbnailUrl\":\"https:\\\/\\\/diariodelsurdigital.com.ar\\\/wp-content\\\/uploads\\\/2026\\\/01\\\/md-79.webp\",\"articleSection\":[\"Inter\u00e9s General\"],\"inLanguage\":\"es\",\"potentialAction\":[{\"@type\":\"CommentAction\",\"name\":\"Comment\",\"target\":[\"https:\\\/\\\/diariodelsurdigital.com.ar\\\/?p=6627#respond\"]}]},{\"@type\":\"WebPage\",\"@id\":\"https:\\\/\\\/diariodelsurdigital.com.ar\\\/?p=6627\",\"url\":\"https:\\\/\\\/diariodelsurdigital.com.ar\\\/?p=6627\",\"name\":\"El consumo en supermercados a nivel nacional tuvo en noviembre su peor ca\u00edda desde 2023 - Diario del Sur\",\"isPartOf\":{\"@id\":\"https:\\\/\\\/diariodelsurdigital.com.ar\\\/#website\"},\"primaryImageOfPage\":{\"@id\":\"https:\\\/\\\/diariodelsurdigital.com.ar\\\/?p=6627#primaryimage\"},\"image\":{\"@id\":\"https:\\\/\\\/diariodelsurdigital.com.ar\\\/?p=6627#primaryimage\"},\"thumbnailUrl\":\"https:\\\/\\\/diariodelsurdigital.com.ar\\\/wp-content\\\/uploads\\\/2026\\\/01\\\/md-79.webp\",\"datePublished\":\"2026-01-23T13:05:50+00:00\",\"dateModified\":\"2026-01-23T13:05:51+00:00\",\"author\":{\"@id\":\"https:\\\/\\\/diariodelsurdigital.com.ar\\\/#\\\/schema\\\/person\\\/1a4992532ed62965c968031b49195c81\"},\"breadcrumb\":{\"@id\":\"https:\\\/\\\/diariodelsurdigital.com.ar\\\/?p=6627#breadcrumb\"},\"inLanguage\":\"es\",\"potentialAction\":[{\"@type\":\"ReadAction\",\"target\":[\"https:\\\/\\\/diariodelsurdigital.com.ar\\\/?p=6627\"]}]},{\"@type\":\"ImageObject\",\"inLanguage\":\"es\",\"@id\":\"https:\\\/\\\/diariodelsurdigital.com.ar\\\/?p=6627#primaryimage\",\"url\":\"https:\\\/\\\/diariodelsurdigital.com.ar\\\/wp-content\\\/uploads\\\/2026\\\/01\\\/md-79.webp\",\"contentUrl\":\"https:\\\/\\\/diariodelsurdigital.com.ar\\\/wp-content\\\/uploads\\\/2026\\\/01\\\/md-79.webp\",\"width\":992,\"height\":558},{\"@type\":\"BreadcrumbList\",\"@id\":\"https:\\\/\\\/diariodelsurdigital.com.ar\\\/?p=6627#breadcrumb\",\"itemListElement\":[{\"@type\":\"ListItem\",\"position\":1,\"name\":\"Portada\",\"item\":\"https:\\\/\\\/diariodelsurdigital.com.ar\\\/\"},{\"@type\":\"ListItem\",\"position\":2,\"name\":\"El consumo en supermercados a nivel nacional tuvo en noviembre su peor ca\u00edda desde 2023\"}]},{\"@type\":\"WebSite\",\"@id\":\"https:\\\/\\\/diariodelsurdigital.com.ar\\\/#website\",\"url\":\"https:\\\/\\\/diariodelsurdigital.com.ar\\\/\",\"name\":\"Diario del Sur\",\"description\":\"Digital\",\"potentialAction\":[{\"@type\":\"SearchAction\",\"target\":{\"@type\":\"EntryPoint\",\"urlTemplate\":\"https:\\\/\\\/diariodelsurdigital.com.ar\\\/?s={search_term_string}\"},\"query-input\":{\"@type\":\"PropertyValueSpecification\",\"valueRequired\":true,\"valueName\":\"search_term_string\"}}],\"inLanguage\":\"es\"},{\"@type\":\"Person\",\"@id\":\"https:\\\/\\\/diariodelsurdigital.com.ar\\\/#\\\/schema\\\/person\\\/1a4992532ed62965c968031b49195c81\",\"name\":\"Diario del Sur Digital\",\"image\":{\"@type\":\"ImageObject\",\"inLanguage\":\"es\",\"@id\":\"https:\\\/\\\/secure.gravatar.com\\\/avatar\\\/f0c7c47fc7146d19828273b9b8eda651c9c7ab583767e6338d3d3bee825adf76?s=96&d=mm&r=g\",\"url\":\"https:\\\/\\\/secure.gravatar.com\\\/avatar\\\/f0c7c47fc7146d19828273b9b8eda651c9c7ab583767e6338d3d3bee825adf76?s=96&d=mm&r=g\",\"contentUrl\":\"https:\\\/\\\/secure.gravatar.com\\\/avatar\\\/f0c7c47fc7146d19828273b9b8eda651c9c7ab583767e6338d3d3bee825adf76?s=96&d=mm&r=g\",\"caption\":\"Diario del Sur Digital\"},\"url\":\"https:\\\/\\\/diariodelsurdigital.com.ar\\\/?author=4\"}]}<\/script>\n<!-- \/ Yoast SEO plugin. -->","yoast_head_json":{"title":"El consumo en supermercados a nivel nacional tuvo en noviembre su peor ca\u00edda desde 2023 - Diario del Sur","robots":{"index":"index","follow":"follow","max-snippet":"max-snippet:-1","max-image-preview":"max-image-preview:large","max-video-preview":"max-video-preview:-1"},"canonical":"https:\/\/diariodelsurdigital.com.ar\/?p=6627","og_locale":"es_ES","og_type":"article","og_title":"El consumo en supermercados a nivel nacional tuvo en noviembre su peor ca\u00edda desde 2023 - Diario del Sur","og_description":"Sucedi\u00f3 luego de la incertidumbre generada por el contexto electoral. Las ventas se encuentran cerca de m\u00ednimos de la serie que publica el INDEC. Las ventas en supermercados registr\u00f3 en noviembre su mayor ca\u00edda mensual desde diciembre de 2023. De este modo, el consumo en dichos establecimientos coquetea con m\u00ednimos de la serie. El INDEC [&hellip;]","og_url":"https:\/\/diariodelsurdigital.com.ar\/?p=6627","og_site_name":"Diario del Sur","article_published_time":"2026-01-23T13:05:50+00:00","article_modified_time":"2026-01-23T13:05:51+00:00","og_image":[{"width":992,"height":558,"url":"https:\/\/diariodelsurdigital.com.ar\/wp-content\/uploads\/2026\/01\/md-79.webp","type":"image\/webp"}],"author":"Diario del Sur Digital","twitter_card":"summary_large_image","twitter_misc":{"Escrito por":"Diario del Sur Digital","Tiempo de lectura":"2 minutos"},"schema":{"@context":"https:\/\/schema.org","@graph":[{"@type":"Article","@id":"https:\/\/diariodelsurdigital.com.ar\/?p=6627#article","isPartOf":{"@id":"https:\/\/diariodelsurdigital.com.ar\/?p=6627"},"author":{"name":"Diario del Sur Digital","@id":"https:\/\/diariodelsurdigital.com.ar\/#\/schema\/person\/1a4992532ed62965c968031b49195c81"},"headline":"El consumo en supermercados a nivel nacional tuvo en noviembre su peor ca\u00edda desde 2023","datePublished":"2026-01-23T13:05:50+00:00","dateModified":"2026-01-23T13:05:51+00:00","mainEntityOfPage":{"@id":"https:\/\/diariodelsurdigital.com.ar\/?p=6627"},"wordCount":291,"commentCount":0,"image":{"@id":"https:\/\/diariodelsurdigital.com.ar\/?p=6627#primaryimage"},"thumbnailUrl":"https:\/\/diariodelsurdigital.com.ar\/wp-content\/uploads\/2026\/01\/md-79.webp","articleSection":["Inter\u00e9s General"],"inLanguage":"es","potentialAction":[{"@type":"CommentAction","name":"Comment","target":["https:\/\/diariodelsurdigital.com.ar\/?p=6627#respond"]}]},{"@type":"WebPage","@id":"https:\/\/diariodelsurdigital.com.ar\/?p=6627","url":"https:\/\/diariodelsurdigital.com.ar\/?p=6627","name":"El consumo en supermercados a nivel nacional tuvo en noviembre su peor ca\u00edda desde 2023 - Diario del Sur","isPartOf":{"@id":"https:\/\/diariodelsurdigital.com.ar\/#website"},"primaryImageOfPage":{"@id":"https:\/\/diariodelsurdigital.com.ar\/?p=6627#primaryimage"},"image":{"@id":"https:\/\/diariodelsurdigital.com.ar\/?p=6627#primaryimage"},"thumbnailUrl":"https:\/\/diariodelsurdigital.com.ar\/wp-content\/uploads\/2026\/01\/md-79.webp","datePublished":"2026-01-23T13:05:50+00:00","dateModified":"2026-01-23T13:05:51+00:00","author":{"@id":"https:\/\/diariodelsurdigital.com.ar\/#\/schema\/person\/1a4992532ed62965c968031b49195c81"},"breadcrumb":{"@id":"https:\/\/diariodelsurdigital.com.ar\/?p=6627#breadcrumb"},"inLanguage":"es","potentialAction":[{"@type":"ReadAction","target":["https:\/\/diariodelsurdigital.com.ar\/?p=6627"]}]},{"@type":"ImageObject","inLanguage":"es","@id":"https:\/\/diariodelsurdigital.com.ar\/?p=6627#primaryimage","url":"https:\/\/diariodelsurdigital.com.ar\/wp-content\/uploads\/2026\/01\/md-79.webp","contentUrl":"https:\/\/diariodelsurdigital.com.ar\/wp-content\/uploads\/2026\/01\/md-79.webp","width":992,"height":558},{"@type":"BreadcrumbList","@id":"https:\/\/diariodelsurdigital.com.ar\/?p=6627#breadcrumb","itemListElement":[{"@type":"ListItem","position":1,"name":"Portada","item":"https:\/\/diariodelsurdigital.com.ar\/"},{"@type":"ListItem","position":2,"name":"El consumo en supermercados a nivel nacional tuvo en noviembre su peor ca\u00edda desde 2023"}]},{"@type":"WebSite","@id":"https:\/\/diariodelsurdigital.com.ar\/#website","url":"https:\/\/diariodelsurdigital.com.ar\/","name":"Diario del Sur","description":"Digital","potentialAction":[{"@type":"SearchAction","target":{"@type":"EntryPoint","urlTemplate":"https:\/\/diariodelsurdigital.com.ar\/?s={search_term_string}"},"query-input":{"@type":"PropertyValueSpecification","valueRequired":true,"valueName":"search_term_string"}}],"inLanguage":"es"},{"@type":"Person","@id":"https:\/\/diariodelsurdigital.com.ar\/#\/schema\/person\/1a4992532ed62965c968031b49195c81","name":"Diario del Sur Digital","image":{"@type":"ImageObject","inLanguage":"es","@id":"https:\/\/secure.gravatar.com\/avatar\/f0c7c47fc7146d19828273b9b8eda651c9c7ab583767e6338d3d3bee825adf76?s=96&d=mm&r=g","url":"https:\/\/secure.gravatar.com\/avatar\/f0c7c47fc7146d19828273b9b8eda651c9c7ab583767e6338d3d3bee825adf76?s=96&d=mm&r=g","contentUrl":"https:\/\/secure.gravatar.com\/avatar\/f0c7c47fc7146d19828273b9b8eda651c9c7ab583767e6338d3d3bee825adf76?s=96&d=mm&r=g","caption":"Diario del Sur Digital"},"url":"https:\/\/diariodelsurdigital.com.ar\/?author=4"}]}},"_links":{"self":[{"href":"https:\/\/diariodelsurdigital.com.ar\/index.php?rest_route=\/wp\/v2\/posts\/6627","targetHints":{"allow":["GET"]}}],"collection":[{"href":"https:\/\/diariodelsurdigital.com.ar\/index.php?rest_route=\/wp\/v2\/posts"}],"about":[{"href":"https:\/\/diariodelsurdigital.com.ar\/index.php?rest_route=\/wp\/v2\/types\/post"}],"author":[{"embeddable":true,"href":"https:\/\/diariodelsurdigital.com.ar\/index.php?rest_route=\/wp\/v2\/users\/4"}],"replies":[{"embeddable":true,"href":"https:\/\/diariodelsurdigital.com.ar\/index.php?rest_route=%2Fwp%2Fv2%2Fcomments&post=6627"}],"version-history":[{"count":1,"href":"https:\/\/diariodelsurdigital.com.ar\/index.php?rest_route=\/wp\/v2\/posts\/6627\/revisions"}],"predecessor-version":[{"id":6628,"href":"https:\/\/diariodelsurdigital.com.ar\/index.php?rest_route=\/wp\/v2\/posts\/6627\/revisions\/6628"}],"wp:featuredmedia":[{"embeddable":true,"href":"https:\/\/diariodelsurdigital.com.ar\/index.php?rest_route=\/wp\/v2\/media\/6629"}],"wp:attachment":[{"href":"https:\/\/diariodelsurdigital.com.ar\/index.php?rest_route=%2Fwp%2Fv2%2Fmedia&parent=6627"}],"wp:term":[{"taxonomy":"category","embeddable":true,"href":"https:\/\/diariodelsurdigital.com.ar\/index.php?rest_route=%2Fwp%2Fv2%2Fcategories&post=6627"},{"taxonomy":"post_tag","embeddable":true,"href":"https:\/\/diariodelsurdigital.com.ar\/index.php?rest_route=%2Fwp%2Fv2%2Ftags&post=6627"}],"curies":[{"name":"wp","href":"https:\/\/api.w.org\/{rel}","templated":true}]}}