{"id":6636,"date":"2026-01-25T23:47:51","date_gmt":"2026-01-26T02:47:51","guid":{"rendered":"https:\/\/diariodelsurdigital.com.ar\/?p=6636"},"modified":"2026-01-25T23:47:52","modified_gmt":"2026-01-26T02:47:52","slug":"carnaval-de-santa-elena-en-entre-rios-senti-la-pasion-2026","status":"publish","type":"post","link":"https:\/\/diariodelsurdigital.com.ar\/?p=6636","title":{"rendered":"Carnaval de Santa Elena en Entre R\u00edos \u201cSent\u00ed la Pasi\u00f3n\u201d 2026"},"content":{"rendered":"\n<p><strong>Por Julieta Ferrer<\/strong><\/p>\n\n\n\n<figure class=\"wp-block-image size-full is-resized\"><img loading=\"lazy\" decoding=\"async\" width=\"800\" height=\"600\" src=\"https:\/\/diariodelsurdigital.com.ar\/wp-content\/uploads\/2026\/01\/WhatsApp-Image-2026-01-25-at-23.37.16.jpeg\" alt=\"\" class=\"wp-image-6639\" style=\"width:148px;height:auto\" srcset=\"https:\/\/diariodelsurdigital.com.ar\/wp-content\/uploads\/2026\/01\/WhatsApp-Image-2026-01-25-at-23.37.16.jpeg 800w, https:\/\/diariodelsurdigital.com.ar\/wp-content\/uploads\/2026\/01\/WhatsApp-Image-2026-01-25-at-23.37.16-300x225.jpeg 300w, https:\/\/diariodelsurdigital.com.ar\/wp-content\/uploads\/2026\/01\/WhatsApp-Image-2026-01-25-at-23.37.16-768x576.jpeg 768w, https:\/\/diariodelsurdigital.com.ar\/wp-content\/uploads\/2026\/01\/WhatsApp-Image-2026-01-25-at-23.37.16-560x420.jpeg 560w, https:\/\/diariodelsurdigital.com.ar\/wp-content\/uploads\/2026\/01\/WhatsApp-Image-2026-01-25-at-23.37.16-80x60.jpeg 80w, https:\/\/diariodelsurdigital.com.ar\/wp-content\/uploads\/2026\/01\/WhatsApp-Image-2026-01-25-at-23.37.16-696x522.jpeg 696w, https:\/\/diariodelsurdigital.com.ar\/wp-content\/uploads\/2026\/01\/WhatsApp-Image-2026-01-25-at-23.37.16-265x198.jpeg 265w\" sizes=\"auto, (max-width: 800px) 100vw, 800px\" \/><\/figure>\n\n\n\n<p>El Carnaval de Santa Elena se ha convertido en un verdadero espect\u00e1culo que no solo celebra la cultura y la alegr\u00eda de sus habitantes, sino que tambi\u00e9n refleja el impacto positivo de una gesti\u00f3n comprometida y organizada. Al llegar a esta pintoresca ciudad, nos sorprendi\u00f3 gratamente su orden y limpieza, el cuidado y conservaci\u00f3n de espacios hist\u00f3ricos y naturales, como as\u00ed tambi\u00e9n la costanera completamente renovada, un espacio que invita tanto a los turistas como a los vecinos a disfrutar de la belleza del entorno.<\/p>\n\n\n\n<p><br><strong>Un Recibimiento Caluroso<\/strong><\/p>\n\n\n\n<p><br>Por la tarde, nos dirigimos al cors\u00f3dromo municipal \u201cEstefan\u00eda Sandoval\u201d, donde fuimos recibidos por el Intendente Daniel Rossi y la directora de Turismo, Carina Spahn. Ambos compartieron con nosotros los logros alcanzados en infraestructura para esta edici\u00f3n. Uno de los hitos m\u00e1s destacados fue la decisi\u00f3n de no alquilar m\u00e1s tribunas, permitiendo que los propios ciudadanos disfrutaran de su carnaval desde una propia. Adem\u00e1s, se adquirieron m\u00e1s de mil sillas y ocho ba\u00f1os qu\u00edmicos adicionales. Todo esto se traduce en una experiencia m\u00e1s c\u00f3moda y accesible para el p\u00fablico.<\/p>\n\n\n\n<figure class=\"wp-block-image size-large is-resized\"><img loading=\"lazy\" decoding=\"async\" width=\"1024\" height=\"1004\" src=\"https:\/\/diariodelsurdigital.com.ar\/wp-content\/uploads\/2026\/01\/WhatsApp-Image-2026-01-25-at-23.41.30-1024x1004.jpeg\" alt=\"\" class=\"wp-image-6641\" style=\"aspect-ratio:1.0199446676149242;width:730px;height:auto\" srcset=\"https:\/\/diariodelsurdigital.com.ar\/wp-content\/uploads\/2026\/01\/WhatsApp-Image-2026-01-25-at-23.41.30-1024x1004.jpeg 1024w, https:\/\/diariodelsurdigital.com.ar\/wp-content\/uploads\/2026\/01\/WhatsApp-Image-2026-01-25-at-23.41.30-300x294.jpeg 300w, https:\/\/diariodelsurdigital.com.ar\/wp-content\/uploads\/2026\/01\/WhatsApp-Image-2026-01-25-at-23.41.30-768x753.jpeg 768w, https:\/\/diariodelsurdigital.com.ar\/wp-content\/uploads\/2026\/01\/WhatsApp-Image-2026-01-25-at-23.41.30-1536x1505.jpeg 1536w, https:\/\/diariodelsurdigital.com.ar\/wp-content\/uploads\/2026\/01\/WhatsApp-Image-2026-01-25-at-23.41.30-429x420.jpeg 429w, https:\/\/diariodelsurdigital.com.ar\/wp-content\/uploads\/2026\/01\/WhatsApp-Image-2026-01-25-at-23.41.30-696x682.jpeg 696w, https:\/\/diariodelsurdigital.com.ar\/wp-content\/uploads\/2026\/01\/WhatsApp-Image-2026-01-25-at-23.41.30-1068x1047.jpeg 1068w, https:\/\/diariodelsurdigital.com.ar\/wp-content\/uploads\/2026\/01\/WhatsApp-Image-2026-01-25-at-23.41.30.jpeg 1600w\" sizes=\"auto, (max-width: 1024px) 100vw, 1024px\" \/><\/figure>\n\n\n\n<p><br>La pol\u00edtica de precios tambi\u00e9n es digna de menci\u00f3n: las entradas y palcos se ofrecen a precios muy accesibles, permitiendo que familias enteras puedan disfrutar del evento sin preocupaciones. Las cantinas, con precios m\u00f3dicos, fueron una grata sorpresa, permitiendo a los asistentes disfrutar de la gastronom\u00eda local sin que el bolsillo se resienta. Las promociones de entradas anticipadas, como el dos por uno, son un atractivo adicional que refleja la intenci\u00f3n del municipio de incluir a todos.<\/p>\n\n\n\n<figure class=\"wp-block-image size-full is-resized\"><img loading=\"lazy\" decoding=\"async\" width=\"840\" height=\"820\" src=\"https:\/\/diariodelsurdigital.com.ar\/wp-content\/uploads\/2026\/01\/WhatsApp-Image-2026-01-25-at-22.46.56-1.jpeg\" alt=\"\" class=\"wp-image-6643\" style=\"width:673px;height:auto\" srcset=\"https:\/\/diariodelsurdigital.com.ar\/wp-content\/uploads\/2026\/01\/WhatsApp-Image-2026-01-25-at-22.46.56-1.jpeg 840w, https:\/\/diariodelsurdigital.com.ar\/wp-content\/uploads\/2026\/01\/WhatsApp-Image-2026-01-25-at-22.46.56-1-300x293.jpeg 300w, https:\/\/diariodelsurdigital.com.ar\/wp-content\/uploads\/2026\/01\/WhatsApp-Image-2026-01-25-at-22.46.56-1-768x750.jpeg 768w, https:\/\/diariodelsurdigital.com.ar\/wp-content\/uploads\/2026\/01\/WhatsApp-Image-2026-01-25-at-22.46.56-1-430x420.jpeg 430w, https:\/\/diariodelsurdigital.com.ar\/wp-content\/uploads\/2026\/01\/WhatsApp-Image-2026-01-25-at-22.46.56-1-696x679.jpeg 696w\" sizes=\"auto, (max-width: 840px) 100vw, 840px\" \/><\/figure>\n\n\n\n<p><br><strong>Apoyo a las Comparsas<\/strong><\/p>\n\n\n\n<p><br>Un aspecto clave del carnaval es el apoyo que reciben las comparsas. Se entregaron nuevos galpones a las agrupaciones, mediante un convenio de uso por 15 a\u00f1os, que incluyen instalaciones con luz trif\u00e1sica y ba\u00f1os completos. Conversamos con algunos directores de comparsas e integrantes, quienes coincidieron en que, aunque los fondos municipales son insuficientes debido a la realidad econ\u00f3mica nacional, la mejora constante de las instalaciones y la buena predisposici\u00f3n de las autoridades hacen la diferencia. La posibilidad de contar con un espacio para guardar trajes y carros ha ahorrado tiempo y dinero en log\u00edstica, facilitando la labor de quienes hacen posible este espect\u00e1culo.<\/p>\n\n\n\n<p>VIDEO: <a href=\"https:\/\/www.youtube.com\/shorts\/yX6RwBJqqQs\">Carnaval de Santa Elena 2026<\/a><\/p>\n\n\n\n<p><br><strong>Una Noche de Fiesta<\/strong><\/p>\n\n\n\n<p><br>Al caer la noche, el cors\u00f3dromo se transform\u00f3 en una verdadera fiesta. Familias enteras, a pie, en autos y motos, se aglomeraban para ingresar, creando un ambiente de expectativa y alegr\u00eda. A pesar de la gran afluencia de p\u00fablico, el personal de tr\u00e1nsito y del evento garantizaba un ingreso armonioso, lo que habla de la buena organizaci\u00f3n y del compromiso con la seguridad de todos.<br>El desfile de carnaval fue un espect\u00e1culo en s\u00ed mismo, con tres agrupaciones: Itapor\u00e1, Babiy\u00fa y Poras\u00ed, desfilando en un ambiente de total celebraci\u00f3n. Es importante destacar que las comparsas participan en un modo de participaci\u00f3n, donde no hay competencia, sino un esfuerzo conjunto por presentar lo mejor de cada una. La Comisi\u00f3n de Carnaval distribuye el mismo importe a todas, permitiendo que cada agrupaci\u00f3n presente trajes majestuosos y carros muy bien elaborados, con una participaci\u00f3n que var\u00eda entre 180 y 250 integrantes.<\/p>\n\n\n\n<figure class=\"wp-block-image size-full is-resized\"><img loading=\"lazy\" decoding=\"async\" width=\"583\" height=\"643\" src=\"https:\/\/diariodelsurdigital.com.ar\/wp-content\/uploads\/2026\/01\/WhatsApp-Image-2026-01-25-at-23.22.35.jpeg\" alt=\"\" class=\"wp-image-6640\" style=\"aspect-ratio:0.9067071688942892;width:437px;height:auto\" srcset=\"https:\/\/diariodelsurdigital.com.ar\/wp-content\/uploads\/2026\/01\/WhatsApp-Image-2026-01-25-at-23.22.35.jpeg 583w, https:\/\/diariodelsurdigital.com.ar\/wp-content\/uploads\/2026\/01\/WhatsApp-Image-2026-01-25-at-23.22.35-272x300.jpeg 272w, https:\/\/diariodelsurdigital.com.ar\/wp-content\/uploads\/2026\/01\/WhatsApp-Image-2026-01-25-at-23.22.35-381x420.jpeg 381w\" sizes=\"auto, (max-width: 583px) 100vw, 583px\" \/><\/figure>\n\n\n\n<p><br><strong>Para destacar:<\/strong> por un lado, no hay carro de m\u00fasicos, ya que existe un lugar fijo establecido en el centro del cors\u00f3dromo, pero los que si circulan por la manga cantando, puyando e interactuando con los integrantes de las comparsas y el p\u00fablico son sus cantantes. Y por el otro, y muy emotivo, parte de las hinchadas y simpatizantes, ni\u00f1os, j\u00f3venes y adultos mayores, entran a la manga con banderas y lanza espumas al son de la m\u00fasica, haciendo de presentadores y abriendo el show de cada agrupaci\u00f3n, desfilando hasta el final de la manga. Luego, cada cual vuelve a su lugar. Hermoso y digno de aplausos. Para finalizar, cierre a puro show con un grupo que hizo bailar y cantar a todos los presentes, porque no, nadie se fue, se quedaron todos a disfrutar hasta el \u00faltimo minuto.<\/p>\n\n\n\n<p>VIDEO: <a href=\"https:\/\/www.youtube.com\/watch?v=upCMmpBDjaw\">Ingreso de hinchada de comparsa en Santa Elena 2026 &#8211; YouTube<\/a><\/p>\n\n\n\n<p><br><strong>Lo que nos dej\u00f3<\/strong><\/p>\n\n\n\n<p><br>Este carnaval no es solo un evento de alegr\u00eda; es un reflejo del impacto positivo que puede tener un estado presente y organizado en la vida de una comunidad. La transformaci\u00f3n de Santa Elena es un testimonio de que, con esfuerzo y dedicaci\u00f3n, se pueden lograr grandes cambios. La presentaci\u00f3n de la ciudad y la participaci\u00f3n activa de sus habitantes son el resultado de pol\u00edticas p\u00fablicas que promueven la inclusi\u00f3n y el acceso a la cultura. En cada sonrisa, en cada traje y en cada carro desfilando, se siente el latido de una comunidad unida, que celebra su identidad y su futuro.<\/p>\n\n\n\n<figure class=\"wp-block-image size-large\"><img loading=\"lazy\" decoding=\"async\" width=\"1024\" height=\"882\" src=\"https:\/\/diariodelsurdigital.com.ar\/wp-content\/uploads\/2026\/01\/WhatsApp-Image-2026-01-25-at-23.41.29-1024x882.jpeg\" alt=\"\" class=\"wp-image-6642\" srcset=\"https:\/\/diariodelsurdigital.com.ar\/wp-content\/uploads\/2026\/01\/WhatsApp-Image-2026-01-25-at-23.41.29-1024x882.jpeg 1024w, https:\/\/diariodelsurdigital.com.ar\/wp-content\/uploads\/2026\/01\/WhatsApp-Image-2026-01-25-at-23.41.29-300x258.jpeg 300w, https:\/\/diariodelsurdigital.com.ar\/wp-content\/uploads\/2026\/01\/WhatsApp-Image-2026-01-25-at-23.41.29-768x661.jpeg 768w, https:\/\/diariodelsurdigital.com.ar\/wp-content\/uploads\/2026\/01\/WhatsApp-Image-2026-01-25-at-23.41.29-1536x1323.jpeg 1536w, https:\/\/diariodelsurdigital.com.ar\/wp-content\/uploads\/2026\/01\/WhatsApp-Image-2026-01-25-at-23.41.29-488x420.jpeg 488w, https:\/\/diariodelsurdigital.com.ar\/wp-content\/uploads\/2026\/01\/WhatsApp-Image-2026-01-25-at-23.41.29-696x599.jpeg 696w, https:\/\/diariodelsurdigital.com.ar\/wp-content\/uploads\/2026\/01\/WhatsApp-Image-2026-01-25-at-23.41.29-1068x920.jpeg 1068w, https:\/\/diariodelsurdigital.com.ar\/wp-content\/uploads\/2026\/01\/WhatsApp-Image-2026-01-25-at-23.41.29.jpeg 1600w\" sizes=\"auto, (max-width: 1024px) 100vw, 1024px\" \/><\/figure>\n\n\n\n<p><\/p>\n","protected":false},"excerpt":{"rendered":"<p>Por Julieta Ferrer El Carnaval de Santa Elena se ha convertido en un verdadero espect\u00e1culo que no solo celebra la cultura y la alegr\u00eda de sus habitantes, sino que tambi\u00e9n refleja el impacto positivo de una gesti\u00f3n comprometida y organizada. Al llegar a esta pintoresca ciudad, nos sorprendi\u00f3 gratamente su orden y limpieza, el cuidado [&hellip;]<\/p>\n","protected":false},"author":2,"featured_media":6637,"comment_status":"open","ping_status":"open","sticky":false,"template":"","format":"standard","meta":{"footnotes":""},"categories":[19,17],"tags":[],"class_list":{"0":"post-6636","1":"post","2":"type-post","3":"status-publish","4":"format-standard","5":"has-post-thumbnail","7":"category-interes-general","8":"category-provinciales"},"yoast_head":"<!-- This site is optimized with the Yoast SEO plugin v27.4 - https:\/\/yoast.com\/product\/yoast-seo-wordpress\/ -->\n<title>Carnaval de Santa Elena en Entre R\u00edos \u201cSent\u00ed la Pasi\u00f3n\u201d 2026 - Diario del Sur<\/title>\n<meta name=\"robots\" content=\"index, follow, max-snippet:-1, max-image-preview:large, max-video-preview:-1\" \/>\n<link rel=\"canonical\" href=\"https:\/\/diariodelsurdigital.com.ar\/?p=6636\" \/>\n<meta property=\"og:locale\" content=\"es_ES\" \/>\n<meta property=\"og:type\" content=\"article\" \/>\n<meta property=\"og:title\" content=\"Carnaval de Santa Elena en Entre R\u00edos \u201cSent\u00ed la Pasi\u00f3n\u201d 2026 - Diario del Sur\" \/>\n<meta property=\"og:description\" content=\"Por Julieta Ferrer El Carnaval de Santa Elena se ha convertido en un verdadero espect\u00e1culo que no solo celebra la cultura y la alegr\u00eda de sus habitantes, sino que tambi\u00e9n refleja el impacto positivo de una gesti\u00f3n comprometida y organizada. Al llegar a esta pintoresca ciudad, nos sorprendi\u00f3 gratamente su orden y limpieza, el cuidado [&hellip;]\" \/>\n<meta property=\"og:url\" content=\"https:\/\/diariodelsurdigital.com.ar\/?p=6636\" \/>\n<meta property=\"og:site_name\" content=\"Diario del Sur\" \/>\n<meta property=\"article:published_time\" content=\"2026-01-26T02:47:51+00:00\" \/>\n<meta property=\"article:modified_time\" content=\"2026-01-26T02:47:52+00:00\" \/>\n<meta property=\"og:image\" content=\"https:\/\/diariodelsurdigital.com.ar\/wp-content\/uploads\/2026\/01\/WhatsApp-Image-2026-01-25-at-22.45.12.jpeg\" \/>\n\t<meta property=\"og:image:width\" content=\"632\" \/>\n\t<meta property=\"og:image:height\" content=\"450\" \/>\n\t<meta property=\"og:image:type\" content=\"image\/jpeg\" \/>\n<meta name=\"author\" content=\"Diario del Sur Digital\" \/>\n<meta name=\"twitter:card\" content=\"summary_large_image\" \/>\n<meta name=\"twitter:label1\" content=\"Escrito por\" \/>\n\t<meta name=\"twitter:data1\" content=\"Diario del Sur Digital\" \/>\n\t<meta name=\"twitter:label2\" content=\"Tiempo de lectura\" \/>\n\t<meta name=\"twitter:data2\" content=\"5 minutos\" \/>\n<script type=\"application\/ld+json\" class=\"yoast-schema-graph\">{\"@context\":\"https:\\\/\\\/schema.org\",\"@graph\":[{\"@type\":\"Article\",\"@id\":\"https:\\\/\\\/diariodelsurdigital.com.ar\\\/?p=6636#article\",\"isPartOf\":{\"@id\":\"https:\\\/\\\/diariodelsurdigital.com.ar\\\/?p=6636\"},\"author\":{\"name\":\"Diario del Sur Digital\",\"@id\":\"https:\\\/\\\/diariodelsurdigital.com.ar\\\/#\\\/schema\\\/person\\\/6136a32571657f7dba980b88b04c5465\"},\"headline\":\"Carnaval de Santa Elena en Entre R\u00edos \u201cSent\u00ed la Pasi\u00f3n\u201d 2026\",\"datePublished\":\"2026-01-26T02:47:51+00:00\",\"dateModified\":\"2026-01-26T02:47:52+00:00\",\"mainEntityOfPage\":{\"@id\":\"https:\\\/\\\/diariodelsurdigital.com.ar\\\/?p=6636\"},\"wordCount\":847,\"commentCount\":0,\"image\":{\"@id\":\"https:\\\/\\\/diariodelsurdigital.com.ar\\\/?p=6636#primaryimage\"},\"thumbnailUrl\":\"https:\\\/\\\/diariodelsurdigital.com.ar\\\/wp-content\\\/uploads\\\/2026\\\/01\\\/WhatsApp-Image-2026-01-25-at-22.45.12.jpeg\",\"articleSection\":[\"Inter\u00e9s General\",\"Provinciales\"],\"inLanguage\":\"es\",\"potentialAction\":[{\"@type\":\"CommentAction\",\"name\":\"Comment\",\"target\":[\"https:\\\/\\\/diariodelsurdigital.com.ar\\\/?p=6636#respond\"]}]},{\"@type\":\"WebPage\",\"@id\":\"https:\\\/\\\/diariodelsurdigital.com.ar\\\/?p=6636\",\"url\":\"https:\\\/\\\/diariodelsurdigital.com.ar\\\/?p=6636\",\"name\":\"Carnaval de Santa Elena en Entre R\u00edos \u201cSent\u00ed la Pasi\u00f3n\u201d 2026 - Diario del Sur\",\"isPartOf\":{\"@id\":\"https:\\\/\\\/diariodelsurdigital.com.ar\\\/#website\"},\"primaryImageOfPage\":{\"@id\":\"https:\\\/\\\/diariodelsurdigital.com.ar\\\/?p=6636#primaryimage\"},\"image\":{\"@id\":\"https:\\\/\\\/diariodelsurdigital.com.ar\\\/?p=6636#primaryimage\"},\"thumbnailUrl\":\"https:\\\/\\\/diariodelsurdigital.com.ar\\\/wp-content\\\/uploads\\\/2026\\\/01\\\/WhatsApp-Image-2026-01-25-at-22.45.12.jpeg\",\"datePublished\":\"2026-01-26T02:47:51+00:00\",\"dateModified\":\"2026-01-26T02:47:52+00:00\",\"author\":{\"@id\":\"https:\\\/\\\/diariodelsurdigital.com.ar\\\/#\\\/schema\\\/person\\\/6136a32571657f7dba980b88b04c5465\"},\"breadcrumb\":{\"@id\":\"https:\\\/\\\/diariodelsurdigital.com.ar\\\/?p=6636#breadcrumb\"},\"inLanguage\":\"es\",\"potentialAction\":[{\"@type\":\"ReadAction\",\"target\":[\"https:\\\/\\\/diariodelsurdigital.com.ar\\\/?p=6636\"]}]},{\"@type\":\"ImageObject\",\"inLanguage\":\"es\",\"@id\":\"https:\\\/\\\/diariodelsurdigital.com.ar\\\/?p=6636#primaryimage\",\"url\":\"https:\\\/\\\/diariodelsurdigital.com.ar\\\/wp-content\\\/uploads\\\/2026\\\/01\\\/WhatsApp-Image-2026-01-25-at-22.45.12.jpeg\",\"contentUrl\":\"https:\\\/\\\/diariodelsurdigital.com.ar\\\/wp-content\\\/uploads\\\/2026\\\/01\\\/WhatsApp-Image-2026-01-25-at-22.45.12.jpeg\",\"width\":632,\"height\":450},{\"@type\":\"BreadcrumbList\",\"@id\":\"https:\\\/\\\/diariodelsurdigital.com.ar\\\/?p=6636#breadcrumb\",\"itemListElement\":[{\"@type\":\"ListItem\",\"position\":1,\"name\":\"Portada\",\"item\":\"https:\\\/\\\/diariodelsurdigital.com.ar\\\/\"},{\"@type\":\"ListItem\",\"position\":2,\"name\":\"Carnaval de Santa Elena en Entre R\u00edos \u201cSent\u00ed la Pasi\u00f3n\u201d 2026\"}]},{\"@type\":\"WebSite\",\"@id\":\"https:\\\/\\\/diariodelsurdigital.com.ar\\\/#website\",\"url\":\"https:\\\/\\\/diariodelsurdigital.com.ar\\\/\",\"name\":\"Diario del Sur\",\"description\":\"Digital\",\"potentialAction\":[{\"@type\":\"SearchAction\",\"target\":{\"@type\":\"EntryPoint\",\"urlTemplate\":\"https:\\\/\\\/diariodelsurdigital.com.ar\\\/?s={search_term_string}\"},\"query-input\":{\"@type\":\"PropertyValueSpecification\",\"valueRequired\":true,\"valueName\":\"search_term_string\"}}],\"inLanguage\":\"es\"},{\"@type\":\"Person\",\"@id\":\"https:\\\/\\\/diariodelsurdigital.com.ar\\\/#\\\/schema\\\/person\\\/6136a32571657f7dba980b88b04c5465\",\"name\":\"Diario del Sur Digital\",\"image\":{\"@type\":\"ImageObject\",\"inLanguage\":\"es\",\"@id\":\"https:\\\/\\\/secure.gravatar.com\\\/avatar\\\/4c29ceac98541dd42460b2474aaa5dd37594d6ce6cb3cf2c101d09b48ee287ba?s=96&d=mm&r=g\",\"url\":\"https:\\\/\\\/secure.gravatar.com\\\/avatar\\\/4c29ceac98541dd42460b2474aaa5dd37594d6ce6cb3cf2c101d09b48ee287ba?s=96&d=mm&r=g\",\"contentUrl\":\"https:\\\/\\\/secure.gravatar.com\\\/avatar\\\/4c29ceac98541dd42460b2474aaa5dd37594d6ce6cb3cf2c101d09b48ee287ba?s=96&d=mm&r=g\",\"caption\":\"Diario del Sur Digital\"},\"url\":\"https:\\\/\\\/diariodelsurdigital.com.ar\\\/?author=2\"}]}<\/script>\n<!-- \/ Yoast SEO plugin. -->","yoast_head_json":{"title":"Carnaval de Santa Elena en Entre R\u00edos \u201cSent\u00ed la Pasi\u00f3n\u201d 2026 - Diario del Sur","robots":{"index":"index","follow":"follow","max-snippet":"max-snippet:-1","max-image-preview":"max-image-preview:large","max-video-preview":"max-video-preview:-1"},"canonical":"https:\/\/diariodelsurdigital.com.ar\/?p=6636","og_locale":"es_ES","og_type":"article","og_title":"Carnaval de Santa Elena en Entre R\u00edos \u201cSent\u00ed la Pasi\u00f3n\u201d 2026 - Diario del Sur","og_description":"Por Julieta Ferrer El Carnaval de Santa Elena se ha convertido en un verdadero espect\u00e1culo que no solo celebra la cultura y la alegr\u00eda de sus habitantes, sino que tambi\u00e9n refleja el impacto positivo de una gesti\u00f3n comprometida y organizada. Al llegar a esta pintoresca ciudad, nos sorprendi\u00f3 gratamente su orden y limpieza, el cuidado [&hellip;]","og_url":"https:\/\/diariodelsurdigital.com.ar\/?p=6636","og_site_name":"Diario del Sur","article_published_time":"2026-01-26T02:47:51+00:00","article_modified_time":"2026-01-26T02:47:52+00:00","og_image":[{"width":632,"height":450,"url":"https:\/\/diariodelsurdigital.com.ar\/wp-content\/uploads\/2026\/01\/WhatsApp-Image-2026-01-25-at-22.45.12.jpeg","type":"image\/jpeg"}],"author":"Diario del Sur Digital","twitter_card":"summary_large_image","twitter_misc":{"Escrito por":"Diario del Sur Digital","Tiempo de lectura":"5 minutos"},"schema":{"@context":"https:\/\/schema.org","@graph":[{"@type":"Article","@id":"https:\/\/diariodelsurdigital.com.ar\/?p=6636#article","isPartOf":{"@id":"https:\/\/diariodelsurdigital.com.ar\/?p=6636"},"author":{"name":"Diario del Sur Digital","@id":"https:\/\/diariodelsurdigital.com.ar\/#\/schema\/person\/6136a32571657f7dba980b88b04c5465"},"headline":"Carnaval de Santa Elena en Entre R\u00edos \u201cSent\u00ed la Pasi\u00f3n\u201d 2026","datePublished":"2026-01-26T02:47:51+00:00","dateModified":"2026-01-26T02:47:52+00:00","mainEntityOfPage":{"@id":"https:\/\/diariodelsurdigital.com.ar\/?p=6636"},"wordCount":847,"commentCount":0,"image":{"@id":"https:\/\/diariodelsurdigital.com.ar\/?p=6636#primaryimage"},"thumbnailUrl":"https:\/\/diariodelsurdigital.com.ar\/wp-content\/uploads\/2026\/01\/WhatsApp-Image-2026-01-25-at-22.45.12.jpeg","articleSection":["Inter\u00e9s General","Provinciales"],"inLanguage":"es","potentialAction":[{"@type":"CommentAction","name":"Comment","target":["https:\/\/diariodelsurdigital.com.ar\/?p=6636#respond"]}]},{"@type":"WebPage","@id":"https:\/\/diariodelsurdigital.com.ar\/?p=6636","url":"https:\/\/diariodelsurdigital.com.ar\/?p=6636","name":"Carnaval de Santa Elena en Entre R\u00edos \u201cSent\u00ed la Pasi\u00f3n\u201d 2026 - Diario del Sur","isPartOf":{"@id":"https:\/\/diariodelsurdigital.com.ar\/#website"},"primaryImageOfPage":{"@id":"https:\/\/diariodelsurdigital.com.ar\/?p=6636#primaryimage"},"image":{"@id":"https:\/\/diariodelsurdigital.com.ar\/?p=6636#primaryimage"},"thumbnailUrl":"https:\/\/diariodelsurdigital.com.ar\/wp-content\/uploads\/2026\/01\/WhatsApp-Image-2026-01-25-at-22.45.12.jpeg","datePublished":"2026-01-26T02:47:51+00:00","dateModified":"2026-01-26T02:47:52+00:00","author":{"@id":"https:\/\/diariodelsurdigital.com.ar\/#\/schema\/person\/6136a32571657f7dba980b88b04c5465"},"breadcrumb":{"@id":"https:\/\/diariodelsurdigital.com.ar\/?p=6636#breadcrumb"},"inLanguage":"es","potentialAction":[{"@type":"ReadAction","target":["https:\/\/diariodelsurdigital.com.ar\/?p=6636"]}]},{"@type":"ImageObject","inLanguage":"es","@id":"https:\/\/diariodelsurdigital.com.ar\/?p=6636#primaryimage","url":"https:\/\/diariodelsurdigital.com.ar\/wp-content\/uploads\/2026\/01\/WhatsApp-Image-2026-01-25-at-22.45.12.jpeg","contentUrl":"https:\/\/diariodelsurdigital.com.ar\/wp-content\/uploads\/2026\/01\/WhatsApp-Image-2026-01-25-at-22.45.12.jpeg","width":632,"height":450},{"@type":"BreadcrumbList","@id":"https:\/\/diariodelsurdigital.com.ar\/?p=6636#breadcrumb","itemListElement":[{"@type":"ListItem","position":1,"name":"Portada","item":"https:\/\/diariodelsurdigital.com.ar\/"},{"@type":"ListItem","position":2,"name":"Carnaval de Santa Elena en Entre R\u00edos \u201cSent\u00ed la Pasi\u00f3n\u201d 2026"}]},{"@type":"WebSite","@id":"https:\/\/diariodelsurdigital.com.ar\/#website","url":"https:\/\/diariodelsurdigital.com.ar\/","name":"Diario del Sur","description":"Digital","potentialAction":[{"@type":"SearchAction","target":{"@type":"EntryPoint","urlTemplate":"https:\/\/diariodelsurdigital.com.ar\/?s={search_term_string}"},"query-input":{"@type":"PropertyValueSpecification","valueRequired":true,"valueName":"search_term_string"}}],"inLanguage":"es"},{"@type":"Person","@id":"https:\/\/diariodelsurdigital.com.ar\/#\/schema\/person\/6136a32571657f7dba980b88b04c5465","name":"Diario del Sur Digital","image":{"@type":"ImageObject","inLanguage":"es","@id":"https:\/\/secure.gravatar.com\/avatar\/4c29ceac98541dd42460b2474aaa5dd37594d6ce6cb3cf2c101d09b48ee287ba?s=96&d=mm&r=g","url":"https:\/\/secure.gravatar.com\/avatar\/4c29ceac98541dd42460b2474aaa5dd37594d6ce6cb3cf2c101d09b48ee287ba?s=96&d=mm&r=g","contentUrl":"https:\/\/secure.gravatar.com\/avatar\/4c29ceac98541dd42460b2474aaa5dd37594d6ce6cb3cf2c101d09b48ee287ba?s=96&d=mm&r=g","caption":"Diario del Sur Digital"},"url":"https:\/\/diariodelsurdigital.com.ar\/?author=2"}]}},"_links":{"self":[{"href":"https:\/\/diariodelsurdigital.com.ar\/index.php?rest_route=\/wp\/v2\/posts\/6636","targetHints":{"allow":["GET"]}}],"collection":[{"href":"https:\/\/diariodelsurdigital.com.ar\/index.php?rest_route=\/wp\/v2\/posts"}],"about":[{"href":"https:\/\/diariodelsurdigital.com.ar\/index.php?rest_route=\/wp\/v2\/types\/post"}],"author":[{"embeddable":true,"href":"https:\/\/diariodelsurdigital.com.ar\/index.php?rest_route=\/wp\/v2\/users\/2"}],"replies":[{"embeddable":true,"href":"https:\/\/diariodelsurdigital.com.ar\/index.php?rest_route=%2Fwp%2Fv2%2Fcomments&post=6636"}],"version-history":[{"count":1,"href":"https:\/\/diariodelsurdigital.com.ar\/index.php?rest_route=\/wp\/v2\/posts\/6636\/revisions"}],"predecessor-version":[{"id":6644,"href":"https:\/\/diariodelsurdigital.com.ar\/index.php?rest_route=\/wp\/v2\/posts\/6636\/revisions\/6644"}],"wp:featuredmedia":[{"embeddable":true,"href":"https:\/\/diariodelsurdigital.com.ar\/index.php?rest_route=\/wp\/v2\/media\/6637"}],"wp:attachment":[{"href":"https:\/\/diariodelsurdigital.com.ar\/index.php?rest_route=%2Fwp%2Fv2%2Fmedia&parent=6636"}],"wp:term":[{"taxonomy":"category","embeddable":true,"href":"https:\/\/diariodelsurdigital.com.ar\/index.php?rest_route=%2Fwp%2Fv2%2Fcategories&post=6636"},{"taxonomy":"post_tag","embeddable":true,"href":"https:\/\/diariodelsurdigital.com.ar\/index.php?rest_route=%2Fwp%2Fv2%2Ftags&post=6636"}],"curies":[{"name":"wp","href":"https:\/\/api.w.org\/{rel}","templated":true}]}}