{"id":6649,"date":"2026-01-26T10:38:54","date_gmt":"2026-01-26T13:38:54","guid":{"rendered":"https:\/\/diariodelsurdigital.com.ar\/?p=6649"},"modified":"2026-01-26T10:38:55","modified_gmt":"2026-01-26T13:38:55","slug":"con-un-trabajo-no-basta-el-pluriempleo-crecio-40-en-los-ultimos-ocho-anos","status":"publish","type":"post","link":"https:\/\/diariodelsurdigital.com.ar\/?p=6649","title":{"rendered":"Con un trabajo no basta: el pluriempleo creci\u00f3 40% en los \u00faltimos ocho a\u00f1os"},"content":{"rendered":"\n<p>En 2017, s\u00f3lo el 8,5% de los trabajadores ten\u00eda m\u00e1s de un empleo. Ahora llegan al 11,9%. La p\u00e9rdida de poder adquisitivo los impulsa a buscar otros ingresos. Algunos los consiguen en su propio rubro. Otros acuden a las plataformas digitales de chofer o reparto.<\/p>\n\n\n\n<p><\/p>\n\n\n\n<p>De la casa al trabajo, de un trabajo al otro y despu\u00e9s con suerte volver a casa. As\u00ed son los tiempos que corren desde la crisis del gobierno de Mauricio Macri en adelante. Con un empleo solo no alcanza para vivir a cada vez m\u00e1s personas. Si en 2017, s\u00f3lo el 8,5% ten\u00eda m\u00e1s de un trabajo, es decir, era pluriempleado, dos a\u00f1os despu\u00e9s, en el crep\u00fasculo de la gesti\u00f3n Cambiemos, ya era el 10,7%, al terminar la administraci\u00f3n de Alberto Fern\u00e1ndez, Cristina Fern\u00e1ndez de Kirchner y Sergio Massa ya supon\u00eda el 11% y tras la mitad del mandato de Javier Milei alcanza al 11,9%. Es decir, 40% m\u00e1s en ocho a\u00f1os, seg\u00fan los datos oficiales procesados por un nuevo informe del Centro de Investigaci\u00f3n y Formaci\u00f3n (Cifra) de la Central de Trabajadores de la Argentina (CTA).<\/p>\n\n\n\n<p>Silvina Casab\u00e9, vecina del Abasto de 57 a\u00f1os, ya ten\u00eda dos empleos: siete horas por d\u00eda a la ma\u00f1ana como empleada administrativa del Hospital de Cl\u00ednicas y dos tardes por semana hasta las 21 como profesora de ingl\u00e9s en un instituto privado. \u201cAhora empec\u00e9 a buscar m\u00e1s clases de ingl\u00e9s para poder solventarme. Lo hago porque el hospital depende de la Universidad de Buenos Aires y el desfinanciamiento universitario dej\u00f3 mi sueldo con 40% menos de poder adquisitivo. Me contact\u00f3 una empresa para ense\u00f1arles, empiezo en marzo y cualquier persona que me dice que quiere aprender ingl\u00e9s, le digo que s\u00ed. Estoy en la b\u00fasqueda de sumar cosas porque no llego\u201d, lamenta Silvina.<\/p>\n\n\n\n<p>\u201cUn fen\u00f3meno notable y persistente en los \u00faltimos a\u00f1os es el incremento del pluriempleo.Durante el gobierno de Milei esta tendencia se ha profundizado\u201d, advierte el reporte de Cifra-CTA, que escribieron los economistas Mariana Gonz\u00e1lez y Nicol\u00e1s Bonofiglio. \u201cSuele asociarse este crecimiento con la posibilidad que brindan las nuevas plataformas digitales de sumar una segunda ocupaci\u00f3n a quienes buscan complementar sus ingresos\u201d, contin\u00faa el documento, en clara alusi\u00f3n a quienes, por ejemplo, manejan para Uber, polic\u00edas incluidos, public\u00f3 Diario.Ar.<\/p>\n\n\n\n<p>\u201cSin embargo, el aumento del pluriempleo no depende solamente de tales posibilidades sino que se relaciona, en t\u00e9rminos m\u00e1s generales, con contextos en los que los ingresos reales de los hogares descienden y, en consecuencia, se buscan otras fuentes laborales, vinculadas o no con plataformas digitales. La proporci\u00f3n de personas con m\u00e1s de una ocupaci\u00f3n se redujo levemente entre 2004 y 2015, en un escenario de mejora de los ingresos reales de los hogares, pero comenz\u00f3 a incrementarse desde el final del gobierno de Macri, en paralelo con el deterioro de dichos ingresos\u201d, completan Gonz\u00e1lez y Bonofiglio. En 2004, el pluriempleo fue del 10% y en 2015, 8,4%.<\/p>\n\n\n\n<p>Los expertos de Cifra-CTA calculan, siempre sobre base de datos oficiales, que el salario registrado perdi\u00f3 5,8% en la era Milei frente a la inflaci\u00f3n. Pero si se hubiese calculado el \u00edndice de precios al consumidor (IPC) a partir del patr\u00f3n de consumo m\u00e1s actualizado, de 2017-2018, en lugar del de principios de siglo, el retroceso hubiera sido del 9,8%. A su vez, los sueldos de los empleados privados bajaron 0,9% y los de los estatales, 14,4%, si se toma en cuenta el IPC oficial. Pero uno es el recorte de los funcionarios provinciales, del 6,5%, y otro el de los nacionales, del 33,3%.<\/p>\n\n\n\n<p>B., porte\u00f1a de 41 a\u00f1os, trabajaba en uno de los organismos p\u00fablicos casi desmantelados por el gobierno de Milei. Ante el temor de ser incluida en la lista de 60.000 despedidos en el Estado nacional, busc\u00f3 al inicio de la gesti\u00f3n libertaria otro empleo adicional en una agencia de comunicaci\u00f3n. Finalmente, no se qued\u00f3 sin el puesto estatal sino que fue trasladada a otra dependencia, aunque ya no se ocupa de tareas de su especialidad. \u201cContin\u00fao en ambos ya que si no, no podr\u00eda mantenerme. El sueldo del Estado est\u00e1 muy atrasado, en alrededor de $1 mill\u00f3n, y hay gente que cobra hasta 700.000. Se hace imposible vivir solo con eso. Antes me alcanzaba con un solo trabajo, pero en el \u00faltimo tiempo del gobierno de Alberto ya estaba un poco m\u00e1s corta. Siempre hab\u00eda hecho aparte cosas chiquitas de comunicaci\u00f3n, pero nada fijo\u201d, recuerda M. B.<br>Tambi\u00e9n hay jubilados que no s\u00f3lo necesitan uno sino dos empleos adicionales. Nora Sarmiento Moyano, vecina de Hudson de 72 a\u00f1os, cobra menos que la jubilaci\u00f3n m\u00ednima porque no lleg\u00f3 a acumular todos los aportes correspondientes. Despu\u00e9s de una larga trayectoria en diversas f\u00e1bricas, de grande estudi\u00f3 y se recibi\u00f3 de trabajadora social y hace medio a\u00f1o comenz\u00f3 a trabajar en dos centros terap\u00e9uticos. Ahora se ha postulado para emplearse en pabellones carcelarios. \u201cEstoy trabajando de lo que estudi\u00e9 y muy feliz, pero con mi jubilaci\u00f3n sola, si yo no cambio mi situaci\u00f3n, no me la cambia nadie. Tengo gastos para mantenerme y mantener la casa. Ahora yo estoy con una abogada para que me reconozcan cinco a\u00f1os de aportes que me afanaron y poder empezar a cobrar la jubilaci\u00f3n que me corresponde\u201d, relata Nora.<\/p>\n\n\n\n<p>La consultora C-P, de Pablo Moldovan y Federico Pastrana, advierte en un reciente informe que el empleo est\u00e1 ajust\u00e1ndose por cuatro v\u00edas: la desocupaci\u00f3n, que subi\u00f3 del 6,2% al 7,6%; el subempleo, es decir, trabajar menos horas de las deseadas, 0,5 puntos porcentuales m\u00e1s que en 2023; el reemplazo de puestos formales (-2,8 puntos porcentuales) por m\u00e1s informales (+1,9) y cuentapropistas (+0,2) y el pluriempleo. \u201cFrente a las dificultades de ingresos, las personas buscaron otro trabajo que les permita complementar los ingresos perdidos. El pluriempleo viene creciendo en los \u00faltimos a\u00f1os, muy asociado a las ca\u00eddas de los ingresos reales. El proceso es acumulativo y facilitado por los empleos en plataformas\u201d, concluye el informe de C-P. Es decir, hay quienes agarran el auto para hacer Uber, Cabify o Didi o repartir mercader\u00eda de Mercado Libre u otras firmas con comercio electr\u00f3nico, o se suben a la moto o la bici para repartir en Rappi o PedidosYa. Pero el fen\u00f3meno del pluriempleo va mucho m\u00e1s all\u00e1 que las apps.<\/p>\n","protected":false},"excerpt":{"rendered":"<p>En 2017, s\u00f3lo el 8,5% de los trabajadores ten\u00eda m\u00e1s de un empleo. Ahora llegan al 11,9%. La p\u00e9rdida de poder adquisitivo los impulsa a buscar otros ingresos. Algunos los consiguen en su propio rubro. Otros acuden a las plataformas digitales de chofer o reparto. De la casa al trabajo, de un trabajo al otro [&hellip;]<\/p>\n","protected":false},"author":4,"featured_media":6650,"comment_status":"open","ping_status":"open","sticky":false,"template":"","format":"standard","meta":{"footnotes":""},"categories":[19,18],"tags":[],"class_list":{"0":"post-6649","1":"post","2":"type-post","3":"status-publish","4":"format-standard","5":"has-post-thumbnail","7":"category-interes-general","8":"category-nacionales"},"yoast_head":"<!-- This site is optimized with the Yoast SEO plugin v27.4 - https:\/\/yoast.com\/product\/yoast-seo-wordpress\/ -->\n<title>Con un trabajo no basta: el pluriempleo creci\u00f3 40% en los \u00faltimos ocho a\u00f1os - Diario del Sur<\/title>\n<meta name=\"robots\" content=\"index, follow, max-snippet:-1, max-image-preview:large, max-video-preview:-1\" \/>\n<link rel=\"canonical\" href=\"https:\/\/diariodelsurdigital.com.ar\/?p=6649\" \/>\n<meta property=\"og:locale\" content=\"es_ES\" \/>\n<meta property=\"og:type\" content=\"article\" \/>\n<meta property=\"og:title\" content=\"Con un trabajo no basta: el pluriempleo creci\u00f3 40% en los \u00faltimos ocho a\u00f1os - Diario del Sur\" \/>\n<meta property=\"og:description\" content=\"En 2017, s\u00f3lo el 8,5% de los trabajadores ten\u00eda m\u00e1s de un empleo. Ahora llegan al 11,9%. La p\u00e9rdida de poder adquisitivo los impulsa a buscar otros ingresos. Algunos los consiguen en su propio rubro. Otros acuden a las plataformas digitales de chofer o reparto. De la casa al trabajo, de un trabajo al otro [&hellip;]\" \/>\n<meta property=\"og:url\" content=\"https:\/\/diariodelsurdigital.com.ar\/?p=6649\" \/>\n<meta property=\"og:site_name\" content=\"Diario del Sur\" \/>\n<meta property=\"article:published_time\" content=\"2026-01-26T13:38:54+00:00\" \/>\n<meta property=\"article:modified_time\" content=\"2026-01-26T13:38:55+00:00\" \/>\n<meta property=\"og:image\" content=\"https:\/\/diariodelsurdigital.com.ar\/wp-content\/uploads\/2026\/01\/md-81.webp\" \/>\n\t<meta property=\"og:image:width\" content=\"992\" \/>\n\t<meta property=\"og:image:height\" content=\"558\" \/>\n\t<meta property=\"og:image:type\" content=\"image\/webp\" \/>\n<meta name=\"author\" content=\"Diario del Sur Digital\" \/>\n<meta name=\"twitter:card\" content=\"summary_large_image\" \/>\n<meta name=\"twitter:label1\" content=\"Escrito por\" \/>\n\t<meta name=\"twitter:data1\" content=\"Diario del Sur Digital\" \/>\n\t<meta name=\"twitter:label2\" content=\"Tiempo de lectura\" \/>\n\t<meta name=\"twitter:data2\" content=\"5 minutos\" \/>\n<script type=\"application\/ld+json\" class=\"yoast-schema-graph\">{\"@context\":\"https:\\\/\\\/schema.org\",\"@graph\":[{\"@type\":\"Article\",\"@id\":\"https:\\\/\\\/diariodelsurdigital.com.ar\\\/?p=6649#article\",\"isPartOf\":{\"@id\":\"https:\\\/\\\/diariodelsurdigital.com.ar\\\/?p=6649\"},\"author\":{\"name\":\"Diario del Sur Digital\",\"@id\":\"https:\\\/\\\/diariodelsurdigital.com.ar\\\/#\\\/schema\\\/person\\\/1a4992532ed62965c968031b49195c81\"},\"headline\":\"Con un trabajo no basta: el pluriempleo creci\u00f3 40% en los \u00faltimos ocho a\u00f1os\",\"datePublished\":\"2026-01-26T13:38:54+00:00\",\"dateModified\":\"2026-01-26T13:38:55+00:00\",\"mainEntityOfPage\":{\"@id\":\"https:\\\/\\\/diariodelsurdigital.com.ar\\\/?p=6649\"},\"wordCount\":1101,\"commentCount\":0,\"image\":{\"@id\":\"https:\\\/\\\/diariodelsurdigital.com.ar\\\/?p=6649#primaryimage\"},\"thumbnailUrl\":\"https:\\\/\\\/diariodelsurdigital.com.ar\\\/wp-content\\\/uploads\\\/2026\\\/01\\\/md-81.webp\",\"articleSection\":[\"Inter\u00e9s General\",\"Nacionales\"],\"inLanguage\":\"es\",\"potentialAction\":[{\"@type\":\"CommentAction\",\"name\":\"Comment\",\"target\":[\"https:\\\/\\\/diariodelsurdigital.com.ar\\\/?p=6649#respond\"]}]},{\"@type\":\"WebPage\",\"@id\":\"https:\\\/\\\/diariodelsurdigital.com.ar\\\/?p=6649\",\"url\":\"https:\\\/\\\/diariodelsurdigital.com.ar\\\/?p=6649\",\"name\":\"Con un trabajo no basta: el pluriempleo creci\u00f3 40% en los \u00faltimos ocho a\u00f1os - Diario del Sur\",\"isPartOf\":{\"@id\":\"https:\\\/\\\/diariodelsurdigital.com.ar\\\/#website\"},\"primaryImageOfPage\":{\"@id\":\"https:\\\/\\\/diariodelsurdigital.com.ar\\\/?p=6649#primaryimage\"},\"image\":{\"@id\":\"https:\\\/\\\/diariodelsurdigital.com.ar\\\/?p=6649#primaryimage\"},\"thumbnailUrl\":\"https:\\\/\\\/diariodelsurdigital.com.ar\\\/wp-content\\\/uploads\\\/2026\\\/01\\\/md-81.webp\",\"datePublished\":\"2026-01-26T13:38:54+00:00\",\"dateModified\":\"2026-01-26T13:38:55+00:00\",\"author\":{\"@id\":\"https:\\\/\\\/diariodelsurdigital.com.ar\\\/#\\\/schema\\\/person\\\/1a4992532ed62965c968031b49195c81\"},\"breadcrumb\":{\"@id\":\"https:\\\/\\\/diariodelsurdigital.com.ar\\\/?p=6649#breadcrumb\"},\"inLanguage\":\"es\",\"potentialAction\":[{\"@type\":\"ReadAction\",\"target\":[\"https:\\\/\\\/diariodelsurdigital.com.ar\\\/?p=6649\"]}]},{\"@type\":\"ImageObject\",\"inLanguage\":\"es\",\"@id\":\"https:\\\/\\\/diariodelsurdigital.com.ar\\\/?p=6649#primaryimage\",\"url\":\"https:\\\/\\\/diariodelsurdigital.com.ar\\\/wp-content\\\/uploads\\\/2026\\\/01\\\/md-81.webp\",\"contentUrl\":\"https:\\\/\\\/diariodelsurdigital.com.ar\\\/wp-content\\\/uploads\\\/2026\\\/01\\\/md-81.webp\",\"width\":992,\"height\":558},{\"@type\":\"BreadcrumbList\",\"@id\":\"https:\\\/\\\/diariodelsurdigital.com.ar\\\/?p=6649#breadcrumb\",\"itemListElement\":[{\"@type\":\"ListItem\",\"position\":1,\"name\":\"Portada\",\"item\":\"https:\\\/\\\/diariodelsurdigital.com.ar\\\/\"},{\"@type\":\"ListItem\",\"position\":2,\"name\":\"Con un trabajo no basta: el pluriempleo creci\u00f3 40% en los \u00faltimos ocho a\u00f1os\"}]},{\"@type\":\"WebSite\",\"@id\":\"https:\\\/\\\/diariodelsurdigital.com.ar\\\/#website\",\"url\":\"https:\\\/\\\/diariodelsurdigital.com.ar\\\/\",\"name\":\"Diario del Sur\",\"description\":\"Digital\",\"potentialAction\":[{\"@type\":\"SearchAction\",\"target\":{\"@type\":\"EntryPoint\",\"urlTemplate\":\"https:\\\/\\\/diariodelsurdigital.com.ar\\\/?s={search_term_string}\"},\"query-input\":{\"@type\":\"PropertyValueSpecification\",\"valueRequired\":true,\"valueName\":\"search_term_string\"}}],\"inLanguage\":\"es\"},{\"@type\":\"Person\",\"@id\":\"https:\\\/\\\/diariodelsurdigital.com.ar\\\/#\\\/schema\\\/person\\\/1a4992532ed62965c968031b49195c81\",\"name\":\"Diario del Sur Digital\",\"image\":{\"@type\":\"ImageObject\",\"inLanguage\":\"es\",\"@id\":\"https:\\\/\\\/secure.gravatar.com\\\/avatar\\\/f0c7c47fc7146d19828273b9b8eda651c9c7ab583767e6338d3d3bee825adf76?s=96&d=mm&r=g\",\"url\":\"https:\\\/\\\/secure.gravatar.com\\\/avatar\\\/f0c7c47fc7146d19828273b9b8eda651c9c7ab583767e6338d3d3bee825adf76?s=96&d=mm&r=g\",\"contentUrl\":\"https:\\\/\\\/secure.gravatar.com\\\/avatar\\\/f0c7c47fc7146d19828273b9b8eda651c9c7ab583767e6338d3d3bee825adf76?s=96&d=mm&r=g\",\"caption\":\"Diario del Sur Digital\"},\"url\":\"https:\\\/\\\/diariodelsurdigital.com.ar\\\/?author=4\"}]}<\/script>\n<!-- \/ Yoast SEO plugin. -->","yoast_head_json":{"title":"Con un trabajo no basta: el pluriempleo creci\u00f3 40% en los \u00faltimos ocho a\u00f1os - Diario del Sur","robots":{"index":"index","follow":"follow","max-snippet":"max-snippet:-1","max-image-preview":"max-image-preview:large","max-video-preview":"max-video-preview:-1"},"canonical":"https:\/\/diariodelsurdigital.com.ar\/?p=6649","og_locale":"es_ES","og_type":"article","og_title":"Con un trabajo no basta: el pluriempleo creci\u00f3 40% en los \u00faltimos ocho a\u00f1os - Diario del Sur","og_description":"En 2017, s\u00f3lo el 8,5% de los trabajadores ten\u00eda m\u00e1s de un empleo. Ahora llegan al 11,9%. La p\u00e9rdida de poder adquisitivo los impulsa a buscar otros ingresos. Algunos los consiguen en su propio rubro. Otros acuden a las plataformas digitales de chofer o reparto. De la casa al trabajo, de un trabajo al otro [&hellip;]","og_url":"https:\/\/diariodelsurdigital.com.ar\/?p=6649","og_site_name":"Diario del Sur","article_published_time":"2026-01-26T13:38:54+00:00","article_modified_time":"2026-01-26T13:38:55+00:00","og_image":[{"width":992,"height":558,"url":"https:\/\/diariodelsurdigital.com.ar\/wp-content\/uploads\/2026\/01\/md-81.webp","type":"image\/webp"}],"author":"Diario del Sur Digital","twitter_card":"summary_large_image","twitter_misc":{"Escrito por":"Diario del Sur Digital","Tiempo de lectura":"5 minutos"},"schema":{"@context":"https:\/\/schema.org","@graph":[{"@type":"Article","@id":"https:\/\/diariodelsurdigital.com.ar\/?p=6649#article","isPartOf":{"@id":"https:\/\/diariodelsurdigital.com.ar\/?p=6649"},"author":{"name":"Diario del Sur Digital","@id":"https:\/\/diariodelsurdigital.com.ar\/#\/schema\/person\/1a4992532ed62965c968031b49195c81"},"headline":"Con un trabajo no basta: el pluriempleo creci\u00f3 40% en los \u00faltimos ocho a\u00f1os","datePublished":"2026-01-26T13:38:54+00:00","dateModified":"2026-01-26T13:38:55+00:00","mainEntityOfPage":{"@id":"https:\/\/diariodelsurdigital.com.ar\/?p=6649"},"wordCount":1101,"commentCount":0,"image":{"@id":"https:\/\/diariodelsurdigital.com.ar\/?p=6649#primaryimage"},"thumbnailUrl":"https:\/\/diariodelsurdigital.com.ar\/wp-content\/uploads\/2026\/01\/md-81.webp","articleSection":["Inter\u00e9s General","Nacionales"],"inLanguage":"es","potentialAction":[{"@type":"CommentAction","name":"Comment","target":["https:\/\/diariodelsurdigital.com.ar\/?p=6649#respond"]}]},{"@type":"WebPage","@id":"https:\/\/diariodelsurdigital.com.ar\/?p=6649","url":"https:\/\/diariodelsurdigital.com.ar\/?p=6649","name":"Con un trabajo no basta: el pluriempleo creci\u00f3 40% en los \u00faltimos ocho a\u00f1os - Diario del Sur","isPartOf":{"@id":"https:\/\/diariodelsurdigital.com.ar\/#website"},"primaryImageOfPage":{"@id":"https:\/\/diariodelsurdigital.com.ar\/?p=6649#primaryimage"},"image":{"@id":"https:\/\/diariodelsurdigital.com.ar\/?p=6649#primaryimage"},"thumbnailUrl":"https:\/\/diariodelsurdigital.com.ar\/wp-content\/uploads\/2026\/01\/md-81.webp","datePublished":"2026-01-26T13:38:54+00:00","dateModified":"2026-01-26T13:38:55+00:00","author":{"@id":"https:\/\/diariodelsurdigital.com.ar\/#\/schema\/person\/1a4992532ed62965c968031b49195c81"},"breadcrumb":{"@id":"https:\/\/diariodelsurdigital.com.ar\/?p=6649#breadcrumb"},"inLanguage":"es","potentialAction":[{"@type":"ReadAction","target":["https:\/\/diariodelsurdigital.com.ar\/?p=6649"]}]},{"@type":"ImageObject","inLanguage":"es","@id":"https:\/\/diariodelsurdigital.com.ar\/?p=6649#primaryimage","url":"https:\/\/diariodelsurdigital.com.ar\/wp-content\/uploads\/2026\/01\/md-81.webp","contentUrl":"https:\/\/diariodelsurdigital.com.ar\/wp-content\/uploads\/2026\/01\/md-81.webp","width":992,"height":558},{"@type":"BreadcrumbList","@id":"https:\/\/diariodelsurdigital.com.ar\/?p=6649#breadcrumb","itemListElement":[{"@type":"ListItem","position":1,"name":"Portada","item":"https:\/\/diariodelsurdigital.com.ar\/"},{"@type":"ListItem","position":2,"name":"Con un trabajo no basta: el pluriempleo creci\u00f3 40% en los \u00faltimos ocho a\u00f1os"}]},{"@type":"WebSite","@id":"https:\/\/diariodelsurdigital.com.ar\/#website","url":"https:\/\/diariodelsurdigital.com.ar\/","name":"Diario del Sur","description":"Digital","potentialAction":[{"@type":"SearchAction","target":{"@type":"EntryPoint","urlTemplate":"https:\/\/diariodelsurdigital.com.ar\/?s={search_term_string}"},"query-input":{"@type":"PropertyValueSpecification","valueRequired":true,"valueName":"search_term_string"}}],"inLanguage":"es"},{"@type":"Person","@id":"https:\/\/diariodelsurdigital.com.ar\/#\/schema\/person\/1a4992532ed62965c968031b49195c81","name":"Diario del Sur Digital","image":{"@type":"ImageObject","inLanguage":"es","@id":"https:\/\/secure.gravatar.com\/avatar\/f0c7c47fc7146d19828273b9b8eda651c9c7ab583767e6338d3d3bee825adf76?s=96&d=mm&r=g","url":"https:\/\/secure.gravatar.com\/avatar\/f0c7c47fc7146d19828273b9b8eda651c9c7ab583767e6338d3d3bee825adf76?s=96&d=mm&r=g","contentUrl":"https:\/\/secure.gravatar.com\/avatar\/f0c7c47fc7146d19828273b9b8eda651c9c7ab583767e6338d3d3bee825adf76?s=96&d=mm&r=g","caption":"Diario del Sur Digital"},"url":"https:\/\/diariodelsurdigital.com.ar\/?author=4"}]}},"_links":{"self":[{"href":"https:\/\/diariodelsurdigital.com.ar\/index.php?rest_route=\/wp\/v2\/posts\/6649","targetHints":{"allow":["GET"]}}],"collection":[{"href":"https:\/\/diariodelsurdigital.com.ar\/index.php?rest_route=\/wp\/v2\/posts"}],"about":[{"href":"https:\/\/diariodelsurdigital.com.ar\/index.php?rest_route=\/wp\/v2\/types\/post"}],"author":[{"embeddable":true,"href":"https:\/\/diariodelsurdigital.com.ar\/index.php?rest_route=\/wp\/v2\/users\/4"}],"replies":[{"embeddable":true,"href":"https:\/\/diariodelsurdigital.com.ar\/index.php?rest_route=%2Fwp%2Fv2%2Fcomments&post=6649"}],"version-history":[{"count":1,"href":"https:\/\/diariodelsurdigital.com.ar\/index.php?rest_route=\/wp\/v2\/posts\/6649\/revisions"}],"predecessor-version":[{"id":6651,"href":"https:\/\/diariodelsurdigital.com.ar\/index.php?rest_route=\/wp\/v2\/posts\/6649\/revisions\/6651"}],"wp:featuredmedia":[{"embeddable":true,"href":"https:\/\/diariodelsurdigital.com.ar\/index.php?rest_route=\/wp\/v2\/media\/6650"}],"wp:attachment":[{"href":"https:\/\/diariodelsurdigital.com.ar\/index.php?rest_route=%2Fwp%2Fv2%2Fmedia&parent=6649"}],"wp:term":[{"taxonomy":"category","embeddable":true,"href":"https:\/\/diariodelsurdigital.com.ar\/index.php?rest_route=%2Fwp%2Fv2%2Fcategories&post=6649"},{"taxonomy":"post_tag","embeddable":true,"href":"https:\/\/diariodelsurdigital.com.ar\/index.php?rest_route=%2Fwp%2Fv2%2Ftags&post=6649"}],"curies":[{"name":"wp","href":"https:\/\/api.w.org\/{rel}","templated":true}]}}