{"id":6652,"date":"2026-01-26T10:41:05","date_gmt":"2026-01-26T13:41:05","guid":{"rendered":"https:\/\/diariodelsurdigital.com.ar\/?p=6652"},"modified":"2026-01-26T10:41:06","modified_gmt":"2026-01-26T13:41:06","slug":"chubut-por-el-avance-del-fuego-cortaron-la-ruta-provincial-71","status":"publish","type":"post","link":"https:\/\/diariodelsurdigital.com.ar\/?p=6652","title":{"rendered":"Chubut: Por el avance del fuego, cortaron la Ruta Provincial 71"},"content":{"rendered":"\n<p>El corte es total desde el empalme con la Ruta Nacional 40 hasta la localidad de Cholilla, para todo tipo de veh\u00edculos.<\/p>\n\n\n\n<p>Mientras el fuego contin\u00faa avanzando en la zona de Cholila, en la provincia de Chubut, las autoridades locales determinaron el corte total de la Ruta Provincial 71, desde el empalme con la Ruta Nacional 40 hasta la localidad mencionada, para todo tipo de veh\u00edculos. El objetivo es proteger tanto a la poblaci\u00f3n como a los brigadistas en el \u00e1rea.<\/p>\n\n\n\n<p>De esta manera, los automovilistas y residentes evitar\u00e1n riesgos ante la falta de visibilidad por el avance del humo y se facilitar\u00e1 el movimiento de los recursos de combate.<\/p>\n\n\n\n<p>Los incendios forestales que rodean a la Cholita no dan tregua y, con r\u00e1fagas de viento que superan los 50 kil\u00f3metros por hora, las llamas siguen expandi\u00e9ndose. Las columnas de humo provienen tanto del Parque Nacional Los Alerces como del incendio iniciado en Puerto Patriada. En este marco, la visibilidad qued\u00f3 sumamente comprometida, lo que complica a\u00fan m\u00e1s el combate del fuego.<\/p>\n\n\n\n<p>Actualmente est\u00e1n trabajando en el lugar m\u00e1s de 500 operadores, entre brigadistas, bomberos, personal de manejo del fuego y voluntarios, seg\u00fan confirm\u00f3 Laura Mirantes, coordinadora del Comit\u00e9 de Control de Incendios del Parque Los Alerces.<\/p>\n\n\n\n<p>Sobre la situaci\u00f3n actual en el Parque Nacional explic\u00f3: \u201cTenemos el fuego en los dos extremos, y aunque las l\u00edneas est\u00e1n cubiertas con varios equipos, la situaci\u00f3n se complica por la rotaci\u00f3n del viento y la aparici\u00f3n de focos secundarios. El fuego est\u00e1 quemando en altura y las r\u00e1fagas desprenden brasas que encienden otros sectores. Esto nos impide anticiparnos y nos obliga a trabajar en retroceso\u201d. Tambi\u00e9n precis\u00f3 que otro de los factores que explica la expansi\u00f3n de las llamas es la sequ\u00eda y la escasez de agua en la zona.<\/p>\n\n\n\n<p>Intervenci\u00f3n del Parque Nacional Los Alerces<br>El Parque Nacional Los Alerces fue intervenido por primera vez en la historia, en medio del avance del fuego por los incendios forestales que azotan a la provincia de Chubut. Fue por decisi\u00f3n de la Administraci\u00f3n de Parques Nacionales (APN) para una acci\u00f3n \u00abinmediata\u00bb contra las llamas.<\/p>\n\n\n\n<p>La medida contempla la creaci\u00f3n de un Comit\u00e9 de Intervenci\u00f3n que asumir\u00e1, transitoriamente, la totalidad de las funciones que corresponden a la intendencia del parque.<\/p>\n\n\n\n<p>\u201cLa medida se enmarca en el contexto de la emergencia \u00edgnea declarada en las \u00e1reas protegidas bajo jurisdicci\u00f3n de la Administraci\u00f3n de Parques Nacionales\u201d, se\u00f1ala el informe, public\u00f3 \u00c1mbito.<\/p>\n","protected":false},"excerpt":{"rendered":"<p>El corte es total desde el empalme con la Ruta Nacional 40 hasta la localidad de Cholilla, para todo tipo de veh\u00edculos. Mientras el fuego contin\u00faa avanzando en la zona de Cholila, en la provincia de Chubut, las autoridades locales determinaron el corte total de la Ruta Provincial 71, desde el empalme con la Ruta [&hellip;]<\/p>\n","protected":false},"author":4,"featured_media":6653,"comment_status":"open","ping_status":"open","sticky":false,"template":"","format":"standard","meta":{"footnotes":""},"categories":[19,18],"tags":[],"class_list":{"0":"post-6652","1":"post","2":"type-post","3":"status-publish","4":"format-standard","5":"has-post-thumbnail","7":"category-interes-general","8":"category-nacionales"},"yoast_head":"<!-- This site is optimized with the Yoast SEO plugin v27.4 - https:\/\/yoast.com\/product\/yoast-seo-wordpress\/ -->\n<title>Chubut: Por el avance del fuego, cortaron la Ruta Provincial 71 - Diario del Sur<\/title>\n<meta name=\"robots\" content=\"index, follow, max-snippet:-1, max-image-preview:large, max-video-preview:-1\" \/>\n<link rel=\"canonical\" href=\"https:\/\/diariodelsurdigital.com.ar\/?p=6652\" \/>\n<meta property=\"og:locale\" content=\"es_ES\" \/>\n<meta property=\"og:type\" content=\"article\" \/>\n<meta property=\"og:title\" content=\"Chubut: Por el avance del fuego, cortaron la Ruta Provincial 71 - Diario del Sur\" \/>\n<meta property=\"og:description\" content=\"El corte es total desde el empalme con la Ruta Nacional 40 hasta la localidad de Cholilla, para todo tipo de veh\u00edculos. Mientras el fuego contin\u00faa avanzando en la zona de Cholila, en la provincia de Chubut, las autoridades locales determinaron el corte total de la Ruta Provincial 71, desde el empalme con la Ruta [&hellip;]\" \/>\n<meta property=\"og:url\" content=\"https:\/\/diariodelsurdigital.com.ar\/?p=6652\" \/>\n<meta property=\"og:site_name\" content=\"Diario del Sur\" \/>\n<meta property=\"article:published_time\" content=\"2026-01-26T13:41:05+00:00\" \/>\n<meta property=\"article:modified_time\" content=\"2026-01-26T13:41:06+00:00\" \/>\n<meta property=\"og:image\" content=\"https:\/\/diariodelsurdigital.com.ar\/wp-content\/uploads\/2026\/01\/md-82.webp\" \/>\n\t<meta property=\"og:image:width\" content=\"992\" \/>\n\t<meta property=\"og:image:height\" content=\"545\" \/>\n\t<meta property=\"og:image:type\" content=\"image\/webp\" \/>\n<meta name=\"author\" content=\"Diario del Sur Digital\" \/>\n<meta name=\"twitter:card\" content=\"summary_large_image\" \/>\n<meta name=\"twitter:label1\" content=\"Escrito por\" \/>\n\t<meta name=\"twitter:data1\" content=\"Diario del Sur Digital\" \/>\n\t<meta name=\"twitter:label2\" content=\"Tiempo de lectura\" \/>\n\t<meta name=\"twitter:data2\" content=\"3 minutos\" \/>\n<script type=\"application\/ld+json\" class=\"yoast-schema-graph\">{\"@context\":\"https:\\\/\\\/schema.org\",\"@graph\":[{\"@type\":\"Article\",\"@id\":\"https:\\\/\\\/diariodelsurdigital.com.ar\\\/?p=6652#article\",\"isPartOf\":{\"@id\":\"https:\\\/\\\/diariodelsurdigital.com.ar\\\/?p=6652\"},\"author\":{\"name\":\"Diario del Sur Digital\",\"@id\":\"https:\\\/\\\/diariodelsurdigital.com.ar\\\/#\\\/schema\\\/person\\\/1a4992532ed62965c968031b49195c81\"},\"headline\":\"Chubut: Por el avance del fuego, cortaron la Ruta Provincial 71\",\"datePublished\":\"2026-01-26T13:41:05+00:00\",\"dateModified\":\"2026-01-26T13:41:06+00:00\",\"mainEntityOfPage\":{\"@id\":\"https:\\\/\\\/diariodelsurdigital.com.ar\\\/?p=6652\"},\"wordCount\":441,\"commentCount\":0,\"image\":{\"@id\":\"https:\\\/\\\/diariodelsurdigital.com.ar\\\/?p=6652#primaryimage\"},\"thumbnailUrl\":\"https:\\\/\\\/diariodelsurdigital.com.ar\\\/wp-content\\\/uploads\\\/2026\\\/01\\\/md-82.webp\",\"articleSection\":[\"Inter\u00e9s General\",\"Nacionales\"],\"inLanguage\":\"es\",\"potentialAction\":[{\"@type\":\"CommentAction\",\"name\":\"Comment\",\"target\":[\"https:\\\/\\\/diariodelsurdigital.com.ar\\\/?p=6652#respond\"]}]},{\"@type\":\"WebPage\",\"@id\":\"https:\\\/\\\/diariodelsurdigital.com.ar\\\/?p=6652\",\"url\":\"https:\\\/\\\/diariodelsurdigital.com.ar\\\/?p=6652\",\"name\":\"Chubut: Por el avance del fuego, cortaron la Ruta Provincial 71 - Diario del Sur\",\"isPartOf\":{\"@id\":\"https:\\\/\\\/diariodelsurdigital.com.ar\\\/#website\"},\"primaryImageOfPage\":{\"@id\":\"https:\\\/\\\/diariodelsurdigital.com.ar\\\/?p=6652#primaryimage\"},\"image\":{\"@id\":\"https:\\\/\\\/diariodelsurdigital.com.ar\\\/?p=6652#primaryimage\"},\"thumbnailUrl\":\"https:\\\/\\\/diariodelsurdigital.com.ar\\\/wp-content\\\/uploads\\\/2026\\\/01\\\/md-82.webp\",\"datePublished\":\"2026-01-26T13:41:05+00:00\",\"dateModified\":\"2026-01-26T13:41:06+00:00\",\"author\":{\"@id\":\"https:\\\/\\\/diariodelsurdigital.com.ar\\\/#\\\/schema\\\/person\\\/1a4992532ed62965c968031b49195c81\"},\"breadcrumb\":{\"@id\":\"https:\\\/\\\/diariodelsurdigital.com.ar\\\/?p=6652#breadcrumb\"},\"inLanguage\":\"es\",\"potentialAction\":[{\"@type\":\"ReadAction\",\"target\":[\"https:\\\/\\\/diariodelsurdigital.com.ar\\\/?p=6652\"]}]},{\"@type\":\"ImageObject\",\"inLanguage\":\"es\",\"@id\":\"https:\\\/\\\/diariodelsurdigital.com.ar\\\/?p=6652#primaryimage\",\"url\":\"https:\\\/\\\/diariodelsurdigital.com.ar\\\/wp-content\\\/uploads\\\/2026\\\/01\\\/md-82.webp\",\"contentUrl\":\"https:\\\/\\\/diariodelsurdigital.com.ar\\\/wp-content\\\/uploads\\\/2026\\\/01\\\/md-82.webp\",\"width\":992,\"height\":545},{\"@type\":\"BreadcrumbList\",\"@id\":\"https:\\\/\\\/diariodelsurdigital.com.ar\\\/?p=6652#breadcrumb\",\"itemListElement\":[{\"@type\":\"ListItem\",\"position\":1,\"name\":\"Portada\",\"item\":\"https:\\\/\\\/diariodelsurdigital.com.ar\\\/\"},{\"@type\":\"ListItem\",\"position\":2,\"name\":\"Chubut: Por el avance del fuego, cortaron la Ruta Provincial 71\"}]},{\"@type\":\"WebSite\",\"@id\":\"https:\\\/\\\/diariodelsurdigital.com.ar\\\/#website\",\"url\":\"https:\\\/\\\/diariodelsurdigital.com.ar\\\/\",\"name\":\"Diario del Sur\",\"description\":\"Digital\",\"potentialAction\":[{\"@type\":\"SearchAction\",\"target\":{\"@type\":\"EntryPoint\",\"urlTemplate\":\"https:\\\/\\\/diariodelsurdigital.com.ar\\\/?s={search_term_string}\"},\"query-input\":{\"@type\":\"PropertyValueSpecification\",\"valueRequired\":true,\"valueName\":\"search_term_string\"}}],\"inLanguage\":\"es\"},{\"@type\":\"Person\",\"@id\":\"https:\\\/\\\/diariodelsurdigital.com.ar\\\/#\\\/schema\\\/person\\\/1a4992532ed62965c968031b49195c81\",\"name\":\"Diario del Sur Digital\",\"image\":{\"@type\":\"ImageObject\",\"inLanguage\":\"es\",\"@id\":\"https:\\\/\\\/secure.gravatar.com\\\/avatar\\\/f0c7c47fc7146d19828273b9b8eda651c9c7ab583767e6338d3d3bee825adf76?s=96&d=mm&r=g\",\"url\":\"https:\\\/\\\/secure.gravatar.com\\\/avatar\\\/f0c7c47fc7146d19828273b9b8eda651c9c7ab583767e6338d3d3bee825adf76?s=96&d=mm&r=g\",\"contentUrl\":\"https:\\\/\\\/secure.gravatar.com\\\/avatar\\\/f0c7c47fc7146d19828273b9b8eda651c9c7ab583767e6338d3d3bee825adf76?s=96&d=mm&r=g\",\"caption\":\"Diario del Sur Digital\"},\"url\":\"https:\\\/\\\/diariodelsurdigital.com.ar\\\/?author=4\"}]}<\/script>\n<!-- \/ Yoast SEO plugin. -->","yoast_head_json":{"title":"Chubut: Por el avance del fuego, cortaron la Ruta Provincial 71 - Diario del Sur","robots":{"index":"index","follow":"follow","max-snippet":"max-snippet:-1","max-image-preview":"max-image-preview:large","max-video-preview":"max-video-preview:-1"},"canonical":"https:\/\/diariodelsurdigital.com.ar\/?p=6652","og_locale":"es_ES","og_type":"article","og_title":"Chubut: Por el avance del fuego, cortaron la Ruta Provincial 71 - Diario del Sur","og_description":"El corte es total desde el empalme con la Ruta Nacional 40 hasta la localidad de Cholilla, para todo tipo de veh\u00edculos. Mientras el fuego contin\u00faa avanzando en la zona de Cholila, en la provincia de Chubut, las autoridades locales determinaron el corte total de la Ruta Provincial 71, desde el empalme con la Ruta [&hellip;]","og_url":"https:\/\/diariodelsurdigital.com.ar\/?p=6652","og_site_name":"Diario del Sur","article_published_time":"2026-01-26T13:41:05+00:00","article_modified_time":"2026-01-26T13:41:06+00:00","og_image":[{"width":992,"height":545,"url":"https:\/\/diariodelsurdigital.com.ar\/wp-content\/uploads\/2026\/01\/md-82.webp","type":"image\/webp"}],"author":"Diario del Sur Digital","twitter_card":"summary_large_image","twitter_misc":{"Escrito por":"Diario del Sur Digital","Tiempo de lectura":"3 minutos"},"schema":{"@context":"https:\/\/schema.org","@graph":[{"@type":"Article","@id":"https:\/\/diariodelsurdigital.com.ar\/?p=6652#article","isPartOf":{"@id":"https:\/\/diariodelsurdigital.com.ar\/?p=6652"},"author":{"name":"Diario del Sur Digital","@id":"https:\/\/diariodelsurdigital.com.ar\/#\/schema\/person\/1a4992532ed62965c968031b49195c81"},"headline":"Chubut: Por el avance del fuego, cortaron la Ruta Provincial 71","datePublished":"2026-01-26T13:41:05+00:00","dateModified":"2026-01-26T13:41:06+00:00","mainEntityOfPage":{"@id":"https:\/\/diariodelsurdigital.com.ar\/?p=6652"},"wordCount":441,"commentCount":0,"image":{"@id":"https:\/\/diariodelsurdigital.com.ar\/?p=6652#primaryimage"},"thumbnailUrl":"https:\/\/diariodelsurdigital.com.ar\/wp-content\/uploads\/2026\/01\/md-82.webp","articleSection":["Inter\u00e9s General","Nacionales"],"inLanguage":"es","potentialAction":[{"@type":"CommentAction","name":"Comment","target":["https:\/\/diariodelsurdigital.com.ar\/?p=6652#respond"]}]},{"@type":"WebPage","@id":"https:\/\/diariodelsurdigital.com.ar\/?p=6652","url":"https:\/\/diariodelsurdigital.com.ar\/?p=6652","name":"Chubut: Por el avance del fuego, cortaron la Ruta Provincial 71 - Diario del Sur","isPartOf":{"@id":"https:\/\/diariodelsurdigital.com.ar\/#website"},"primaryImageOfPage":{"@id":"https:\/\/diariodelsurdigital.com.ar\/?p=6652#primaryimage"},"image":{"@id":"https:\/\/diariodelsurdigital.com.ar\/?p=6652#primaryimage"},"thumbnailUrl":"https:\/\/diariodelsurdigital.com.ar\/wp-content\/uploads\/2026\/01\/md-82.webp","datePublished":"2026-01-26T13:41:05+00:00","dateModified":"2026-01-26T13:41:06+00:00","author":{"@id":"https:\/\/diariodelsurdigital.com.ar\/#\/schema\/person\/1a4992532ed62965c968031b49195c81"},"breadcrumb":{"@id":"https:\/\/diariodelsurdigital.com.ar\/?p=6652#breadcrumb"},"inLanguage":"es","potentialAction":[{"@type":"ReadAction","target":["https:\/\/diariodelsurdigital.com.ar\/?p=6652"]}]},{"@type":"ImageObject","inLanguage":"es","@id":"https:\/\/diariodelsurdigital.com.ar\/?p=6652#primaryimage","url":"https:\/\/diariodelsurdigital.com.ar\/wp-content\/uploads\/2026\/01\/md-82.webp","contentUrl":"https:\/\/diariodelsurdigital.com.ar\/wp-content\/uploads\/2026\/01\/md-82.webp","width":992,"height":545},{"@type":"BreadcrumbList","@id":"https:\/\/diariodelsurdigital.com.ar\/?p=6652#breadcrumb","itemListElement":[{"@type":"ListItem","position":1,"name":"Portada","item":"https:\/\/diariodelsurdigital.com.ar\/"},{"@type":"ListItem","position":2,"name":"Chubut: Por el avance del fuego, cortaron la Ruta Provincial 71"}]},{"@type":"WebSite","@id":"https:\/\/diariodelsurdigital.com.ar\/#website","url":"https:\/\/diariodelsurdigital.com.ar\/","name":"Diario del Sur","description":"Digital","potentialAction":[{"@type":"SearchAction","target":{"@type":"EntryPoint","urlTemplate":"https:\/\/diariodelsurdigital.com.ar\/?s={search_term_string}"},"query-input":{"@type":"PropertyValueSpecification","valueRequired":true,"valueName":"search_term_string"}}],"inLanguage":"es"},{"@type":"Person","@id":"https:\/\/diariodelsurdigital.com.ar\/#\/schema\/person\/1a4992532ed62965c968031b49195c81","name":"Diario del Sur Digital","image":{"@type":"ImageObject","inLanguage":"es","@id":"https:\/\/secure.gravatar.com\/avatar\/f0c7c47fc7146d19828273b9b8eda651c9c7ab583767e6338d3d3bee825adf76?s=96&d=mm&r=g","url":"https:\/\/secure.gravatar.com\/avatar\/f0c7c47fc7146d19828273b9b8eda651c9c7ab583767e6338d3d3bee825adf76?s=96&d=mm&r=g","contentUrl":"https:\/\/secure.gravatar.com\/avatar\/f0c7c47fc7146d19828273b9b8eda651c9c7ab583767e6338d3d3bee825adf76?s=96&d=mm&r=g","caption":"Diario del Sur Digital"},"url":"https:\/\/diariodelsurdigital.com.ar\/?author=4"}]}},"_links":{"self":[{"href":"https:\/\/diariodelsurdigital.com.ar\/index.php?rest_route=\/wp\/v2\/posts\/6652","targetHints":{"allow":["GET"]}}],"collection":[{"href":"https:\/\/diariodelsurdigital.com.ar\/index.php?rest_route=\/wp\/v2\/posts"}],"about":[{"href":"https:\/\/diariodelsurdigital.com.ar\/index.php?rest_route=\/wp\/v2\/types\/post"}],"author":[{"embeddable":true,"href":"https:\/\/diariodelsurdigital.com.ar\/index.php?rest_route=\/wp\/v2\/users\/4"}],"replies":[{"embeddable":true,"href":"https:\/\/diariodelsurdigital.com.ar\/index.php?rest_route=%2Fwp%2Fv2%2Fcomments&post=6652"}],"version-history":[{"count":1,"href":"https:\/\/diariodelsurdigital.com.ar\/index.php?rest_route=\/wp\/v2\/posts\/6652\/revisions"}],"predecessor-version":[{"id":6654,"href":"https:\/\/diariodelsurdigital.com.ar\/index.php?rest_route=\/wp\/v2\/posts\/6652\/revisions\/6654"}],"wp:featuredmedia":[{"embeddable":true,"href":"https:\/\/diariodelsurdigital.com.ar\/index.php?rest_route=\/wp\/v2\/media\/6653"}],"wp:attachment":[{"href":"https:\/\/diariodelsurdigital.com.ar\/index.php?rest_route=%2Fwp%2Fv2%2Fmedia&parent=6652"}],"wp:term":[{"taxonomy":"category","embeddable":true,"href":"https:\/\/diariodelsurdigital.com.ar\/index.php?rest_route=%2Fwp%2Fv2%2Fcategories&post=6652"},{"taxonomy":"post_tag","embeddable":true,"href":"https:\/\/diariodelsurdigital.com.ar\/index.php?rest_route=%2Fwp%2Fv2%2Ftags&post=6652"}],"curies":[{"name":"wp","href":"https:\/\/api.w.org\/{rel}","templated":true}]}}