{"id":6658,"date":"2026-01-26T19:51:43","date_gmt":"2026-01-26T22:51:43","guid":{"rendered":"https:\/\/diariodelsurdigital.com.ar\/?p=6658"},"modified":"2026-01-26T20:17:45","modified_gmt":"2026-01-26T23:17:45","slug":"paro-y-represion-en-el-puerto-de-concepcion-del-uruguay","status":"publish","type":"post","link":"https:\/\/diariodelsurdigital.com.ar\/?p=6658","title":{"rendered":"Paro y represi\u00f3n en el puerto de Concepci\u00f3n del Uruguay"},"content":{"rendered":"\n<h2 class=\"wp-block-heading\" id=\"nota-title\"><\/h2>\n\n\n\n<figure class=\"wp-block-image\"><a class=\"open-popup-link big-img\" href=\"https:\/\/www.elentrerios.com\/actualidad\/el-paro-total-en-el-puerto-de-concepcin-del-uruguay-podra-replicarse-en-todo-el-pas.htm#galeria-popup\"><img decoding=\"async\" src=\"https:\/\/media.elentrerios.com\/fotos-v2\/2026\/01\/26\/l_1769439890.jpg\" alt=\"FEPA encabeza el reclamo en Entre R\u00edos.\" title=\"FEPA encabeza el reclamo en Entre R\u00edos.\"\/><\/a><figcaption class=\"wp-element-caption\"><em>FEPA encabeza el reclamo en Entre R\u00edos.<\/em><\/figcaption><\/figure>\n\n\n\n<p><\/p>\n\n\n\n<p>\u00a0\u00a0El conflicto desatado por la empresa Urcel SA, \u201cal desconocer al sindicato y precarizar el trabajo local en Concepci\u00f3n del Uruguay\u201d, llev\u00f3 a la Federaci\u00f3n de Estibadores Portuarios Argentinos (FEPA) a declarar estado de alerta y posible paro total nacional en todos los puertos argentinos, en respaldo a los estibadores entrerrianos que denuncian explotaci\u00f3n laboral.<\/p>\n\n\n\n<h5 class=\"wp-block-heading\">\u00bfDe Entre R\u00edos al pa\u00eds?<\/h5>\n\n\n\n<p>As\u00ed lo informaron este lunes por la ma\u00f1ana donde se da cuenta de que el paro total de actividades, en el Puerto de Concepci\u00f3n del Uruguay, comenz\u00f3 este domingo y \u201cse profundiza y coloca a todos los puertos de Argentina al borde de una paralizaci\u00f3n nacional debido al accionar de la empresa Urcel SA\u201d.<\/p>\n\n\n\n<p><strong>Paro total en puerto de Concepci\u00f3n del Uruguay<\/strong><\/p>\n\n\n\n<p>Acusan a esa compa\u00f1\u00eda de \u201cgenerar el conflicto al no reconocer al Sindicato Unidos Portuarios Argentinos (SUPA) local como entidad gremial leg\u00edtima, marginando a los estibadores entrerrianos (quienes se encuentran entre los peores pagos del pa\u00eds en el sector portuario) y trayendo personal de otras localidades sin experiencia para desplazar la mano de obra local, precarizar condiciones y vaciar de trabajo al puerto entrerriano\u201d, precisaron en el mismo comunicado.<\/p>\n\n\n\n<p>Las protestas incluyen bloqueos de accesos, manifestaciones en el ingreso al puerto y paralizaci\u00f3n completa de la operatividad. Los trabajadores denuncian pr\u00e1cticas antisindicales, exclusi\u00f3n del sistema de rotaci\u00f3n, pagos por debajo de lo establecido en convenio y un intento sistem\u00e1tico de explotaci\u00f3n que atenta contra el derecho al trabajo de los estibadores y sus familias, dependientes de la actividad portuaria.<\/p>\n\n\n\n<h5 class=\"wp-block-heading\">Apoyo nacional<\/h5>\n\n\n\n<p>La Federaci\u00f3n de Estibadores Portuarios Argentinos (FEPA), con su secretario general Marcelo Osores presente en el lugar junto a los trabajadores entrerrianos, acompa\u00f1a las medidas de fuerza y advierte que, ante la amenaza empresarial de dejar a los trabajadores sin su tarea y no reconocer su leg\u00edtima organizaci\u00f3n sindical, se declara en estado de alerta y posible paro total nacional en todos los puertos del pa\u00eds.<\/p>\n\n\n\n<p>De no haber respuestas concretas y frente al accionar de la empresa uruguaya, la FEPA avanza con esta medida de fuerza a nivel nacional en defensa de los compa\u00f1eros del SUPA Puerto de Concepci\u00f3n del Uruguay.<\/p>\n\n\n\n<h5 class=\"wp-block-heading\"><strong>Explotaci\u00f3n y vaciamiento<\/strong><\/h5>\n\n\n\n<p>Seg\u00fan la federaci\u00f3n, la firma no solo desconoce al sindicato legalmente constituido, sino que avanzan en la contrataci\u00f3n de trabajadores provenientes de otras localidades, sometidos a explotaci\u00f3n, con el \u00fanico objetivo de vaciar de trabajo al puerto local. Esta pr\u00e1ctica atenta directamente contra el derecho al trabajo de los estibadores de Concepci\u00f3n del Uruguay y de sus familias, que dependen de la actividad portuaria para vivir.<\/p>\n\n\n\n<p>La FEPA califica el accionar de Urcel SA, empresa de capitales uruguayos, como precarizador y antisindical, vincul\u00e1ndolo a un patr\u00f3n de vulneraci\u00f3n de derechos que podr\u00eda extenderse si no se resuelve. El SUPA cuenta con representaci\u00f3n gremial oficial y autoridades electas democr\u00e1ticamente, lo que hace injustificable la postura empresarial.<\/p>\n\n\n\n<p>En las \u00faltimas horas, la Polic\u00eda de Entre R\u00edos ingres\u00f3 por la fuerza con disparos de postas como se ve en el video. Ampliaremos<\/p>\n\n\n\n<p><a href=\"https:\/\/www.youtube.com\/shorts\/vUz7ABX8jiw\">Paro y represi\u00f3n en el Puerto de Concepci\u00f3n del Uruguay (Entre R\u00edos)<\/a><\/p>\n\n\n\n<p><strong>Fuente:<\/strong>\u00a0El Entre R\u00edos\/ Diario del SUR<\/p>\n\n\n\n<p>\u00a0<\/p>\n","protected":false},"excerpt":{"rendered":"<p>\u00a0\u00a0El conflicto desatado por la empresa Urcel SA, \u201cal desconocer al sindicato y precarizar el trabajo local en Concepci\u00f3n del Uruguay\u201d, llev\u00f3 a la Federaci\u00f3n de Estibadores Portuarios Argentinos (FEPA) a declarar estado de alerta y posible paro total nacional en todos los puertos argentinos, en respaldo a los estibadores entrerrianos que denuncian explotaci\u00f3n laboral. [&hellip;]<\/p>\n","protected":false},"author":2,"featured_media":6660,"comment_status":"open","ping_status":"open","sticky":false,"template":"","format":"standard","meta":{"footnotes":""},"categories":[19,17],"tags":[],"class_list":{"0":"post-6658","1":"post","2":"type-post","3":"status-publish","4":"format-standard","5":"has-post-thumbnail","7":"category-interes-general","8":"category-provinciales"},"yoast_head":"<!-- This site is optimized with the Yoast SEO plugin v27.4 - https:\/\/yoast.com\/product\/yoast-seo-wordpress\/ -->\n<title>Paro y represi\u00f3n en el puerto de Concepci\u00f3n del Uruguay - Diario del Sur<\/title>\n<meta name=\"robots\" content=\"index, follow, max-snippet:-1, max-image-preview:large, max-video-preview:-1\" \/>\n<link rel=\"canonical\" href=\"https:\/\/diariodelsurdigital.com.ar\/?p=6658\" \/>\n<meta property=\"og:locale\" content=\"es_ES\" \/>\n<meta property=\"og:type\" content=\"article\" \/>\n<meta property=\"og:title\" content=\"Paro y represi\u00f3n en el puerto de Concepci\u00f3n del Uruguay - Diario del Sur\" \/>\n<meta property=\"og:description\" content=\"\u00a0\u00a0El conflicto desatado por la empresa Urcel SA, \u201cal desconocer al sindicato y precarizar el trabajo local en Concepci\u00f3n del Uruguay\u201d, llev\u00f3 a la Federaci\u00f3n de Estibadores Portuarios Argentinos (FEPA) a declarar estado de alerta y posible paro total nacional en todos los puertos argentinos, en respaldo a los estibadores entrerrianos que denuncian explotaci\u00f3n laboral. [&hellip;]\" \/>\n<meta property=\"og:url\" content=\"https:\/\/diariodelsurdigital.com.ar\/?p=6658\" \/>\n<meta property=\"og:site_name\" content=\"Diario del Sur\" \/>\n<meta property=\"article:published_time\" content=\"2026-01-26T22:51:43+00:00\" \/>\n<meta property=\"article:modified_time\" content=\"2026-01-26T23:17:45+00:00\" \/>\n<meta property=\"og:image\" content=\"https:\/\/diariodelsurdigital.com.ar\/wp-content\/uploads\/2026\/01\/WhatsApp-Image-2026-01-26-at-19.50.30.jpeg\" \/>\n\t<meta property=\"og:image:width\" content=\"352\" \/>\n\t<meta property=\"og:image:height\" content=\"280\" \/>\n\t<meta property=\"og:image:type\" content=\"image\/jpeg\" \/>\n<meta name=\"author\" content=\"Diario del Sur Digital\" \/>\n<meta name=\"twitter:card\" content=\"summary_large_image\" \/>\n<meta name=\"twitter:label1\" content=\"Escrito por\" \/>\n\t<meta name=\"twitter:data1\" content=\"Diario del Sur Digital\" \/>\n\t<meta name=\"twitter:label2\" content=\"Tiempo de lectura\" \/>\n\t<meta name=\"twitter:data2\" content=\"3 minutos\" \/>\n<script type=\"application\/ld+json\" class=\"yoast-schema-graph\">{\"@context\":\"https:\\\/\\\/schema.org\",\"@graph\":[{\"@type\":\"Article\",\"@id\":\"https:\\\/\\\/diariodelsurdigital.com.ar\\\/?p=6658#article\",\"isPartOf\":{\"@id\":\"https:\\\/\\\/diariodelsurdigital.com.ar\\\/?p=6658\"},\"author\":{\"name\":\"Diario del Sur Digital\",\"@id\":\"https:\\\/\\\/diariodelsurdigital.com.ar\\\/#\\\/schema\\\/person\\\/6136a32571657f7dba980b88b04c5465\"},\"headline\":\"Paro y represi\u00f3n en el puerto de Concepci\u00f3n del Uruguay\",\"datePublished\":\"2026-01-26T22:51:43+00:00\",\"dateModified\":\"2026-01-26T23:17:45+00:00\",\"mainEntityOfPage\":{\"@id\":\"https:\\\/\\\/diariodelsurdigital.com.ar\\\/?p=6658\"},\"wordCount\":580,\"commentCount\":0,\"image\":{\"@id\":\"https:\\\/\\\/diariodelsurdigital.com.ar\\\/?p=6658#primaryimage\"},\"thumbnailUrl\":\"https:\\\/\\\/diariodelsurdigital.com.ar\\\/wp-content\\\/uploads\\\/2026\\\/01\\\/WhatsApp-Image-2026-01-26-at-19.50.30.jpeg\",\"articleSection\":[\"Inter\u00e9s General\",\"Provinciales\"],\"inLanguage\":\"es\",\"potentialAction\":[{\"@type\":\"CommentAction\",\"name\":\"Comment\",\"target\":[\"https:\\\/\\\/diariodelsurdigital.com.ar\\\/?p=6658#respond\"]}]},{\"@type\":\"WebPage\",\"@id\":\"https:\\\/\\\/diariodelsurdigital.com.ar\\\/?p=6658\",\"url\":\"https:\\\/\\\/diariodelsurdigital.com.ar\\\/?p=6658\",\"name\":\"Paro y represi\u00f3n en el puerto de Concepci\u00f3n del Uruguay - Diario del Sur\",\"isPartOf\":{\"@id\":\"https:\\\/\\\/diariodelsurdigital.com.ar\\\/#website\"},\"primaryImageOfPage\":{\"@id\":\"https:\\\/\\\/diariodelsurdigital.com.ar\\\/?p=6658#primaryimage\"},\"image\":{\"@id\":\"https:\\\/\\\/diariodelsurdigital.com.ar\\\/?p=6658#primaryimage\"},\"thumbnailUrl\":\"https:\\\/\\\/diariodelsurdigital.com.ar\\\/wp-content\\\/uploads\\\/2026\\\/01\\\/WhatsApp-Image-2026-01-26-at-19.50.30.jpeg\",\"datePublished\":\"2026-01-26T22:51:43+00:00\",\"dateModified\":\"2026-01-26T23:17:45+00:00\",\"author\":{\"@id\":\"https:\\\/\\\/diariodelsurdigital.com.ar\\\/#\\\/schema\\\/person\\\/6136a32571657f7dba980b88b04c5465\"},\"breadcrumb\":{\"@id\":\"https:\\\/\\\/diariodelsurdigital.com.ar\\\/?p=6658#breadcrumb\"},\"inLanguage\":\"es\",\"potentialAction\":[{\"@type\":\"ReadAction\",\"target\":[\"https:\\\/\\\/diariodelsurdigital.com.ar\\\/?p=6658\"]}]},{\"@type\":\"ImageObject\",\"inLanguage\":\"es\",\"@id\":\"https:\\\/\\\/diariodelsurdigital.com.ar\\\/?p=6658#primaryimage\",\"url\":\"https:\\\/\\\/diariodelsurdigital.com.ar\\\/wp-content\\\/uploads\\\/2026\\\/01\\\/WhatsApp-Image-2026-01-26-at-19.50.30.jpeg\",\"contentUrl\":\"https:\\\/\\\/diariodelsurdigital.com.ar\\\/wp-content\\\/uploads\\\/2026\\\/01\\\/WhatsApp-Image-2026-01-26-at-19.50.30.jpeg\",\"width\":352,\"height\":280},{\"@type\":\"BreadcrumbList\",\"@id\":\"https:\\\/\\\/diariodelsurdigital.com.ar\\\/?p=6658#breadcrumb\",\"itemListElement\":[{\"@type\":\"ListItem\",\"position\":1,\"name\":\"Portada\",\"item\":\"https:\\\/\\\/diariodelsurdigital.com.ar\\\/\"},{\"@type\":\"ListItem\",\"position\":2,\"name\":\"Paro y represi\u00f3n en el puerto de Concepci\u00f3n del Uruguay\"}]},{\"@type\":\"WebSite\",\"@id\":\"https:\\\/\\\/diariodelsurdigital.com.ar\\\/#website\",\"url\":\"https:\\\/\\\/diariodelsurdigital.com.ar\\\/\",\"name\":\"Diario del Sur\",\"description\":\"Digital\",\"potentialAction\":[{\"@type\":\"SearchAction\",\"target\":{\"@type\":\"EntryPoint\",\"urlTemplate\":\"https:\\\/\\\/diariodelsurdigital.com.ar\\\/?s={search_term_string}\"},\"query-input\":{\"@type\":\"PropertyValueSpecification\",\"valueRequired\":true,\"valueName\":\"search_term_string\"}}],\"inLanguage\":\"es\"},{\"@type\":\"Person\",\"@id\":\"https:\\\/\\\/diariodelsurdigital.com.ar\\\/#\\\/schema\\\/person\\\/6136a32571657f7dba980b88b04c5465\",\"name\":\"Diario del Sur Digital\",\"image\":{\"@type\":\"ImageObject\",\"inLanguage\":\"es\",\"@id\":\"https:\\\/\\\/secure.gravatar.com\\\/avatar\\\/4c29ceac98541dd42460b2474aaa5dd37594d6ce6cb3cf2c101d09b48ee287ba?s=96&d=mm&r=g\",\"url\":\"https:\\\/\\\/secure.gravatar.com\\\/avatar\\\/4c29ceac98541dd42460b2474aaa5dd37594d6ce6cb3cf2c101d09b48ee287ba?s=96&d=mm&r=g\",\"contentUrl\":\"https:\\\/\\\/secure.gravatar.com\\\/avatar\\\/4c29ceac98541dd42460b2474aaa5dd37594d6ce6cb3cf2c101d09b48ee287ba?s=96&d=mm&r=g\",\"caption\":\"Diario del Sur Digital\"},\"url\":\"https:\\\/\\\/diariodelsurdigital.com.ar\\\/?author=2\"}]}<\/script>\n<!-- \/ Yoast SEO plugin. -->","yoast_head_json":{"title":"Paro y represi\u00f3n en el puerto de Concepci\u00f3n del Uruguay - Diario del Sur","robots":{"index":"index","follow":"follow","max-snippet":"max-snippet:-1","max-image-preview":"max-image-preview:large","max-video-preview":"max-video-preview:-1"},"canonical":"https:\/\/diariodelsurdigital.com.ar\/?p=6658","og_locale":"es_ES","og_type":"article","og_title":"Paro y represi\u00f3n en el puerto de Concepci\u00f3n del Uruguay - Diario del Sur","og_description":"\u00a0\u00a0El conflicto desatado por la empresa Urcel SA, \u201cal desconocer al sindicato y precarizar el trabajo local en Concepci\u00f3n del Uruguay\u201d, llev\u00f3 a la Federaci\u00f3n de Estibadores Portuarios Argentinos (FEPA) a declarar estado de alerta y posible paro total nacional en todos los puertos argentinos, en respaldo a los estibadores entrerrianos que denuncian explotaci\u00f3n laboral. [&hellip;]","og_url":"https:\/\/diariodelsurdigital.com.ar\/?p=6658","og_site_name":"Diario del Sur","article_published_time":"2026-01-26T22:51:43+00:00","article_modified_time":"2026-01-26T23:17:45+00:00","og_image":[{"width":352,"height":280,"url":"https:\/\/diariodelsurdigital.com.ar\/wp-content\/uploads\/2026\/01\/WhatsApp-Image-2026-01-26-at-19.50.30.jpeg","type":"image\/jpeg"}],"author":"Diario del Sur Digital","twitter_card":"summary_large_image","twitter_misc":{"Escrito por":"Diario del Sur Digital","Tiempo de lectura":"3 minutos"},"schema":{"@context":"https:\/\/schema.org","@graph":[{"@type":"Article","@id":"https:\/\/diariodelsurdigital.com.ar\/?p=6658#article","isPartOf":{"@id":"https:\/\/diariodelsurdigital.com.ar\/?p=6658"},"author":{"name":"Diario del Sur Digital","@id":"https:\/\/diariodelsurdigital.com.ar\/#\/schema\/person\/6136a32571657f7dba980b88b04c5465"},"headline":"Paro y represi\u00f3n en el puerto de Concepci\u00f3n del Uruguay","datePublished":"2026-01-26T22:51:43+00:00","dateModified":"2026-01-26T23:17:45+00:00","mainEntityOfPage":{"@id":"https:\/\/diariodelsurdigital.com.ar\/?p=6658"},"wordCount":580,"commentCount":0,"image":{"@id":"https:\/\/diariodelsurdigital.com.ar\/?p=6658#primaryimage"},"thumbnailUrl":"https:\/\/diariodelsurdigital.com.ar\/wp-content\/uploads\/2026\/01\/WhatsApp-Image-2026-01-26-at-19.50.30.jpeg","articleSection":["Inter\u00e9s General","Provinciales"],"inLanguage":"es","potentialAction":[{"@type":"CommentAction","name":"Comment","target":["https:\/\/diariodelsurdigital.com.ar\/?p=6658#respond"]}]},{"@type":"WebPage","@id":"https:\/\/diariodelsurdigital.com.ar\/?p=6658","url":"https:\/\/diariodelsurdigital.com.ar\/?p=6658","name":"Paro y represi\u00f3n en el puerto de Concepci\u00f3n del Uruguay - Diario del Sur","isPartOf":{"@id":"https:\/\/diariodelsurdigital.com.ar\/#website"},"primaryImageOfPage":{"@id":"https:\/\/diariodelsurdigital.com.ar\/?p=6658#primaryimage"},"image":{"@id":"https:\/\/diariodelsurdigital.com.ar\/?p=6658#primaryimage"},"thumbnailUrl":"https:\/\/diariodelsurdigital.com.ar\/wp-content\/uploads\/2026\/01\/WhatsApp-Image-2026-01-26-at-19.50.30.jpeg","datePublished":"2026-01-26T22:51:43+00:00","dateModified":"2026-01-26T23:17:45+00:00","author":{"@id":"https:\/\/diariodelsurdigital.com.ar\/#\/schema\/person\/6136a32571657f7dba980b88b04c5465"},"breadcrumb":{"@id":"https:\/\/diariodelsurdigital.com.ar\/?p=6658#breadcrumb"},"inLanguage":"es","potentialAction":[{"@type":"ReadAction","target":["https:\/\/diariodelsurdigital.com.ar\/?p=6658"]}]},{"@type":"ImageObject","inLanguage":"es","@id":"https:\/\/diariodelsurdigital.com.ar\/?p=6658#primaryimage","url":"https:\/\/diariodelsurdigital.com.ar\/wp-content\/uploads\/2026\/01\/WhatsApp-Image-2026-01-26-at-19.50.30.jpeg","contentUrl":"https:\/\/diariodelsurdigital.com.ar\/wp-content\/uploads\/2026\/01\/WhatsApp-Image-2026-01-26-at-19.50.30.jpeg","width":352,"height":280},{"@type":"BreadcrumbList","@id":"https:\/\/diariodelsurdigital.com.ar\/?p=6658#breadcrumb","itemListElement":[{"@type":"ListItem","position":1,"name":"Portada","item":"https:\/\/diariodelsurdigital.com.ar\/"},{"@type":"ListItem","position":2,"name":"Paro y represi\u00f3n en el puerto de Concepci\u00f3n del Uruguay"}]},{"@type":"WebSite","@id":"https:\/\/diariodelsurdigital.com.ar\/#website","url":"https:\/\/diariodelsurdigital.com.ar\/","name":"Diario del Sur","description":"Digital","potentialAction":[{"@type":"SearchAction","target":{"@type":"EntryPoint","urlTemplate":"https:\/\/diariodelsurdigital.com.ar\/?s={search_term_string}"},"query-input":{"@type":"PropertyValueSpecification","valueRequired":true,"valueName":"search_term_string"}}],"inLanguage":"es"},{"@type":"Person","@id":"https:\/\/diariodelsurdigital.com.ar\/#\/schema\/person\/6136a32571657f7dba980b88b04c5465","name":"Diario del Sur Digital","image":{"@type":"ImageObject","inLanguage":"es","@id":"https:\/\/secure.gravatar.com\/avatar\/4c29ceac98541dd42460b2474aaa5dd37594d6ce6cb3cf2c101d09b48ee287ba?s=96&d=mm&r=g","url":"https:\/\/secure.gravatar.com\/avatar\/4c29ceac98541dd42460b2474aaa5dd37594d6ce6cb3cf2c101d09b48ee287ba?s=96&d=mm&r=g","contentUrl":"https:\/\/secure.gravatar.com\/avatar\/4c29ceac98541dd42460b2474aaa5dd37594d6ce6cb3cf2c101d09b48ee287ba?s=96&d=mm&r=g","caption":"Diario del Sur Digital"},"url":"https:\/\/diariodelsurdigital.com.ar\/?author=2"}]}},"_links":{"self":[{"href":"https:\/\/diariodelsurdigital.com.ar\/index.php?rest_route=\/wp\/v2\/posts\/6658","targetHints":{"allow":["GET"]}}],"collection":[{"href":"https:\/\/diariodelsurdigital.com.ar\/index.php?rest_route=\/wp\/v2\/posts"}],"about":[{"href":"https:\/\/diariodelsurdigital.com.ar\/index.php?rest_route=\/wp\/v2\/types\/post"}],"author":[{"embeddable":true,"href":"https:\/\/diariodelsurdigital.com.ar\/index.php?rest_route=\/wp\/v2\/users\/2"}],"replies":[{"embeddable":true,"href":"https:\/\/diariodelsurdigital.com.ar\/index.php?rest_route=%2Fwp%2Fv2%2Fcomments&post=6658"}],"version-history":[{"count":6,"href":"https:\/\/diariodelsurdigital.com.ar\/index.php?rest_route=\/wp\/v2\/posts\/6658\/revisions"}],"predecessor-version":[{"id":6668,"href":"https:\/\/diariodelsurdigital.com.ar\/index.php?rest_route=\/wp\/v2\/posts\/6658\/revisions\/6668"}],"wp:featuredmedia":[{"embeddable":true,"href":"https:\/\/diariodelsurdigital.com.ar\/index.php?rest_route=\/wp\/v2\/media\/6660"}],"wp:attachment":[{"href":"https:\/\/diariodelsurdigital.com.ar\/index.php?rest_route=%2Fwp%2Fv2%2Fmedia&parent=6658"}],"wp:term":[{"taxonomy":"category","embeddable":true,"href":"https:\/\/diariodelsurdigital.com.ar\/index.php?rest_route=%2Fwp%2Fv2%2Fcategories&post=6658"},{"taxonomy":"post_tag","embeddable":true,"href":"https:\/\/diariodelsurdigital.com.ar\/index.php?rest_route=%2Fwp%2Fv2%2Ftags&post=6658"}],"curies":[{"name":"wp","href":"https:\/\/api.w.org\/{rel}","templated":true}]}}