{"id":6669,"date":"2026-01-26T22:46:34","date_gmt":"2026-01-27T01:46:34","guid":{"rendered":"https:\/\/diariodelsurdigital.com.ar\/?p=6669"},"modified":"2026-01-26T22:46:36","modified_gmt":"2026-01-27T01:46:36","slug":"carnaval-de-concordia-emocion-y-el-ultimo-de-la-primera","status":"publish","type":"post","link":"https:\/\/diariodelsurdigital.com.ar\/?p=6669","title":{"rendered":"CARNAVAL DE CONCORDIA: \u201cEmoci\u00f3n, y el \u00faltimo de la primera\u201d"},"content":{"rendered":"\n<p><\/p>\n\n\n\n<p><strong>Por Tom\u00e1s Ferrer<\/strong><\/p>\n\n\n\n<p>En Concordia, hay un carnaval que te emociona, que mueve y con-mueve, que genera algo muchas veces inexplicable, y poner palabras es muy complejo, al menos para m\u00ed, por como lo vivo, pero voy a intentarlo.<\/p>\n\n\n\n<p>Pas\u00f3 la primer noche y en este orden se dio el espect\u00e1culo m\u00e1s convocante de la ciudad de Concordia: Abre comparsa Bella Samba con <em>\u201cSangre y tierra\u201d,<\/em> en 2do. lugar hace su paso Imperio con <em>\u201cSoy imperio, soy Maneco\u201d,<\/em> luego pasa R\u00e1faga con <em>\u201cLa magia universal\u201d,<\/em> y cierra Emperatr\u00edz <em>con \u201cArgentina: El viaje del sol\u201d.<\/em><\/p>\n\n\n\n<figure class=\"wp-block-image size-full\"><img loading=\"lazy\" decoding=\"async\" width=\"567\" height=\"308\" src=\"https:\/\/diariodelsurdigital.com.ar\/wp-content\/uploads\/2026\/01\/image.jpeg\" alt=\"\" class=\"wp-image-6670\" srcset=\"https:\/\/diariodelsurdigital.com.ar\/wp-content\/uploads\/2026\/01\/image.jpeg 567w, https:\/\/diariodelsurdigital.com.ar\/wp-content\/uploads\/2026\/01\/image-300x163.jpeg 300w\" sizes=\"auto, (max-width: 567px) 100vw, 567px\" \/><\/figure>\n\n\n\n<p>Carlos \u201cCharly\u201d Vanquera, <em>puyador<\/em> de comparsa Emperatr\u00edz<\/p>\n\n\n\n<p>El a\u00f1o pasado, mi \u00faltima nota se llam\u00f3: \u201cLa primera del \u00faltimo\u201d, haciendo referencia a la primer integrante de una comparsa en salir de la \u201cmanga\u201d el \u00faltimo desfile, y entender o percibir lo que genera, lo que causa culminar una etapa, la emoci\u00f3n que desborda cuando se a\u00f1ora al salir, y este a\u00f1o comienzo con la otra cara, la otra emoci\u00f3n, la de comenzar una nueva etapa, y comienzo con:<\/p>\n\n\n\n<p><strong>\u201cEmoci\u00f3n: El \u00faltimo de la primera\u201d<\/strong><\/p>\n\n\n\n<p>La palabra emoci\u00f3n viene del griego: <em>Emovere<\/em>, que significa mover, pero no es tan sencilla de explicar, y voy a intentarlo: \u00bfQu\u00e9 se mueve\u2019 \u00bfQu\u00e9 se moviliza?<\/p>\n\n\n\n<p>Quede claro que no se habla de objetos, si de Artistas en escena, si de personas, ni hablo de movimientos comunes, sino de movimientos sensibles, m\u00edsticos, espirituales, energ\u00e9ticos, sentimentales, biol\u00f3gicos y hasta razonables, y todos, pero todos, se movilizan al mismo tiempo: Conmueven.<\/p>\n\n\n\n<p>Albert Einstein dec\u00eda: \u201cLa emoci\u00f3n m\u00e1s hermosa que podemos experimentar es la m\u00edstica, es el poder de todo arte y ciencia verdaderos\u201d.<\/p>\n\n\n\n<p>Cuando hacemos, cuando creamos, en el carnaval lo hacemos \u00abmovilizados\u00bb si, y no porque vivamos del carnaval (en esta ciudad ning\u00fan artista vive solo del carnaval), nos emocionamos de verdad porque tenemos las \u00abotras vidas\u00bb: nuestros trabajos rutinarios, nuestros recuerdos y nuestra actualidad, nuestros amores, nuestros malestares, nuestras familias, nuestros deseos, nuestros fracasos y nuestros \u00e9xitos, lo que quisimos ser y\/o lo que somos, pero ah\u00ed, cuando termina el conteo, en la salida, en la manga, en ese \u00abaqu\u00ed y ahora\u00bb nos volvemos trasl\u00facidos, permeables, vivos, atentos, moviizados de verdad, emocionados y emocionales, emocionantes, sin temor a expresar eso que nos pasa y el p\u00fablico, el espectador, y hasta quienes se animan a ser testigos tambi\u00e9n se emociona, se conecta en un lenguaje poco com\u00fan, en un lenguaje que cada artista y cada espectador pondr\u00e1 de si, un puente, en el lenguaje del Carnaval.<\/p>\n\n\n\n<p>Te pod\u00e9s emocionar en soledad, pero todo cambia si hay alguien ah\u00ed para que podamos expresar nuestras emociones, el carnaval convoca, es plural, es diverso, por eso cada comparsa tiene tantos integrantes, por eso, y ante las peores crisis, la concurrencia de p\u00fablico y espectadores est\u00e1 garantizada.<\/p>\n\n\n\n<figure class=\"wp-block-image size-full\"><img loading=\"lazy\" decoding=\"async\" width=\"501\" height=\"595\" src=\"https:\/\/diariodelsurdigital.com.ar\/wp-content\/uploads\/2026\/01\/image-1.jpeg\" alt=\"\" class=\"wp-image-6671\" srcset=\"https:\/\/diariodelsurdigital.com.ar\/wp-content\/uploads\/2026\/01\/image-1.jpeg 501w, https:\/\/diariodelsurdigital.com.ar\/wp-content\/uploads\/2026\/01\/image-1-253x300.jpeg 253w, https:\/\/diariodelsurdigital.com.ar\/wp-content\/uploads\/2026\/01\/image-1-354x420.jpeg 354w\" sizes=\"auto, (max-width: 501px) 100vw, 501px\" \/><\/figure>\n\n\n\n<p>Luis <em>\u201cMonobox\u201d <\/em>Zelada, puyado de comparsa R\u00e1faga<\/p>\n\n\n\n<p>\u00bfSe extra\u00f1an los artistas? Si, pero los reconocimientos no siempre se ven a simple vista, y cuando se ven, se hacen notorios, nos emociona hasta las l\u00e1grimas. Los que no est\u00e1n m\u00e1s f\u00edsicamente, los \u00abexcluidos\u00bb (los hay), los \u00abauto-excluidos\u00bb, y los que quiz\u00e1 no iban a poder estar.<\/p>\n\n\n\n<p>Este a\u00f1o, en un primer desfile, paso nuevamente, se extra\u00f1aron, moviliz\u00f3 su ausencia, se \u201crumoreaban\u201d sus nombres, tambi\u00e9n se vieron saludos al cielo con l\u00e1grimas imparables, pero tambi\u00e9n moviliz\u00f3 la presencia de algunos artistas cuando los vimos en escena, como pas\u00f3 al ver al Puyador de R\u00e1faga: Luis \u00abMonobox\u00bb Zelada, que despu\u00e9s de sufrir un accidente estuvo en duda su presentaci\u00f3n, y ah\u00ed estuvo (incontables los abrazos, los saludos a lo lejos, y la felicidad de propios y ajenos a la comparsa, incluy\u00e9ndome, porque somos \u201cCholulos\u201d de nuestros artistas).<\/p>\n\n\n\n<figure class=\"wp-block-image size-full\"><img loading=\"lazy\" decoding=\"async\" width=\"359\" height=\"389\" src=\"https:\/\/diariodelsurdigital.com.ar\/wp-content\/uploads\/2026\/01\/image-2.jpeg\" alt=\"\" class=\"wp-image-6672\" srcset=\"https:\/\/diariodelsurdigital.com.ar\/wp-content\/uploads\/2026\/01\/image-2.jpeg 359w, https:\/\/diariodelsurdigital.com.ar\/wp-content\/uploads\/2026\/01\/image-2-277x300.jpeg 277w\" sizes=\"auto, (max-width: 359px) 100vw, 359px\" \/><\/figure>\n\n\n\n<p>Puesto de \u201cPirulines\u201d<\/p>\n\n\n\n<p>Para cerrar, no faltan los \u201challazgos\u201d, lo que me parece \u201cextra\u00f1o\u201d.<\/p>\n\n\n\n<p>Esta primer noche estuve recorriendo sobre el sector m\u00e1s popular, el acceso por calle Pr\u00f3spero Bovino, por las tribunas, detr\u00e1s de las tribunas, que de principio a fin disfrutaron del espect\u00e1culo, y me llam\u00f3 la atenci\u00f3n de ver espectadores que transitaban m\u00e1s con comidas que con bebidas, o la relaci\u00f3n entre lo que se come y se toma no me cerraba, por eso me acerque a charlar en muchos de los puestos (que me atend\u00edan y respond\u00edan amablemente), y no estaba errado: se vend\u00eda muy poca bebida.<\/p>\n\n\n\n<p>Los comerciantes, preocupados por los costos y las ventas era una obviedad, pero apuestan a que mejore noche a noche, como me lo explicaba el encargado de \u201cFoodhouse\u201d (FoodTruck de venta de pizzas a la piedra, salchipapas, etc.) .<\/p>\n\n\n\n<p>Algunos precios de los diversos puestos en el sector popular: Cerveza Brahama lata $5mil, Corona chica $7mil, Espumantes desde $15mil, Fernet $7mil, Agua \u2013 gaseosa chica $3mil, Choripan $10mil, Papas fritas grandes $15mil \u2013 medianas $10mil \u2013 chicas $7mil, Sanguche de bondiola o vac\u00edo $15mil, 3 empanadas de carne cortada a cuchillo $9mil, Empanadas docena $30mil, Muzarela $15mil, tambi\u00e9n hab\u00eda varias \u201cpromos\u201d.<\/p>\n\n\n\n<p>Hay algo que tengo que destacar y fue la presentaci\u00f3n, lo impecable, la variedad y calidad de sus productos, si hasta hab\u00eda un puesto de \u00abpirulines\u00bb (si as\u00ed es que se llama: garrapi\u00f1adas, copos de nieve, etc.) y una vendedora fel\u00edz, porque por primera vez en muchos a\u00f1os los empresarios a cargo de la concesi\u00f3n le habilitan un espacio en el sector popular (\u00bfLa emoci\u00f3n, es solo la del espect\u00e1culo?).<\/p>\n\n\n\n<figure class=\"wp-block-image size-full\"><img loading=\"lazy\" decoding=\"async\" width=\"359\" height=\"389\" src=\"https:\/\/diariodelsurdigital.com.ar\/wp-content\/uploads\/2026\/01\/image-2.jpeg\" alt=\"\" class=\"wp-image-6673\" srcset=\"https:\/\/diariodelsurdigital.com.ar\/wp-content\/uploads\/2026\/01\/image-2.jpeg 359w, https:\/\/diariodelsurdigital.com.ar\/wp-content\/uploads\/2026\/01\/image-2-277x300.jpeg 277w\" sizes=\"auto, (max-width: 359px) 100vw, 359px\" \/><\/figure>\n\n\n\n<p>V\u00edctor Cazzatti \u201cEl \u00faltimo del primero\u201d<\/p>\n\n\n\n<p>Hoy no hable de cada comparsa, intent\u00e9 generalizar (quiz\u00e1 sea un error) una simple mirada, intent\u00e9 describir lo emocionante, lo que realmente mueve y con-mueve del carnaval, y quede claro, el carnaval NO tiene un solo nombre, ni nombre propio, somos miles de personas que lo vivimos y convivimos, de la primer a la \u00faltima noche, que se llega con ansiedad, expectativas, nervios, etc., pero al pisar la manga, o al escuchar a la primera es salir, ah\u00ed es otra cosa.<\/p>\n\n\n\n<p>Conmovernos en carnaval implica <em>fundirnos<\/em> en bailes, m\u00fasica, abrazos, risas y llantos, brindis, a veces nos funde econ\u00f3micamente, ya pas\u00f3 la primer noche, un sector VIP con muy buen promedio de espectadores (y much\u00edsimos funcionarios p\u00fablicos en primera fila), que tuvo un 40.50% de su capacidad en el sector popular: las tribunas, hasta que habilitaron gratuitamente el ingreso del lado Oeste, luego un 65-70% de capacidad general que es un excelente n\u00famero de personas para poder mostrar\/nos.<\/p>\n\n\n\n<p>Quedan 5 noches, a estar atentas las personas que tienen el deber de corregir errores, que no fueron pocos: Concentraci\u00f3n, Ingresos, Responsabilidad civil, Sonido, Transmisi\u00f3n, Desconcentraci\u00f3n, Sector de galpones, Tr\u00e1nsito, Predio en general, etc.<\/p>\n\n\n\n<p>El espect\u00e1culo, ya est\u00e1 garantizado, las 4 comparsas lo est\u00e1n dando todo, para que podamos, al menos 6 noches al a\u00f1o, emocionarnos, conmovernos, y encontrar algo de FELICIDAD.<\/p>\n\n\n\n<p>Nos vemos en la pr\u00f3xima y\u2026 Salud Carnaval!!<\/p>\n","protected":false},"excerpt":{"rendered":"<p>Por Tom\u00e1s Ferrer En Concordia, hay un carnaval que te emociona, que mueve y con-mueve, que genera algo muchas veces inexplicable, y poner palabras es muy complejo, al menos para m\u00ed, por como lo vivo, pero voy a intentarlo. Pas\u00f3 la primer noche y en este orden se dio el espect\u00e1culo m\u00e1s convocante de la [&hellip;]<\/p>\n","protected":false},"author":2,"featured_media":6674,"comment_status":"open","ping_status":"open","sticky":false,"template":"","format":"standard","meta":{"footnotes":""},"categories":[19,16],"tags":[],"class_list":{"0":"post-6669","1":"post","2":"type-post","3":"status-publish","4":"format-standard","5":"has-post-thumbnail","7":"category-interes-general","8":"category-locales"},"yoast_head":"<!-- This site is optimized with the Yoast SEO plugin v27.4 - https:\/\/yoast.com\/product\/yoast-seo-wordpress\/ -->\n<title>CARNAVAL DE CONCORDIA: \u201cEmoci\u00f3n, y el \u00faltimo de la primera\u201d - Diario del Sur<\/title>\n<meta name=\"robots\" content=\"index, follow, max-snippet:-1, max-image-preview:large, max-video-preview:-1\" \/>\n<link rel=\"canonical\" href=\"https:\/\/diariodelsurdigital.com.ar\/?p=6669\" \/>\n<meta property=\"og:locale\" content=\"es_ES\" \/>\n<meta property=\"og:type\" content=\"article\" \/>\n<meta property=\"og:title\" content=\"CARNAVAL DE CONCORDIA: \u201cEmoci\u00f3n, y el \u00faltimo de la primera\u201d - Diario del Sur\" \/>\n<meta property=\"og:description\" content=\"Por Tom\u00e1s Ferrer En Concordia, hay un carnaval que te emociona, que mueve y con-mueve, que genera algo muchas veces inexplicable, y poner palabras es muy complejo, al menos para m\u00ed, por como lo vivo, pero voy a intentarlo. Pas\u00f3 la primer noche y en este orden se dio el espect\u00e1culo m\u00e1s convocante de la [&hellip;]\" \/>\n<meta property=\"og:url\" content=\"https:\/\/diariodelsurdigital.com.ar\/?p=6669\" \/>\n<meta property=\"og:site_name\" content=\"Diario del Sur\" \/>\n<meta property=\"article:published_time\" content=\"2026-01-27T01:46:34+00:00\" \/>\n<meta property=\"article:modified_time\" content=\"2026-01-27T01:46:36+00:00\" \/>\n<meta property=\"og:image\" content=\"https:\/\/diariodelsurdigital.com.ar\/wp-content\/uploads\/2026\/01\/WhatsApp-Image-2026-01-26-at-22.43.41.jpeg\" \/>\n\t<meta property=\"og:image:width\" content=\"474\" \/>\n\t<meta property=\"og:image:height\" content=\"324\" \/>\n\t<meta property=\"og:image:type\" content=\"image\/jpeg\" \/>\n<meta name=\"author\" content=\"Diario del Sur Digital\" \/>\n<meta name=\"twitter:card\" content=\"summary_large_image\" \/>\n<meta name=\"twitter:label1\" content=\"Escrito por\" \/>\n\t<meta name=\"twitter:data1\" content=\"Diario del Sur Digital\" \/>\n\t<meta name=\"twitter:label2\" content=\"Tiempo de lectura\" \/>\n\t<meta name=\"twitter:data2\" content=\"7 minutos\" \/>\n<script type=\"application\/ld+json\" class=\"yoast-schema-graph\">{\"@context\":\"https:\\\/\\\/schema.org\",\"@graph\":[{\"@type\":\"Article\",\"@id\":\"https:\\\/\\\/diariodelsurdigital.com.ar\\\/?p=6669#article\",\"isPartOf\":{\"@id\":\"https:\\\/\\\/diariodelsurdigital.com.ar\\\/?p=6669\"},\"author\":{\"name\":\"Diario del Sur Digital\",\"@id\":\"https:\\\/\\\/diariodelsurdigital.com.ar\\\/#\\\/schema\\\/person\\\/6136a32571657f7dba980b88b04c5465\"},\"headline\":\"CARNAVAL DE CONCORDIA: \u201cEmoci\u00f3n, y el \u00faltimo de la primera\u201d\",\"datePublished\":\"2026-01-27T01:46:34+00:00\",\"dateModified\":\"2026-01-27T01:46:36+00:00\",\"mainEntityOfPage\":{\"@id\":\"https:\\\/\\\/diariodelsurdigital.com.ar\\\/?p=6669\"},\"wordCount\":1193,\"commentCount\":0,\"image\":{\"@id\":\"https:\\\/\\\/diariodelsurdigital.com.ar\\\/?p=6669#primaryimage\"},\"thumbnailUrl\":\"https:\\\/\\\/diariodelsurdigital.com.ar\\\/wp-content\\\/uploads\\\/2026\\\/01\\\/WhatsApp-Image-2026-01-26-at-22.43.41.jpeg\",\"articleSection\":[\"Inter\u00e9s General\",\"Locales\"],\"inLanguage\":\"es\",\"potentialAction\":[{\"@type\":\"CommentAction\",\"name\":\"Comment\",\"target\":[\"https:\\\/\\\/diariodelsurdigital.com.ar\\\/?p=6669#respond\"]}]},{\"@type\":\"WebPage\",\"@id\":\"https:\\\/\\\/diariodelsurdigital.com.ar\\\/?p=6669\",\"url\":\"https:\\\/\\\/diariodelsurdigital.com.ar\\\/?p=6669\",\"name\":\"CARNAVAL DE CONCORDIA: \u201cEmoci\u00f3n, y el \u00faltimo de la primera\u201d - Diario del Sur\",\"isPartOf\":{\"@id\":\"https:\\\/\\\/diariodelsurdigital.com.ar\\\/#website\"},\"primaryImageOfPage\":{\"@id\":\"https:\\\/\\\/diariodelsurdigital.com.ar\\\/?p=6669#primaryimage\"},\"image\":{\"@id\":\"https:\\\/\\\/diariodelsurdigital.com.ar\\\/?p=6669#primaryimage\"},\"thumbnailUrl\":\"https:\\\/\\\/diariodelsurdigital.com.ar\\\/wp-content\\\/uploads\\\/2026\\\/01\\\/WhatsApp-Image-2026-01-26-at-22.43.41.jpeg\",\"datePublished\":\"2026-01-27T01:46:34+00:00\",\"dateModified\":\"2026-01-27T01:46:36+00:00\",\"author\":{\"@id\":\"https:\\\/\\\/diariodelsurdigital.com.ar\\\/#\\\/schema\\\/person\\\/6136a32571657f7dba980b88b04c5465\"},\"breadcrumb\":{\"@id\":\"https:\\\/\\\/diariodelsurdigital.com.ar\\\/?p=6669#breadcrumb\"},\"inLanguage\":\"es\",\"potentialAction\":[{\"@type\":\"ReadAction\",\"target\":[\"https:\\\/\\\/diariodelsurdigital.com.ar\\\/?p=6669\"]}]},{\"@type\":\"ImageObject\",\"inLanguage\":\"es\",\"@id\":\"https:\\\/\\\/diariodelsurdigital.com.ar\\\/?p=6669#primaryimage\",\"url\":\"https:\\\/\\\/diariodelsurdigital.com.ar\\\/wp-content\\\/uploads\\\/2026\\\/01\\\/WhatsApp-Image-2026-01-26-at-22.43.41.jpeg\",\"contentUrl\":\"https:\\\/\\\/diariodelsurdigital.com.ar\\\/wp-content\\\/uploads\\\/2026\\\/01\\\/WhatsApp-Image-2026-01-26-at-22.43.41.jpeg\",\"width\":474,\"height\":324},{\"@type\":\"BreadcrumbList\",\"@id\":\"https:\\\/\\\/diariodelsurdigital.com.ar\\\/?p=6669#breadcrumb\",\"itemListElement\":[{\"@type\":\"ListItem\",\"position\":1,\"name\":\"Portada\",\"item\":\"https:\\\/\\\/diariodelsurdigital.com.ar\\\/\"},{\"@type\":\"ListItem\",\"position\":2,\"name\":\"CARNAVAL DE CONCORDIA: \u201cEmoci\u00f3n, y el \u00faltimo de la primera\u201d\"}]},{\"@type\":\"WebSite\",\"@id\":\"https:\\\/\\\/diariodelsurdigital.com.ar\\\/#website\",\"url\":\"https:\\\/\\\/diariodelsurdigital.com.ar\\\/\",\"name\":\"Diario del Sur\",\"description\":\"Digital\",\"potentialAction\":[{\"@type\":\"SearchAction\",\"target\":{\"@type\":\"EntryPoint\",\"urlTemplate\":\"https:\\\/\\\/diariodelsurdigital.com.ar\\\/?s={search_term_string}\"},\"query-input\":{\"@type\":\"PropertyValueSpecification\",\"valueRequired\":true,\"valueName\":\"search_term_string\"}}],\"inLanguage\":\"es\"},{\"@type\":\"Person\",\"@id\":\"https:\\\/\\\/diariodelsurdigital.com.ar\\\/#\\\/schema\\\/person\\\/6136a32571657f7dba980b88b04c5465\",\"name\":\"Diario del Sur Digital\",\"image\":{\"@type\":\"ImageObject\",\"inLanguage\":\"es\",\"@id\":\"https:\\\/\\\/secure.gravatar.com\\\/avatar\\\/4c29ceac98541dd42460b2474aaa5dd37594d6ce6cb3cf2c101d09b48ee287ba?s=96&d=mm&r=g\",\"url\":\"https:\\\/\\\/secure.gravatar.com\\\/avatar\\\/4c29ceac98541dd42460b2474aaa5dd37594d6ce6cb3cf2c101d09b48ee287ba?s=96&d=mm&r=g\",\"contentUrl\":\"https:\\\/\\\/secure.gravatar.com\\\/avatar\\\/4c29ceac98541dd42460b2474aaa5dd37594d6ce6cb3cf2c101d09b48ee287ba?s=96&d=mm&r=g\",\"caption\":\"Diario del Sur Digital\"},\"url\":\"https:\\\/\\\/diariodelsurdigital.com.ar\\\/?author=2\"}]}<\/script>\n<!-- \/ Yoast SEO plugin. -->","yoast_head_json":{"title":"CARNAVAL DE CONCORDIA: \u201cEmoci\u00f3n, y el \u00faltimo de la primera\u201d - Diario del Sur","robots":{"index":"index","follow":"follow","max-snippet":"max-snippet:-1","max-image-preview":"max-image-preview:large","max-video-preview":"max-video-preview:-1"},"canonical":"https:\/\/diariodelsurdigital.com.ar\/?p=6669","og_locale":"es_ES","og_type":"article","og_title":"CARNAVAL DE CONCORDIA: \u201cEmoci\u00f3n, y el \u00faltimo de la primera\u201d - Diario del Sur","og_description":"Por Tom\u00e1s Ferrer En Concordia, hay un carnaval que te emociona, que mueve y con-mueve, que genera algo muchas veces inexplicable, y poner palabras es muy complejo, al menos para m\u00ed, por como lo vivo, pero voy a intentarlo. Pas\u00f3 la primer noche y en este orden se dio el espect\u00e1culo m\u00e1s convocante de la [&hellip;]","og_url":"https:\/\/diariodelsurdigital.com.ar\/?p=6669","og_site_name":"Diario del Sur","article_published_time":"2026-01-27T01:46:34+00:00","article_modified_time":"2026-01-27T01:46:36+00:00","og_image":[{"width":474,"height":324,"url":"https:\/\/diariodelsurdigital.com.ar\/wp-content\/uploads\/2026\/01\/WhatsApp-Image-2026-01-26-at-22.43.41.jpeg","type":"image\/jpeg"}],"author":"Diario del Sur Digital","twitter_card":"summary_large_image","twitter_misc":{"Escrito por":"Diario del Sur Digital","Tiempo de lectura":"7 minutos"},"schema":{"@context":"https:\/\/schema.org","@graph":[{"@type":"Article","@id":"https:\/\/diariodelsurdigital.com.ar\/?p=6669#article","isPartOf":{"@id":"https:\/\/diariodelsurdigital.com.ar\/?p=6669"},"author":{"name":"Diario del Sur Digital","@id":"https:\/\/diariodelsurdigital.com.ar\/#\/schema\/person\/6136a32571657f7dba980b88b04c5465"},"headline":"CARNAVAL DE CONCORDIA: \u201cEmoci\u00f3n, y el \u00faltimo de la primera\u201d","datePublished":"2026-01-27T01:46:34+00:00","dateModified":"2026-01-27T01:46:36+00:00","mainEntityOfPage":{"@id":"https:\/\/diariodelsurdigital.com.ar\/?p=6669"},"wordCount":1193,"commentCount":0,"image":{"@id":"https:\/\/diariodelsurdigital.com.ar\/?p=6669#primaryimage"},"thumbnailUrl":"https:\/\/diariodelsurdigital.com.ar\/wp-content\/uploads\/2026\/01\/WhatsApp-Image-2026-01-26-at-22.43.41.jpeg","articleSection":["Inter\u00e9s General","Locales"],"inLanguage":"es","potentialAction":[{"@type":"CommentAction","name":"Comment","target":["https:\/\/diariodelsurdigital.com.ar\/?p=6669#respond"]}]},{"@type":"WebPage","@id":"https:\/\/diariodelsurdigital.com.ar\/?p=6669","url":"https:\/\/diariodelsurdigital.com.ar\/?p=6669","name":"CARNAVAL DE CONCORDIA: \u201cEmoci\u00f3n, y el \u00faltimo de la primera\u201d - Diario del Sur","isPartOf":{"@id":"https:\/\/diariodelsurdigital.com.ar\/#website"},"primaryImageOfPage":{"@id":"https:\/\/diariodelsurdigital.com.ar\/?p=6669#primaryimage"},"image":{"@id":"https:\/\/diariodelsurdigital.com.ar\/?p=6669#primaryimage"},"thumbnailUrl":"https:\/\/diariodelsurdigital.com.ar\/wp-content\/uploads\/2026\/01\/WhatsApp-Image-2026-01-26-at-22.43.41.jpeg","datePublished":"2026-01-27T01:46:34+00:00","dateModified":"2026-01-27T01:46:36+00:00","author":{"@id":"https:\/\/diariodelsurdigital.com.ar\/#\/schema\/person\/6136a32571657f7dba980b88b04c5465"},"breadcrumb":{"@id":"https:\/\/diariodelsurdigital.com.ar\/?p=6669#breadcrumb"},"inLanguage":"es","potentialAction":[{"@type":"ReadAction","target":["https:\/\/diariodelsurdigital.com.ar\/?p=6669"]}]},{"@type":"ImageObject","inLanguage":"es","@id":"https:\/\/diariodelsurdigital.com.ar\/?p=6669#primaryimage","url":"https:\/\/diariodelsurdigital.com.ar\/wp-content\/uploads\/2026\/01\/WhatsApp-Image-2026-01-26-at-22.43.41.jpeg","contentUrl":"https:\/\/diariodelsurdigital.com.ar\/wp-content\/uploads\/2026\/01\/WhatsApp-Image-2026-01-26-at-22.43.41.jpeg","width":474,"height":324},{"@type":"BreadcrumbList","@id":"https:\/\/diariodelsurdigital.com.ar\/?p=6669#breadcrumb","itemListElement":[{"@type":"ListItem","position":1,"name":"Portada","item":"https:\/\/diariodelsurdigital.com.ar\/"},{"@type":"ListItem","position":2,"name":"CARNAVAL DE CONCORDIA: \u201cEmoci\u00f3n, y el \u00faltimo de la primera\u201d"}]},{"@type":"WebSite","@id":"https:\/\/diariodelsurdigital.com.ar\/#website","url":"https:\/\/diariodelsurdigital.com.ar\/","name":"Diario del Sur","description":"Digital","potentialAction":[{"@type":"SearchAction","target":{"@type":"EntryPoint","urlTemplate":"https:\/\/diariodelsurdigital.com.ar\/?s={search_term_string}"},"query-input":{"@type":"PropertyValueSpecification","valueRequired":true,"valueName":"search_term_string"}}],"inLanguage":"es"},{"@type":"Person","@id":"https:\/\/diariodelsurdigital.com.ar\/#\/schema\/person\/6136a32571657f7dba980b88b04c5465","name":"Diario del Sur Digital","image":{"@type":"ImageObject","inLanguage":"es","@id":"https:\/\/secure.gravatar.com\/avatar\/4c29ceac98541dd42460b2474aaa5dd37594d6ce6cb3cf2c101d09b48ee287ba?s=96&d=mm&r=g","url":"https:\/\/secure.gravatar.com\/avatar\/4c29ceac98541dd42460b2474aaa5dd37594d6ce6cb3cf2c101d09b48ee287ba?s=96&d=mm&r=g","contentUrl":"https:\/\/secure.gravatar.com\/avatar\/4c29ceac98541dd42460b2474aaa5dd37594d6ce6cb3cf2c101d09b48ee287ba?s=96&d=mm&r=g","caption":"Diario del Sur Digital"},"url":"https:\/\/diariodelsurdigital.com.ar\/?author=2"}]}},"_links":{"self":[{"href":"https:\/\/diariodelsurdigital.com.ar\/index.php?rest_route=\/wp\/v2\/posts\/6669","targetHints":{"allow":["GET"]}}],"collection":[{"href":"https:\/\/diariodelsurdigital.com.ar\/index.php?rest_route=\/wp\/v2\/posts"}],"about":[{"href":"https:\/\/diariodelsurdigital.com.ar\/index.php?rest_route=\/wp\/v2\/types\/post"}],"author":[{"embeddable":true,"href":"https:\/\/diariodelsurdigital.com.ar\/index.php?rest_route=\/wp\/v2\/users\/2"}],"replies":[{"embeddable":true,"href":"https:\/\/diariodelsurdigital.com.ar\/index.php?rest_route=%2Fwp%2Fv2%2Fcomments&post=6669"}],"version-history":[{"count":1,"href":"https:\/\/diariodelsurdigital.com.ar\/index.php?rest_route=\/wp\/v2\/posts\/6669\/revisions"}],"predecessor-version":[{"id":6675,"href":"https:\/\/diariodelsurdigital.com.ar\/index.php?rest_route=\/wp\/v2\/posts\/6669\/revisions\/6675"}],"wp:featuredmedia":[{"embeddable":true,"href":"https:\/\/diariodelsurdigital.com.ar\/index.php?rest_route=\/wp\/v2\/media\/6674"}],"wp:attachment":[{"href":"https:\/\/diariodelsurdigital.com.ar\/index.php?rest_route=%2Fwp%2Fv2%2Fmedia&parent=6669"}],"wp:term":[{"taxonomy":"category","embeddable":true,"href":"https:\/\/diariodelsurdigital.com.ar\/index.php?rest_route=%2Fwp%2Fv2%2Fcategories&post=6669"},{"taxonomy":"post_tag","embeddable":true,"href":"https:\/\/diariodelsurdigital.com.ar\/index.php?rest_route=%2Fwp%2Fv2%2Ftags&post=6669"}],"curies":[{"name":"wp","href":"https:\/\/api.w.org\/{rel}","templated":true}]}}