{"id":6677,"date":"2026-01-27T09:10:13","date_gmt":"2026-01-27T12:10:13","guid":{"rendered":"https:\/\/diariodelsurdigital.com.ar\/?p=6677"},"modified":"2026-01-27T09:10:14","modified_gmt":"2026-01-27T12:10:14","slug":"paro-en-el-puerto-de-concepcion-del-uruguay-seis-detenidos-tras-un-fuerte-operativo-policial-con-balas-de-goma","status":"publish","type":"post","link":"https:\/\/diariodelsurdigital.com.ar\/?p=6677","title":{"rendered":"Paro en el Puerto de Concepci\u00f3n del Uruguay: Seis detenidos tras un fuerte operativo policial con balas de goma"},"content":{"rendered":"\n<p>El conflicto sindical en el Puerto de Concepci\u00f3n del Uruguay, iniciado el domingo por los estibadores nucleados en el Sindicato Unidos Portuarios Argentinos (SUPA), tuvo el lunes un episodio de tensi\u00f3n, con efectivos policiales despejando con balas de goma uno de los accesos a la terminal portuaria. Seis personas quedaron detenidas, confirm\u00f3 el Ministro de Seguridad y Justicia provincial, N\u00e9stor Roncaglia.<\/p>\n\n\n\n<p>La intervenci\u00f3n de la Polic\u00eda y de la Prefectura Naval Argentina qued\u00f3 registrada en videos que fueron enviados a distintos medios de comunicaci\u00f3n en el que se pueden ver corridas, balazos y personas detenidas.<\/p>\n\n\n\n<p>El referente sindical Alberto Paredes, del Sindicato La Carne de Concepci\u00f3n del Uruguay, denunci\u00f3 la represi\u00f3n durante el operativo y advirti\u00f3 sobre las consecuencias, en di\u00e1logo con UNO: \u00abNos reprimieron a todos, pero si intentan reprimirnos, van a parar todos los barcos y puertos argentinos. La FEPA est\u00e1 presente, con el secretario general Marcelo Osores y toda la federaci\u00f3n. Nos atacaron con balas de goma, garrotes y piedrazos, y lastimaron a dos compa\u00f1eros, uno de Concepci\u00f3n del Uruguay y otro de Bah\u00eda Blanca\u00bb.<\/p>\n\n\n\n<p>El operativo se produjo mientras trabajadores y representantes sindicales permanec\u00edan en la zona, en el marco del reclamo por el reconocimiento formal del SUPA como entidad representativa de los estibadores locales. La intervenci\u00f3n de las fuerzas de seguridad elev\u00f3 el nivel de tensi\u00f3n del conflicto, que se desarrolla en un clima de alta sensibilidad.<\/p>\n\n\n\n<p>Hasta el momento no se informaron heridos de gravedad, aunque s\u00ed se registraron detenciones durante el operativo, y la situaci\u00f3n gener\u00f3 preocupaci\u00f3n entre los trabajadores y vecinos de la zona. Desde el gremio ratificaron la continuidad de la medida de fuerza y advirtieron que no habr\u00e1 levantamiento del paro hasta tanto se reconozca formalmente la representaci\u00f3n sindical y se habiliten canales de di\u00e1logo efectivos.<\/p>\n\n\n\n<p>Detenidos<br>El propio Ministro de Seguridad y Justicia de Entre R\u00edos dio cuenta de este episodio en sus redes sociales: \u201cActividad policial y de la PNA en Puerto de C del Uruguay. Un barco deb\u00eda cargar madera para llevar al exterior y en este contexto, un grupo de personas sindicalizadas llegadas desde distintos puntos del pa\u00eds intentaron impedir el ingreso de los camiones cargados y a pesar de la advertencia judicial de desistir de esa actividad, decidieron atacar a la polic\u00eda por lo que inmediatamente se restableci\u00f3 el orden y dio cumplimiento a la manda judicial\u201d, public\u00f3 Roncaglia, informando que como consecuencia hubo \u201cseis detenidos y polic\u00edas heridos\u201d.<\/p>\n\n\n\n<p>Y cerr\u00f3: \u201cQueda claro que el derecho constitucional a la protesta, el cual se respeta, no puede vulnerar otros derechos, tambi\u00e9n contemplados en nuestra Constituci\u00f3n Nacional\u201d.<\/p>\n","protected":false},"excerpt":{"rendered":"<p>El conflicto sindical en el Puerto de Concepci\u00f3n del Uruguay, iniciado el domingo por los estibadores nucleados en el Sindicato Unidos Portuarios Argentinos (SUPA), tuvo el lunes un episodio de tensi\u00f3n, con efectivos policiales despejando con balas de goma uno de los accesos a la terminal portuaria. Seis personas quedaron detenidas, confirm\u00f3 el Ministro de [&hellip;]<\/p>\n","protected":false},"author":4,"featured_media":6678,"comment_status":"open","ping_status":"open","sticky":false,"template":"","format":"standard","meta":{"footnotes":""},"categories":[21,17],"tags":[],"class_list":{"0":"post-6677","1":"post","2":"type-post","3":"status-publish","4":"format-standard","5":"has-post-thumbnail","7":"category-policiales","8":"category-provinciales"},"yoast_head":"<!-- This site is optimized with the Yoast SEO plugin v27.4 - https:\/\/yoast.com\/product\/yoast-seo-wordpress\/ -->\n<title>Paro en el Puerto de Concepci\u00f3n del Uruguay: Seis detenidos tras un fuerte operativo policial con balas de goma - Diario del Sur<\/title>\n<meta name=\"robots\" content=\"index, follow, max-snippet:-1, max-image-preview:large, max-video-preview:-1\" \/>\n<link rel=\"canonical\" href=\"https:\/\/diariodelsurdigital.com.ar\/?p=6677\" \/>\n<meta property=\"og:locale\" content=\"es_ES\" \/>\n<meta property=\"og:type\" content=\"article\" \/>\n<meta property=\"og:title\" content=\"Paro en el Puerto de Concepci\u00f3n del Uruguay: Seis detenidos tras un fuerte operativo policial con balas de goma - Diario del Sur\" \/>\n<meta property=\"og:description\" content=\"El conflicto sindical en el Puerto de Concepci\u00f3n del Uruguay, iniciado el domingo por los estibadores nucleados en el Sindicato Unidos Portuarios Argentinos (SUPA), tuvo el lunes un episodio de tensi\u00f3n, con efectivos policiales despejando con balas de goma uno de los accesos a la terminal portuaria. Seis personas quedaron detenidas, confirm\u00f3 el Ministro de [&hellip;]\" \/>\n<meta property=\"og:url\" content=\"https:\/\/diariodelsurdigital.com.ar\/?p=6677\" \/>\n<meta property=\"og:site_name\" content=\"Diario del Sur\" \/>\n<meta property=\"article:published_time\" content=\"2026-01-27T12:10:13+00:00\" \/>\n<meta property=\"article:modified_time\" content=\"2026-01-27T12:10:14+00:00\" \/>\n<meta property=\"og:image\" content=\"https:\/\/diariodelsurdigital.com.ar\/wp-content\/uploads\/2026\/01\/md-84.webp\" \/>\n\t<meta property=\"og:image:width\" content=\"992\" \/>\n\t<meta property=\"og:image:height\" content=\"588\" \/>\n\t<meta property=\"og:image:type\" content=\"image\/webp\" \/>\n<meta name=\"author\" content=\"Diario del Sur Digital\" \/>\n<meta name=\"twitter:card\" content=\"summary_large_image\" \/>\n<meta name=\"twitter:label1\" content=\"Escrito por\" \/>\n\t<meta name=\"twitter:data1\" content=\"Diario del Sur Digital\" \/>\n\t<meta name=\"twitter:label2\" content=\"Tiempo de lectura\" \/>\n\t<meta name=\"twitter:data2\" content=\"3 minutos\" \/>\n<script type=\"application\/ld+json\" class=\"yoast-schema-graph\">{\"@context\":\"https:\\\/\\\/schema.org\",\"@graph\":[{\"@type\":\"Article\",\"@id\":\"https:\\\/\\\/diariodelsurdigital.com.ar\\\/?p=6677#article\",\"isPartOf\":{\"@id\":\"https:\\\/\\\/diariodelsurdigital.com.ar\\\/?p=6677\"},\"author\":{\"name\":\"Diario del Sur Digital\",\"@id\":\"https:\\\/\\\/diariodelsurdigital.com.ar\\\/#\\\/schema\\\/person\\\/1a4992532ed62965c968031b49195c81\"},\"headline\":\"Paro en el Puerto de Concepci\u00f3n del Uruguay: Seis detenidos tras un fuerte operativo policial con balas de goma\",\"datePublished\":\"2026-01-27T12:10:13+00:00\",\"dateModified\":\"2026-01-27T12:10:14+00:00\",\"mainEntityOfPage\":{\"@id\":\"https:\\\/\\\/diariodelsurdigital.com.ar\\\/?p=6677\"},\"wordCount\":476,\"commentCount\":0,\"image\":{\"@id\":\"https:\\\/\\\/diariodelsurdigital.com.ar\\\/?p=6677#primaryimage\"},\"thumbnailUrl\":\"https:\\\/\\\/diariodelsurdigital.com.ar\\\/wp-content\\\/uploads\\\/2026\\\/01\\\/md-84.webp\",\"articleSection\":[\"Policiales\",\"Provinciales\"],\"inLanguage\":\"es\",\"potentialAction\":[{\"@type\":\"CommentAction\",\"name\":\"Comment\",\"target\":[\"https:\\\/\\\/diariodelsurdigital.com.ar\\\/?p=6677#respond\"]}]},{\"@type\":\"WebPage\",\"@id\":\"https:\\\/\\\/diariodelsurdigital.com.ar\\\/?p=6677\",\"url\":\"https:\\\/\\\/diariodelsurdigital.com.ar\\\/?p=6677\",\"name\":\"Paro en el Puerto de Concepci\u00f3n del Uruguay: Seis detenidos tras un fuerte operativo policial con balas de goma - Diario del Sur\",\"isPartOf\":{\"@id\":\"https:\\\/\\\/diariodelsurdigital.com.ar\\\/#website\"},\"primaryImageOfPage\":{\"@id\":\"https:\\\/\\\/diariodelsurdigital.com.ar\\\/?p=6677#primaryimage\"},\"image\":{\"@id\":\"https:\\\/\\\/diariodelsurdigital.com.ar\\\/?p=6677#primaryimage\"},\"thumbnailUrl\":\"https:\\\/\\\/diariodelsurdigital.com.ar\\\/wp-content\\\/uploads\\\/2026\\\/01\\\/md-84.webp\",\"datePublished\":\"2026-01-27T12:10:13+00:00\",\"dateModified\":\"2026-01-27T12:10:14+00:00\",\"author\":{\"@id\":\"https:\\\/\\\/diariodelsurdigital.com.ar\\\/#\\\/schema\\\/person\\\/1a4992532ed62965c968031b49195c81\"},\"breadcrumb\":{\"@id\":\"https:\\\/\\\/diariodelsurdigital.com.ar\\\/?p=6677#breadcrumb\"},\"inLanguage\":\"es\",\"potentialAction\":[{\"@type\":\"ReadAction\",\"target\":[\"https:\\\/\\\/diariodelsurdigital.com.ar\\\/?p=6677\"]}]},{\"@type\":\"ImageObject\",\"inLanguage\":\"es\",\"@id\":\"https:\\\/\\\/diariodelsurdigital.com.ar\\\/?p=6677#primaryimage\",\"url\":\"https:\\\/\\\/diariodelsurdigital.com.ar\\\/wp-content\\\/uploads\\\/2026\\\/01\\\/md-84.webp\",\"contentUrl\":\"https:\\\/\\\/diariodelsurdigital.com.ar\\\/wp-content\\\/uploads\\\/2026\\\/01\\\/md-84.webp\",\"width\":992,\"height\":588},{\"@type\":\"BreadcrumbList\",\"@id\":\"https:\\\/\\\/diariodelsurdigital.com.ar\\\/?p=6677#breadcrumb\",\"itemListElement\":[{\"@type\":\"ListItem\",\"position\":1,\"name\":\"Portada\",\"item\":\"https:\\\/\\\/diariodelsurdigital.com.ar\\\/\"},{\"@type\":\"ListItem\",\"position\":2,\"name\":\"Paro en el Puerto de Concepci\u00f3n del Uruguay: Seis detenidos tras un fuerte operativo policial con balas de goma\"}]},{\"@type\":\"WebSite\",\"@id\":\"https:\\\/\\\/diariodelsurdigital.com.ar\\\/#website\",\"url\":\"https:\\\/\\\/diariodelsurdigital.com.ar\\\/\",\"name\":\"Diario del Sur\",\"description\":\"Digital\",\"potentialAction\":[{\"@type\":\"SearchAction\",\"target\":{\"@type\":\"EntryPoint\",\"urlTemplate\":\"https:\\\/\\\/diariodelsurdigital.com.ar\\\/?s={search_term_string}\"},\"query-input\":{\"@type\":\"PropertyValueSpecification\",\"valueRequired\":true,\"valueName\":\"search_term_string\"}}],\"inLanguage\":\"es\"},{\"@type\":\"Person\",\"@id\":\"https:\\\/\\\/diariodelsurdigital.com.ar\\\/#\\\/schema\\\/person\\\/1a4992532ed62965c968031b49195c81\",\"name\":\"Diario del Sur Digital\",\"image\":{\"@type\":\"ImageObject\",\"inLanguage\":\"es\",\"@id\":\"https:\\\/\\\/secure.gravatar.com\\\/avatar\\\/f0c7c47fc7146d19828273b9b8eda651c9c7ab583767e6338d3d3bee825adf76?s=96&d=mm&r=g\",\"url\":\"https:\\\/\\\/secure.gravatar.com\\\/avatar\\\/f0c7c47fc7146d19828273b9b8eda651c9c7ab583767e6338d3d3bee825adf76?s=96&d=mm&r=g\",\"contentUrl\":\"https:\\\/\\\/secure.gravatar.com\\\/avatar\\\/f0c7c47fc7146d19828273b9b8eda651c9c7ab583767e6338d3d3bee825adf76?s=96&d=mm&r=g\",\"caption\":\"Diario del Sur Digital\"},\"url\":\"https:\\\/\\\/diariodelsurdigital.com.ar\\\/?author=4\"}]}<\/script>\n<!-- \/ Yoast SEO plugin. -->","yoast_head_json":{"title":"Paro en el Puerto de Concepci\u00f3n del Uruguay: Seis detenidos tras un fuerte operativo policial con balas de goma - Diario del Sur","robots":{"index":"index","follow":"follow","max-snippet":"max-snippet:-1","max-image-preview":"max-image-preview:large","max-video-preview":"max-video-preview:-1"},"canonical":"https:\/\/diariodelsurdigital.com.ar\/?p=6677","og_locale":"es_ES","og_type":"article","og_title":"Paro en el Puerto de Concepci\u00f3n del Uruguay: Seis detenidos tras un fuerte operativo policial con balas de goma - Diario del Sur","og_description":"El conflicto sindical en el Puerto de Concepci\u00f3n del Uruguay, iniciado el domingo por los estibadores nucleados en el Sindicato Unidos Portuarios Argentinos (SUPA), tuvo el lunes un episodio de tensi\u00f3n, con efectivos policiales despejando con balas de goma uno de los accesos a la terminal portuaria. Seis personas quedaron detenidas, confirm\u00f3 el Ministro de [&hellip;]","og_url":"https:\/\/diariodelsurdigital.com.ar\/?p=6677","og_site_name":"Diario del Sur","article_published_time":"2026-01-27T12:10:13+00:00","article_modified_time":"2026-01-27T12:10:14+00:00","og_image":[{"width":992,"height":588,"url":"https:\/\/diariodelsurdigital.com.ar\/wp-content\/uploads\/2026\/01\/md-84.webp","type":"image\/webp"}],"author":"Diario del Sur Digital","twitter_card":"summary_large_image","twitter_misc":{"Escrito por":"Diario del Sur Digital","Tiempo de lectura":"3 minutos"},"schema":{"@context":"https:\/\/schema.org","@graph":[{"@type":"Article","@id":"https:\/\/diariodelsurdigital.com.ar\/?p=6677#article","isPartOf":{"@id":"https:\/\/diariodelsurdigital.com.ar\/?p=6677"},"author":{"name":"Diario del Sur Digital","@id":"https:\/\/diariodelsurdigital.com.ar\/#\/schema\/person\/1a4992532ed62965c968031b49195c81"},"headline":"Paro en el Puerto de Concepci\u00f3n del Uruguay: Seis detenidos tras un fuerte operativo policial con balas de goma","datePublished":"2026-01-27T12:10:13+00:00","dateModified":"2026-01-27T12:10:14+00:00","mainEntityOfPage":{"@id":"https:\/\/diariodelsurdigital.com.ar\/?p=6677"},"wordCount":476,"commentCount":0,"image":{"@id":"https:\/\/diariodelsurdigital.com.ar\/?p=6677#primaryimage"},"thumbnailUrl":"https:\/\/diariodelsurdigital.com.ar\/wp-content\/uploads\/2026\/01\/md-84.webp","articleSection":["Policiales","Provinciales"],"inLanguage":"es","potentialAction":[{"@type":"CommentAction","name":"Comment","target":["https:\/\/diariodelsurdigital.com.ar\/?p=6677#respond"]}]},{"@type":"WebPage","@id":"https:\/\/diariodelsurdigital.com.ar\/?p=6677","url":"https:\/\/diariodelsurdigital.com.ar\/?p=6677","name":"Paro en el Puerto de Concepci\u00f3n del Uruguay: Seis detenidos tras un fuerte operativo policial con balas de goma - Diario del Sur","isPartOf":{"@id":"https:\/\/diariodelsurdigital.com.ar\/#website"},"primaryImageOfPage":{"@id":"https:\/\/diariodelsurdigital.com.ar\/?p=6677#primaryimage"},"image":{"@id":"https:\/\/diariodelsurdigital.com.ar\/?p=6677#primaryimage"},"thumbnailUrl":"https:\/\/diariodelsurdigital.com.ar\/wp-content\/uploads\/2026\/01\/md-84.webp","datePublished":"2026-01-27T12:10:13+00:00","dateModified":"2026-01-27T12:10:14+00:00","author":{"@id":"https:\/\/diariodelsurdigital.com.ar\/#\/schema\/person\/1a4992532ed62965c968031b49195c81"},"breadcrumb":{"@id":"https:\/\/diariodelsurdigital.com.ar\/?p=6677#breadcrumb"},"inLanguage":"es","potentialAction":[{"@type":"ReadAction","target":["https:\/\/diariodelsurdigital.com.ar\/?p=6677"]}]},{"@type":"ImageObject","inLanguage":"es","@id":"https:\/\/diariodelsurdigital.com.ar\/?p=6677#primaryimage","url":"https:\/\/diariodelsurdigital.com.ar\/wp-content\/uploads\/2026\/01\/md-84.webp","contentUrl":"https:\/\/diariodelsurdigital.com.ar\/wp-content\/uploads\/2026\/01\/md-84.webp","width":992,"height":588},{"@type":"BreadcrumbList","@id":"https:\/\/diariodelsurdigital.com.ar\/?p=6677#breadcrumb","itemListElement":[{"@type":"ListItem","position":1,"name":"Portada","item":"https:\/\/diariodelsurdigital.com.ar\/"},{"@type":"ListItem","position":2,"name":"Paro en el Puerto de Concepci\u00f3n del Uruguay: Seis detenidos tras un fuerte operativo policial con balas de goma"}]},{"@type":"WebSite","@id":"https:\/\/diariodelsurdigital.com.ar\/#website","url":"https:\/\/diariodelsurdigital.com.ar\/","name":"Diario del Sur","description":"Digital","potentialAction":[{"@type":"SearchAction","target":{"@type":"EntryPoint","urlTemplate":"https:\/\/diariodelsurdigital.com.ar\/?s={search_term_string}"},"query-input":{"@type":"PropertyValueSpecification","valueRequired":true,"valueName":"search_term_string"}}],"inLanguage":"es"},{"@type":"Person","@id":"https:\/\/diariodelsurdigital.com.ar\/#\/schema\/person\/1a4992532ed62965c968031b49195c81","name":"Diario del Sur Digital","image":{"@type":"ImageObject","inLanguage":"es","@id":"https:\/\/secure.gravatar.com\/avatar\/f0c7c47fc7146d19828273b9b8eda651c9c7ab583767e6338d3d3bee825adf76?s=96&d=mm&r=g","url":"https:\/\/secure.gravatar.com\/avatar\/f0c7c47fc7146d19828273b9b8eda651c9c7ab583767e6338d3d3bee825adf76?s=96&d=mm&r=g","contentUrl":"https:\/\/secure.gravatar.com\/avatar\/f0c7c47fc7146d19828273b9b8eda651c9c7ab583767e6338d3d3bee825adf76?s=96&d=mm&r=g","caption":"Diario del Sur Digital"},"url":"https:\/\/diariodelsurdigital.com.ar\/?author=4"}]}},"_links":{"self":[{"href":"https:\/\/diariodelsurdigital.com.ar\/index.php?rest_route=\/wp\/v2\/posts\/6677","targetHints":{"allow":["GET"]}}],"collection":[{"href":"https:\/\/diariodelsurdigital.com.ar\/index.php?rest_route=\/wp\/v2\/posts"}],"about":[{"href":"https:\/\/diariodelsurdigital.com.ar\/index.php?rest_route=\/wp\/v2\/types\/post"}],"author":[{"embeddable":true,"href":"https:\/\/diariodelsurdigital.com.ar\/index.php?rest_route=\/wp\/v2\/users\/4"}],"replies":[{"embeddable":true,"href":"https:\/\/diariodelsurdigital.com.ar\/index.php?rest_route=%2Fwp%2Fv2%2Fcomments&post=6677"}],"version-history":[{"count":1,"href":"https:\/\/diariodelsurdigital.com.ar\/index.php?rest_route=\/wp\/v2\/posts\/6677\/revisions"}],"predecessor-version":[{"id":6679,"href":"https:\/\/diariodelsurdigital.com.ar\/index.php?rest_route=\/wp\/v2\/posts\/6677\/revisions\/6679"}],"wp:featuredmedia":[{"embeddable":true,"href":"https:\/\/diariodelsurdigital.com.ar\/index.php?rest_route=\/wp\/v2\/media\/6678"}],"wp:attachment":[{"href":"https:\/\/diariodelsurdigital.com.ar\/index.php?rest_route=%2Fwp%2Fv2%2Fmedia&parent=6677"}],"wp:term":[{"taxonomy":"category","embeddable":true,"href":"https:\/\/diariodelsurdigital.com.ar\/index.php?rest_route=%2Fwp%2Fv2%2Fcategories&post=6677"},{"taxonomy":"post_tag","embeddable":true,"href":"https:\/\/diariodelsurdigital.com.ar\/index.php?rest_route=%2Fwp%2Fv2%2Ftags&post=6677"}],"curies":[{"name":"wp","href":"https:\/\/api.w.org\/{rel}","templated":true}]}}