{"id":6680,"date":"2026-01-27T09:13:40","date_gmt":"2026-01-27T12:13:40","guid":{"rendered":"https:\/\/diariodelsurdigital.com.ar\/?p=6680"},"modified":"2026-01-27T09:13:41","modified_gmt":"2026-01-27T12:13:41","slug":"son-20-las-personas-muertas-en-siniestros-viales-en-entre-rios-afirman-que-la-cifra-es-alarmante","status":"publish","type":"post","link":"https:\/\/diariodelsurdigital.com.ar\/?p=6680","title":{"rendered":"Son 20 las personas muertas en siniestros viales en Entre R\u00edos: afirman que \u201cla cifra es alarmante\u201d"},"content":{"rendered":"\n<p>Ya son 20 las personas fallecidas en siniestro viales en Entre R\u00edos en los primeros 26 d\u00edas del 2026. Al respecto, el Director General de Polic\u00eda Cient\u00edfica, Ricardo Galliusi, y el Director de Seguridad Vial de Entre R\u00edos, Diego Passarello, se\u00f1alaron que la cifra \u201ces alarmante\u201d.<\/p>\n\n\n\n<p>De acuerdo al an\u00e1lisis estad\u00edstico de los datos oficiales, este mes hubo menos intervenciones de la Polic\u00eda Cient\u00edfica -que act\u00faa en casos de fallecimientos o lesionados graves-, que en enero de a\u00f1os anteriores, pero la cifra de fallecidos es superior debido a tres choques que tuvieron v\u00edctimas m\u00faltiples.<\/p>\n\n\n\n<p>Hubo 13 fallecimientos en s\u00f3lo 3 choques<\/p>\n\n\n\n<p>Ocurri\u00f3 el 2 de enero en Gualeguaych\u00fa (Ruta 136 que conecta con Fray Bentos) con un saldo de tres fallecidos<\/p>\n\n\n\n<p>El hecho sucedi\u00f3 durante la ma\u00f1ana, a la altura de kil\u00f3metro 28 del lado de Entre R\u00edos. Las v\u00edctimas fatales fueron una mujer de nacionalidad uruguaya y un hombre de nacionalidad argentina, oriundo de la ciudad de Rosario.<\/p>\n\n\n\n<p>La esposa del var\u00f3n era una mujer que estaba embarazada y, finalmente, termin\u00f3 falleciendo en el Hospital Centenario de Gualeguaych\u00fa a causa de las heridas del impacto.<\/p>\n\n\n\n<p>4 enero en Gilbert, Gualeguaych\u00fa (Ruta 20) \u2013 5 fallecidos<\/p>\n\n\n\n<p>El siniestro vial ocurrido el domingo 4 de enero en la Ruta 20 dej\u00f3 un desenlace fatal de cinco muertos. El viernes 24, se produjo el fallecimiento de la \u00faltima sobreviviente, Elina Gay Barreto, pocas horas despu\u00e9s del de su compa\u00f1era de viaje, Martina Michel Moyano, que muri\u00f3 el martes por la noche.<\/p>\n\n\n\n<p>A la muerte de la adolescente y de Moyano se le suman las de Jonathan Morh, de 19 a\u00f1os, y dos mujeres oriundas de Villa Elisa: Andrea Bogado, de 32 a\u00f1os, y Blanca Uran, de 79.<\/p>\n\n\n\n<p>5 de enero en Chajar\u00ed, Federaci\u00f3n (Autov\u00eda 14) \u2013 5 fallecidos<\/p>\n\n\n\n<p>En Chajar\u00ed, el lunes 5 de enero, una familia viajaba desde General Roca (R\u00edo Negro) hacia Misiones para disfrutar de unas vacaciones. En el acceso a Chajar\u00ed, la Volkswagen Suran en la que se trasladaban volc\u00f3 y se incendi\u00f3.<\/p>\n\n\n\n<p>Bomberos Voluntarios hallaron dentro del veh\u00edculo los cuerpos calcinados de Nora del Carmen Techeira (44), sus hijas Gabriela Liz Mart\u00ednez (20) y Omaira Ruth Mart\u00ednez (17), adem\u00e1s de su hermano David Techeira (30).<\/p>\n\n\n\n<p>Dos d\u00edas m\u00e1s tarde, Astrid Mart\u00ednez, de 17 a\u00f1os, melliza de Omaria, falleci\u00f3 en el Hospital San Mart\u00edn de Paran\u00e1 tras sufrir quemaduras en el 95% de su cuerpo.<\/p>\n","protected":false},"excerpt":{"rendered":"<p>Ya son 20 las personas fallecidas en siniestro viales en Entre R\u00edos en los primeros 26 d\u00edas del 2026. Al respecto, el Director General de Polic\u00eda Cient\u00edfica, Ricardo Galliusi, y el Director de Seguridad Vial de Entre R\u00edos, Diego Passarello, se\u00f1alaron que la cifra \u201ces alarmante\u201d. De acuerdo al an\u00e1lisis estad\u00edstico de los datos oficiales, [&hellip;]<\/p>\n","protected":false},"author":4,"featured_media":6681,"comment_status":"open","ping_status":"open","sticky":false,"template":"","format":"standard","meta":{"footnotes":""},"categories":[19,17],"tags":[],"class_list":{"0":"post-6680","1":"post","2":"type-post","3":"status-publish","4":"format-standard","5":"has-post-thumbnail","7":"category-interes-general","8":"category-provinciales"},"yoast_head":"<!-- This site is optimized with the Yoast SEO plugin v27.4 - https:\/\/yoast.com\/product\/yoast-seo-wordpress\/ -->\n<title>Son 20 las personas muertas en siniestros viales en Entre R\u00edos: afirman que \u201cla cifra es alarmante\u201d - Diario del Sur<\/title>\n<meta name=\"robots\" content=\"index, follow, max-snippet:-1, max-image-preview:large, max-video-preview:-1\" \/>\n<link rel=\"canonical\" href=\"https:\/\/diariodelsurdigital.com.ar\/?p=6680\" \/>\n<meta property=\"og:locale\" content=\"es_ES\" \/>\n<meta property=\"og:type\" content=\"article\" \/>\n<meta property=\"og:title\" content=\"Son 20 las personas muertas en siniestros viales en Entre R\u00edos: afirman que \u201cla cifra es alarmante\u201d - Diario del Sur\" \/>\n<meta property=\"og:description\" content=\"Ya son 20 las personas fallecidas en siniestro viales en Entre R\u00edos en los primeros 26 d\u00edas del 2026. Al respecto, el Director General de Polic\u00eda Cient\u00edfica, Ricardo Galliusi, y el Director de Seguridad Vial de Entre R\u00edos, Diego Passarello, se\u00f1alaron que la cifra \u201ces alarmante\u201d. De acuerdo al an\u00e1lisis estad\u00edstico de los datos oficiales, [&hellip;]\" \/>\n<meta property=\"og:url\" content=\"https:\/\/diariodelsurdigital.com.ar\/?p=6680\" \/>\n<meta property=\"og:site_name\" content=\"Diario del Sur\" \/>\n<meta property=\"article:published_time\" content=\"2026-01-27T12:13:40+00:00\" \/>\n<meta property=\"article:modified_time\" content=\"2026-01-27T12:13:41+00:00\" \/>\n<meta property=\"og:image\" content=\"https:\/\/diariodelsurdigital.com.ar\/wp-content\/uploads\/2026\/01\/md-85.webp\" \/>\n\t<meta property=\"og:image:width\" content=\"992\" \/>\n\t<meta property=\"og:image:height\" content=\"558\" \/>\n\t<meta property=\"og:image:type\" content=\"image\/webp\" \/>\n<meta name=\"author\" content=\"Diario del Sur Digital\" \/>\n<meta name=\"twitter:card\" content=\"summary_large_image\" \/>\n<meta name=\"twitter:label1\" content=\"Escrito por\" \/>\n\t<meta name=\"twitter:data1\" content=\"Diario del Sur Digital\" \/>\n\t<meta name=\"twitter:label2\" content=\"Tiempo de lectura\" \/>\n\t<meta name=\"twitter:data2\" content=\"3 minutos\" \/>\n<script type=\"application\/ld+json\" class=\"yoast-schema-graph\">{\"@context\":\"https:\\\/\\\/schema.org\",\"@graph\":[{\"@type\":\"Article\",\"@id\":\"https:\\\/\\\/diariodelsurdigital.com.ar\\\/?p=6680#article\",\"isPartOf\":{\"@id\":\"https:\\\/\\\/diariodelsurdigital.com.ar\\\/?p=6680\"},\"author\":{\"name\":\"Diario del Sur Digital\",\"@id\":\"https:\\\/\\\/diariodelsurdigital.com.ar\\\/#\\\/schema\\\/person\\\/1a4992532ed62965c968031b49195c81\"},\"headline\":\"Son 20 las personas muertas en siniestros viales en Entre R\u00edos: afirman que \u201cla cifra es alarmante\u201d\",\"datePublished\":\"2026-01-27T12:13:40+00:00\",\"dateModified\":\"2026-01-27T12:13:41+00:00\",\"mainEntityOfPage\":{\"@id\":\"https:\\\/\\\/diariodelsurdigital.com.ar\\\/?p=6680\"},\"wordCount\":421,\"commentCount\":0,\"image\":{\"@id\":\"https:\\\/\\\/diariodelsurdigital.com.ar\\\/?p=6680#primaryimage\"},\"thumbnailUrl\":\"https:\\\/\\\/diariodelsurdigital.com.ar\\\/wp-content\\\/uploads\\\/2026\\\/01\\\/md-85.webp\",\"articleSection\":[\"Inter\u00e9s General\",\"Provinciales\"],\"inLanguage\":\"es\",\"potentialAction\":[{\"@type\":\"CommentAction\",\"name\":\"Comment\",\"target\":[\"https:\\\/\\\/diariodelsurdigital.com.ar\\\/?p=6680#respond\"]}]},{\"@type\":\"WebPage\",\"@id\":\"https:\\\/\\\/diariodelsurdigital.com.ar\\\/?p=6680\",\"url\":\"https:\\\/\\\/diariodelsurdigital.com.ar\\\/?p=6680\",\"name\":\"Son 20 las personas muertas en siniestros viales en Entre R\u00edos: afirman que \u201cla cifra es alarmante\u201d - Diario del Sur\",\"isPartOf\":{\"@id\":\"https:\\\/\\\/diariodelsurdigital.com.ar\\\/#website\"},\"primaryImageOfPage\":{\"@id\":\"https:\\\/\\\/diariodelsurdigital.com.ar\\\/?p=6680#primaryimage\"},\"image\":{\"@id\":\"https:\\\/\\\/diariodelsurdigital.com.ar\\\/?p=6680#primaryimage\"},\"thumbnailUrl\":\"https:\\\/\\\/diariodelsurdigital.com.ar\\\/wp-content\\\/uploads\\\/2026\\\/01\\\/md-85.webp\",\"datePublished\":\"2026-01-27T12:13:40+00:00\",\"dateModified\":\"2026-01-27T12:13:41+00:00\",\"author\":{\"@id\":\"https:\\\/\\\/diariodelsurdigital.com.ar\\\/#\\\/schema\\\/person\\\/1a4992532ed62965c968031b49195c81\"},\"breadcrumb\":{\"@id\":\"https:\\\/\\\/diariodelsurdigital.com.ar\\\/?p=6680#breadcrumb\"},\"inLanguage\":\"es\",\"potentialAction\":[{\"@type\":\"ReadAction\",\"target\":[\"https:\\\/\\\/diariodelsurdigital.com.ar\\\/?p=6680\"]}]},{\"@type\":\"ImageObject\",\"inLanguage\":\"es\",\"@id\":\"https:\\\/\\\/diariodelsurdigital.com.ar\\\/?p=6680#primaryimage\",\"url\":\"https:\\\/\\\/diariodelsurdigital.com.ar\\\/wp-content\\\/uploads\\\/2026\\\/01\\\/md-85.webp\",\"contentUrl\":\"https:\\\/\\\/diariodelsurdigital.com.ar\\\/wp-content\\\/uploads\\\/2026\\\/01\\\/md-85.webp\",\"width\":992,\"height\":558},{\"@type\":\"BreadcrumbList\",\"@id\":\"https:\\\/\\\/diariodelsurdigital.com.ar\\\/?p=6680#breadcrumb\",\"itemListElement\":[{\"@type\":\"ListItem\",\"position\":1,\"name\":\"Portada\",\"item\":\"https:\\\/\\\/diariodelsurdigital.com.ar\\\/\"},{\"@type\":\"ListItem\",\"position\":2,\"name\":\"Son 20 las personas muertas en siniestros viales en Entre R\u00edos: afirman que \u201cla cifra es alarmante\u201d\"}]},{\"@type\":\"WebSite\",\"@id\":\"https:\\\/\\\/diariodelsurdigital.com.ar\\\/#website\",\"url\":\"https:\\\/\\\/diariodelsurdigital.com.ar\\\/\",\"name\":\"Diario del Sur\",\"description\":\"Digital\",\"potentialAction\":[{\"@type\":\"SearchAction\",\"target\":{\"@type\":\"EntryPoint\",\"urlTemplate\":\"https:\\\/\\\/diariodelsurdigital.com.ar\\\/?s={search_term_string}\"},\"query-input\":{\"@type\":\"PropertyValueSpecification\",\"valueRequired\":true,\"valueName\":\"search_term_string\"}}],\"inLanguage\":\"es\"},{\"@type\":\"Person\",\"@id\":\"https:\\\/\\\/diariodelsurdigital.com.ar\\\/#\\\/schema\\\/person\\\/1a4992532ed62965c968031b49195c81\",\"name\":\"Diario del Sur Digital\",\"image\":{\"@type\":\"ImageObject\",\"inLanguage\":\"es\",\"@id\":\"https:\\\/\\\/secure.gravatar.com\\\/avatar\\\/f0c7c47fc7146d19828273b9b8eda651c9c7ab583767e6338d3d3bee825adf76?s=96&d=mm&r=g\",\"url\":\"https:\\\/\\\/secure.gravatar.com\\\/avatar\\\/f0c7c47fc7146d19828273b9b8eda651c9c7ab583767e6338d3d3bee825adf76?s=96&d=mm&r=g\",\"contentUrl\":\"https:\\\/\\\/secure.gravatar.com\\\/avatar\\\/f0c7c47fc7146d19828273b9b8eda651c9c7ab583767e6338d3d3bee825adf76?s=96&d=mm&r=g\",\"caption\":\"Diario del Sur Digital\"},\"url\":\"https:\\\/\\\/diariodelsurdigital.com.ar\\\/?author=4\"}]}<\/script>\n<!-- \/ Yoast SEO plugin. -->","yoast_head_json":{"title":"Son 20 las personas muertas en siniestros viales en Entre R\u00edos: afirman que \u201cla cifra es alarmante\u201d - Diario del Sur","robots":{"index":"index","follow":"follow","max-snippet":"max-snippet:-1","max-image-preview":"max-image-preview:large","max-video-preview":"max-video-preview:-1"},"canonical":"https:\/\/diariodelsurdigital.com.ar\/?p=6680","og_locale":"es_ES","og_type":"article","og_title":"Son 20 las personas muertas en siniestros viales en Entre R\u00edos: afirman que \u201cla cifra es alarmante\u201d - Diario del Sur","og_description":"Ya son 20 las personas fallecidas en siniestro viales en Entre R\u00edos en los primeros 26 d\u00edas del 2026. Al respecto, el Director General de Polic\u00eda Cient\u00edfica, Ricardo Galliusi, y el Director de Seguridad Vial de Entre R\u00edos, Diego Passarello, se\u00f1alaron que la cifra \u201ces alarmante\u201d. De acuerdo al an\u00e1lisis estad\u00edstico de los datos oficiales, [&hellip;]","og_url":"https:\/\/diariodelsurdigital.com.ar\/?p=6680","og_site_name":"Diario del Sur","article_published_time":"2026-01-27T12:13:40+00:00","article_modified_time":"2026-01-27T12:13:41+00:00","og_image":[{"width":992,"height":558,"url":"https:\/\/diariodelsurdigital.com.ar\/wp-content\/uploads\/2026\/01\/md-85.webp","type":"image\/webp"}],"author":"Diario del Sur Digital","twitter_card":"summary_large_image","twitter_misc":{"Escrito por":"Diario del Sur Digital","Tiempo de lectura":"3 minutos"},"schema":{"@context":"https:\/\/schema.org","@graph":[{"@type":"Article","@id":"https:\/\/diariodelsurdigital.com.ar\/?p=6680#article","isPartOf":{"@id":"https:\/\/diariodelsurdigital.com.ar\/?p=6680"},"author":{"name":"Diario del Sur Digital","@id":"https:\/\/diariodelsurdigital.com.ar\/#\/schema\/person\/1a4992532ed62965c968031b49195c81"},"headline":"Son 20 las personas muertas en siniestros viales en Entre R\u00edos: afirman que \u201cla cifra es alarmante\u201d","datePublished":"2026-01-27T12:13:40+00:00","dateModified":"2026-01-27T12:13:41+00:00","mainEntityOfPage":{"@id":"https:\/\/diariodelsurdigital.com.ar\/?p=6680"},"wordCount":421,"commentCount":0,"image":{"@id":"https:\/\/diariodelsurdigital.com.ar\/?p=6680#primaryimage"},"thumbnailUrl":"https:\/\/diariodelsurdigital.com.ar\/wp-content\/uploads\/2026\/01\/md-85.webp","articleSection":["Inter\u00e9s General","Provinciales"],"inLanguage":"es","potentialAction":[{"@type":"CommentAction","name":"Comment","target":["https:\/\/diariodelsurdigital.com.ar\/?p=6680#respond"]}]},{"@type":"WebPage","@id":"https:\/\/diariodelsurdigital.com.ar\/?p=6680","url":"https:\/\/diariodelsurdigital.com.ar\/?p=6680","name":"Son 20 las personas muertas en siniestros viales en Entre R\u00edos: afirman que \u201cla cifra es alarmante\u201d - Diario del Sur","isPartOf":{"@id":"https:\/\/diariodelsurdigital.com.ar\/#website"},"primaryImageOfPage":{"@id":"https:\/\/diariodelsurdigital.com.ar\/?p=6680#primaryimage"},"image":{"@id":"https:\/\/diariodelsurdigital.com.ar\/?p=6680#primaryimage"},"thumbnailUrl":"https:\/\/diariodelsurdigital.com.ar\/wp-content\/uploads\/2026\/01\/md-85.webp","datePublished":"2026-01-27T12:13:40+00:00","dateModified":"2026-01-27T12:13:41+00:00","author":{"@id":"https:\/\/diariodelsurdigital.com.ar\/#\/schema\/person\/1a4992532ed62965c968031b49195c81"},"breadcrumb":{"@id":"https:\/\/diariodelsurdigital.com.ar\/?p=6680#breadcrumb"},"inLanguage":"es","potentialAction":[{"@type":"ReadAction","target":["https:\/\/diariodelsurdigital.com.ar\/?p=6680"]}]},{"@type":"ImageObject","inLanguage":"es","@id":"https:\/\/diariodelsurdigital.com.ar\/?p=6680#primaryimage","url":"https:\/\/diariodelsurdigital.com.ar\/wp-content\/uploads\/2026\/01\/md-85.webp","contentUrl":"https:\/\/diariodelsurdigital.com.ar\/wp-content\/uploads\/2026\/01\/md-85.webp","width":992,"height":558},{"@type":"BreadcrumbList","@id":"https:\/\/diariodelsurdigital.com.ar\/?p=6680#breadcrumb","itemListElement":[{"@type":"ListItem","position":1,"name":"Portada","item":"https:\/\/diariodelsurdigital.com.ar\/"},{"@type":"ListItem","position":2,"name":"Son 20 las personas muertas en siniestros viales en Entre R\u00edos: afirman que \u201cla cifra es alarmante\u201d"}]},{"@type":"WebSite","@id":"https:\/\/diariodelsurdigital.com.ar\/#website","url":"https:\/\/diariodelsurdigital.com.ar\/","name":"Diario del Sur","description":"Digital","potentialAction":[{"@type":"SearchAction","target":{"@type":"EntryPoint","urlTemplate":"https:\/\/diariodelsurdigital.com.ar\/?s={search_term_string}"},"query-input":{"@type":"PropertyValueSpecification","valueRequired":true,"valueName":"search_term_string"}}],"inLanguage":"es"},{"@type":"Person","@id":"https:\/\/diariodelsurdigital.com.ar\/#\/schema\/person\/1a4992532ed62965c968031b49195c81","name":"Diario del Sur Digital","image":{"@type":"ImageObject","inLanguage":"es","@id":"https:\/\/secure.gravatar.com\/avatar\/f0c7c47fc7146d19828273b9b8eda651c9c7ab583767e6338d3d3bee825adf76?s=96&d=mm&r=g","url":"https:\/\/secure.gravatar.com\/avatar\/f0c7c47fc7146d19828273b9b8eda651c9c7ab583767e6338d3d3bee825adf76?s=96&d=mm&r=g","contentUrl":"https:\/\/secure.gravatar.com\/avatar\/f0c7c47fc7146d19828273b9b8eda651c9c7ab583767e6338d3d3bee825adf76?s=96&d=mm&r=g","caption":"Diario del Sur Digital"},"url":"https:\/\/diariodelsurdigital.com.ar\/?author=4"}]}},"_links":{"self":[{"href":"https:\/\/diariodelsurdigital.com.ar\/index.php?rest_route=\/wp\/v2\/posts\/6680","targetHints":{"allow":["GET"]}}],"collection":[{"href":"https:\/\/diariodelsurdigital.com.ar\/index.php?rest_route=\/wp\/v2\/posts"}],"about":[{"href":"https:\/\/diariodelsurdigital.com.ar\/index.php?rest_route=\/wp\/v2\/types\/post"}],"author":[{"embeddable":true,"href":"https:\/\/diariodelsurdigital.com.ar\/index.php?rest_route=\/wp\/v2\/users\/4"}],"replies":[{"embeddable":true,"href":"https:\/\/diariodelsurdigital.com.ar\/index.php?rest_route=%2Fwp%2Fv2%2Fcomments&post=6680"}],"version-history":[{"count":1,"href":"https:\/\/diariodelsurdigital.com.ar\/index.php?rest_route=\/wp\/v2\/posts\/6680\/revisions"}],"predecessor-version":[{"id":6682,"href":"https:\/\/diariodelsurdigital.com.ar\/index.php?rest_route=\/wp\/v2\/posts\/6680\/revisions\/6682"}],"wp:featuredmedia":[{"embeddable":true,"href":"https:\/\/diariodelsurdigital.com.ar\/index.php?rest_route=\/wp\/v2\/media\/6681"}],"wp:attachment":[{"href":"https:\/\/diariodelsurdigital.com.ar\/index.php?rest_route=%2Fwp%2Fv2%2Fmedia&parent=6680"}],"wp:term":[{"taxonomy":"category","embeddable":true,"href":"https:\/\/diariodelsurdigital.com.ar\/index.php?rest_route=%2Fwp%2Fv2%2Fcategories&post=6680"},{"taxonomy":"post_tag","embeddable":true,"href":"https:\/\/diariodelsurdigital.com.ar\/index.php?rest_route=%2Fwp%2Fv2%2Ftags&post=6680"}],"curies":[{"name":"wp","href":"https:\/\/api.w.org\/{rel}","templated":true}]}}