{"id":6686,"date":"2026-01-27T09:18:17","date_gmt":"2026-01-27T12:18:17","guid":{"rendered":"https:\/\/diariodelsurdigital.com.ar\/?p=6686"},"modified":"2026-01-27T09:18:18","modified_gmt":"2026-01-27T12:18:18","slug":"la-union-industrial-de-santa-fe-lanzo-una-dura-advertencia-el-ocaso-de-la-produccion-es-el-ocaso-de-la-clase-media","status":"publish","type":"post","link":"https:\/\/diariodelsurdigital.com.ar\/?p=6686","title":{"rendered":"La Uni\u00f3n Industrial de Santa Fe lanz\u00f3 una dura advertencia: \u201cEl ocaso de la producci\u00f3n es el ocaso de la clase media\u201d"},"content":{"rendered":"\n<p>Cristian Fiereder, presidente de la Uni\u00f3n Industrial de Santa Fe, cuestion\u00f3 el regreso del \u00abcarry trade\u00bb y alert\u00f3 que el orden fiscal no debe lograrse a costa del vaciamiento productivo. Reclam\u00f3 condiciones de equidad frente a la apertura de importaciones.<\/p>\n\n\n\n<p>La Uni\u00f3n Industrial de Santa Fe (UISF) manifest\u00f3, a trav\u00e9s de su presidente, Cristian Fiereder, una seria inquietud respecto a la viabilidad de un modelo econ\u00f3mico que, seg\u00fan advierten, privilegia los n\u00fameros financieros por encima de la actividad productiva.<\/p>\n\n\n\n<p>Desde la UISF sostienen que el desarrollo de un pa\u00eds no puede medirse \u00fanicamente por el equilibrio fiscal. En ese sentido, Fiereder alert\u00f3 sobre una \u201cambig\u00fcedad profunda\u201d en el discurso oficial, al remarcar la contradicci\u00f3n que implica hablar de crecimiento mientras se debilitan los pilares que sostienen el entramado productivo y social de la provincia de Santa Fe.<\/p>\n\n\n\n<p>Uno de los ejes centrales del an\u00e1lisis industrial es la reaparici\u00f3n del carry trade como herramienta dominante. La entidad observa con preocupaci\u00f3n c\u00f3mo las ganancias financieras vuelven a resultar m\u00e1s atractivas que la inversi\u00f3n en la econom\u00eda real.<\/p>\n\n\n\n<p>\u201cUn pa\u00eds con sus cuentas en orden, pero con sus naves industriales vaci\u00e1ndose, es un pa\u00eds que est\u00e1 hipotecando su futuro\u201d, afirm\u00f3 Fiereder. Para la UISF, avanzar hacia un esquema donde la especulaci\u00f3n rinde m\u00e1s que la producci\u00f3n de valor agregado representa un riesgo cr\u00edtico para la supervivencia de la industria local.<\/p>\n\n\n\n<p>Apertura, s\u00ed; desigualdad, no<\/p>\n\n\n\n<p>Ante el proceso de apertura econ\u00f3mica y la competencia internacional, el sector fabril aclar\u00f3 que no reclama proteccionismo ni beneficios especiales, sino \u201cigualdad de condiciones\u201d. El planteo se centra en una serie de factores que hoy condicionan seriamente al productor santafesino:<\/p>\n\n\n\n<p>Presi\u00f3n impositiva: la urgencia de reducir la presi\u00f3n fiscal.<\/p>\n\n\n\n<p>Costos log\u00edsticos y energ\u00e9ticos: falencias en infraestructura y servicios que elevan los precios finales.<\/p>\n\n\n\n<p>Impacto social: la posibilidad de un proceso de reducci\u00f3n industrial que derive en mayor precarizaci\u00f3n laboral y en el crecimiento del multitrabajo, producto de la p\u00e9rdida del poder adquisitivo.<\/p>\n\n\n\n<p>Educaci\u00f3n, tecnolog\u00eda y desarrollo<\/p>\n\n\n\n<p>Adem\u00e1s, la UISF propuso fortalecer el v\u00ednculo entre el sistema educativo y el sector productivo. La apuesta est\u00e1 puesta en la educaci\u00f3n t\u00e9cnica y la incorporaci\u00f3n tecnol\u00f3gica como herramientas para potenciar a las PyMEs y evitar que la innovaci\u00f3n se transforme en una amenaza.<\/p>\n\n\n\n<p>Para cerrar, Fiereder dej\u00f3 una definici\u00f3n de fuerte contenido social sobre el modelo de pa\u00eds que se est\u00e1 construyendo: \u201cEl ocaso del sistema productivo es el ocaso de la clase media\u201d. Con esa frase, la industria santafesina llam\u00f3 a reflexionar sobre si el camino elegido conduce a un pa\u00eds concentrado en pocos sectores o a una naci\u00f3n federal, integrada y sostenida por el trabajo genuino.<\/p>\n","protected":false},"excerpt":{"rendered":"<p>Cristian Fiereder, presidente de la Uni\u00f3n Industrial de Santa Fe, cuestion\u00f3 el regreso del \u00abcarry trade\u00bb y alert\u00f3 que el orden fiscal no debe lograrse a costa del vaciamiento productivo. Reclam\u00f3 condiciones de equidad frente a la apertura de importaciones. La Uni\u00f3n Industrial de Santa Fe (UISF) manifest\u00f3, a trav\u00e9s de su presidente, Cristian Fiereder, [&hellip;]<\/p>\n","protected":false},"author":4,"featured_media":6687,"comment_status":"open","ping_status":"open","sticky":false,"template":"","format":"standard","meta":{"footnotes":""},"categories":[19,18],"tags":[],"class_list":{"0":"post-6686","1":"post","2":"type-post","3":"status-publish","4":"format-standard","5":"has-post-thumbnail","7":"category-interes-general","8":"category-nacionales"},"yoast_head":"<!-- This site is optimized with the Yoast SEO plugin v27.4 - https:\/\/yoast.com\/product\/yoast-seo-wordpress\/ -->\n<title>La Uni\u00f3n Industrial de Santa Fe lanz\u00f3 una dura advertencia: \u201cEl ocaso de la producci\u00f3n es el ocaso de la clase media\u201d - Diario del Sur<\/title>\n<meta name=\"robots\" content=\"index, follow, max-snippet:-1, max-image-preview:large, max-video-preview:-1\" \/>\n<link rel=\"canonical\" href=\"https:\/\/diariodelsurdigital.com.ar\/?p=6686\" \/>\n<meta property=\"og:locale\" content=\"es_ES\" \/>\n<meta property=\"og:type\" content=\"article\" \/>\n<meta property=\"og:title\" content=\"La Uni\u00f3n Industrial de Santa Fe lanz\u00f3 una dura advertencia: \u201cEl ocaso de la producci\u00f3n es el ocaso de la clase media\u201d - Diario del Sur\" \/>\n<meta property=\"og:description\" content=\"Cristian Fiereder, presidente de la Uni\u00f3n Industrial de Santa Fe, cuestion\u00f3 el regreso del \u00abcarry trade\u00bb y alert\u00f3 que el orden fiscal no debe lograrse a costa del vaciamiento productivo. Reclam\u00f3 condiciones de equidad frente a la apertura de importaciones. La Uni\u00f3n Industrial de Santa Fe (UISF) manifest\u00f3, a trav\u00e9s de su presidente, Cristian Fiereder, [&hellip;]\" \/>\n<meta property=\"og:url\" content=\"https:\/\/diariodelsurdigital.com.ar\/?p=6686\" \/>\n<meta property=\"og:site_name\" content=\"Diario del Sur\" \/>\n<meta property=\"article:published_time\" content=\"2026-01-27T12:18:17+00:00\" \/>\n<meta property=\"article:modified_time\" content=\"2026-01-27T12:18:18+00:00\" \/>\n<meta property=\"og:image\" content=\"https:\/\/diariodelsurdigital.com.ar\/wp-content\/uploads\/2026\/01\/md-87.webp\" \/>\n\t<meta property=\"og:image:width\" content=\"992\" \/>\n\t<meta property=\"og:image:height\" content=\"558\" \/>\n\t<meta property=\"og:image:type\" content=\"image\/webp\" \/>\n<meta name=\"author\" content=\"Diario del Sur Digital\" \/>\n<meta name=\"twitter:card\" content=\"summary_large_image\" \/>\n<meta name=\"twitter:label1\" content=\"Escrito por\" \/>\n\t<meta name=\"twitter:data1\" content=\"Diario del Sur Digital\" \/>\n\t<meta name=\"twitter:label2\" content=\"Tiempo de lectura\" \/>\n\t<meta name=\"twitter:data2\" content=\"3 minutos\" \/>\n<script type=\"application\/ld+json\" class=\"yoast-schema-graph\">{\"@context\":\"https:\\\/\\\/schema.org\",\"@graph\":[{\"@type\":\"Article\",\"@id\":\"https:\\\/\\\/diariodelsurdigital.com.ar\\\/?p=6686#article\",\"isPartOf\":{\"@id\":\"https:\\\/\\\/diariodelsurdigital.com.ar\\\/?p=6686\"},\"author\":{\"name\":\"Diario del Sur Digital\",\"@id\":\"https:\\\/\\\/diariodelsurdigital.com.ar\\\/#\\\/schema\\\/person\\\/1a4992532ed62965c968031b49195c81\"},\"headline\":\"La Uni\u00f3n Industrial de Santa Fe lanz\u00f3 una dura advertencia: \u201cEl ocaso de la producci\u00f3n es el ocaso de la clase media\u201d\",\"datePublished\":\"2026-01-27T12:18:17+00:00\",\"dateModified\":\"2026-01-27T12:18:18+00:00\",\"mainEntityOfPage\":{\"@id\":\"https:\\\/\\\/diariodelsurdigital.com.ar\\\/?p=6686\"},\"wordCount\":505,\"commentCount\":0,\"image\":{\"@id\":\"https:\\\/\\\/diariodelsurdigital.com.ar\\\/?p=6686#primaryimage\"},\"thumbnailUrl\":\"https:\\\/\\\/diariodelsurdigital.com.ar\\\/wp-content\\\/uploads\\\/2026\\\/01\\\/md-87.webp\",\"articleSection\":[\"Inter\u00e9s General\",\"Nacionales\"],\"inLanguage\":\"es\",\"potentialAction\":[{\"@type\":\"CommentAction\",\"name\":\"Comment\",\"target\":[\"https:\\\/\\\/diariodelsurdigital.com.ar\\\/?p=6686#respond\"]}]},{\"@type\":\"WebPage\",\"@id\":\"https:\\\/\\\/diariodelsurdigital.com.ar\\\/?p=6686\",\"url\":\"https:\\\/\\\/diariodelsurdigital.com.ar\\\/?p=6686\",\"name\":\"La Uni\u00f3n Industrial de Santa Fe lanz\u00f3 una dura advertencia: \u201cEl ocaso de la producci\u00f3n es el ocaso de la clase media\u201d - Diario del Sur\",\"isPartOf\":{\"@id\":\"https:\\\/\\\/diariodelsurdigital.com.ar\\\/#website\"},\"primaryImageOfPage\":{\"@id\":\"https:\\\/\\\/diariodelsurdigital.com.ar\\\/?p=6686#primaryimage\"},\"image\":{\"@id\":\"https:\\\/\\\/diariodelsurdigital.com.ar\\\/?p=6686#primaryimage\"},\"thumbnailUrl\":\"https:\\\/\\\/diariodelsurdigital.com.ar\\\/wp-content\\\/uploads\\\/2026\\\/01\\\/md-87.webp\",\"datePublished\":\"2026-01-27T12:18:17+00:00\",\"dateModified\":\"2026-01-27T12:18:18+00:00\",\"author\":{\"@id\":\"https:\\\/\\\/diariodelsurdigital.com.ar\\\/#\\\/schema\\\/person\\\/1a4992532ed62965c968031b49195c81\"},\"breadcrumb\":{\"@id\":\"https:\\\/\\\/diariodelsurdigital.com.ar\\\/?p=6686#breadcrumb\"},\"inLanguage\":\"es\",\"potentialAction\":[{\"@type\":\"ReadAction\",\"target\":[\"https:\\\/\\\/diariodelsurdigital.com.ar\\\/?p=6686\"]}]},{\"@type\":\"ImageObject\",\"inLanguage\":\"es\",\"@id\":\"https:\\\/\\\/diariodelsurdigital.com.ar\\\/?p=6686#primaryimage\",\"url\":\"https:\\\/\\\/diariodelsurdigital.com.ar\\\/wp-content\\\/uploads\\\/2026\\\/01\\\/md-87.webp\",\"contentUrl\":\"https:\\\/\\\/diariodelsurdigital.com.ar\\\/wp-content\\\/uploads\\\/2026\\\/01\\\/md-87.webp\",\"width\":992,\"height\":558},{\"@type\":\"BreadcrumbList\",\"@id\":\"https:\\\/\\\/diariodelsurdigital.com.ar\\\/?p=6686#breadcrumb\",\"itemListElement\":[{\"@type\":\"ListItem\",\"position\":1,\"name\":\"Portada\",\"item\":\"https:\\\/\\\/diariodelsurdigital.com.ar\\\/\"},{\"@type\":\"ListItem\",\"position\":2,\"name\":\"La Uni\u00f3n Industrial de Santa Fe lanz\u00f3 una dura advertencia: \u201cEl ocaso de la producci\u00f3n es el ocaso de la clase media\u201d\"}]},{\"@type\":\"WebSite\",\"@id\":\"https:\\\/\\\/diariodelsurdigital.com.ar\\\/#website\",\"url\":\"https:\\\/\\\/diariodelsurdigital.com.ar\\\/\",\"name\":\"Diario del Sur\",\"description\":\"Digital\",\"potentialAction\":[{\"@type\":\"SearchAction\",\"target\":{\"@type\":\"EntryPoint\",\"urlTemplate\":\"https:\\\/\\\/diariodelsurdigital.com.ar\\\/?s={search_term_string}\"},\"query-input\":{\"@type\":\"PropertyValueSpecification\",\"valueRequired\":true,\"valueName\":\"search_term_string\"}}],\"inLanguage\":\"es\"},{\"@type\":\"Person\",\"@id\":\"https:\\\/\\\/diariodelsurdigital.com.ar\\\/#\\\/schema\\\/person\\\/1a4992532ed62965c968031b49195c81\",\"name\":\"Diario del Sur Digital\",\"image\":{\"@type\":\"ImageObject\",\"inLanguage\":\"es\",\"@id\":\"https:\\\/\\\/secure.gravatar.com\\\/avatar\\\/f0c7c47fc7146d19828273b9b8eda651c9c7ab583767e6338d3d3bee825adf76?s=96&d=mm&r=g\",\"url\":\"https:\\\/\\\/secure.gravatar.com\\\/avatar\\\/f0c7c47fc7146d19828273b9b8eda651c9c7ab583767e6338d3d3bee825adf76?s=96&d=mm&r=g\",\"contentUrl\":\"https:\\\/\\\/secure.gravatar.com\\\/avatar\\\/f0c7c47fc7146d19828273b9b8eda651c9c7ab583767e6338d3d3bee825adf76?s=96&d=mm&r=g\",\"caption\":\"Diario del Sur Digital\"},\"url\":\"https:\\\/\\\/diariodelsurdigital.com.ar\\\/?author=4\"}]}<\/script>\n<!-- \/ Yoast SEO plugin. -->","yoast_head_json":{"title":"La Uni\u00f3n Industrial de Santa Fe lanz\u00f3 una dura advertencia: \u201cEl ocaso de la producci\u00f3n es el ocaso de la clase media\u201d - Diario del Sur","robots":{"index":"index","follow":"follow","max-snippet":"max-snippet:-1","max-image-preview":"max-image-preview:large","max-video-preview":"max-video-preview:-1"},"canonical":"https:\/\/diariodelsurdigital.com.ar\/?p=6686","og_locale":"es_ES","og_type":"article","og_title":"La Uni\u00f3n Industrial de Santa Fe lanz\u00f3 una dura advertencia: \u201cEl ocaso de la producci\u00f3n es el ocaso de la clase media\u201d - Diario del Sur","og_description":"Cristian Fiereder, presidente de la Uni\u00f3n Industrial de Santa Fe, cuestion\u00f3 el regreso del \u00abcarry trade\u00bb y alert\u00f3 que el orden fiscal no debe lograrse a costa del vaciamiento productivo. Reclam\u00f3 condiciones de equidad frente a la apertura de importaciones. La Uni\u00f3n Industrial de Santa Fe (UISF) manifest\u00f3, a trav\u00e9s de su presidente, Cristian Fiereder, [&hellip;]","og_url":"https:\/\/diariodelsurdigital.com.ar\/?p=6686","og_site_name":"Diario del Sur","article_published_time":"2026-01-27T12:18:17+00:00","article_modified_time":"2026-01-27T12:18:18+00:00","og_image":[{"width":992,"height":558,"url":"https:\/\/diariodelsurdigital.com.ar\/wp-content\/uploads\/2026\/01\/md-87.webp","type":"image\/webp"}],"author":"Diario del Sur Digital","twitter_card":"summary_large_image","twitter_misc":{"Escrito por":"Diario del Sur Digital","Tiempo de lectura":"3 minutos"},"schema":{"@context":"https:\/\/schema.org","@graph":[{"@type":"Article","@id":"https:\/\/diariodelsurdigital.com.ar\/?p=6686#article","isPartOf":{"@id":"https:\/\/diariodelsurdigital.com.ar\/?p=6686"},"author":{"name":"Diario del Sur Digital","@id":"https:\/\/diariodelsurdigital.com.ar\/#\/schema\/person\/1a4992532ed62965c968031b49195c81"},"headline":"La Uni\u00f3n Industrial de Santa Fe lanz\u00f3 una dura advertencia: \u201cEl ocaso de la producci\u00f3n es el ocaso de la clase media\u201d","datePublished":"2026-01-27T12:18:17+00:00","dateModified":"2026-01-27T12:18:18+00:00","mainEntityOfPage":{"@id":"https:\/\/diariodelsurdigital.com.ar\/?p=6686"},"wordCount":505,"commentCount":0,"image":{"@id":"https:\/\/diariodelsurdigital.com.ar\/?p=6686#primaryimage"},"thumbnailUrl":"https:\/\/diariodelsurdigital.com.ar\/wp-content\/uploads\/2026\/01\/md-87.webp","articleSection":["Inter\u00e9s General","Nacionales"],"inLanguage":"es","potentialAction":[{"@type":"CommentAction","name":"Comment","target":["https:\/\/diariodelsurdigital.com.ar\/?p=6686#respond"]}]},{"@type":"WebPage","@id":"https:\/\/diariodelsurdigital.com.ar\/?p=6686","url":"https:\/\/diariodelsurdigital.com.ar\/?p=6686","name":"La Uni\u00f3n Industrial de Santa Fe lanz\u00f3 una dura advertencia: \u201cEl ocaso de la producci\u00f3n es el ocaso de la clase media\u201d - Diario del Sur","isPartOf":{"@id":"https:\/\/diariodelsurdigital.com.ar\/#website"},"primaryImageOfPage":{"@id":"https:\/\/diariodelsurdigital.com.ar\/?p=6686#primaryimage"},"image":{"@id":"https:\/\/diariodelsurdigital.com.ar\/?p=6686#primaryimage"},"thumbnailUrl":"https:\/\/diariodelsurdigital.com.ar\/wp-content\/uploads\/2026\/01\/md-87.webp","datePublished":"2026-01-27T12:18:17+00:00","dateModified":"2026-01-27T12:18:18+00:00","author":{"@id":"https:\/\/diariodelsurdigital.com.ar\/#\/schema\/person\/1a4992532ed62965c968031b49195c81"},"breadcrumb":{"@id":"https:\/\/diariodelsurdigital.com.ar\/?p=6686#breadcrumb"},"inLanguage":"es","potentialAction":[{"@type":"ReadAction","target":["https:\/\/diariodelsurdigital.com.ar\/?p=6686"]}]},{"@type":"ImageObject","inLanguage":"es","@id":"https:\/\/diariodelsurdigital.com.ar\/?p=6686#primaryimage","url":"https:\/\/diariodelsurdigital.com.ar\/wp-content\/uploads\/2026\/01\/md-87.webp","contentUrl":"https:\/\/diariodelsurdigital.com.ar\/wp-content\/uploads\/2026\/01\/md-87.webp","width":992,"height":558},{"@type":"BreadcrumbList","@id":"https:\/\/diariodelsurdigital.com.ar\/?p=6686#breadcrumb","itemListElement":[{"@type":"ListItem","position":1,"name":"Portada","item":"https:\/\/diariodelsurdigital.com.ar\/"},{"@type":"ListItem","position":2,"name":"La Uni\u00f3n Industrial de Santa Fe lanz\u00f3 una dura advertencia: \u201cEl ocaso de la producci\u00f3n es el ocaso de la clase media\u201d"}]},{"@type":"WebSite","@id":"https:\/\/diariodelsurdigital.com.ar\/#website","url":"https:\/\/diariodelsurdigital.com.ar\/","name":"Diario del Sur","description":"Digital","potentialAction":[{"@type":"SearchAction","target":{"@type":"EntryPoint","urlTemplate":"https:\/\/diariodelsurdigital.com.ar\/?s={search_term_string}"},"query-input":{"@type":"PropertyValueSpecification","valueRequired":true,"valueName":"search_term_string"}}],"inLanguage":"es"},{"@type":"Person","@id":"https:\/\/diariodelsurdigital.com.ar\/#\/schema\/person\/1a4992532ed62965c968031b49195c81","name":"Diario del Sur Digital","image":{"@type":"ImageObject","inLanguage":"es","@id":"https:\/\/secure.gravatar.com\/avatar\/f0c7c47fc7146d19828273b9b8eda651c9c7ab583767e6338d3d3bee825adf76?s=96&d=mm&r=g","url":"https:\/\/secure.gravatar.com\/avatar\/f0c7c47fc7146d19828273b9b8eda651c9c7ab583767e6338d3d3bee825adf76?s=96&d=mm&r=g","contentUrl":"https:\/\/secure.gravatar.com\/avatar\/f0c7c47fc7146d19828273b9b8eda651c9c7ab583767e6338d3d3bee825adf76?s=96&d=mm&r=g","caption":"Diario del Sur Digital"},"url":"https:\/\/diariodelsurdigital.com.ar\/?author=4"}]}},"_links":{"self":[{"href":"https:\/\/diariodelsurdigital.com.ar\/index.php?rest_route=\/wp\/v2\/posts\/6686","targetHints":{"allow":["GET"]}}],"collection":[{"href":"https:\/\/diariodelsurdigital.com.ar\/index.php?rest_route=\/wp\/v2\/posts"}],"about":[{"href":"https:\/\/diariodelsurdigital.com.ar\/index.php?rest_route=\/wp\/v2\/types\/post"}],"author":[{"embeddable":true,"href":"https:\/\/diariodelsurdigital.com.ar\/index.php?rest_route=\/wp\/v2\/users\/4"}],"replies":[{"embeddable":true,"href":"https:\/\/diariodelsurdigital.com.ar\/index.php?rest_route=%2Fwp%2Fv2%2Fcomments&post=6686"}],"version-history":[{"count":1,"href":"https:\/\/diariodelsurdigital.com.ar\/index.php?rest_route=\/wp\/v2\/posts\/6686\/revisions"}],"predecessor-version":[{"id":6688,"href":"https:\/\/diariodelsurdigital.com.ar\/index.php?rest_route=\/wp\/v2\/posts\/6686\/revisions\/6688"}],"wp:featuredmedia":[{"embeddable":true,"href":"https:\/\/diariodelsurdigital.com.ar\/index.php?rest_route=\/wp\/v2\/media\/6687"}],"wp:attachment":[{"href":"https:\/\/diariodelsurdigital.com.ar\/index.php?rest_route=%2Fwp%2Fv2%2Fmedia&parent=6686"}],"wp:term":[{"taxonomy":"category","embeddable":true,"href":"https:\/\/diariodelsurdigital.com.ar\/index.php?rest_route=%2Fwp%2Fv2%2Fcategories&post=6686"},{"taxonomy":"post_tag","embeddable":true,"href":"https:\/\/diariodelsurdigital.com.ar\/index.php?rest_route=%2Fwp%2Fv2%2Ftags&post=6686"}],"curies":[{"name":"wp","href":"https:\/\/api.w.org\/{rel}","templated":true}]}}