{"id":6689,"date":"2026-01-27T15:26:36","date_gmt":"2026-01-27T18:26:36","guid":{"rendered":"https:\/\/diariodelsurdigital.com.ar\/?p=6689"},"modified":"2026-01-27T16:22:03","modified_gmt":"2026-01-27T19:22:03","slug":"carnaval-2026-cuando-el-discurso-y-la-cara-de-procer-de-azcue-no-se-condice-con-la-realidad","status":"publish","type":"post","link":"https:\/\/diariodelsurdigital.com.ar\/?p=6689","title":{"rendered":"CARNAVAL 2026: Cuando el discurso y la cara de pr\u00f3cer de Azcu\u00e9 no se condice con la realidad"},"content":{"rendered":"\n<h1 class=\"wp-block-heading\">La mala transmisi\u00f3n oficial del Carnaval y la millonaria suma que pagan los concordienses en tribunas atadas con alambres<\/h1>\n\n\n\n<p>&nbsp;<\/p>\n\n\n\n<p>El s\u00e1bado pasado comenz\u00f3 la edici\u00f3n 2026 del Carnaval de Concordia. Carnaval para unos pocos en el Vip y tribunas de gallineros para la popular. Es que as\u00ed se perfila la fiesta carnestolenda de la capital del citrus en la gesti\u00f3n de Azcu\u00e9.<\/p>\n\n\n\n<p>Concordia se caracteriza por la pasi\u00f3n que le pone al Carnaval, Fiesta popular que retorn\u00f3 con el peronismo, luego de que la dictadura olig\u00e1rquica militar la prohibiera, por si acaso la actual gesti\u00f3n no lo sabe.<\/p>\n\n\n\n<p><strong>Dos modelos<\/strong><\/p>\n\n\n\n<p>En Concordia has dos modelos y en eso estamos de acuerdo con lo que dijera el intendente Francisco Azcu\u00e9 hace unos d\u00edas con cara de pr\u00f3cer liberal. Un modelo de pol\u00edticas nacionales que atacaron la m\u00e9dula productiva desde 1966 con la dictadura de la \u00abMorsa\u00bb Ongan\u00eda, en donde hubo que pasar el invierno y que se acentu\u00f3 con la dictadura de 1976, en donde se termin\u00f3 de fulminar las grandes empresas que hab\u00eda en nuestra ciudad, sin hablar del cierre de Molinos, de las barracas, de las f\u00e1bricas de jugo, del Puerto, del Frigor\u00edfico CAP Yuquer\u00ed y culminando con la muerte de los Ferrocarriles en la era menemista. Todo eso ocurri\u00f3 con el modelo que representa Azcu\u00e9 hoy en Concordia. En s\u00edntesis, lo hicieron los gobiernos de facto, el menemismo privatizador aliado a los Alsogaray, Mauricio Macri y ahora el vendepatria de Milei, de qui\u00e9n Azcu\u00e9 es su aplaudidor.<\/p>\n\n\n\n<p>Y el otro modelo de Concordia. El de las gestiones peronistas que, pese a los embates, hicieron obras como la Defensa Sur, Escuelas, Hospital, Viviendas, la costanera, obras hidra\u00falicas, clocacas y un sin fin de mejoras. Por supuesto que hubo dirigentes que opacaron con sus conductas y a eso hay que decirlo. Pero cu\u00e9ntenos don Azcu\u00e9, \u00bfUsted qu\u00e9 ha hecho en estos dos a\u00f1os de mandato con el gobierno provincial y nacional a favor? Parece que tiene raz\u00f3n el ex funcionario crestista Jorge \u00abTopo\u00bb Mendieta. Su gesti\u00f3n est\u00e1 como una Ford \u00abT\u00bb. Hay que darle muchos manijazos para que arranque.<\/p>\n\n\n\n<figure class=\"wp-block-image size-full is-resized\"><img loading=\"lazy\" decoding=\"async\" width=\"550\" height=\"413\" src=\"https:\/\/diariodelsurdigital.com.ar\/wp-content\/uploads\/2026\/01\/Ford-T_-1.webp\" alt=\"\" class=\"wp-image-6697\" style=\"aspect-ratio:1.3317695130717717;width:334px;height:auto\" srcset=\"https:\/\/diariodelsurdigital.com.ar\/wp-content\/uploads\/2026\/01\/Ford-T_-1.webp 550w, https:\/\/diariodelsurdigital.com.ar\/wp-content\/uploads\/2026\/01\/Ford-T_-1-300x225.webp 300w, https:\/\/diariodelsurdigital.com.ar\/wp-content\/uploads\/2026\/01\/Ford-T_-1-80x60.webp 80w, https:\/\/diariodelsurdigital.com.ar\/wp-content\/uploads\/2026\/01\/Ford-T_-1-265x198.webp 265w\" sizes=\"auto, (max-width: 550px) 100vw, 550px\" \/><\/figure>\n\n\n\n<p>La zoncera con que Azcu\u00e9 nos quiere enga\u00f1ar, como toda mentira tiene patas cortas. Tomemos el tema del <strong>carnaval<\/strong> como ejemplo.<\/p>\n\n\n\n<p>Como lo escribiera nuestro colega Juan Pablo Portugau de<em> Diario Concordi<\/em>a, \u00abcr\u00edticas hubo y de todos los gustos\u00bb. Algunas hasta llegan a romper la legalidad, en donde privados ocupan la estructura del Estado Municipal que es de todos los concordienses, para hacer negocio privado para unos pocos p\u00edcaros. \u00bfNo ser\u00e1 que hay alg\u00fan que otro funcionario amigo de estos privados en donde se reparten de la tuya contribuyente? Nos preguntamos, \u00bfD\u00f3nde est\u00e1 el cambio del que tanto pregona Azcu\u00e9 del orden y la transparencia?<\/p>\n\n\n\n<p>A modo de explicaci\u00f3n y continuando sobre lo escrito por Portugau, este a\u00f1o la transmisi\u00f3n oficial del Carnaval recay\u00f3 en manos de un privado que le puso imagen y la capitaliz\u00f3. Es decir: siempre la transmisi\u00f3n (desde lo t\u00e9cnico) la realiz\u00f3 un privado, contratado en cada oportunidad (el Municipio no cuenta con los equipos t\u00e9cnicos para realizar una transmisi\u00f3n streaming o por TV en vivo de esta categor\u00eda). Pero por primera vez, se entreg\u00f3 toda la imagen de la transmisi\u00f3n del Carnaval a un privado en forma exclusiva.<\/p>\n\n\n\n<p>Pero expliquemos un poco para aquellos que no son conocedores de esto, la mayor\u00eda de la gente.<\/p>\n\n\n\n<p><strong>\u00bfQu\u00e9 es la transmisi\u00f3n?<\/strong><\/p>\n\n\n\n<p>En toda transmisi\u00f3n (o programa de radio o de TV; cualquiera que alguna vez haya trabajado en un medio lo sabe), hay dos \u00abpartes\u00bb. Por un lado los requerimientos t\u00e9cnicos para transmitir. En este caso, el Ente de Carnaval hizo una licitaci\u00f3n para lo que denomin\u00f3 el \u00abCircuito Cerrado\u00bb. Se present\u00f3 un s\u00f3lo oferente. Esta empresa es la encargada de brindar todo el soporte t\u00e9cnico (c\u00e1maras, sonido, imagen, edici\u00f3n, etc) del Carnaval y transmitirlo en las pantallas en el Cors\u00f3dromo y darle esa \u00abse\u00f1al\u00bb (ese contenido) a la transmisi\u00f3n oficial.<\/p>\n\n\n\n<p>A esa empresa el Ente de Carnaval le paga por los servicios prestados, como corresponde.<\/p>\n\n\n\n<p>Despu\u00e9s est\u00e1 la \u00abtransmisi\u00f3n oficial\u00bb. Y ac\u00e1 se empantana la cosa.<\/p>\n\n\n\n<p>La \u00abtransmisi\u00f3n oficial\u00bb es lo que sale para afuera, lo que se ve. Es lo que se trasmite a trav\u00e9s del canal de Youtube oficial de la Municipalidad de Concordia. Institucionalmente no es cualquier transmisi\u00f3n, pero adem\u00e1s de lo institucional o pol\u00edtico de gesti\u00f3n, es -en t\u00e9rminos econ\u00f3micos- la trasmisi\u00f3n principal que todos (concordienses y for\u00e1neos) van a ver. Es decir, sin vueltas: es la transmisi\u00f3n que m\u00e1s se va a ver.<\/p>\n\n\n\n<p>Esa \u00abtransmisi\u00f3n\u00bb, el Ente de Carnaval se la otorg\u00f3 este a\u00f1o a un privado.<\/p>\n\n\n\n<h5 class=\"wp-block-heading\"><strong>Palabra del Ente del Carnaval<\/strong><\/h5>\n\n\n\n<p><em>&#8211;&nbsp;\u00bfLicitaron la transmisi\u00f3n del Carnaval? \u00bfLas publicidades son para el Ente?&nbsp; &#8211;<\/em>&nbsp;pregunt\u00f3 <em>Diario Concordia<\/em><\/p>\n\n\n\n<p>Luis Sanchez, director ejecutivo del Ente de Carnaval, respondi\u00f3:&nbsp;<strong>\u00abEl streaming, circuito cerrado, s\u00ed, se realiz\u00f3 un concurso, como se realiza todos los a\u00f1os, a los cuales el \u00fanico que se present\u00f3 fue Carlos Hoffmann. Vos deb\u00e9s estar hablando de la transmisi\u00f3n, los voceros, en este caso los chicos de Radio Zona, que eso yo no tengo obligaci\u00f3n<\/strong>&nbsp;<em>(de realizar concurso de precios o licitaci\u00f3n)<\/em>&nbsp;<strong>porque por los montos, se realiza una contrataci\u00f3n directa. No tengo la necesidad de realizar un concurso o una licitaci\u00f3n privada o una licitaci\u00f3n p\u00fablica\u00bb,<\/strong>&nbsp;explic\u00f3 con claridad.<\/p>\n\n\n\n<p>A lo que&nbsp;<em>DiarioConcordia<\/em>&nbsp;pregunt\u00f3:&nbsp;<em>\u00bfEntonces uds le est\u00e1n abonando a los que salen por el canal oficial de la Municipal\u00eddad?<\/em><\/p>\n\n\n\n<p>Y la respuesta fue:&nbsp;<strong>\u00abNo al contrario, nosotros no le pagamos a ellos. Estuvo el ofrecimiento y se realiz\u00f3\u00bb.<\/strong><\/p>\n\n\n\n<p>A lo que&nbsp;<em>DiarioConcordia&nbsp;<\/em>repregunt\u00f3 y comparti\u00f3 una opini\u00f3n:&nbsp;<em>Teniendo en cuenta que la transmisi\u00f3n del Carnaval podr\u00eda ser una fuente de ingresos econ\u00f3micos, \u00bfno evaluaron la posibilidad de licitarla o llamar a un concurso de precios, o que sea una fuente de ingresos para el Ente y no s\u00f3lo para la actividad privada como es ahora?<\/em><\/p>\n\n\n\n<p>La respuesta, a esto \u00faltimo, es que no es algo considerado por el Ente. Nos falt\u00f3 preguntarles si no tienen un equipo de comunicaci\u00f3n o al menos un asesor.<\/p>\n\n\n\n<h5 class=\"wp-block-heading\"><strong>El topo, el Estado y los negocios de los privados<\/strong><\/h5>\n\n\n\n<p>Luego de este intercambio de palabras que no nos aclararon mucho el panorama, porque no nos qued\u00f3 claro si hicieron una contrataci\u00f3n directa o si es gratis&#8230; y nos quedaron algunas dudas dando vuelta&#8230;<\/p>\n\n\n\n<p>Luego de ello, nos quedamos pensando en el negocio que representa ser la \u00fanica imagen en vivo del Carnaval de Concordia&#8230;.<\/p>\n\n\n\n<p><strong>Y nos preguntamos:<\/strong><\/p>\n\n\n\n<p>Si el Estado (el Ente de Carnaval o el Municipio, o sea los Recursos P\u00fablicos, Con La Tuya Contribuyente), paga a un proveedor para que brinde el servicio de \u00abCircuito Cerrado\u00bb (c\u00e1maras) y luego un funcionario se lo da gratis a X persona, y adem\u00e1s le da a esa X persona la exclusividad de la imagen, los canales oficiales (el Youtube de la Municipalidad), y le deja a esa X persona que usufruct\u00fae con ese \u00abproducto\u00bb pagado con recursos p\u00fablicos&#8230; eso, \u00bfno estar\u00eda rozando al menos la falta de \u00e9tica?<\/p>\n\n\n\n<p><strong>Las Tribunas millonarias atadas con alambre<\/strong> <\/p>\n\n\n\n<p>Otro dato que no es menor fue lo ocurrido en la primera noche del desfile, en donde un joven sufri\u00f3 una ca\u00edda en el sector popular del Cors\u00f3dromo por falencias en las tribunas alquiladas, en donde en varios tramos estaban atadas con alambre. Esa fue una de las situaciones m\u00e1s graves entre los espectadores, cuando vieron caer en vivo y en directo, una persona desde varios metros de altura.<\/p>\n\n\n\n<p>La ca\u00edda del espectador no fue comunicada oficialmente, public\u00f3 la p\u00e1gina de <em>Cableinformaci\u00f3n<\/em>. Se supo a trav\u00e9s de las redes sociales tras publicaci\u00f3n de una integrante de una comparsa, quien relat\u00f3 haber presenciado el accidente, la joven cont\u00f3: \u201cyo estaba al lado y lo vi caer al vac\u00edo, fue un momento muy feo y alarmante porque el muchacho qued\u00f3 inm\u00f3vil al caer de una importante altura que podr\u00edamos hablar de 3 o 4 metros o m\u00e1s\u201d, subray\u00f3 la joven, al tiempo que reproch\u00f3 \u201ceste hecho lamentable tiene que ver con la seguridad y estas cosas no pueden pasar porque hay que prevenirlos antes de que tengamos que lamentar algo mucho m\u00e1s grave\u201d, advirti\u00f3.<\/p>\n\n\n\n<p><em>Diario Junio<\/em> public\u00f3 que, con un costo final de casi 230 millones de pesos, el alquiler de tribunas para el Carnaval 2026 termin\u00f3 siendo 70 millones m\u00e1s caro que el a\u00f1o pasado, siempre tomando como base el presupuesto oficial establecido de 160 millones de pesos para la edici\u00f3n 2025, ya que no hubo informaci\u00f3n oficial de la cifra final por la que fue adjudicada la licitaci\u00f3n. De todas maneras, muy por encima de la inflaci\u00f3n. Pero el problema no solo radica en lo econ\u00f3mico: el propio municipio anunci\u00f3 p\u00fablicamente que la licitaci\u00f3n hab\u00eda sido ganada por una empresa y semanas despu\u00e9s, por un decreto conocido este jueves en el Bolet\u00edn Oficial, se la adjudic\u00f3 a otra firma, asegurando adem\u00e1s que fue la \u00fanica oferente. Sin explicaciones ni rectificaciones, la gesti\u00f3n dej\u00f3 expuesta una licitaci\u00f3n sin competencia, car\u00edsima, manipulada y atravesada por una contradicci\u00f3n oficial dif\u00edcil de explicar.<\/p>\n\n\n\n<figure class=\"wp-block-gallery has-nested-images columns-default is-cropped wp-block-gallery-1 is-layout-flex wp-block-gallery-is-layout-flex\">\n<figure class=\"wp-block-image size-large\"><img loading=\"lazy\" decoding=\"async\" width=\"642\" height=\"361\" data-id=\"6693\" src=\"https:\/\/diariodelsurdigital.com.ar\/wp-content\/uploads\/2026\/01\/multimedia.normal.994bb81e74c27f08.bm9ybWFsLndlYnA.webp\" alt=\"\" class=\"wp-image-6693\" srcset=\"https:\/\/diariodelsurdigital.com.ar\/wp-content\/uploads\/2026\/01\/multimedia.normal.994bb81e74c27f08.bm9ybWFsLndlYnA.webp 642w, https:\/\/diariodelsurdigital.com.ar\/wp-content\/uploads\/2026\/01\/multimedia.normal.994bb81e74c27f08.bm9ybWFsLndlYnA-300x169.webp 300w\" sizes=\"auto, (max-width: 642px) 100vw, 642px\" \/><\/figure>\n\n\n\n<figure class=\"wp-block-image size-large\"><img loading=\"lazy\" decoding=\"async\" width=\"642\" height=\"428\" data-id=\"6692\" src=\"https:\/\/diariodelsurdigital.com.ar\/wp-content\/uploads\/2026\/01\/multimedia.normal.ada3f2d0e2cf984b.bm9ybWFsLndlYnA-1.webp\" alt=\"\" class=\"wp-image-6692\" srcset=\"https:\/\/diariodelsurdigital.com.ar\/wp-content\/uploads\/2026\/01\/multimedia.normal.ada3f2d0e2cf984b.bm9ybWFsLndlYnA-1.webp 642w, https:\/\/diariodelsurdigital.com.ar\/wp-content\/uploads\/2026\/01\/multimedia.normal.ada3f2d0e2cf984b.bm9ybWFsLndlYnA-1-300x200.webp 300w, https:\/\/diariodelsurdigital.com.ar\/wp-content\/uploads\/2026\/01\/multimedia.normal.ada3f2d0e2cf984b.bm9ybWFsLndlYnA-1-630x420.webp 630w\" sizes=\"auto, (max-width: 642px) 100vw, 642px\" \/><\/figure>\n<\/figure>\n\n\n\n<p><strong>Fuente:<\/strong> Diario Concordia &#8211; Cable Informaci\u00f3n &#8211; Diario Junio &#8211; Diario del SUR Digital<\/p>\n\n\n\n<p><\/p>\n","protected":false},"excerpt":{"rendered":"<p>La mala transmisi\u00f3n oficial del Carnaval y la millonaria suma que pagan los concordienses en tribunas atadas con alambres &nbsp; El s\u00e1bado pasado comenz\u00f3 la edici\u00f3n 2026 del Carnaval de Concordia. Carnaval para unos pocos en el Vip y tribunas de gallineros para la popular. Es que as\u00ed se perfila la fiesta carnestolenda de la [&hellip;]<\/p>\n","protected":false},"author":2,"featured_media":6690,"comment_status":"open","ping_status":"open","sticky":false,"template":"","format":"standard","meta":{"footnotes":""},"categories":[19,16],"tags":[],"class_list":{"0":"post-6689","1":"post","2":"type-post","3":"status-publish","4":"format-standard","5":"has-post-thumbnail","7":"category-interes-general","8":"category-locales"},"yoast_head":"<!-- This site is optimized with the Yoast SEO plugin v27.4 - https:\/\/yoast.com\/product\/yoast-seo-wordpress\/ -->\n<title>CARNAVAL 2026: Cuando el discurso y la cara de pr\u00f3cer de Azcu\u00e9 no se condice con la realidad - Diario del Sur<\/title>\n<meta name=\"robots\" content=\"index, follow, max-snippet:-1, max-image-preview:large, max-video-preview:-1\" \/>\n<link rel=\"canonical\" href=\"https:\/\/diariodelsurdigital.com.ar\/?p=6689\" \/>\n<meta property=\"og:locale\" content=\"es_ES\" \/>\n<meta property=\"og:type\" content=\"article\" \/>\n<meta property=\"og:title\" content=\"CARNAVAL 2026: Cuando el discurso y la cara de pr\u00f3cer de Azcu\u00e9 no se condice con la realidad - Diario del Sur\" \/>\n<meta property=\"og:description\" content=\"La mala transmisi\u00f3n oficial del Carnaval y la millonaria suma que pagan los concordienses en tribunas atadas con alambres &nbsp; El s\u00e1bado pasado comenz\u00f3 la edici\u00f3n 2026 del Carnaval de Concordia. Carnaval para unos pocos en el Vip y tribunas de gallineros para la popular. Es que as\u00ed se perfila la fiesta carnestolenda de la [&hellip;]\" \/>\n<meta property=\"og:url\" content=\"https:\/\/diariodelsurdigital.com.ar\/?p=6689\" \/>\n<meta property=\"og:site_name\" content=\"Diario del Sur\" \/>\n<meta property=\"article:published_time\" content=\"2026-01-27T18:26:36+00:00\" \/>\n<meta property=\"article:modified_time\" content=\"2026-01-27T19:22:03+00:00\" \/>\n<meta property=\"og:image\" content=\"https:\/\/diariodelsurdigital.com.ar\/wp-content\/uploads\/2026\/01\/1-278-819x1024-1.jpg\" \/>\n\t<meta property=\"og:image:width\" content=\"529\" \/>\n\t<meta property=\"og:image:height\" content=\"362\" \/>\n\t<meta property=\"og:image:type\" content=\"image\/jpeg\" \/>\n<meta name=\"author\" content=\"Diario del Sur Digital\" \/>\n<meta name=\"twitter:card\" content=\"summary_large_image\" \/>\n<meta name=\"twitter:label1\" content=\"Escrito por\" \/>\n\t<meta name=\"twitter:data1\" content=\"Diario del Sur Digital\" \/>\n\t<meta name=\"twitter:label2\" content=\"Tiempo de lectura\" \/>\n\t<meta name=\"twitter:data2\" content=\"8 minutos\" \/>\n<script type=\"application\/ld+json\" class=\"yoast-schema-graph\">{\"@context\":\"https:\\\/\\\/schema.org\",\"@graph\":[{\"@type\":\"Article\",\"@id\":\"https:\\\/\\\/diariodelsurdigital.com.ar\\\/?p=6689#article\",\"isPartOf\":{\"@id\":\"https:\\\/\\\/diariodelsurdigital.com.ar\\\/?p=6689\"},\"author\":{\"name\":\"Diario del Sur Digital\",\"@id\":\"https:\\\/\\\/diariodelsurdigital.com.ar\\\/#\\\/schema\\\/person\\\/6136a32571657f7dba980b88b04c5465\"},\"headline\":\"CARNAVAL 2026: Cuando el discurso y la cara de pr\u00f3cer de Azcu\u00e9 no se condice con la realidad\",\"datePublished\":\"2026-01-27T18:26:36+00:00\",\"dateModified\":\"2026-01-27T19:22:03+00:00\",\"mainEntityOfPage\":{\"@id\":\"https:\\\/\\\/diariodelsurdigital.com.ar\\\/?p=6689\"},\"wordCount\":1656,\"commentCount\":0,\"image\":{\"@id\":\"https:\\\/\\\/diariodelsurdigital.com.ar\\\/?p=6689#primaryimage\"},\"thumbnailUrl\":\"https:\\\/\\\/diariodelsurdigital.com.ar\\\/wp-content\\\/uploads\\\/2026\\\/01\\\/1-278-819x1024-1.jpg\",\"articleSection\":[\"Inter\u00e9s General\",\"Locales\"],\"inLanguage\":\"es\",\"potentialAction\":[{\"@type\":\"CommentAction\",\"name\":\"Comment\",\"target\":[\"https:\\\/\\\/diariodelsurdigital.com.ar\\\/?p=6689#respond\"]}]},{\"@type\":\"WebPage\",\"@id\":\"https:\\\/\\\/diariodelsurdigital.com.ar\\\/?p=6689\",\"url\":\"https:\\\/\\\/diariodelsurdigital.com.ar\\\/?p=6689\",\"name\":\"CARNAVAL 2026: Cuando el discurso y la cara de pr\u00f3cer de Azcu\u00e9 no se condice con la realidad - Diario del Sur\",\"isPartOf\":{\"@id\":\"https:\\\/\\\/diariodelsurdigital.com.ar\\\/#website\"},\"primaryImageOfPage\":{\"@id\":\"https:\\\/\\\/diariodelsurdigital.com.ar\\\/?p=6689#primaryimage\"},\"image\":{\"@id\":\"https:\\\/\\\/diariodelsurdigital.com.ar\\\/?p=6689#primaryimage\"},\"thumbnailUrl\":\"https:\\\/\\\/diariodelsurdigital.com.ar\\\/wp-content\\\/uploads\\\/2026\\\/01\\\/1-278-819x1024-1.jpg\",\"datePublished\":\"2026-01-27T18:26:36+00:00\",\"dateModified\":\"2026-01-27T19:22:03+00:00\",\"author\":{\"@id\":\"https:\\\/\\\/diariodelsurdigital.com.ar\\\/#\\\/schema\\\/person\\\/6136a32571657f7dba980b88b04c5465\"},\"breadcrumb\":{\"@id\":\"https:\\\/\\\/diariodelsurdigital.com.ar\\\/?p=6689#breadcrumb\"},\"inLanguage\":\"es\",\"potentialAction\":[{\"@type\":\"ReadAction\",\"target\":[\"https:\\\/\\\/diariodelsurdigital.com.ar\\\/?p=6689\"]}]},{\"@type\":\"ImageObject\",\"inLanguage\":\"es\",\"@id\":\"https:\\\/\\\/diariodelsurdigital.com.ar\\\/?p=6689#primaryimage\",\"url\":\"https:\\\/\\\/diariodelsurdigital.com.ar\\\/wp-content\\\/uploads\\\/2026\\\/01\\\/1-278-819x1024-1.jpg\",\"contentUrl\":\"https:\\\/\\\/diariodelsurdigital.com.ar\\\/wp-content\\\/uploads\\\/2026\\\/01\\\/1-278-819x1024-1.jpg\",\"width\":529,\"height\":362},{\"@type\":\"BreadcrumbList\",\"@id\":\"https:\\\/\\\/diariodelsurdigital.com.ar\\\/?p=6689#breadcrumb\",\"itemListElement\":[{\"@type\":\"ListItem\",\"position\":1,\"name\":\"Portada\",\"item\":\"https:\\\/\\\/diariodelsurdigital.com.ar\\\/\"},{\"@type\":\"ListItem\",\"position\":2,\"name\":\"CARNAVAL 2026: Cuando el discurso y la cara de pr\u00f3cer de Azcu\u00e9 no se condice con la realidad\"}]},{\"@type\":\"WebSite\",\"@id\":\"https:\\\/\\\/diariodelsurdigital.com.ar\\\/#website\",\"url\":\"https:\\\/\\\/diariodelsurdigital.com.ar\\\/\",\"name\":\"Diario del Sur\",\"description\":\"Digital\",\"potentialAction\":[{\"@type\":\"SearchAction\",\"target\":{\"@type\":\"EntryPoint\",\"urlTemplate\":\"https:\\\/\\\/diariodelsurdigital.com.ar\\\/?s={search_term_string}\"},\"query-input\":{\"@type\":\"PropertyValueSpecification\",\"valueRequired\":true,\"valueName\":\"search_term_string\"}}],\"inLanguage\":\"es\"},{\"@type\":\"Person\",\"@id\":\"https:\\\/\\\/diariodelsurdigital.com.ar\\\/#\\\/schema\\\/person\\\/6136a32571657f7dba980b88b04c5465\",\"name\":\"Diario del Sur Digital\",\"image\":{\"@type\":\"ImageObject\",\"inLanguage\":\"es\",\"@id\":\"https:\\\/\\\/secure.gravatar.com\\\/avatar\\\/4c29ceac98541dd42460b2474aaa5dd37594d6ce6cb3cf2c101d09b48ee287ba?s=96&d=mm&r=g\",\"url\":\"https:\\\/\\\/secure.gravatar.com\\\/avatar\\\/4c29ceac98541dd42460b2474aaa5dd37594d6ce6cb3cf2c101d09b48ee287ba?s=96&d=mm&r=g\",\"contentUrl\":\"https:\\\/\\\/secure.gravatar.com\\\/avatar\\\/4c29ceac98541dd42460b2474aaa5dd37594d6ce6cb3cf2c101d09b48ee287ba?s=96&d=mm&r=g\",\"caption\":\"Diario del Sur Digital\"},\"url\":\"https:\\\/\\\/diariodelsurdigital.com.ar\\\/?author=2\"}]}<\/script>\n<!-- \/ Yoast SEO plugin. -->","yoast_head_json":{"title":"CARNAVAL 2026: Cuando el discurso y la cara de pr\u00f3cer de Azcu\u00e9 no se condice con la realidad - Diario del Sur","robots":{"index":"index","follow":"follow","max-snippet":"max-snippet:-1","max-image-preview":"max-image-preview:large","max-video-preview":"max-video-preview:-1"},"canonical":"https:\/\/diariodelsurdigital.com.ar\/?p=6689","og_locale":"es_ES","og_type":"article","og_title":"CARNAVAL 2026: Cuando el discurso y la cara de pr\u00f3cer de Azcu\u00e9 no se condice con la realidad - Diario del Sur","og_description":"La mala transmisi\u00f3n oficial del Carnaval y la millonaria suma que pagan los concordienses en tribunas atadas con alambres &nbsp; El s\u00e1bado pasado comenz\u00f3 la edici\u00f3n 2026 del Carnaval de Concordia. Carnaval para unos pocos en el Vip y tribunas de gallineros para la popular. Es que as\u00ed se perfila la fiesta carnestolenda de la [&hellip;]","og_url":"https:\/\/diariodelsurdigital.com.ar\/?p=6689","og_site_name":"Diario del Sur","article_published_time":"2026-01-27T18:26:36+00:00","article_modified_time":"2026-01-27T19:22:03+00:00","og_image":[{"width":529,"height":362,"url":"https:\/\/diariodelsurdigital.com.ar\/wp-content\/uploads\/2026\/01\/1-278-819x1024-1.jpg","type":"image\/jpeg"}],"author":"Diario del Sur Digital","twitter_card":"summary_large_image","twitter_misc":{"Escrito por":"Diario del Sur Digital","Tiempo de lectura":"8 minutos"},"schema":{"@context":"https:\/\/schema.org","@graph":[{"@type":"Article","@id":"https:\/\/diariodelsurdigital.com.ar\/?p=6689#article","isPartOf":{"@id":"https:\/\/diariodelsurdigital.com.ar\/?p=6689"},"author":{"name":"Diario del Sur Digital","@id":"https:\/\/diariodelsurdigital.com.ar\/#\/schema\/person\/6136a32571657f7dba980b88b04c5465"},"headline":"CARNAVAL 2026: Cuando el discurso y la cara de pr\u00f3cer de Azcu\u00e9 no se condice con la realidad","datePublished":"2026-01-27T18:26:36+00:00","dateModified":"2026-01-27T19:22:03+00:00","mainEntityOfPage":{"@id":"https:\/\/diariodelsurdigital.com.ar\/?p=6689"},"wordCount":1656,"commentCount":0,"image":{"@id":"https:\/\/diariodelsurdigital.com.ar\/?p=6689#primaryimage"},"thumbnailUrl":"https:\/\/diariodelsurdigital.com.ar\/wp-content\/uploads\/2026\/01\/1-278-819x1024-1.jpg","articleSection":["Inter\u00e9s General","Locales"],"inLanguage":"es","potentialAction":[{"@type":"CommentAction","name":"Comment","target":["https:\/\/diariodelsurdigital.com.ar\/?p=6689#respond"]}]},{"@type":"WebPage","@id":"https:\/\/diariodelsurdigital.com.ar\/?p=6689","url":"https:\/\/diariodelsurdigital.com.ar\/?p=6689","name":"CARNAVAL 2026: Cuando el discurso y la cara de pr\u00f3cer de Azcu\u00e9 no se condice con la realidad - Diario del Sur","isPartOf":{"@id":"https:\/\/diariodelsurdigital.com.ar\/#website"},"primaryImageOfPage":{"@id":"https:\/\/diariodelsurdigital.com.ar\/?p=6689#primaryimage"},"image":{"@id":"https:\/\/diariodelsurdigital.com.ar\/?p=6689#primaryimage"},"thumbnailUrl":"https:\/\/diariodelsurdigital.com.ar\/wp-content\/uploads\/2026\/01\/1-278-819x1024-1.jpg","datePublished":"2026-01-27T18:26:36+00:00","dateModified":"2026-01-27T19:22:03+00:00","author":{"@id":"https:\/\/diariodelsurdigital.com.ar\/#\/schema\/person\/6136a32571657f7dba980b88b04c5465"},"breadcrumb":{"@id":"https:\/\/diariodelsurdigital.com.ar\/?p=6689#breadcrumb"},"inLanguage":"es","potentialAction":[{"@type":"ReadAction","target":["https:\/\/diariodelsurdigital.com.ar\/?p=6689"]}]},{"@type":"ImageObject","inLanguage":"es","@id":"https:\/\/diariodelsurdigital.com.ar\/?p=6689#primaryimage","url":"https:\/\/diariodelsurdigital.com.ar\/wp-content\/uploads\/2026\/01\/1-278-819x1024-1.jpg","contentUrl":"https:\/\/diariodelsurdigital.com.ar\/wp-content\/uploads\/2026\/01\/1-278-819x1024-1.jpg","width":529,"height":362},{"@type":"BreadcrumbList","@id":"https:\/\/diariodelsurdigital.com.ar\/?p=6689#breadcrumb","itemListElement":[{"@type":"ListItem","position":1,"name":"Portada","item":"https:\/\/diariodelsurdigital.com.ar\/"},{"@type":"ListItem","position":2,"name":"CARNAVAL 2026: Cuando el discurso y la cara de pr\u00f3cer de Azcu\u00e9 no se condice con la realidad"}]},{"@type":"WebSite","@id":"https:\/\/diariodelsurdigital.com.ar\/#website","url":"https:\/\/diariodelsurdigital.com.ar\/","name":"Diario del Sur","description":"Digital","potentialAction":[{"@type":"SearchAction","target":{"@type":"EntryPoint","urlTemplate":"https:\/\/diariodelsurdigital.com.ar\/?s={search_term_string}"},"query-input":{"@type":"PropertyValueSpecification","valueRequired":true,"valueName":"search_term_string"}}],"inLanguage":"es"},{"@type":"Person","@id":"https:\/\/diariodelsurdigital.com.ar\/#\/schema\/person\/6136a32571657f7dba980b88b04c5465","name":"Diario del Sur Digital","image":{"@type":"ImageObject","inLanguage":"es","@id":"https:\/\/secure.gravatar.com\/avatar\/4c29ceac98541dd42460b2474aaa5dd37594d6ce6cb3cf2c101d09b48ee287ba?s=96&d=mm&r=g","url":"https:\/\/secure.gravatar.com\/avatar\/4c29ceac98541dd42460b2474aaa5dd37594d6ce6cb3cf2c101d09b48ee287ba?s=96&d=mm&r=g","contentUrl":"https:\/\/secure.gravatar.com\/avatar\/4c29ceac98541dd42460b2474aaa5dd37594d6ce6cb3cf2c101d09b48ee287ba?s=96&d=mm&r=g","caption":"Diario del Sur Digital"},"url":"https:\/\/diariodelsurdigital.com.ar\/?author=2"}]}},"_links":{"self":[{"href":"https:\/\/diariodelsurdigital.com.ar\/index.php?rest_route=\/wp\/v2\/posts\/6689","targetHints":{"allow":["GET"]}}],"collection":[{"href":"https:\/\/diariodelsurdigital.com.ar\/index.php?rest_route=\/wp\/v2\/posts"}],"about":[{"href":"https:\/\/diariodelsurdigital.com.ar\/index.php?rest_route=\/wp\/v2\/types\/post"}],"author":[{"embeddable":true,"href":"https:\/\/diariodelsurdigital.com.ar\/index.php?rest_route=\/wp\/v2\/users\/2"}],"replies":[{"embeddable":true,"href":"https:\/\/diariodelsurdigital.com.ar\/index.php?rest_route=%2Fwp%2Fv2%2Fcomments&post=6689"}],"version-history":[{"count":4,"href":"https:\/\/diariodelsurdigital.com.ar\/index.php?rest_route=\/wp\/v2\/posts\/6689\/revisions"}],"predecessor-version":[{"id":6701,"href":"https:\/\/diariodelsurdigital.com.ar\/index.php?rest_route=\/wp\/v2\/posts\/6689\/revisions\/6701"}],"wp:featuredmedia":[{"embeddable":true,"href":"https:\/\/diariodelsurdigital.com.ar\/index.php?rest_route=\/wp\/v2\/media\/6690"}],"wp:attachment":[{"href":"https:\/\/diariodelsurdigital.com.ar\/index.php?rest_route=%2Fwp%2Fv2%2Fmedia&parent=6689"}],"wp:term":[{"taxonomy":"category","embeddable":true,"href":"https:\/\/diariodelsurdigital.com.ar\/index.php?rest_route=%2Fwp%2Fv2%2Fcategories&post=6689"},{"taxonomy":"post_tag","embeddable":true,"href":"https:\/\/diariodelsurdigital.com.ar\/index.php?rest_route=%2Fwp%2Fv2%2Ftags&post=6689"}],"curies":[{"name":"wp","href":"https:\/\/api.w.org\/{rel}","templated":true}]}}