{"id":669,"date":"2025-01-20T19:07:53","date_gmt":"2025-01-20T22:07:53","guid":{"rendered":"https:\/\/diariodelsurdigital.com.ar\/?p=669"},"modified":"2025-01-20T19:07:54","modified_gmt":"2025-01-20T22:07:54","slug":"urribarri-revelo-irregularidades-del-proceso-en-su-contra-de-que-imparcialidad-me-pueden-hablar","status":"publish","type":"post","link":"https:\/\/diariodelsurdigital.com.ar\/?p=669","title":{"rendered":"Urribarri revel\u00f3 irregularidades del proceso en su contra: \u201c\u00bfDe qu\u00e9 imparcialidad me pueden hablar?\u201d"},"content":{"rendered":"\n<p><\/p>\n\n\n\n<p>El exgobernador Sergio Urribarri public\u00f3 un mensaje en sus redes sociales en el cual repas\u00f3 las irregularidades del proceso en su contra y apunt\u00f3 contra un sector de la justicia. Calific\u00f3 de \u201cilegal\u201d la detenci\u00f3n dispuesta por la \u201cC\u00e1mara de Confirmaci\u00f3n Penal\u201d y se pregunt\u00f3: \u201c\u00bfDe que imparcialidad me pueden hablar?\u201d. Tambi\u00e9n defendi\u00f3 su gesti\u00f3n de gobierno y enumer\u00f3 obras y concreciones.<\/p>\n\n\n\n<p>Video completo: <a href=\"https:\/\/www.facebook.com\/share\/v\/15wf5TwJLT\/\">https:\/\/www.facebook.com\/share\/v\/15wf5TwJLT\/<\/a><\/p>\n\n\n\n<p>\u201cVa pasando el tiempo y quiz\u00e1s pocos recuerden que me condenaron por la contrataci\u00f3n de carteles en la ruta, una solicitada, cuatro videos y la instalaci\u00f3n de un parador tur\u00edstico. Esos son los \u2018graves cr\u00edmenes\u2019 de los que se me acusa\u201d, enumer\u00f3 Urribarri.<\/p>\n\n\n\n<p>Luego, asegur\u00f3 que continuar\u00e1 \u201cbatallando para probar que no fueron delitos, sino acciones de gesti\u00f3n en el marco del gobierno m\u00e1s exitoso en la historia de nuestra provincia\u201d.<\/p>\n\n\n\n<p>\u201cSe abri\u00f3 una puerta muy peligrosa al condenar las aspiraciones pol\u00edticas de un dirigente. No quiero que en mi provincia un funcionario tenga miedo de firmar un expediente o que un intendente que quiere ser gobernador o un gobernador que quiere ser presidente sean perseguidos por nadie\u201d, ejemplific\u00f3.<\/p>\n\n\n\n<p>El exgobernador mencion\u00f3 irregularidades sucedidas en el proceso en su contra y cuestion\u00f3 la revisi\u00f3n de la condena, llevada a cabo por \u201cotro tribunal conformado por la cu\u00f1ada del presidente del juez que me conden\u00f3, la esposa del procurador jefe de los fiscales que me acusaron y la esposa de un enemigo pol\u00edtico y candidato del PRO. \u00bfDe que imparcialidad me pueden hablar?\u201d, asever\u00f3.<\/p>\n\n\n\n<p>Confi\u00f3 en que todo lo actuado sea revisado por la Corte Suprema de Justicia y remarc\u00f3: \u201cRecus\u00e9 a estas juezas porque l\u00f3gicamente tem\u00eda que no fueran imparciales y me acusaron de machista. Pero todos saben que a la C\u00e1mara de Casaci\u00f3n Penal que integran le dicen la C\u00e1mara de Confirmaci\u00f3n Penal. Habr\u00eda que tomarse el trabajo de ver cu\u00e1ntas veces ese tribunal fall\u00f3 en contra del criterio de la fiscal\u00eda\u201d, apunt\u00f3.<\/p>\n\n\n\n<p>El exmandatario record\u00f3 que la \u00faltima decisi\u00f3n de esas tres juezas fue dictar la prisi\u00f3n preventiva que lo mantuvo 51 d\u00edas en una detenci\u00f3n a la que calific\u00f3 de \u201cilegal\u201d.<\/p>\n\n\n\n<p>\u201cLo hicieron sin temor al rid\u00edculo, a tal punto que plantearon que me pod\u00eda fugar en bote al Uruguay. El fallo del STJ dej\u00f3 en claro la audacia de esos argumentos\u201d, sostuvo.<\/p>\n\n\n\n<p>M\u00e1s adelante, lament\u00f3 que la justicia entrerriana est\u00e9 \u201cparcialmente contaminada\u201d y reconoci\u00f3 a \u201clos jueces que dictan fallos ajustados a derecho, con los c\u00f3digos en la mano y estudiando la jurisprudencia\u201d. Tambi\u00e9n valor\u00f3 \u201cel coraje que eso implica porque sufren escarnio medi\u00e1tico y hasta pedidos de juicio pol\u00edtico\u201d.<\/p>\n\n\n\n<p><strong>A pesar de las presiones<\/strong><\/p>\n\n\n\n<p>Luego de agradecer a su familia, a sus abogados y a los integrantes del Servicio Penitenciario \u201cpor el profesionalismo y el respeto\u201d, Urribarri se refiri\u00f3 al peronismo entrerriano.<\/p>\n\n\n\n<p>\u201cTambi\u00e9n quiero agradecer a la militancia peronista que se anim\u00f3 a expresar solidaridad a pesar de las presiones que recibieron de propios y extra\u00f1os\u201d, dijo.<\/p>\n\n\n\n<p>\u201cA los dirigentes de mi partido, sepan que los entiendo: no es para cualquiera lo que me toca atravesar y es comprensible que tengan miedo de que les pase lo mismo\u201d, advirti\u00f3.<\/p>\n\n\n\n<p>\u201cNo obstante, quiero llevarles tranquilidad. Este tipo de cosas nos pasan a quienes hemos llevado adelante gestiones transformadoras, ganado una elecci\u00f3n tras otra y cosechado no pocos enemigos grandes por habernos animado a ser parte de la historia\u201d, continu\u00f3.<\/p>\n\n\n\n<p>\u201cNos pasan a quienes construimos 154 escuelas y 24 mil viviendas. A quienes hicimos kil\u00f3metros de rutas, 50 y pico de accesos a pueblos y ciudades, hospitales, centros de convenciones y un centro de medicina nuclear. A quienes tendimos 2 mil km de fibra \u00f3ptica, eliminamos el analfabetismo, redujimos la pobreza y la desocupaci\u00f3n y visitamos no una sino decenas de veces cada rinc\u00f3n de nuestro territorio\u201d, enumer\u00f3 luego.<\/p>\n\n\n\n<p>\u201cDif\u00edcilmente le pasen estas cosas a quienes no se la juegan y quieren complacer a todo el mundo\u201d, acot\u00f3.<\/p>\n\n\n\n<p>\u201cComo dije hace poco en una audiencia en Tribunales: el \u00fanico poder que ostento es el de poder mirar a los ojos a mi esposa, a mis hijos, a mis nietos y a los miles de entrerrianos y entrerrianas que recuerdan nuestra monumental obra de gobierno y me siguen demostrando su afecto y su respeto. Para m\u00ed, es much\u00edsimo y le agradezco a Dios todos los d\u00edas\u201d, concluy\u00f3 Urribarri.<\/p>\n","protected":false},"excerpt":{"rendered":"<p>El exgobernador Sergio Urribarri public\u00f3 un mensaje en sus redes sociales en el cual repas\u00f3 las irregularidades del proceso en su contra y apunt\u00f3 contra un sector de la justicia. Calific\u00f3 de \u201cilegal\u201d la detenci\u00f3n dispuesta por la \u201cC\u00e1mara de Confirmaci\u00f3n Penal\u201d y se pregunt\u00f3: \u201c\u00bfDe que imparcialidad me pueden hablar?\u201d. Tambi\u00e9n defendi\u00f3 su gesti\u00f3n [&hellip;]<\/p>\n","protected":false},"author":2,"featured_media":670,"comment_status":"open","ping_status":"open","sticky":false,"template":"","format":"standard","meta":{"footnotes":""},"categories":[17],"tags":[],"class_list":{"0":"post-669","1":"post","2":"type-post","3":"status-publish","4":"format-standard","5":"has-post-thumbnail","7":"category-provinciales"},"yoast_head":"<!-- This site is optimized with the Yoast SEO plugin v27.4 - https:\/\/yoast.com\/product\/yoast-seo-wordpress\/ -->\n<title>Urribarri revel\u00f3 irregularidades del proceso en su contra: \u201c\u00bfDe qu\u00e9 imparcialidad me pueden hablar?\u201d - Diario del Sur<\/title>\n<meta name=\"robots\" content=\"index, follow, max-snippet:-1, max-image-preview:large, max-video-preview:-1\" \/>\n<link rel=\"canonical\" href=\"https:\/\/diariodelsurdigital.com.ar\/?p=669\" \/>\n<meta property=\"og:locale\" content=\"es_ES\" \/>\n<meta property=\"og:type\" content=\"article\" \/>\n<meta property=\"og:title\" content=\"Urribarri revel\u00f3 irregularidades del proceso en su contra: \u201c\u00bfDe qu\u00e9 imparcialidad me pueden hablar?\u201d - Diario del Sur\" \/>\n<meta property=\"og:description\" content=\"El exgobernador Sergio Urribarri public\u00f3 un mensaje en sus redes sociales en el cual repas\u00f3 las irregularidades del proceso en su contra y apunt\u00f3 contra un sector de la justicia. Calific\u00f3 de \u201cilegal\u201d la detenci\u00f3n dispuesta por la \u201cC\u00e1mara de Confirmaci\u00f3n Penal\u201d y se pregunt\u00f3: \u201c\u00bfDe que imparcialidad me pueden hablar?\u201d. Tambi\u00e9n defendi\u00f3 su gesti\u00f3n [&hellip;]\" \/>\n<meta property=\"og:url\" content=\"https:\/\/diariodelsurdigital.com.ar\/?p=669\" \/>\n<meta property=\"og:site_name\" content=\"Diario del Sur\" \/>\n<meta property=\"article:published_time\" content=\"2025-01-20T22:07:53+00:00\" \/>\n<meta property=\"article:modified_time\" content=\"2025-01-20T22:07:54+00:00\" \/>\n<meta property=\"og:image\" content=\"https:\/\/diariodelsurdigital.com.ar\/wp-content\/uploads\/2025\/01\/Sin-titulo.jpg\" \/>\n\t<meta property=\"og:image:width\" content=\"505\" \/>\n\t<meta property=\"og:image:height\" content=\"346\" \/>\n\t<meta property=\"og:image:type\" content=\"image\/jpeg\" \/>\n<meta name=\"author\" content=\"Diario del Sur Digital\" \/>\n<meta name=\"twitter:card\" content=\"summary_large_image\" \/>\n<meta name=\"twitter:label1\" content=\"Escrito por\" \/>\n\t<meta name=\"twitter:data1\" content=\"Diario del Sur Digital\" \/>\n\t<meta name=\"twitter:label2\" content=\"Tiempo de lectura\" \/>\n\t<meta name=\"twitter:data2\" content=\"4 minutos\" \/>\n<script type=\"application\/ld+json\" class=\"yoast-schema-graph\">{\"@context\":\"https:\\\/\\\/schema.org\",\"@graph\":[{\"@type\":\"Article\",\"@id\":\"https:\\\/\\\/diariodelsurdigital.com.ar\\\/?p=669#article\",\"isPartOf\":{\"@id\":\"https:\\\/\\\/diariodelsurdigital.com.ar\\\/?p=669\"},\"author\":{\"name\":\"Diario del Sur Digital\",\"@id\":\"https:\\\/\\\/diariodelsurdigital.com.ar\\\/#\\\/schema\\\/person\\\/6136a32571657f7dba980b88b04c5465\"},\"headline\":\"Urribarri revel\u00f3 irregularidades del proceso en su contra: \u201c\u00bfDe qu\u00e9 imparcialidad me pueden hablar?\u201d\",\"datePublished\":\"2025-01-20T22:07:53+00:00\",\"dateModified\":\"2025-01-20T22:07:54+00:00\",\"mainEntityOfPage\":{\"@id\":\"https:\\\/\\\/diariodelsurdigital.com.ar\\\/?p=669\"},\"wordCount\":776,\"commentCount\":0,\"image\":{\"@id\":\"https:\\\/\\\/diariodelsurdigital.com.ar\\\/?p=669#primaryimage\"},\"thumbnailUrl\":\"https:\\\/\\\/diariodelsurdigital.com.ar\\\/wp-content\\\/uploads\\\/2025\\\/01\\\/Sin-titulo.jpg\",\"articleSection\":[\"Provinciales\"],\"inLanguage\":\"es\",\"potentialAction\":[{\"@type\":\"CommentAction\",\"name\":\"Comment\",\"target\":[\"https:\\\/\\\/diariodelsurdigital.com.ar\\\/?p=669#respond\"]}]},{\"@type\":\"WebPage\",\"@id\":\"https:\\\/\\\/diariodelsurdigital.com.ar\\\/?p=669\",\"url\":\"https:\\\/\\\/diariodelsurdigital.com.ar\\\/?p=669\",\"name\":\"Urribarri revel\u00f3 irregularidades del proceso en su contra: \u201c\u00bfDe qu\u00e9 imparcialidad me pueden hablar?\u201d - Diario del Sur\",\"isPartOf\":{\"@id\":\"https:\\\/\\\/diariodelsurdigital.com.ar\\\/#website\"},\"primaryImageOfPage\":{\"@id\":\"https:\\\/\\\/diariodelsurdigital.com.ar\\\/?p=669#primaryimage\"},\"image\":{\"@id\":\"https:\\\/\\\/diariodelsurdigital.com.ar\\\/?p=669#primaryimage\"},\"thumbnailUrl\":\"https:\\\/\\\/diariodelsurdigital.com.ar\\\/wp-content\\\/uploads\\\/2025\\\/01\\\/Sin-titulo.jpg\",\"datePublished\":\"2025-01-20T22:07:53+00:00\",\"dateModified\":\"2025-01-20T22:07:54+00:00\",\"author\":{\"@id\":\"https:\\\/\\\/diariodelsurdigital.com.ar\\\/#\\\/schema\\\/person\\\/6136a32571657f7dba980b88b04c5465\"},\"breadcrumb\":{\"@id\":\"https:\\\/\\\/diariodelsurdigital.com.ar\\\/?p=669#breadcrumb\"},\"inLanguage\":\"es\",\"potentialAction\":[{\"@type\":\"ReadAction\",\"target\":[\"https:\\\/\\\/diariodelsurdigital.com.ar\\\/?p=669\"]}]},{\"@type\":\"ImageObject\",\"inLanguage\":\"es\",\"@id\":\"https:\\\/\\\/diariodelsurdigital.com.ar\\\/?p=669#primaryimage\",\"url\":\"https:\\\/\\\/diariodelsurdigital.com.ar\\\/wp-content\\\/uploads\\\/2025\\\/01\\\/Sin-titulo.jpg\",\"contentUrl\":\"https:\\\/\\\/diariodelsurdigital.com.ar\\\/wp-content\\\/uploads\\\/2025\\\/01\\\/Sin-titulo.jpg\",\"width\":505,\"height\":346},{\"@type\":\"BreadcrumbList\",\"@id\":\"https:\\\/\\\/diariodelsurdigital.com.ar\\\/?p=669#breadcrumb\",\"itemListElement\":[{\"@type\":\"ListItem\",\"position\":1,\"name\":\"Portada\",\"item\":\"https:\\\/\\\/diariodelsurdigital.com.ar\\\/\"},{\"@type\":\"ListItem\",\"position\":2,\"name\":\"Urribarri revel\u00f3 irregularidades del proceso en su contra: \u201c\u00bfDe qu\u00e9 imparcialidad me pueden hablar?\u201d\"}]},{\"@type\":\"WebSite\",\"@id\":\"https:\\\/\\\/diariodelsurdigital.com.ar\\\/#website\",\"url\":\"https:\\\/\\\/diariodelsurdigital.com.ar\\\/\",\"name\":\"Diario del Sur\",\"description\":\"Digital\",\"potentialAction\":[{\"@type\":\"SearchAction\",\"target\":{\"@type\":\"EntryPoint\",\"urlTemplate\":\"https:\\\/\\\/diariodelsurdigital.com.ar\\\/?s={search_term_string}\"},\"query-input\":{\"@type\":\"PropertyValueSpecification\",\"valueRequired\":true,\"valueName\":\"search_term_string\"}}],\"inLanguage\":\"es\"},{\"@type\":\"Person\",\"@id\":\"https:\\\/\\\/diariodelsurdigital.com.ar\\\/#\\\/schema\\\/person\\\/6136a32571657f7dba980b88b04c5465\",\"name\":\"Diario del Sur Digital\",\"image\":{\"@type\":\"ImageObject\",\"inLanguage\":\"es\",\"@id\":\"https:\\\/\\\/secure.gravatar.com\\\/avatar\\\/4c29ceac98541dd42460b2474aaa5dd37594d6ce6cb3cf2c101d09b48ee287ba?s=96&d=mm&r=g\",\"url\":\"https:\\\/\\\/secure.gravatar.com\\\/avatar\\\/4c29ceac98541dd42460b2474aaa5dd37594d6ce6cb3cf2c101d09b48ee287ba?s=96&d=mm&r=g\",\"contentUrl\":\"https:\\\/\\\/secure.gravatar.com\\\/avatar\\\/4c29ceac98541dd42460b2474aaa5dd37594d6ce6cb3cf2c101d09b48ee287ba?s=96&d=mm&r=g\",\"caption\":\"Diario del Sur Digital\"},\"url\":\"https:\\\/\\\/diariodelsurdigital.com.ar\\\/?author=2\"}]}<\/script>\n<!-- \/ Yoast SEO plugin. -->","yoast_head_json":{"title":"Urribarri revel\u00f3 irregularidades del proceso en su contra: \u201c\u00bfDe qu\u00e9 imparcialidad me pueden hablar?\u201d - Diario del Sur","robots":{"index":"index","follow":"follow","max-snippet":"max-snippet:-1","max-image-preview":"max-image-preview:large","max-video-preview":"max-video-preview:-1"},"canonical":"https:\/\/diariodelsurdigital.com.ar\/?p=669","og_locale":"es_ES","og_type":"article","og_title":"Urribarri revel\u00f3 irregularidades del proceso en su contra: \u201c\u00bfDe qu\u00e9 imparcialidad me pueden hablar?\u201d - Diario del Sur","og_description":"El exgobernador Sergio Urribarri public\u00f3 un mensaje en sus redes sociales en el cual repas\u00f3 las irregularidades del proceso en su contra y apunt\u00f3 contra un sector de la justicia. Calific\u00f3 de \u201cilegal\u201d la detenci\u00f3n dispuesta por la \u201cC\u00e1mara de Confirmaci\u00f3n Penal\u201d y se pregunt\u00f3: \u201c\u00bfDe que imparcialidad me pueden hablar?\u201d. Tambi\u00e9n defendi\u00f3 su gesti\u00f3n [&hellip;]","og_url":"https:\/\/diariodelsurdigital.com.ar\/?p=669","og_site_name":"Diario del Sur","article_published_time":"2025-01-20T22:07:53+00:00","article_modified_time":"2025-01-20T22:07:54+00:00","og_image":[{"width":505,"height":346,"url":"https:\/\/diariodelsurdigital.com.ar\/wp-content\/uploads\/2025\/01\/Sin-titulo.jpg","type":"image\/jpeg"}],"author":"Diario del Sur Digital","twitter_card":"summary_large_image","twitter_misc":{"Escrito por":"Diario del Sur Digital","Tiempo de lectura":"4 minutos"},"schema":{"@context":"https:\/\/schema.org","@graph":[{"@type":"Article","@id":"https:\/\/diariodelsurdigital.com.ar\/?p=669#article","isPartOf":{"@id":"https:\/\/diariodelsurdigital.com.ar\/?p=669"},"author":{"name":"Diario del Sur Digital","@id":"https:\/\/diariodelsurdigital.com.ar\/#\/schema\/person\/6136a32571657f7dba980b88b04c5465"},"headline":"Urribarri revel\u00f3 irregularidades del proceso en su contra: \u201c\u00bfDe qu\u00e9 imparcialidad me pueden hablar?\u201d","datePublished":"2025-01-20T22:07:53+00:00","dateModified":"2025-01-20T22:07:54+00:00","mainEntityOfPage":{"@id":"https:\/\/diariodelsurdigital.com.ar\/?p=669"},"wordCount":776,"commentCount":0,"image":{"@id":"https:\/\/diariodelsurdigital.com.ar\/?p=669#primaryimage"},"thumbnailUrl":"https:\/\/diariodelsurdigital.com.ar\/wp-content\/uploads\/2025\/01\/Sin-titulo.jpg","articleSection":["Provinciales"],"inLanguage":"es","potentialAction":[{"@type":"CommentAction","name":"Comment","target":["https:\/\/diariodelsurdigital.com.ar\/?p=669#respond"]}]},{"@type":"WebPage","@id":"https:\/\/diariodelsurdigital.com.ar\/?p=669","url":"https:\/\/diariodelsurdigital.com.ar\/?p=669","name":"Urribarri revel\u00f3 irregularidades del proceso en su contra: \u201c\u00bfDe qu\u00e9 imparcialidad me pueden hablar?\u201d - Diario del Sur","isPartOf":{"@id":"https:\/\/diariodelsurdigital.com.ar\/#website"},"primaryImageOfPage":{"@id":"https:\/\/diariodelsurdigital.com.ar\/?p=669#primaryimage"},"image":{"@id":"https:\/\/diariodelsurdigital.com.ar\/?p=669#primaryimage"},"thumbnailUrl":"https:\/\/diariodelsurdigital.com.ar\/wp-content\/uploads\/2025\/01\/Sin-titulo.jpg","datePublished":"2025-01-20T22:07:53+00:00","dateModified":"2025-01-20T22:07:54+00:00","author":{"@id":"https:\/\/diariodelsurdigital.com.ar\/#\/schema\/person\/6136a32571657f7dba980b88b04c5465"},"breadcrumb":{"@id":"https:\/\/diariodelsurdigital.com.ar\/?p=669#breadcrumb"},"inLanguage":"es","potentialAction":[{"@type":"ReadAction","target":["https:\/\/diariodelsurdigital.com.ar\/?p=669"]}]},{"@type":"ImageObject","inLanguage":"es","@id":"https:\/\/diariodelsurdigital.com.ar\/?p=669#primaryimage","url":"https:\/\/diariodelsurdigital.com.ar\/wp-content\/uploads\/2025\/01\/Sin-titulo.jpg","contentUrl":"https:\/\/diariodelsurdigital.com.ar\/wp-content\/uploads\/2025\/01\/Sin-titulo.jpg","width":505,"height":346},{"@type":"BreadcrumbList","@id":"https:\/\/diariodelsurdigital.com.ar\/?p=669#breadcrumb","itemListElement":[{"@type":"ListItem","position":1,"name":"Portada","item":"https:\/\/diariodelsurdigital.com.ar\/"},{"@type":"ListItem","position":2,"name":"Urribarri revel\u00f3 irregularidades del proceso en su contra: \u201c\u00bfDe qu\u00e9 imparcialidad me pueden hablar?\u201d"}]},{"@type":"WebSite","@id":"https:\/\/diariodelsurdigital.com.ar\/#website","url":"https:\/\/diariodelsurdigital.com.ar\/","name":"Diario del Sur","description":"Digital","potentialAction":[{"@type":"SearchAction","target":{"@type":"EntryPoint","urlTemplate":"https:\/\/diariodelsurdigital.com.ar\/?s={search_term_string}"},"query-input":{"@type":"PropertyValueSpecification","valueRequired":true,"valueName":"search_term_string"}}],"inLanguage":"es"},{"@type":"Person","@id":"https:\/\/diariodelsurdigital.com.ar\/#\/schema\/person\/6136a32571657f7dba980b88b04c5465","name":"Diario del Sur Digital","image":{"@type":"ImageObject","inLanguage":"es","@id":"https:\/\/secure.gravatar.com\/avatar\/4c29ceac98541dd42460b2474aaa5dd37594d6ce6cb3cf2c101d09b48ee287ba?s=96&d=mm&r=g","url":"https:\/\/secure.gravatar.com\/avatar\/4c29ceac98541dd42460b2474aaa5dd37594d6ce6cb3cf2c101d09b48ee287ba?s=96&d=mm&r=g","contentUrl":"https:\/\/secure.gravatar.com\/avatar\/4c29ceac98541dd42460b2474aaa5dd37594d6ce6cb3cf2c101d09b48ee287ba?s=96&d=mm&r=g","caption":"Diario del Sur Digital"},"url":"https:\/\/diariodelsurdigital.com.ar\/?author=2"}]}},"_links":{"self":[{"href":"https:\/\/diariodelsurdigital.com.ar\/index.php?rest_route=\/wp\/v2\/posts\/669","targetHints":{"allow":["GET"]}}],"collection":[{"href":"https:\/\/diariodelsurdigital.com.ar\/index.php?rest_route=\/wp\/v2\/posts"}],"about":[{"href":"https:\/\/diariodelsurdigital.com.ar\/index.php?rest_route=\/wp\/v2\/types\/post"}],"author":[{"embeddable":true,"href":"https:\/\/diariodelsurdigital.com.ar\/index.php?rest_route=\/wp\/v2\/users\/2"}],"replies":[{"embeddable":true,"href":"https:\/\/diariodelsurdigital.com.ar\/index.php?rest_route=%2Fwp%2Fv2%2Fcomments&post=669"}],"version-history":[{"count":1,"href":"https:\/\/diariodelsurdigital.com.ar\/index.php?rest_route=\/wp\/v2\/posts\/669\/revisions"}],"predecessor-version":[{"id":671,"href":"https:\/\/diariodelsurdigital.com.ar\/index.php?rest_route=\/wp\/v2\/posts\/669\/revisions\/671"}],"wp:featuredmedia":[{"embeddable":true,"href":"https:\/\/diariodelsurdigital.com.ar\/index.php?rest_route=\/wp\/v2\/media\/670"}],"wp:attachment":[{"href":"https:\/\/diariodelsurdigital.com.ar\/index.php?rest_route=%2Fwp%2Fv2%2Fmedia&parent=669"}],"wp:term":[{"taxonomy":"category","embeddable":true,"href":"https:\/\/diariodelsurdigital.com.ar\/index.php?rest_route=%2Fwp%2Fv2%2Fcategories&post=669"},{"taxonomy":"post_tag","embeddable":true,"href":"https:\/\/diariodelsurdigital.com.ar\/index.php?rest_route=%2Fwp%2Fv2%2Ftags&post=669"}],"curies":[{"name":"wp","href":"https:\/\/api.w.org\/{rel}","templated":true}]}}