{"id":6702,"date":"2026-01-27T22:52:15","date_gmt":"2026-01-28T01:52:15","guid":{"rendered":"https:\/\/diariodelsurdigital.com.ar\/?p=6702"},"modified":"2026-01-27T22:54:52","modified_gmt":"2026-01-28T01:54:52","slug":"caso-herlein-esperan-que-el-superior-tribunal-resuelva","status":"publish","type":"post","link":"https:\/\/diariodelsurdigital.com.ar\/?p=6702","title":{"rendered":"CASO HERLEIN: Esperan que el Superior Tribunal resuelva"},"content":{"rendered":"\n<p>Seg\u00fan la Sentencia Ochenta y Ocho del d\u00eda 11 de Abril de 2024, en autos Leg IPP N\u00b0 3656\/17, \u201cHERLEIN, GASTON AURELIO s\/ ABUSO SEXUAL CON ACCESO CARNAL\u201d (Fiscal de Inicio Dr. Su\u00f1er). La misma deriv\u00f3 de una homologaci\u00f3n de un acuerdo de Juicio Abreviado, donde el mismo Herlein Gaston Aurelio , bajo <em>manipulaci\u00f3n<\/em>. seg\u00fan sus abogados, reconoci\u00f3 la autor\u00eda del hecho, y la pena impuesta. <\/p>\n\n\n\n<p>En los 7 a\u00f1os de la investigaci\u00f3n penal para descubrir al culpable, no tuvo oportunidad de defenderse de presentar pruebas algunas, debido a que su ex representante el Dr. Sebasti\u00e1n Tito, le manifestaba que se quedara tranquilo, todo estaba muy bien y un d\u00eda antes del debate, el 10 de Abril de 2024 le hace firmar un acuerdo de Juicio Abreviado en donde lo condenaban a la pena de 6 a\u00f1os de prisi\u00f3n efectiva, siendo la audiencia de homologaci\u00f3n al d\u00eda siguiente, en la cual tuvo reconocer la autor\u00eda, la pena impuesta y pedir disculpa a la supuesta v\u00edctima, si bien la denuncia est\u00e1 hecha por abuso sexual, Gaston jam\u00e1s ejerci\u00f3 abuso sobre ella, ni tuvo relaciones sexuales, ni sobrepas\u00f3 un l\u00edmite f\u00edsico (Rasgu\u00f1os, Hematomas lo que conlleva un Abuso Sexual). Seg\u00fan Historia Cl\u00ednica de la supuesta v\u00edctima, en el Hospital Masvernat en donde ni bien llega a la instituci\u00f3n, no hubo aplicaci\u00f3n de Protocolo de Abuso Sexual, porque ella manifest\u00f3 haber tenido relaciones con su novio. Los abogados insisten que (Gaston no era el novio de ella).\u2028<\/p>\n\n\n\n<p><br>El detenido present\u00f3 a trav\u00e9s de sus abogados, una manifestaci\u00f3n contra el poder jurisdiccional de Entre R\u00edos, puntualizando contra el Ministerio P\u00fablico de la Defensa, en la persona del Dr. Sebasti\u00e1n Tito, por esta denuncia reciben una supuesta contradenuncia en el mismo expediente, pero nunca llegaron las citaciones, a su actual Defensor Dr. Jorge Godoy y el mismo Gast\u00f3n, por entorpecimiento de la Justicia y Falsa denuncia realizada por el Procurador Am\u00edlcar Garc\u00eda. <\/p>\n\n\n\n<p>Por \u00faltimo se indic\u00f3 que, Gast\u00f3n Herlein, su familia, abogados, y la ONG IHRCG Internacional Human Rights Comission Global, que abordaron el caso esperan que el Superior Tribunal de Justicia de Entre R\u00edos, investigue el expediente completo y sea objetivo como lo marca la ley al momento de la resoluci\u00f3n. <\/p>\n","protected":false},"excerpt":{"rendered":"<p>Seg\u00fan la Sentencia Ochenta y Ocho del d\u00eda 11 de Abril de 2024, en autos Leg IPP N\u00b0 3656\/17, \u201cHERLEIN, GASTON AURELIO s\/ ABUSO SEXUAL CON ACCESO CARNAL\u201d (Fiscal de Inicio Dr. Su\u00f1er). La misma deriv\u00f3 de una homologaci\u00f3n de un acuerdo de Juicio Abreviado, donde el mismo Herlein Gaston Aurelio , bajo manipulaci\u00f3n. seg\u00fan [&hellip;]<\/p>\n","protected":false},"author":2,"featured_media":6703,"comment_status":"open","ping_status":"open","sticky":false,"template":"","format":"standard","meta":{"footnotes":""},"categories":[26,16],"tags":[],"class_list":{"0":"post-6702","1":"post","2":"type-post","3":"status-publish","4":"format-standard","5":"has-post-thumbnail","7":"category-judiciales","8":"category-locales"},"yoast_head":"<!-- This site is optimized with the Yoast SEO plugin v27.4 - https:\/\/yoast.com\/product\/yoast-seo-wordpress\/ -->\n<title>CASO HERLEIN: Esperan que el Superior Tribunal resuelva - Diario del Sur<\/title>\n<meta name=\"robots\" content=\"index, follow, max-snippet:-1, max-image-preview:large, max-video-preview:-1\" \/>\n<link rel=\"canonical\" href=\"https:\/\/diariodelsurdigital.com.ar\/?p=6702\" \/>\n<meta property=\"og:locale\" content=\"es_ES\" \/>\n<meta property=\"og:type\" content=\"article\" \/>\n<meta property=\"og:title\" content=\"CASO HERLEIN: Esperan que el Superior Tribunal resuelva - Diario del Sur\" \/>\n<meta property=\"og:description\" content=\"Seg\u00fan la Sentencia Ochenta y Ocho del d\u00eda 11 de Abril de 2024, en autos Leg IPP N\u00b0 3656\/17, \u201cHERLEIN, GASTON AURELIO s\/ ABUSO SEXUAL CON ACCESO CARNAL\u201d (Fiscal de Inicio Dr. Su\u00f1er). La misma deriv\u00f3 de una homologaci\u00f3n de un acuerdo de Juicio Abreviado, donde el mismo Herlein Gaston Aurelio , bajo manipulaci\u00f3n. seg\u00fan [&hellip;]\" \/>\n<meta property=\"og:url\" content=\"https:\/\/diariodelsurdigital.com.ar\/?p=6702\" \/>\n<meta property=\"og:site_name\" content=\"Diario del Sur\" \/>\n<meta property=\"article:published_time\" content=\"2026-01-28T01:52:15+00:00\" \/>\n<meta property=\"article:modified_time\" content=\"2026-01-28T01:54:52+00:00\" \/>\n<meta property=\"og:image\" content=\"https:\/\/diariodelsurdigital.com.ar\/wp-content\/uploads\/2026\/01\/images-20.jpeg\" \/>\n\t<meta property=\"og:image:width\" content=\"440\" \/>\n\t<meta property=\"og:image:height\" content=\"292\" \/>\n\t<meta property=\"og:image:type\" content=\"image\/jpeg\" \/>\n<meta name=\"author\" content=\"Diario del Sur Digital\" \/>\n<meta name=\"twitter:card\" content=\"summary_large_image\" \/>\n<meta name=\"twitter:label1\" content=\"Escrito por\" \/>\n\t<meta name=\"twitter:data1\" content=\"Diario del Sur Digital\" \/>\n\t<meta name=\"twitter:label2\" content=\"Tiempo de lectura\" \/>\n\t<meta name=\"twitter:data2\" content=\"2 minutos\" \/>\n<script type=\"application\/ld+json\" class=\"yoast-schema-graph\">{\"@context\":\"https:\\\/\\\/schema.org\",\"@graph\":[{\"@type\":\"Article\",\"@id\":\"https:\\\/\\\/diariodelsurdigital.com.ar\\\/?p=6702#article\",\"isPartOf\":{\"@id\":\"https:\\\/\\\/diariodelsurdigital.com.ar\\\/?p=6702\"},\"author\":{\"name\":\"Diario del Sur Digital\",\"@id\":\"https:\\\/\\\/diariodelsurdigital.com.ar\\\/#\\\/schema\\\/person\\\/6136a32571657f7dba980b88b04c5465\"},\"headline\":\"CASO HERLEIN: Esperan que el Superior Tribunal resuelva\",\"datePublished\":\"2026-01-28T01:52:15+00:00\",\"dateModified\":\"2026-01-28T01:54:52+00:00\",\"mainEntityOfPage\":{\"@id\":\"https:\\\/\\\/diariodelsurdigital.com.ar\\\/?p=6702\"},\"wordCount\":404,\"commentCount\":0,\"image\":{\"@id\":\"https:\\\/\\\/diariodelsurdigital.com.ar\\\/?p=6702#primaryimage\"},\"thumbnailUrl\":\"https:\\\/\\\/diariodelsurdigital.com.ar\\\/wp-content\\\/uploads\\\/2026\\\/01\\\/images-20.jpeg\",\"articleSection\":[\"Judiciales\",\"Locales\"],\"inLanguage\":\"es\",\"potentialAction\":[{\"@type\":\"CommentAction\",\"name\":\"Comment\",\"target\":[\"https:\\\/\\\/diariodelsurdigital.com.ar\\\/?p=6702#respond\"]}]},{\"@type\":\"WebPage\",\"@id\":\"https:\\\/\\\/diariodelsurdigital.com.ar\\\/?p=6702\",\"url\":\"https:\\\/\\\/diariodelsurdigital.com.ar\\\/?p=6702\",\"name\":\"CASO HERLEIN: Esperan que el Superior Tribunal resuelva - Diario del Sur\",\"isPartOf\":{\"@id\":\"https:\\\/\\\/diariodelsurdigital.com.ar\\\/#website\"},\"primaryImageOfPage\":{\"@id\":\"https:\\\/\\\/diariodelsurdigital.com.ar\\\/?p=6702#primaryimage\"},\"image\":{\"@id\":\"https:\\\/\\\/diariodelsurdigital.com.ar\\\/?p=6702#primaryimage\"},\"thumbnailUrl\":\"https:\\\/\\\/diariodelsurdigital.com.ar\\\/wp-content\\\/uploads\\\/2026\\\/01\\\/images-20.jpeg\",\"datePublished\":\"2026-01-28T01:52:15+00:00\",\"dateModified\":\"2026-01-28T01:54:52+00:00\",\"author\":{\"@id\":\"https:\\\/\\\/diariodelsurdigital.com.ar\\\/#\\\/schema\\\/person\\\/6136a32571657f7dba980b88b04c5465\"},\"breadcrumb\":{\"@id\":\"https:\\\/\\\/diariodelsurdigital.com.ar\\\/?p=6702#breadcrumb\"},\"inLanguage\":\"es\",\"potentialAction\":[{\"@type\":\"ReadAction\",\"target\":[\"https:\\\/\\\/diariodelsurdigital.com.ar\\\/?p=6702\"]}]},{\"@type\":\"ImageObject\",\"inLanguage\":\"es\",\"@id\":\"https:\\\/\\\/diariodelsurdigital.com.ar\\\/?p=6702#primaryimage\",\"url\":\"https:\\\/\\\/diariodelsurdigital.com.ar\\\/wp-content\\\/uploads\\\/2026\\\/01\\\/images-20.jpeg\",\"contentUrl\":\"https:\\\/\\\/diariodelsurdigital.com.ar\\\/wp-content\\\/uploads\\\/2026\\\/01\\\/images-20.jpeg\",\"width\":440,\"height\":292},{\"@type\":\"BreadcrumbList\",\"@id\":\"https:\\\/\\\/diariodelsurdigital.com.ar\\\/?p=6702#breadcrumb\",\"itemListElement\":[{\"@type\":\"ListItem\",\"position\":1,\"name\":\"Portada\",\"item\":\"https:\\\/\\\/diariodelsurdigital.com.ar\\\/\"},{\"@type\":\"ListItem\",\"position\":2,\"name\":\"CASO HERLEIN: Esperan que el Superior Tribunal resuelva\"}]},{\"@type\":\"WebSite\",\"@id\":\"https:\\\/\\\/diariodelsurdigital.com.ar\\\/#website\",\"url\":\"https:\\\/\\\/diariodelsurdigital.com.ar\\\/\",\"name\":\"Diario del Sur\",\"description\":\"Digital\",\"potentialAction\":[{\"@type\":\"SearchAction\",\"target\":{\"@type\":\"EntryPoint\",\"urlTemplate\":\"https:\\\/\\\/diariodelsurdigital.com.ar\\\/?s={search_term_string}\"},\"query-input\":{\"@type\":\"PropertyValueSpecification\",\"valueRequired\":true,\"valueName\":\"search_term_string\"}}],\"inLanguage\":\"es\"},{\"@type\":\"Person\",\"@id\":\"https:\\\/\\\/diariodelsurdigital.com.ar\\\/#\\\/schema\\\/person\\\/6136a32571657f7dba980b88b04c5465\",\"name\":\"Diario del Sur Digital\",\"image\":{\"@type\":\"ImageObject\",\"inLanguage\":\"es\",\"@id\":\"https:\\\/\\\/secure.gravatar.com\\\/avatar\\\/4c29ceac98541dd42460b2474aaa5dd37594d6ce6cb3cf2c101d09b48ee287ba?s=96&d=mm&r=g\",\"url\":\"https:\\\/\\\/secure.gravatar.com\\\/avatar\\\/4c29ceac98541dd42460b2474aaa5dd37594d6ce6cb3cf2c101d09b48ee287ba?s=96&d=mm&r=g\",\"contentUrl\":\"https:\\\/\\\/secure.gravatar.com\\\/avatar\\\/4c29ceac98541dd42460b2474aaa5dd37594d6ce6cb3cf2c101d09b48ee287ba?s=96&d=mm&r=g\",\"caption\":\"Diario del Sur Digital\"},\"url\":\"https:\\\/\\\/diariodelsurdigital.com.ar\\\/?author=2\"}]}<\/script>\n<!-- \/ Yoast SEO plugin. -->","yoast_head_json":{"title":"CASO HERLEIN: Esperan que el Superior Tribunal resuelva - Diario del Sur","robots":{"index":"index","follow":"follow","max-snippet":"max-snippet:-1","max-image-preview":"max-image-preview:large","max-video-preview":"max-video-preview:-1"},"canonical":"https:\/\/diariodelsurdigital.com.ar\/?p=6702","og_locale":"es_ES","og_type":"article","og_title":"CASO HERLEIN: Esperan que el Superior Tribunal resuelva - Diario del Sur","og_description":"Seg\u00fan la Sentencia Ochenta y Ocho del d\u00eda 11 de Abril de 2024, en autos Leg IPP N\u00b0 3656\/17, \u201cHERLEIN, GASTON AURELIO s\/ ABUSO SEXUAL CON ACCESO CARNAL\u201d (Fiscal de Inicio Dr. Su\u00f1er). La misma deriv\u00f3 de una homologaci\u00f3n de un acuerdo de Juicio Abreviado, donde el mismo Herlein Gaston Aurelio , bajo manipulaci\u00f3n. seg\u00fan [&hellip;]","og_url":"https:\/\/diariodelsurdigital.com.ar\/?p=6702","og_site_name":"Diario del Sur","article_published_time":"2026-01-28T01:52:15+00:00","article_modified_time":"2026-01-28T01:54:52+00:00","og_image":[{"width":440,"height":292,"url":"https:\/\/diariodelsurdigital.com.ar\/wp-content\/uploads\/2026\/01\/images-20.jpeg","type":"image\/jpeg"}],"author":"Diario del Sur Digital","twitter_card":"summary_large_image","twitter_misc":{"Escrito por":"Diario del Sur Digital","Tiempo de lectura":"2 minutos"},"schema":{"@context":"https:\/\/schema.org","@graph":[{"@type":"Article","@id":"https:\/\/diariodelsurdigital.com.ar\/?p=6702#article","isPartOf":{"@id":"https:\/\/diariodelsurdigital.com.ar\/?p=6702"},"author":{"name":"Diario del Sur Digital","@id":"https:\/\/diariodelsurdigital.com.ar\/#\/schema\/person\/6136a32571657f7dba980b88b04c5465"},"headline":"CASO HERLEIN: Esperan que el Superior Tribunal resuelva","datePublished":"2026-01-28T01:52:15+00:00","dateModified":"2026-01-28T01:54:52+00:00","mainEntityOfPage":{"@id":"https:\/\/diariodelsurdigital.com.ar\/?p=6702"},"wordCount":404,"commentCount":0,"image":{"@id":"https:\/\/diariodelsurdigital.com.ar\/?p=6702#primaryimage"},"thumbnailUrl":"https:\/\/diariodelsurdigital.com.ar\/wp-content\/uploads\/2026\/01\/images-20.jpeg","articleSection":["Judiciales","Locales"],"inLanguage":"es","potentialAction":[{"@type":"CommentAction","name":"Comment","target":["https:\/\/diariodelsurdigital.com.ar\/?p=6702#respond"]}]},{"@type":"WebPage","@id":"https:\/\/diariodelsurdigital.com.ar\/?p=6702","url":"https:\/\/diariodelsurdigital.com.ar\/?p=6702","name":"CASO HERLEIN: Esperan que el Superior Tribunal resuelva - Diario del Sur","isPartOf":{"@id":"https:\/\/diariodelsurdigital.com.ar\/#website"},"primaryImageOfPage":{"@id":"https:\/\/diariodelsurdigital.com.ar\/?p=6702#primaryimage"},"image":{"@id":"https:\/\/diariodelsurdigital.com.ar\/?p=6702#primaryimage"},"thumbnailUrl":"https:\/\/diariodelsurdigital.com.ar\/wp-content\/uploads\/2026\/01\/images-20.jpeg","datePublished":"2026-01-28T01:52:15+00:00","dateModified":"2026-01-28T01:54:52+00:00","author":{"@id":"https:\/\/diariodelsurdigital.com.ar\/#\/schema\/person\/6136a32571657f7dba980b88b04c5465"},"breadcrumb":{"@id":"https:\/\/diariodelsurdigital.com.ar\/?p=6702#breadcrumb"},"inLanguage":"es","potentialAction":[{"@type":"ReadAction","target":["https:\/\/diariodelsurdigital.com.ar\/?p=6702"]}]},{"@type":"ImageObject","inLanguage":"es","@id":"https:\/\/diariodelsurdigital.com.ar\/?p=6702#primaryimage","url":"https:\/\/diariodelsurdigital.com.ar\/wp-content\/uploads\/2026\/01\/images-20.jpeg","contentUrl":"https:\/\/diariodelsurdigital.com.ar\/wp-content\/uploads\/2026\/01\/images-20.jpeg","width":440,"height":292},{"@type":"BreadcrumbList","@id":"https:\/\/diariodelsurdigital.com.ar\/?p=6702#breadcrumb","itemListElement":[{"@type":"ListItem","position":1,"name":"Portada","item":"https:\/\/diariodelsurdigital.com.ar\/"},{"@type":"ListItem","position":2,"name":"CASO HERLEIN: Esperan que el Superior Tribunal resuelva"}]},{"@type":"WebSite","@id":"https:\/\/diariodelsurdigital.com.ar\/#website","url":"https:\/\/diariodelsurdigital.com.ar\/","name":"Diario del Sur","description":"Digital","potentialAction":[{"@type":"SearchAction","target":{"@type":"EntryPoint","urlTemplate":"https:\/\/diariodelsurdigital.com.ar\/?s={search_term_string}"},"query-input":{"@type":"PropertyValueSpecification","valueRequired":true,"valueName":"search_term_string"}}],"inLanguage":"es"},{"@type":"Person","@id":"https:\/\/diariodelsurdigital.com.ar\/#\/schema\/person\/6136a32571657f7dba980b88b04c5465","name":"Diario del Sur Digital","image":{"@type":"ImageObject","inLanguage":"es","@id":"https:\/\/secure.gravatar.com\/avatar\/4c29ceac98541dd42460b2474aaa5dd37594d6ce6cb3cf2c101d09b48ee287ba?s=96&d=mm&r=g","url":"https:\/\/secure.gravatar.com\/avatar\/4c29ceac98541dd42460b2474aaa5dd37594d6ce6cb3cf2c101d09b48ee287ba?s=96&d=mm&r=g","contentUrl":"https:\/\/secure.gravatar.com\/avatar\/4c29ceac98541dd42460b2474aaa5dd37594d6ce6cb3cf2c101d09b48ee287ba?s=96&d=mm&r=g","caption":"Diario del Sur Digital"},"url":"https:\/\/diariodelsurdigital.com.ar\/?author=2"}]}},"_links":{"self":[{"href":"https:\/\/diariodelsurdigital.com.ar\/index.php?rest_route=\/wp\/v2\/posts\/6702","targetHints":{"allow":["GET"]}}],"collection":[{"href":"https:\/\/diariodelsurdigital.com.ar\/index.php?rest_route=\/wp\/v2\/posts"}],"about":[{"href":"https:\/\/diariodelsurdigital.com.ar\/index.php?rest_route=\/wp\/v2\/types\/post"}],"author":[{"embeddable":true,"href":"https:\/\/diariodelsurdigital.com.ar\/index.php?rest_route=\/wp\/v2\/users\/2"}],"replies":[{"embeddable":true,"href":"https:\/\/diariodelsurdigital.com.ar\/index.php?rest_route=%2Fwp%2Fv2%2Fcomments&post=6702"}],"version-history":[{"count":2,"href":"https:\/\/diariodelsurdigital.com.ar\/index.php?rest_route=\/wp\/v2\/posts\/6702\/revisions"}],"predecessor-version":[{"id":6706,"href":"https:\/\/diariodelsurdigital.com.ar\/index.php?rest_route=\/wp\/v2\/posts\/6702\/revisions\/6706"}],"wp:featuredmedia":[{"embeddable":true,"href":"https:\/\/diariodelsurdigital.com.ar\/index.php?rest_route=\/wp\/v2\/media\/6703"}],"wp:attachment":[{"href":"https:\/\/diariodelsurdigital.com.ar\/index.php?rest_route=%2Fwp%2Fv2%2Fmedia&parent=6702"}],"wp:term":[{"taxonomy":"category","embeddable":true,"href":"https:\/\/diariodelsurdigital.com.ar\/index.php?rest_route=%2Fwp%2Fv2%2Fcategories&post=6702"},{"taxonomy":"post_tag","embeddable":true,"href":"https:\/\/diariodelsurdigital.com.ar\/index.php?rest_route=%2Fwp%2Fv2%2Ftags&post=6702"}],"curies":[{"name":"wp","href":"https:\/\/api.w.org\/{rel}","templated":true}]}}