{"id":6708,"date":"2026-01-28T14:43:23","date_gmt":"2026-01-28T17:43:23","guid":{"rendered":"https:\/\/diariodelsurdigital.com.ar\/?p=6708"},"modified":"2026-01-28T14:43:24","modified_gmt":"2026-01-28T17:43:24","slug":"solida-critica-a-la-idea-de-bajar-la-edad-de-imputabilidad-resalto-que-es-una-respuesta-simple-para-problemas-complejos","status":"publish","type":"post","link":"https:\/\/diariodelsurdigital.com.ar\/?p=6708","title":{"rendered":"S\u00f3lida cr\u00edtica a la idea de bajar la edad de imputabilidad resalt\u00f3 que es \u201cuna respuesta simple para problemas complejos\u201d"},"content":{"rendered":"\n<p>\u201cBajar la edad de punibilidad no es una soluci\u00f3n. Es una coartada. Una respuesta simple para problemas complejos. Un gesto que calma la bronca social, pero no previene un solo delito futuro\u201d. La afirmaci\u00f3n la realiz\u00f3 el juez de C\u00e1mara de Responsabilidad Penal Juvenil de Catamarca, Rodrigo Morabito, que profundiz\u00f3 la cr\u00edtica: \u201cNo hay evidencia seria, emp\u00edrica ni comparada que demuestre que endurecer el sistema penal juvenil reduce la violencia\u201d. Repudi\u00f3 el uso pol\u00edtico del crimen de un chico.<\/p>\n\n\n\n<p><br>Rodrigo Morabito, juez de C\u00e1mara de Responsabilidad Penal Juvenil de la Provincia de Catamarca, opin\u00f3 sobre el proyecto del Gobierno de debatir en sesi\u00f3n extraordinaria en el Congreso de la Naci\u00f3n el proyecto de reforma del R\u00e9gimen Penal Juvenil, vuelto a impulsar a partir del crimen de Jerem\u00edas Monz\u00f3n, un chico de 15 a\u00f1os que fue asesinado de alrededor 20 pu\u00f1aladas. Los sospechosos del grave hecho son tres menores de edad.<\/p>\n\n\n\n<p>En una columna de opini\u00f3n, el juez repudi\u00f3 el uso pol\u00edtico de lo que consider\u00f3 una \u201ctragedia\u201d, un \u201ccrimen que duele\u201d, \u201cconmueve\u201d e \u201cindigna\u201d, destacando que por aquellas circunstancias que lo determinan, no deber\u00eda ser utilizado como \u201cmercanc\u00eda pol\u00edtica\u201d, \u201ceslogan electoral\u201d ni en \u201cexcusa para decisiones apresuradas que prometen seguridad mientras profundizan el fracaso del Estado\u201d.<\/p>\n\n\n\n<p>Entre otros argumentos que deber\u00edan ser analizados en los distintos proyectos que se han presentado durante las \u00faltimas d\u00e9cadas, aport\u00f3 que \u201cel delito adolescente es \u00ednfimo en t\u00e9rminos estad\u00edsticos en el pa\u00eds. Los homicidios cometidos por adolescentes son excepcionales. Usarlos como regla es deshonesto. Construir pol\u00edtica criminal a partir de casos extremos es legislar desde el miedo, no desde la raz\u00f3n\u201d.<\/p>\n\n\n\n<p>A continuaci\u00f3n la opini\u00f3n completa:<\/p>\n\n\n\n<p>El caso Jerem\u00edas Monz\u00f3n: la tragedia que la pol\u00edtica no deber\u00eda usar.<\/p>\n\n\n\n<p>Este crimen duele. Conmueve. Indigna. Y est\u00e1 bien que as\u00ed sea. Pero justamente por eso no puede ser usado. No puede transformarse en mercanc\u00eda pol\u00edtica, en eslogan electoral ni en excusa para decisiones apresuradas que prometen seguridad mientras profundizan el fracaso del Estado.<\/p>\n\n\n\n<p>Cada vez que ocurre un hecho atroz protagonizado por adolescentes, la reacci\u00f3n es casi autom\u00e1tica: discursos inflamados, anuncios rimbombantes, promesas de \u201cmano dura\u201d y una soluci\u00f3n m\u00e1gica repetida como mantra: bajar la edad de punibilidad. Siempre lo mismo. Siempre tarde. Siempre despu\u00e9s.<\/p>\n\n\n\n<p>Pero la pregunta inc\u00f3moda \u2014la \u00fanica verdaderamente honesta\u2014 no es qu\u00e9 castigo merecen ahora, sino qu\u00e9 hizo la pol\u00edtica antes.<\/p>\n\n\n\n<p>\u00bfQu\u00e9 hizo cuando esos adolescentes abandonaron la escuela?<\/p>\n\n\n\n<p>\u00bfQu\u00e9 hizo cuando la violencia se volvi\u00f3 lenguaje cotidiano en sus hogares y barrios?<\/p>\n\n\n\n<p>\u00bfQu\u00e9 hizo cuando el Estado se retir\u00f3 y dej\u00f3 el territorio librado al abandono, al consumo, a la ley del m\u00e1s fuerte?<\/p>\n\n\n\n<p>La respuesta es conocida: no hizo lo suficiente. Y ahora pretende compensar a\u00f1os de desidia con m\u00e1s castigo.<\/p>\n\n\n\n<p>Bajar la edad de punibilidad no es una soluci\u00f3n. Es una coartada. Una respuesta simple para problemas complejos. Un gesto que calma la bronca social, pero no previene un solo delito futuro. No hay evidencia seria, emp\u00edrica ni comparada que demuestre que endurecer el sistema penal juvenil reduce la violencia. Ninguna. En cambio, hay abundante prueba de lo contrario: cuanto antes se ingresa al sistema penal, m\u00e1s se consolida la trayectoria delictiva.<\/p>\n\n\n\n<p>El delito adolescente es \u00ednfimo en t\u00e9rminos estad\u00edsticos en el pa\u00eds. Los homicidios cometidos por adolescentes son excepcionales. Usarlos como regla es deshonesto. Construir pol\u00edtica criminal a partir de casos extremos es legislar desde el miedo, no desde la raz\u00f3n.<\/p>\n\n\n\n<p>La \u201cmano dura\u201d con adolescentes es, en realidad, mano ausente antes y mano punitiva despu\u00e9s. Es el Estado que llega tarde y llega mal. Que no garantiza derechos b\u00e1sicos, pero s\u00ed se muestra implacable cuando el da\u00f1o ya est\u00e1 hecho. Que abandona primero y castiga despu\u00e9s. Y luego se pregunta, con cinismo, por qu\u00e9 fracasa.<\/p>\n\n\n\n<p>Nadie \u2014nadie\u2014 explica c\u00f3mo piensa reintegrar a la sociedad a esos adolescentes que propone encarcelar m\u00e1s temprano. Nadie habla de educaci\u00f3n, de salud mental, de consumos problem\u00e1ticos, de acompa\u00f1amiento familiar, de dispositivos territoriales reales. Porque eso no da votos r\u00e1pidos. No entra en un t\u00edtulo. No genera aplausos inmediatos.<\/p>\n\n\n\n<p>Es m\u00e1s f\u00e1cil prometer castigo que asumir responsabilidades.<\/p>\n\n\n\n<p>Es m\u00e1s rentable se\u00f1alar al adolescente que mirar al Estado.<\/p>\n\n\n\n<p>Es m\u00e1s c\u00f3modo pedir c\u00e1rcel que explicar por qu\u00e9 fallaron todas las pol\u00edticas de cuidado.<\/p>\n\n\n\n<p>El oportunismo pol\u00edtico se alimenta del dolor ajeno. Utiliza a las v\u00edctimas como argumento y a los adolescentes como chivo expiatorio. Pero no repara a unos ni salva a otros. Solo profundiza la fractura social y perpet\u00faa el c\u00edrculo de violencia.<\/p>\n\n\n\n<p>Una sociedad que cree que el castigo sustituye a la pol\u00edtica est\u00e1 condenada a repetir estas tragedias. Porque ning\u00fan adolescente nace violento, pero muchos crecen sin red, sin l\u00edmites, sin futuro y sin Estado. Y eso \u2014aunque incomode\u2014 tambi\u00e9n es una responsabilidad pol\u00edtica.<\/p>\n\n\n\n<p>El verdadero coraje no est\u00e1 en endurecer penas. Est\u00e1 en hacerse cargo antes. Cuando todav\u00eda hay tiempo. Cuando la vida a\u00fan no se perdi\u00f3. Cuando la justicia no llega solo para contar muertos, sino para evitar que los haya.<\/p>\n\n\n\n<p><\/p>\n\n\n\n<p><\/p>\n","protected":false},"excerpt":{"rendered":"<p>\u201cBajar la edad de punibilidad no es una soluci\u00f3n. Es una coartada. Una respuesta simple para problemas complejos. Un gesto que calma la bronca social, pero no previene un solo delito futuro\u201d. La afirmaci\u00f3n la realiz\u00f3 el juez de C\u00e1mara de Responsabilidad Penal Juvenil de Catamarca, Rodrigo Morabito, que profundiz\u00f3 la cr\u00edtica: \u201cNo hay evidencia [&hellip;]<\/p>\n","protected":false},"author":4,"featured_media":6709,"comment_status":"open","ping_status":"open","sticky":false,"template":"","format":"standard","meta":{"footnotes":""},"categories":[19,17],"tags":[],"class_list":{"0":"post-6708","1":"post","2":"type-post","3":"status-publish","4":"format-standard","5":"has-post-thumbnail","7":"category-interes-general","8":"category-provinciales"},"yoast_head":"<!-- This site is optimized with the Yoast SEO plugin v27.4 - https:\/\/yoast.com\/product\/yoast-seo-wordpress\/ -->\n<title>S\u00f3lida cr\u00edtica a la idea de bajar la edad de imputabilidad resalt\u00f3 que es \u201cuna respuesta simple para problemas complejos\u201d - Diario del Sur<\/title>\n<meta name=\"robots\" content=\"index, follow, max-snippet:-1, max-image-preview:large, max-video-preview:-1\" \/>\n<link rel=\"canonical\" href=\"https:\/\/diariodelsurdigital.com.ar\/?p=6708\" \/>\n<meta property=\"og:locale\" content=\"es_ES\" \/>\n<meta property=\"og:type\" content=\"article\" \/>\n<meta property=\"og:title\" content=\"S\u00f3lida cr\u00edtica a la idea de bajar la edad de imputabilidad resalt\u00f3 que es \u201cuna respuesta simple para problemas complejos\u201d - Diario del Sur\" \/>\n<meta property=\"og:description\" content=\"\u201cBajar la edad de punibilidad no es una soluci\u00f3n. Es una coartada. Una respuesta simple para problemas complejos. Un gesto que calma la bronca social, pero no previene un solo delito futuro\u201d. La afirmaci\u00f3n la realiz\u00f3 el juez de C\u00e1mara de Responsabilidad Penal Juvenil de Catamarca, Rodrigo Morabito, que profundiz\u00f3 la cr\u00edtica: \u201cNo hay evidencia [&hellip;]\" \/>\n<meta property=\"og:url\" content=\"https:\/\/diariodelsurdigital.com.ar\/?p=6708\" \/>\n<meta property=\"og:site_name\" content=\"Diario del Sur\" \/>\n<meta property=\"article:published_time\" content=\"2026-01-28T17:43:23+00:00\" \/>\n<meta property=\"article:modified_time\" content=\"2026-01-28T17:43:24+00:00\" \/>\n<meta property=\"og:image\" content=\"https:\/\/diariodelsurdigital.com.ar\/wp-content\/uploads\/2026\/01\/md.webp\" \/>\n\t<meta property=\"og:image:width\" content=\"992\" \/>\n\t<meta property=\"og:image:height\" content=\"618\" \/>\n\t<meta property=\"og:image:type\" content=\"image\/webp\" \/>\n<meta name=\"author\" content=\"Diario del Sur Digital\" \/>\n<meta name=\"twitter:card\" content=\"summary_large_image\" \/>\n<meta name=\"twitter:label1\" content=\"Escrito por\" \/>\n\t<meta name=\"twitter:data1\" content=\"Diario del Sur Digital\" \/>\n\t<meta name=\"twitter:label2\" content=\"Tiempo de lectura\" \/>\n\t<meta name=\"twitter:data2\" content=\"4 minutos\" \/>\n<script type=\"application\/ld+json\" class=\"yoast-schema-graph\">{\"@context\":\"https:\\\/\\\/schema.org\",\"@graph\":[{\"@type\":\"Article\",\"@id\":\"https:\\\/\\\/diariodelsurdigital.com.ar\\\/?p=6708#article\",\"isPartOf\":{\"@id\":\"https:\\\/\\\/diariodelsurdigital.com.ar\\\/?p=6708\"},\"author\":{\"name\":\"Diario del Sur Digital\",\"@id\":\"https:\\\/\\\/diariodelsurdigital.com.ar\\\/#\\\/schema\\\/person\\\/1a4992532ed62965c968031b49195c81\"},\"headline\":\"S\u00f3lida cr\u00edtica a la idea de bajar la edad de imputabilidad resalt\u00f3 que es \u201cuna respuesta simple para problemas complejos\u201d\",\"datePublished\":\"2026-01-28T17:43:23+00:00\",\"dateModified\":\"2026-01-28T17:43:24+00:00\",\"mainEntityOfPage\":{\"@id\":\"https:\\\/\\\/diariodelsurdigital.com.ar\\\/?p=6708\"},\"wordCount\":925,\"commentCount\":0,\"image\":{\"@id\":\"https:\\\/\\\/diariodelsurdigital.com.ar\\\/?p=6708#primaryimage\"},\"thumbnailUrl\":\"https:\\\/\\\/diariodelsurdigital.com.ar\\\/wp-content\\\/uploads\\\/2026\\\/01\\\/md.webp\",\"articleSection\":[\"Inter\u00e9s General\",\"Provinciales\"],\"inLanguage\":\"es\",\"potentialAction\":[{\"@type\":\"CommentAction\",\"name\":\"Comment\",\"target\":[\"https:\\\/\\\/diariodelsurdigital.com.ar\\\/?p=6708#respond\"]}]},{\"@type\":\"WebPage\",\"@id\":\"https:\\\/\\\/diariodelsurdigital.com.ar\\\/?p=6708\",\"url\":\"https:\\\/\\\/diariodelsurdigital.com.ar\\\/?p=6708\",\"name\":\"S\u00f3lida cr\u00edtica a la idea de bajar la edad de imputabilidad resalt\u00f3 que es \u201cuna respuesta simple para problemas complejos\u201d - Diario del Sur\",\"isPartOf\":{\"@id\":\"https:\\\/\\\/diariodelsurdigital.com.ar\\\/#website\"},\"primaryImageOfPage\":{\"@id\":\"https:\\\/\\\/diariodelsurdigital.com.ar\\\/?p=6708#primaryimage\"},\"image\":{\"@id\":\"https:\\\/\\\/diariodelsurdigital.com.ar\\\/?p=6708#primaryimage\"},\"thumbnailUrl\":\"https:\\\/\\\/diariodelsurdigital.com.ar\\\/wp-content\\\/uploads\\\/2026\\\/01\\\/md.webp\",\"datePublished\":\"2026-01-28T17:43:23+00:00\",\"dateModified\":\"2026-01-28T17:43:24+00:00\",\"author\":{\"@id\":\"https:\\\/\\\/diariodelsurdigital.com.ar\\\/#\\\/schema\\\/person\\\/1a4992532ed62965c968031b49195c81\"},\"breadcrumb\":{\"@id\":\"https:\\\/\\\/diariodelsurdigital.com.ar\\\/?p=6708#breadcrumb\"},\"inLanguage\":\"es\",\"potentialAction\":[{\"@type\":\"ReadAction\",\"target\":[\"https:\\\/\\\/diariodelsurdigital.com.ar\\\/?p=6708\"]}]},{\"@type\":\"ImageObject\",\"inLanguage\":\"es\",\"@id\":\"https:\\\/\\\/diariodelsurdigital.com.ar\\\/?p=6708#primaryimage\",\"url\":\"https:\\\/\\\/diariodelsurdigital.com.ar\\\/wp-content\\\/uploads\\\/2026\\\/01\\\/md.webp\",\"contentUrl\":\"https:\\\/\\\/diariodelsurdigital.com.ar\\\/wp-content\\\/uploads\\\/2026\\\/01\\\/md.webp\",\"width\":992,\"height\":618},{\"@type\":\"BreadcrumbList\",\"@id\":\"https:\\\/\\\/diariodelsurdigital.com.ar\\\/?p=6708#breadcrumb\",\"itemListElement\":[{\"@type\":\"ListItem\",\"position\":1,\"name\":\"Portada\",\"item\":\"https:\\\/\\\/diariodelsurdigital.com.ar\\\/\"},{\"@type\":\"ListItem\",\"position\":2,\"name\":\"S\u00f3lida cr\u00edtica a la idea de bajar la edad de imputabilidad resalt\u00f3 que es \u201cuna respuesta simple para problemas complejos\u201d\"}]},{\"@type\":\"WebSite\",\"@id\":\"https:\\\/\\\/diariodelsurdigital.com.ar\\\/#website\",\"url\":\"https:\\\/\\\/diariodelsurdigital.com.ar\\\/\",\"name\":\"Diario del Sur\",\"description\":\"Digital\",\"potentialAction\":[{\"@type\":\"SearchAction\",\"target\":{\"@type\":\"EntryPoint\",\"urlTemplate\":\"https:\\\/\\\/diariodelsurdigital.com.ar\\\/?s={search_term_string}\"},\"query-input\":{\"@type\":\"PropertyValueSpecification\",\"valueRequired\":true,\"valueName\":\"search_term_string\"}}],\"inLanguage\":\"es\"},{\"@type\":\"Person\",\"@id\":\"https:\\\/\\\/diariodelsurdigital.com.ar\\\/#\\\/schema\\\/person\\\/1a4992532ed62965c968031b49195c81\",\"name\":\"Diario del Sur Digital\",\"image\":{\"@type\":\"ImageObject\",\"inLanguage\":\"es\",\"@id\":\"https:\\\/\\\/secure.gravatar.com\\\/avatar\\\/f0c7c47fc7146d19828273b9b8eda651c9c7ab583767e6338d3d3bee825adf76?s=96&d=mm&r=g\",\"url\":\"https:\\\/\\\/secure.gravatar.com\\\/avatar\\\/f0c7c47fc7146d19828273b9b8eda651c9c7ab583767e6338d3d3bee825adf76?s=96&d=mm&r=g\",\"contentUrl\":\"https:\\\/\\\/secure.gravatar.com\\\/avatar\\\/f0c7c47fc7146d19828273b9b8eda651c9c7ab583767e6338d3d3bee825adf76?s=96&d=mm&r=g\",\"caption\":\"Diario del Sur Digital\"},\"url\":\"https:\\\/\\\/diariodelsurdigital.com.ar\\\/?author=4\"}]}<\/script>\n<!-- \/ Yoast SEO plugin. -->","yoast_head_json":{"title":"S\u00f3lida cr\u00edtica a la idea de bajar la edad de imputabilidad resalt\u00f3 que es \u201cuna respuesta simple para problemas complejos\u201d - Diario del Sur","robots":{"index":"index","follow":"follow","max-snippet":"max-snippet:-1","max-image-preview":"max-image-preview:large","max-video-preview":"max-video-preview:-1"},"canonical":"https:\/\/diariodelsurdigital.com.ar\/?p=6708","og_locale":"es_ES","og_type":"article","og_title":"S\u00f3lida cr\u00edtica a la idea de bajar la edad de imputabilidad resalt\u00f3 que es \u201cuna respuesta simple para problemas complejos\u201d - Diario del Sur","og_description":"\u201cBajar la edad de punibilidad no es una soluci\u00f3n. Es una coartada. Una respuesta simple para problemas complejos. Un gesto que calma la bronca social, pero no previene un solo delito futuro\u201d. La afirmaci\u00f3n la realiz\u00f3 el juez de C\u00e1mara de Responsabilidad Penal Juvenil de Catamarca, Rodrigo Morabito, que profundiz\u00f3 la cr\u00edtica: \u201cNo hay evidencia [&hellip;]","og_url":"https:\/\/diariodelsurdigital.com.ar\/?p=6708","og_site_name":"Diario del Sur","article_published_time":"2026-01-28T17:43:23+00:00","article_modified_time":"2026-01-28T17:43:24+00:00","og_image":[{"width":992,"height":618,"url":"https:\/\/diariodelsurdigital.com.ar\/wp-content\/uploads\/2026\/01\/md.webp","type":"image\/webp"}],"author":"Diario del Sur Digital","twitter_card":"summary_large_image","twitter_misc":{"Escrito por":"Diario del Sur Digital","Tiempo de lectura":"4 minutos"},"schema":{"@context":"https:\/\/schema.org","@graph":[{"@type":"Article","@id":"https:\/\/diariodelsurdigital.com.ar\/?p=6708#article","isPartOf":{"@id":"https:\/\/diariodelsurdigital.com.ar\/?p=6708"},"author":{"name":"Diario del Sur Digital","@id":"https:\/\/diariodelsurdigital.com.ar\/#\/schema\/person\/1a4992532ed62965c968031b49195c81"},"headline":"S\u00f3lida cr\u00edtica a la idea de bajar la edad de imputabilidad resalt\u00f3 que es \u201cuna respuesta simple para problemas complejos\u201d","datePublished":"2026-01-28T17:43:23+00:00","dateModified":"2026-01-28T17:43:24+00:00","mainEntityOfPage":{"@id":"https:\/\/diariodelsurdigital.com.ar\/?p=6708"},"wordCount":925,"commentCount":0,"image":{"@id":"https:\/\/diariodelsurdigital.com.ar\/?p=6708#primaryimage"},"thumbnailUrl":"https:\/\/diariodelsurdigital.com.ar\/wp-content\/uploads\/2026\/01\/md.webp","articleSection":["Inter\u00e9s General","Provinciales"],"inLanguage":"es","potentialAction":[{"@type":"CommentAction","name":"Comment","target":["https:\/\/diariodelsurdigital.com.ar\/?p=6708#respond"]}]},{"@type":"WebPage","@id":"https:\/\/diariodelsurdigital.com.ar\/?p=6708","url":"https:\/\/diariodelsurdigital.com.ar\/?p=6708","name":"S\u00f3lida cr\u00edtica a la idea de bajar la edad de imputabilidad resalt\u00f3 que es \u201cuna respuesta simple para problemas complejos\u201d - Diario del Sur","isPartOf":{"@id":"https:\/\/diariodelsurdigital.com.ar\/#website"},"primaryImageOfPage":{"@id":"https:\/\/diariodelsurdigital.com.ar\/?p=6708#primaryimage"},"image":{"@id":"https:\/\/diariodelsurdigital.com.ar\/?p=6708#primaryimage"},"thumbnailUrl":"https:\/\/diariodelsurdigital.com.ar\/wp-content\/uploads\/2026\/01\/md.webp","datePublished":"2026-01-28T17:43:23+00:00","dateModified":"2026-01-28T17:43:24+00:00","author":{"@id":"https:\/\/diariodelsurdigital.com.ar\/#\/schema\/person\/1a4992532ed62965c968031b49195c81"},"breadcrumb":{"@id":"https:\/\/diariodelsurdigital.com.ar\/?p=6708#breadcrumb"},"inLanguage":"es","potentialAction":[{"@type":"ReadAction","target":["https:\/\/diariodelsurdigital.com.ar\/?p=6708"]}]},{"@type":"ImageObject","inLanguage":"es","@id":"https:\/\/diariodelsurdigital.com.ar\/?p=6708#primaryimage","url":"https:\/\/diariodelsurdigital.com.ar\/wp-content\/uploads\/2026\/01\/md.webp","contentUrl":"https:\/\/diariodelsurdigital.com.ar\/wp-content\/uploads\/2026\/01\/md.webp","width":992,"height":618},{"@type":"BreadcrumbList","@id":"https:\/\/diariodelsurdigital.com.ar\/?p=6708#breadcrumb","itemListElement":[{"@type":"ListItem","position":1,"name":"Portada","item":"https:\/\/diariodelsurdigital.com.ar\/"},{"@type":"ListItem","position":2,"name":"S\u00f3lida cr\u00edtica a la idea de bajar la edad de imputabilidad resalt\u00f3 que es \u201cuna respuesta simple para problemas complejos\u201d"}]},{"@type":"WebSite","@id":"https:\/\/diariodelsurdigital.com.ar\/#website","url":"https:\/\/diariodelsurdigital.com.ar\/","name":"Diario del Sur","description":"Digital","potentialAction":[{"@type":"SearchAction","target":{"@type":"EntryPoint","urlTemplate":"https:\/\/diariodelsurdigital.com.ar\/?s={search_term_string}"},"query-input":{"@type":"PropertyValueSpecification","valueRequired":true,"valueName":"search_term_string"}}],"inLanguage":"es"},{"@type":"Person","@id":"https:\/\/diariodelsurdigital.com.ar\/#\/schema\/person\/1a4992532ed62965c968031b49195c81","name":"Diario del Sur Digital","image":{"@type":"ImageObject","inLanguage":"es","@id":"https:\/\/secure.gravatar.com\/avatar\/f0c7c47fc7146d19828273b9b8eda651c9c7ab583767e6338d3d3bee825adf76?s=96&d=mm&r=g","url":"https:\/\/secure.gravatar.com\/avatar\/f0c7c47fc7146d19828273b9b8eda651c9c7ab583767e6338d3d3bee825adf76?s=96&d=mm&r=g","contentUrl":"https:\/\/secure.gravatar.com\/avatar\/f0c7c47fc7146d19828273b9b8eda651c9c7ab583767e6338d3d3bee825adf76?s=96&d=mm&r=g","caption":"Diario del Sur Digital"},"url":"https:\/\/diariodelsurdigital.com.ar\/?author=4"}]}},"_links":{"self":[{"href":"https:\/\/diariodelsurdigital.com.ar\/index.php?rest_route=\/wp\/v2\/posts\/6708","targetHints":{"allow":["GET"]}}],"collection":[{"href":"https:\/\/diariodelsurdigital.com.ar\/index.php?rest_route=\/wp\/v2\/posts"}],"about":[{"href":"https:\/\/diariodelsurdigital.com.ar\/index.php?rest_route=\/wp\/v2\/types\/post"}],"author":[{"embeddable":true,"href":"https:\/\/diariodelsurdigital.com.ar\/index.php?rest_route=\/wp\/v2\/users\/4"}],"replies":[{"embeddable":true,"href":"https:\/\/diariodelsurdigital.com.ar\/index.php?rest_route=%2Fwp%2Fv2%2Fcomments&post=6708"}],"version-history":[{"count":1,"href":"https:\/\/diariodelsurdigital.com.ar\/index.php?rest_route=\/wp\/v2\/posts\/6708\/revisions"}],"predecessor-version":[{"id":6710,"href":"https:\/\/diariodelsurdigital.com.ar\/index.php?rest_route=\/wp\/v2\/posts\/6708\/revisions\/6710"}],"wp:featuredmedia":[{"embeddable":true,"href":"https:\/\/diariodelsurdigital.com.ar\/index.php?rest_route=\/wp\/v2\/media\/6709"}],"wp:attachment":[{"href":"https:\/\/diariodelsurdigital.com.ar\/index.php?rest_route=%2Fwp%2Fv2%2Fmedia&parent=6708"}],"wp:term":[{"taxonomy":"category","embeddable":true,"href":"https:\/\/diariodelsurdigital.com.ar\/index.php?rest_route=%2Fwp%2Fv2%2Fcategories&post=6708"},{"taxonomy":"post_tag","embeddable":true,"href":"https:\/\/diariodelsurdigital.com.ar\/index.php?rest_route=%2Fwp%2Fv2%2Ftags&post=6708"}],"curies":[{"name":"wp","href":"https:\/\/api.w.org\/{rel}","templated":true}]}}