{"id":6711,"date":"2026-01-28T14:45:30","date_gmt":"2026-01-28T17:45:30","guid":{"rendered":"https:\/\/diariodelsurdigital.com.ar\/?p=6711"},"modified":"2026-01-28T14:45:31","modified_gmt":"2026-01-28T17:45:31","slug":"agmer-en-alerta-ante-la-posible-reforma-jubilatoria-en-la-provincia","status":"publish","type":"post","link":"https:\/\/diariodelsurdigital.com.ar\/?p=6711","title":{"rendered":"Agmer en alerta ante la posible reforma jubilatoria en la provincia"},"content":{"rendered":"\n<p>Tras reunirse con la representante de los pasivos en la Caja de Jubilaciones, Silvia Vallori, la conducci\u00f3n de Agmer manifest\u00f3 su preocupaci\u00f3n ante las versiones de cambios en el sistema previsional y advirti\u00f3 que no aceptar\u00e1 que los trabajadores sean \u00abvariable de ajuste\u00bb.<\/p>\n\n\n\n<p>Este lunes la Comisi\u00f3n Directiva Central de la Asociaci\u00f3n Gremial del Magisterio de Entre R\u00edos (Agmer) se reuni\u00f3 con Claudia Vallori, representante de los jubilados en la Caja de Jubilaciones y Pensiones de Entre R\u00edos para abordar la situaci\u00f3n ante las declaraciones en la prensa y rumores de intento de modificaci\u00f3n de la Ley 8.732 que regula el r\u00e9gimen provincial de Jubilaciones y Pensiones.<\/p>\n\n\n\n<p>Por parte del gremio estuvieron presentes Abel Antivero, Lia Fimpel, Susana Cogno, Sergio Blanc y Claudio Puntel. En dicha reuni\u00f3n se dialog\u00f3 sobre las declaraciones en medios de prensa en relaci\u00f3n a la modificaci\u00f3n de la Ley 8.732 y los pasos que se vienen dando en su defensa con reuniones de la intersindical y de la Federaci\u00f3n y Centros de Jubilados con el Presidente de la Caja.<\/p>\n\n\n\n<p>Ante la ausencia de proyecto y las crecientes declaraciones medi\u00e1ticas de los funcionario del gobernador Rogelio Frigerio, el sindicato reiter\u00f3 su \u201cdefensa irrestricta del 82% m\u00f3vil, la edad jubilatoria, el c\u00e1lculo previsional y el sistema de pensiones, puntos en los cuales coincidimos durante la charla y a los cuales vamos a defender en unidad\u201d.<\/p>\n\n\n\n<p>\u201cTambi\u00e9n se se\u00f1al\u00f3 que en momentos de ajustes a nuestros salarios y achique del Estado provincial, no deben ser las \/os trabajadoras\/es, jubiladas\/os la variable de ajuste nuevamente\u201d, enfatizaron.<\/p>\n\n\n\n<p>\u201cSe coincidi\u00f3 que hist\u00f3ricamente, ante intentos anteriores de reforma, el estar todos\/as en la calle defendiendo la Caja y la Ley logr\u00f3 seguir manteniendo el derecho a una jubilaci\u00f3n digna\u201d.<\/p>\n\n\n\n<p>Por \u00faltimo, \u201cse establecieron canales de di\u00e1logos para futuras reuniones con el fin de continuar la resistencia frente a este tipo de pol\u00edticas que s\u00f3lo intentan beneficiar a un sector de la poblaci\u00f3n empobreciendo a miles de entrerrianas\/os, activos y jubilados, a los cuales afectar\u00e1 directamente la pretendida reforma\u201d.<\/p>\n","protected":false},"excerpt":{"rendered":"<p>Tras reunirse con la representante de los pasivos en la Caja de Jubilaciones, Silvia Vallori, la conducci\u00f3n de Agmer manifest\u00f3 su preocupaci\u00f3n ante las versiones de cambios en el sistema previsional y advirti\u00f3 que no aceptar\u00e1 que los trabajadores sean \u00abvariable de ajuste\u00bb. Este lunes la Comisi\u00f3n Directiva Central de la Asociaci\u00f3n Gremial del Magisterio [&hellip;]<\/p>\n","protected":false},"author":4,"featured_media":6712,"comment_status":"open","ping_status":"open","sticky":false,"template":"","format":"standard","meta":{"footnotes":""},"categories":[19,17],"tags":[],"class_list":{"0":"post-6711","1":"post","2":"type-post","3":"status-publish","4":"format-standard","5":"has-post-thumbnail","7":"category-interes-general","8":"category-provinciales"},"yoast_head":"<!-- This site is optimized with the Yoast SEO plugin v27.4 - https:\/\/yoast.com\/product\/yoast-seo-wordpress\/ -->\n<title>Agmer en alerta ante la posible reforma jubilatoria en la provincia - Diario del Sur<\/title>\n<meta name=\"robots\" content=\"index, follow, max-snippet:-1, max-image-preview:large, max-video-preview:-1\" \/>\n<link rel=\"canonical\" href=\"https:\/\/diariodelsurdigital.com.ar\/?p=6711\" \/>\n<meta property=\"og:locale\" content=\"es_ES\" \/>\n<meta property=\"og:type\" content=\"article\" \/>\n<meta property=\"og:title\" content=\"Agmer en alerta ante la posible reforma jubilatoria en la provincia - Diario del Sur\" \/>\n<meta property=\"og:description\" content=\"Tras reunirse con la representante de los pasivos en la Caja de Jubilaciones, Silvia Vallori, la conducci\u00f3n de Agmer manifest\u00f3 su preocupaci\u00f3n ante las versiones de cambios en el sistema previsional y advirti\u00f3 que no aceptar\u00e1 que los trabajadores sean \u00abvariable de ajuste\u00bb. Este lunes la Comisi\u00f3n Directiva Central de la Asociaci\u00f3n Gremial del Magisterio [&hellip;]\" \/>\n<meta property=\"og:url\" content=\"https:\/\/diariodelsurdigital.com.ar\/?p=6711\" \/>\n<meta property=\"og:site_name\" content=\"Diario del Sur\" \/>\n<meta property=\"article:published_time\" content=\"2026-01-28T17:45:30+00:00\" \/>\n<meta property=\"article:modified_time\" content=\"2026-01-28T17:45:31+00:00\" \/>\n<meta property=\"og:image\" content=\"https:\/\/diariodelsurdigital.com.ar\/wp-content\/uploads\/2026\/01\/md-1.webp\" \/>\n\t<meta property=\"og:image:width\" content=\"992\" \/>\n\t<meta property=\"og:image:height\" content=\"545\" \/>\n\t<meta property=\"og:image:type\" content=\"image\/webp\" \/>\n<meta name=\"author\" content=\"Diario del Sur Digital\" \/>\n<meta name=\"twitter:card\" content=\"summary_large_image\" \/>\n<meta name=\"twitter:label1\" content=\"Escrito por\" \/>\n\t<meta name=\"twitter:data1\" content=\"Diario del Sur Digital\" \/>\n\t<meta name=\"twitter:label2\" content=\"Tiempo de lectura\" \/>\n\t<meta name=\"twitter:data2\" content=\"2 minutos\" \/>\n<script type=\"application\/ld+json\" class=\"yoast-schema-graph\">{\"@context\":\"https:\\\/\\\/schema.org\",\"@graph\":[{\"@type\":\"Article\",\"@id\":\"https:\\\/\\\/diariodelsurdigital.com.ar\\\/?p=6711#article\",\"isPartOf\":{\"@id\":\"https:\\\/\\\/diariodelsurdigital.com.ar\\\/?p=6711\"},\"author\":{\"name\":\"Diario del Sur Digital\",\"@id\":\"https:\\\/\\\/diariodelsurdigital.com.ar\\\/#\\\/schema\\\/person\\\/1a4992532ed62965c968031b49195c81\"},\"headline\":\"Agmer en alerta ante la posible reforma jubilatoria en la provincia\",\"datePublished\":\"2026-01-28T17:45:30+00:00\",\"dateModified\":\"2026-01-28T17:45:31+00:00\",\"mainEntityOfPage\":{\"@id\":\"https:\\\/\\\/diariodelsurdigital.com.ar\\\/?p=6711\"},\"wordCount\":372,\"commentCount\":0,\"image\":{\"@id\":\"https:\\\/\\\/diariodelsurdigital.com.ar\\\/?p=6711#primaryimage\"},\"thumbnailUrl\":\"https:\\\/\\\/diariodelsurdigital.com.ar\\\/wp-content\\\/uploads\\\/2026\\\/01\\\/md-1.webp\",\"articleSection\":[\"Inter\u00e9s General\",\"Provinciales\"],\"inLanguage\":\"es\",\"potentialAction\":[{\"@type\":\"CommentAction\",\"name\":\"Comment\",\"target\":[\"https:\\\/\\\/diariodelsurdigital.com.ar\\\/?p=6711#respond\"]}]},{\"@type\":\"WebPage\",\"@id\":\"https:\\\/\\\/diariodelsurdigital.com.ar\\\/?p=6711\",\"url\":\"https:\\\/\\\/diariodelsurdigital.com.ar\\\/?p=6711\",\"name\":\"Agmer en alerta ante la posible reforma jubilatoria en la provincia - Diario del Sur\",\"isPartOf\":{\"@id\":\"https:\\\/\\\/diariodelsurdigital.com.ar\\\/#website\"},\"primaryImageOfPage\":{\"@id\":\"https:\\\/\\\/diariodelsurdigital.com.ar\\\/?p=6711#primaryimage\"},\"image\":{\"@id\":\"https:\\\/\\\/diariodelsurdigital.com.ar\\\/?p=6711#primaryimage\"},\"thumbnailUrl\":\"https:\\\/\\\/diariodelsurdigital.com.ar\\\/wp-content\\\/uploads\\\/2026\\\/01\\\/md-1.webp\",\"datePublished\":\"2026-01-28T17:45:30+00:00\",\"dateModified\":\"2026-01-28T17:45:31+00:00\",\"author\":{\"@id\":\"https:\\\/\\\/diariodelsurdigital.com.ar\\\/#\\\/schema\\\/person\\\/1a4992532ed62965c968031b49195c81\"},\"breadcrumb\":{\"@id\":\"https:\\\/\\\/diariodelsurdigital.com.ar\\\/?p=6711#breadcrumb\"},\"inLanguage\":\"es\",\"potentialAction\":[{\"@type\":\"ReadAction\",\"target\":[\"https:\\\/\\\/diariodelsurdigital.com.ar\\\/?p=6711\"]}]},{\"@type\":\"ImageObject\",\"inLanguage\":\"es\",\"@id\":\"https:\\\/\\\/diariodelsurdigital.com.ar\\\/?p=6711#primaryimage\",\"url\":\"https:\\\/\\\/diariodelsurdigital.com.ar\\\/wp-content\\\/uploads\\\/2026\\\/01\\\/md-1.webp\",\"contentUrl\":\"https:\\\/\\\/diariodelsurdigital.com.ar\\\/wp-content\\\/uploads\\\/2026\\\/01\\\/md-1.webp\",\"width\":992,\"height\":545},{\"@type\":\"BreadcrumbList\",\"@id\":\"https:\\\/\\\/diariodelsurdigital.com.ar\\\/?p=6711#breadcrumb\",\"itemListElement\":[{\"@type\":\"ListItem\",\"position\":1,\"name\":\"Portada\",\"item\":\"https:\\\/\\\/diariodelsurdigital.com.ar\\\/\"},{\"@type\":\"ListItem\",\"position\":2,\"name\":\"Agmer en alerta ante la posible reforma jubilatoria en la provincia\"}]},{\"@type\":\"WebSite\",\"@id\":\"https:\\\/\\\/diariodelsurdigital.com.ar\\\/#website\",\"url\":\"https:\\\/\\\/diariodelsurdigital.com.ar\\\/\",\"name\":\"Diario del Sur\",\"description\":\"Digital\",\"potentialAction\":[{\"@type\":\"SearchAction\",\"target\":{\"@type\":\"EntryPoint\",\"urlTemplate\":\"https:\\\/\\\/diariodelsurdigital.com.ar\\\/?s={search_term_string}\"},\"query-input\":{\"@type\":\"PropertyValueSpecification\",\"valueRequired\":true,\"valueName\":\"search_term_string\"}}],\"inLanguage\":\"es\"},{\"@type\":\"Person\",\"@id\":\"https:\\\/\\\/diariodelsurdigital.com.ar\\\/#\\\/schema\\\/person\\\/1a4992532ed62965c968031b49195c81\",\"name\":\"Diario del Sur Digital\",\"image\":{\"@type\":\"ImageObject\",\"inLanguage\":\"es\",\"@id\":\"https:\\\/\\\/secure.gravatar.com\\\/avatar\\\/f0c7c47fc7146d19828273b9b8eda651c9c7ab583767e6338d3d3bee825adf76?s=96&d=mm&r=g\",\"url\":\"https:\\\/\\\/secure.gravatar.com\\\/avatar\\\/f0c7c47fc7146d19828273b9b8eda651c9c7ab583767e6338d3d3bee825adf76?s=96&d=mm&r=g\",\"contentUrl\":\"https:\\\/\\\/secure.gravatar.com\\\/avatar\\\/f0c7c47fc7146d19828273b9b8eda651c9c7ab583767e6338d3d3bee825adf76?s=96&d=mm&r=g\",\"caption\":\"Diario del Sur Digital\"},\"url\":\"https:\\\/\\\/diariodelsurdigital.com.ar\\\/?author=4\"}]}<\/script>\n<!-- \/ Yoast SEO plugin. -->","yoast_head_json":{"title":"Agmer en alerta ante la posible reforma jubilatoria en la provincia - Diario del Sur","robots":{"index":"index","follow":"follow","max-snippet":"max-snippet:-1","max-image-preview":"max-image-preview:large","max-video-preview":"max-video-preview:-1"},"canonical":"https:\/\/diariodelsurdigital.com.ar\/?p=6711","og_locale":"es_ES","og_type":"article","og_title":"Agmer en alerta ante la posible reforma jubilatoria en la provincia - Diario del Sur","og_description":"Tras reunirse con la representante de los pasivos en la Caja de Jubilaciones, Silvia Vallori, la conducci\u00f3n de Agmer manifest\u00f3 su preocupaci\u00f3n ante las versiones de cambios en el sistema previsional y advirti\u00f3 que no aceptar\u00e1 que los trabajadores sean \u00abvariable de ajuste\u00bb. Este lunes la Comisi\u00f3n Directiva Central de la Asociaci\u00f3n Gremial del Magisterio [&hellip;]","og_url":"https:\/\/diariodelsurdigital.com.ar\/?p=6711","og_site_name":"Diario del Sur","article_published_time":"2026-01-28T17:45:30+00:00","article_modified_time":"2026-01-28T17:45:31+00:00","og_image":[{"width":992,"height":545,"url":"https:\/\/diariodelsurdigital.com.ar\/wp-content\/uploads\/2026\/01\/md-1.webp","type":"image\/webp"}],"author":"Diario del Sur Digital","twitter_card":"summary_large_image","twitter_misc":{"Escrito por":"Diario del Sur Digital","Tiempo de lectura":"2 minutos"},"schema":{"@context":"https:\/\/schema.org","@graph":[{"@type":"Article","@id":"https:\/\/diariodelsurdigital.com.ar\/?p=6711#article","isPartOf":{"@id":"https:\/\/diariodelsurdigital.com.ar\/?p=6711"},"author":{"name":"Diario del Sur Digital","@id":"https:\/\/diariodelsurdigital.com.ar\/#\/schema\/person\/1a4992532ed62965c968031b49195c81"},"headline":"Agmer en alerta ante la posible reforma jubilatoria en la provincia","datePublished":"2026-01-28T17:45:30+00:00","dateModified":"2026-01-28T17:45:31+00:00","mainEntityOfPage":{"@id":"https:\/\/diariodelsurdigital.com.ar\/?p=6711"},"wordCount":372,"commentCount":0,"image":{"@id":"https:\/\/diariodelsurdigital.com.ar\/?p=6711#primaryimage"},"thumbnailUrl":"https:\/\/diariodelsurdigital.com.ar\/wp-content\/uploads\/2026\/01\/md-1.webp","articleSection":["Inter\u00e9s General","Provinciales"],"inLanguage":"es","potentialAction":[{"@type":"CommentAction","name":"Comment","target":["https:\/\/diariodelsurdigital.com.ar\/?p=6711#respond"]}]},{"@type":"WebPage","@id":"https:\/\/diariodelsurdigital.com.ar\/?p=6711","url":"https:\/\/diariodelsurdigital.com.ar\/?p=6711","name":"Agmer en alerta ante la posible reforma jubilatoria en la provincia - Diario del Sur","isPartOf":{"@id":"https:\/\/diariodelsurdigital.com.ar\/#website"},"primaryImageOfPage":{"@id":"https:\/\/diariodelsurdigital.com.ar\/?p=6711#primaryimage"},"image":{"@id":"https:\/\/diariodelsurdigital.com.ar\/?p=6711#primaryimage"},"thumbnailUrl":"https:\/\/diariodelsurdigital.com.ar\/wp-content\/uploads\/2026\/01\/md-1.webp","datePublished":"2026-01-28T17:45:30+00:00","dateModified":"2026-01-28T17:45:31+00:00","author":{"@id":"https:\/\/diariodelsurdigital.com.ar\/#\/schema\/person\/1a4992532ed62965c968031b49195c81"},"breadcrumb":{"@id":"https:\/\/diariodelsurdigital.com.ar\/?p=6711#breadcrumb"},"inLanguage":"es","potentialAction":[{"@type":"ReadAction","target":["https:\/\/diariodelsurdigital.com.ar\/?p=6711"]}]},{"@type":"ImageObject","inLanguage":"es","@id":"https:\/\/diariodelsurdigital.com.ar\/?p=6711#primaryimage","url":"https:\/\/diariodelsurdigital.com.ar\/wp-content\/uploads\/2026\/01\/md-1.webp","contentUrl":"https:\/\/diariodelsurdigital.com.ar\/wp-content\/uploads\/2026\/01\/md-1.webp","width":992,"height":545},{"@type":"BreadcrumbList","@id":"https:\/\/diariodelsurdigital.com.ar\/?p=6711#breadcrumb","itemListElement":[{"@type":"ListItem","position":1,"name":"Portada","item":"https:\/\/diariodelsurdigital.com.ar\/"},{"@type":"ListItem","position":2,"name":"Agmer en alerta ante la posible reforma jubilatoria en la provincia"}]},{"@type":"WebSite","@id":"https:\/\/diariodelsurdigital.com.ar\/#website","url":"https:\/\/diariodelsurdigital.com.ar\/","name":"Diario del Sur","description":"Digital","potentialAction":[{"@type":"SearchAction","target":{"@type":"EntryPoint","urlTemplate":"https:\/\/diariodelsurdigital.com.ar\/?s={search_term_string}"},"query-input":{"@type":"PropertyValueSpecification","valueRequired":true,"valueName":"search_term_string"}}],"inLanguage":"es"},{"@type":"Person","@id":"https:\/\/diariodelsurdigital.com.ar\/#\/schema\/person\/1a4992532ed62965c968031b49195c81","name":"Diario del Sur Digital","image":{"@type":"ImageObject","inLanguage":"es","@id":"https:\/\/secure.gravatar.com\/avatar\/f0c7c47fc7146d19828273b9b8eda651c9c7ab583767e6338d3d3bee825adf76?s=96&d=mm&r=g","url":"https:\/\/secure.gravatar.com\/avatar\/f0c7c47fc7146d19828273b9b8eda651c9c7ab583767e6338d3d3bee825adf76?s=96&d=mm&r=g","contentUrl":"https:\/\/secure.gravatar.com\/avatar\/f0c7c47fc7146d19828273b9b8eda651c9c7ab583767e6338d3d3bee825adf76?s=96&d=mm&r=g","caption":"Diario del Sur Digital"},"url":"https:\/\/diariodelsurdigital.com.ar\/?author=4"}]}},"_links":{"self":[{"href":"https:\/\/diariodelsurdigital.com.ar\/index.php?rest_route=\/wp\/v2\/posts\/6711","targetHints":{"allow":["GET"]}}],"collection":[{"href":"https:\/\/diariodelsurdigital.com.ar\/index.php?rest_route=\/wp\/v2\/posts"}],"about":[{"href":"https:\/\/diariodelsurdigital.com.ar\/index.php?rest_route=\/wp\/v2\/types\/post"}],"author":[{"embeddable":true,"href":"https:\/\/diariodelsurdigital.com.ar\/index.php?rest_route=\/wp\/v2\/users\/4"}],"replies":[{"embeddable":true,"href":"https:\/\/diariodelsurdigital.com.ar\/index.php?rest_route=%2Fwp%2Fv2%2Fcomments&post=6711"}],"version-history":[{"count":1,"href":"https:\/\/diariodelsurdigital.com.ar\/index.php?rest_route=\/wp\/v2\/posts\/6711\/revisions"}],"predecessor-version":[{"id":6713,"href":"https:\/\/diariodelsurdigital.com.ar\/index.php?rest_route=\/wp\/v2\/posts\/6711\/revisions\/6713"}],"wp:featuredmedia":[{"embeddable":true,"href":"https:\/\/diariodelsurdigital.com.ar\/index.php?rest_route=\/wp\/v2\/media\/6712"}],"wp:attachment":[{"href":"https:\/\/diariodelsurdigital.com.ar\/index.php?rest_route=%2Fwp%2Fv2%2Fmedia&parent=6711"}],"wp:term":[{"taxonomy":"category","embeddable":true,"href":"https:\/\/diariodelsurdigital.com.ar\/index.php?rest_route=%2Fwp%2Fv2%2Fcategories&post=6711"},{"taxonomy":"post_tag","embeddable":true,"href":"https:\/\/diariodelsurdigital.com.ar\/index.php?rest_route=%2Fwp%2Fv2%2Ftags&post=6711"}],"curies":[{"name":"wp","href":"https:\/\/api.w.org\/{rel}","templated":true}]}}