{"id":6717,"date":"2026-01-28T15:30:49","date_gmt":"2026-01-28T18:30:49","guid":{"rendered":"https:\/\/diariodelsurdigital.com.ar\/?p=6717"},"modified":"2026-01-28T15:30:50","modified_gmt":"2026-01-28T18:30:50","slug":"ciclo-lectivo-2026-milei-elimino-la-obligacion-de-ensenar-sobre-educacion-vial-y-violencia-de-genero","status":"publish","type":"post","link":"https:\/\/diariodelsurdigital.com.ar\/?p=6717","title":{"rendered":"Ciclo lectivo 2026: Milei elimin\u00f3 la obligaci\u00f3n de ense\u00f1ar sobre Educaci\u00f3n Vial y Violencia de Genero"},"content":{"rendered":"\n<p>La responsabilidad de brindar estos contenidos depender\u00e1 de cada provincia. La jornada anual \u201cEducar en Igualdad: Prevenci\u00f3n y Erradicaci\u00f3n de la Violencia de G\u00e9nero\u201d ten\u00eda como objetivo que los alumnos y docentes desarrollen y afiancen actitudes para prevenir y erradicarla. Mientras que los art\u00edculos 5\u00b0 y 6\u00b0 de la Ley 27.214 que establec\u00edan la obligatoriedad de dictar cursos, formaciones y contenidos espec\u00edficos sobre educaci\u00f3n vial en las escuelas de todo el pa\u00eds.<\/p>\n\n\n\n<p>A partir de este a\u00f1o las escuelas argentinas no contar\u00e1n contenidos obligatorios que se dictaban durante el ciclo lectivo. Uno de ellos corresponde a la Ley N\u00b0 27.234 de Educar en Igualdad: Prevenci\u00f3n y Erradicaci\u00f3n de la Violencia de G\u00e9nero, y los otros dos a la normativa N\u00b0 27.214 de Promoci\u00f3n de la educaci\u00f3n vial.<\/p>\n\n\n\n<p>La decisi\u00f3n fue oficializada a trav\u00e9s del Decreto 436\/2025, publicado en el Bolet\u00edn Oficial en junio del 2025, en la que se derogaron tres art\u00edculos. Al ser eliminados, la responsabilidad de brindar estos contenidos recae en cada provincia, cuyas autoridades definir\u00e1n si continuar\u00e1n sum\u00e1ndolas en el programa escolar o no.<\/p>\n\n\n\n<p>La realizaci\u00f3n de la jornada anual \u201cEducar en Igualdad: Prevenci\u00f3n y Erradicaci\u00f3n de la Violencia de G\u00e9nero\u201d en todos los establecimientos educativos del pa\u00eds ten\u00eda como objetivo que los alumnos y docentes desarrollen y afiancen actitudes, saberes, valores y pr\u00e1cticas que contribuyan a prevenir y erradicar la violencia de g\u00e9nero.<\/p>\n\n\n\n<p>En cuanto a Educaci\u00f3n Vial, los art\u00edculos 5\u00b0 y 6\u00b0 de la Ley 27.214 que establec\u00edan la obligatoriedad de dictar cursos, formaciones y contenidos espec\u00edficos sobre educaci\u00f3n vial en las escuelas de todo el pa\u00eds. El quinto hab\u00eda habilitado la creaci\u00f3n del Observatorio de la Educaci\u00f3n Vial, en el \u00e1mbito del Ministerio de Educaci\u00f3n, constituido por un equipo interdisciplinario y multisectorial que inclu\u00eda a especialistas de la cartera educativa, acad\u00e9micos e investigadores de las Universidades nacionales y representantes de Organizaciones de reconocida trayectoria en la tem\u00e1tica de la Educaci\u00f3n Vial.<\/p>\n","protected":false},"excerpt":{"rendered":"<p>La responsabilidad de brindar estos contenidos depender\u00e1 de cada provincia. La jornada anual \u201cEducar en Igualdad: Prevenci\u00f3n y Erradicaci\u00f3n de la Violencia de G\u00e9nero\u201d ten\u00eda como objetivo que los alumnos y docentes desarrollen y afiancen actitudes para prevenir y erradicarla. Mientras que los art\u00edculos 5\u00b0 y 6\u00b0 de la Ley 27.214 que establec\u00edan la obligatoriedad [&hellip;]<\/p>\n","protected":false},"author":4,"featured_media":6718,"comment_status":"open","ping_status":"open","sticky":false,"template":"","format":"standard","meta":{"footnotes":""},"categories":[18],"tags":[],"class_list":{"0":"post-6717","1":"post","2":"type-post","3":"status-publish","4":"format-standard","5":"has-post-thumbnail","7":"category-nacionales"},"yoast_head":"<!-- This site is optimized with the Yoast SEO plugin v27.4 - https:\/\/yoast.com\/product\/yoast-seo-wordpress\/ -->\n<title>Ciclo lectivo 2026: Milei elimin\u00f3 la obligaci\u00f3n de ense\u00f1ar sobre Educaci\u00f3n Vial y Violencia de Genero - Diario del Sur<\/title>\n<meta name=\"robots\" content=\"index, follow, max-snippet:-1, max-image-preview:large, max-video-preview:-1\" \/>\n<link rel=\"canonical\" href=\"https:\/\/diariodelsurdigital.com.ar\/?p=6717\" \/>\n<meta property=\"og:locale\" content=\"es_ES\" \/>\n<meta property=\"og:type\" content=\"article\" \/>\n<meta property=\"og:title\" content=\"Ciclo lectivo 2026: Milei elimin\u00f3 la obligaci\u00f3n de ense\u00f1ar sobre Educaci\u00f3n Vial y Violencia de Genero - Diario del Sur\" \/>\n<meta property=\"og:description\" content=\"La responsabilidad de brindar estos contenidos depender\u00e1 de cada provincia. La jornada anual \u201cEducar en Igualdad: Prevenci\u00f3n y Erradicaci\u00f3n de la Violencia de G\u00e9nero\u201d ten\u00eda como objetivo que los alumnos y docentes desarrollen y afiancen actitudes para prevenir y erradicarla. Mientras que los art\u00edculos 5\u00b0 y 6\u00b0 de la Ley 27.214 que establec\u00edan la obligatoriedad [&hellip;]\" \/>\n<meta property=\"og:url\" content=\"https:\/\/diariodelsurdigital.com.ar\/?p=6717\" \/>\n<meta property=\"og:site_name\" content=\"Diario del Sur\" \/>\n<meta property=\"article:published_time\" content=\"2026-01-28T18:30:49+00:00\" \/>\n<meta property=\"article:modified_time\" content=\"2026-01-28T18:30:50+00:00\" \/>\n<meta property=\"og:image\" content=\"https:\/\/diariodelsurdigital.com.ar\/wp-content\/uploads\/2026\/01\/md-3.webp\" \/>\n\t<meta property=\"og:image:width\" content=\"992\" \/>\n\t<meta property=\"og:image:height\" content=\"659\" \/>\n\t<meta property=\"og:image:type\" content=\"image\/webp\" \/>\n<meta name=\"author\" content=\"Diario del Sur Digital\" \/>\n<meta name=\"twitter:card\" content=\"summary_large_image\" \/>\n<meta name=\"twitter:label1\" content=\"Escrito por\" \/>\n\t<meta name=\"twitter:data1\" content=\"Diario del Sur Digital\" \/>\n\t<meta name=\"twitter:label2\" content=\"Tiempo de lectura\" \/>\n\t<meta name=\"twitter:data2\" content=\"2 minutos\" \/>\n<script type=\"application\/ld+json\" class=\"yoast-schema-graph\">{\"@context\":\"https:\\\/\\\/schema.org\",\"@graph\":[{\"@type\":\"Article\",\"@id\":\"https:\\\/\\\/diariodelsurdigital.com.ar\\\/?p=6717#article\",\"isPartOf\":{\"@id\":\"https:\\\/\\\/diariodelsurdigital.com.ar\\\/?p=6717\"},\"author\":{\"name\":\"Diario del Sur Digital\",\"@id\":\"https:\\\/\\\/diariodelsurdigital.com.ar\\\/#\\\/schema\\\/person\\\/1a4992532ed62965c968031b49195c81\"},\"headline\":\"Ciclo lectivo 2026: Milei elimin\u00f3 la obligaci\u00f3n de ense\u00f1ar sobre Educaci\u00f3n Vial y Violencia de Genero\",\"datePublished\":\"2026-01-28T18:30:49+00:00\",\"dateModified\":\"2026-01-28T18:30:50+00:00\",\"mainEntityOfPage\":{\"@id\":\"https:\\\/\\\/diariodelsurdigital.com.ar\\\/?p=6717\"},\"wordCount\":370,\"commentCount\":0,\"image\":{\"@id\":\"https:\\\/\\\/diariodelsurdigital.com.ar\\\/?p=6717#primaryimage\"},\"thumbnailUrl\":\"https:\\\/\\\/diariodelsurdigital.com.ar\\\/wp-content\\\/uploads\\\/2026\\\/01\\\/md-3.webp\",\"articleSection\":[\"Nacionales\"],\"inLanguage\":\"es\",\"potentialAction\":[{\"@type\":\"CommentAction\",\"name\":\"Comment\",\"target\":[\"https:\\\/\\\/diariodelsurdigital.com.ar\\\/?p=6717#respond\"]}]},{\"@type\":\"WebPage\",\"@id\":\"https:\\\/\\\/diariodelsurdigital.com.ar\\\/?p=6717\",\"url\":\"https:\\\/\\\/diariodelsurdigital.com.ar\\\/?p=6717\",\"name\":\"Ciclo lectivo 2026: Milei elimin\u00f3 la obligaci\u00f3n de ense\u00f1ar sobre Educaci\u00f3n Vial y Violencia de Genero - Diario del Sur\",\"isPartOf\":{\"@id\":\"https:\\\/\\\/diariodelsurdigital.com.ar\\\/#website\"},\"primaryImageOfPage\":{\"@id\":\"https:\\\/\\\/diariodelsurdigital.com.ar\\\/?p=6717#primaryimage\"},\"image\":{\"@id\":\"https:\\\/\\\/diariodelsurdigital.com.ar\\\/?p=6717#primaryimage\"},\"thumbnailUrl\":\"https:\\\/\\\/diariodelsurdigital.com.ar\\\/wp-content\\\/uploads\\\/2026\\\/01\\\/md-3.webp\",\"datePublished\":\"2026-01-28T18:30:49+00:00\",\"dateModified\":\"2026-01-28T18:30:50+00:00\",\"author\":{\"@id\":\"https:\\\/\\\/diariodelsurdigital.com.ar\\\/#\\\/schema\\\/person\\\/1a4992532ed62965c968031b49195c81\"},\"breadcrumb\":{\"@id\":\"https:\\\/\\\/diariodelsurdigital.com.ar\\\/?p=6717#breadcrumb\"},\"inLanguage\":\"es\",\"potentialAction\":[{\"@type\":\"ReadAction\",\"target\":[\"https:\\\/\\\/diariodelsurdigital.com.ar\\\/?p=6717\"]}]},{\"@type\":\"ImageObject\",\"inLanguage\":\"es\",\"@id\":\"https:\\\/\\\/diariodelsurdigital.com.ar\\\/?p=6717#primaryimage\",\"url\":\"https:\\\/\\\/diariodelsurdigital.com.ar\\\/wp-content\\\/uploads\\\/2026\\\/01\\\/md-3.webp\",\"contentUrl\":\"https:\\\/\\\/diariodelsurdigital.com.ar\\\/wp-content\\\/uploads\\\/2026\\\/01\\\/md-3.webp\",\"width\":992,\"height\":659},{\"@type\":\"BreadcrumbList\",\"@id\":\"https:\\\/\\\/diariodelsurdigital.com.ar\\\/?p=6717#breadcrumb\",\"itemListElement\":[{\"@type\":\"ListItem\",\"position\":1,\"name\":\"Portada\",\"item\":\"https:\\\/\\\/diariodelsurdigital.com.ar\\\/\"},{\"@type\":\"ListItem\",\"position\":2,\"name\":\"Ciclo lectivo 2026: Milei elimin\u00f3 la obligaci\u00f3n de ense\u00f1ar sobre Educaci\u00f3n Vial y Violencia de Genero\"}]},{\"@type\":\"WebSite\",\"@id\":\"https:\\\/\\\/diariodelsurdigital.com.ar\\\/#website\",\"url\":\"https:\\\/\\\/diariodelsurdigital.com.ar\\\/\",\"name\":\"Diario del Sur\",\"description\":\"Digital\",\"potentialAction\":[{\"@type\":\"SearchAction\",\"target\":{\"@type\":\"EntryPoint\",\"urlTemplate\":\"https:\\\/\\\/diariodelsurdigital.com.ar\\\/?s={search_term_string}\"},\"query-input\":{\"@type\":\"PropertyValueSpecification\",\"valueRequired\":true,\"valueName\":\"search_term_string\"}}],\"inLanguage\":\"es\"},{\"@type\":\"Person\",\"@id\":\"https:\\\/\\\/diariodelsurdigital.com.ar\\\/#\\\/schema\\\/person\\\/1a4992532ed62965c968031b49195c81\",\"name\":\"Diario del Sur Digital\",\"image\":{\"@type\":\"ImageObject\",\"inLanguage\":\"es\",\"@id\":\"https:\\\/\\\/secure.gravatar.com\\\/avatar\\\/f0c7c47fc7146d19828273b9b8eda651c9c7ab583767e6338d3d3bee825adf76?s=96&d=mm&r=g\",\"url\":\"https:\\\/\\\/secure.gravatar.com\\\/avatar\\\/f0c7c47fc7146d19828273b9b8eda651c9c7ab583767e6338d3d3bee825adf76?s=96&d=mm&r=g\",\"contentUrl\":\"https:\\\/\\\/secure.gravatar.com\\\/avatar\\\/f0c7c47fc7146d19828273b9b8eda651c9c7ab583767e6338d3d3bee825adf76?s=96&d=mm&r=g\",\"caption\":\"Diario del Sur Digital\"},\"url\":\"https:\\\/\\\/diariodelsurdigital.com.ar\\\/?author=4\"}]}<\/script>\n<!-- \/ Yoast SEO plugin. -->","yoast_head_json":{"title":"Ciclo lectivo 2026: Milei elimin\u00f3 la obligaci\u00f3n de ense\u00f1ar sobre Educaci\u00f3n Vial y Violencia de Genero - Diario del Sur","robots":{"index":"index","follow":"follow","max-snippet":"max-snippet:-1","max-image-preview":"max-image-preview:large","max-video-preview":"max-video-preview:-1"},"canonical":"https:\/\/diariodelsurdigital.com.ar\/?p=6717","og_locale":"es_ES","og_type":"article","og_title":"Ciclo lectivo 2026: Milei elimin\u00f3 la obligaci\u00f3n de ense\u00f1ar sobre Educaci\u00f3n Vial y Violencia de Genero - Diario del Sur","og_description":"La responsabilidad de brindar estos contenidos depender\u00e1 de cada provincia. La jornada anual \u201cEducar en Igualdad: Prevenci\u00f3n y Erradicaci\u00f3n de la Violencia de G\u00e9nero\u201d ten\u00eda como objetivo que los alumnos y docentes desarrollen y afiancen actitudes para prevenir y erradicarla. Mientras que los art\u00edculos 5\u00b0 y 6\u00b0 de la Ley 27.214 que establec\u00edan la obligatoriedad [&hellip;]","og_url":"https:\/\/diariodelsurdigital.com.ar\/?p=6717","og_site_name":"Diario del Sur","article_published_time":"2026-01-28T18:30:49+00:00","article_modified_time":"2026-01-28T18:30:50+00:00","og_image":[{"width":992,"height":659,"url":"https:\/\/diariodelsurdigital.com.ar\/wp-content\/uploads\/2026\/01\/md-3.webp","type":"image\/webp"}],"author":"Diario del Sur Digital","twitter_card":"summary_large_image","twitter_misc":{"Escrito por":"Diario del Sur Digital","Tiempo de lectura":"2 minutos"},"schema":{"@context":"https:\/\/schema.org","@graph":[{"@type":"Article","@id":"https:\/\/diariodelsurdigital.com.ar\/?p=6717#article","isPartOf":{"@id":"https:\/\/diariodelsurdigital.com.ar\/?p=6717"},"author":{"name":"Diario del Sur Digital","@id":"https:\/\/diariodelsurdigital.com.ar\/#\/schema\/person\/1a4992532ed62965c968031b49195c81"},"headline":"Ciclo lectivo 2026: Milei elimin\u00f3 la obligaci\u00f3n de ense\u00f1ar sobre Educaci\u00f3n Vial y Violencia de Genero","datePublished":"2026-01-28T18:30:49+00:00","dateModified":"2026-01-28T18:30:50+00:00","mainEntityOfPage":{"@id":"https:\/\/diariodelsurdigital.com.ar\/?p=6717"},"wordCount":370,"commentCount":0,"image":{"@id":"https:\/\/diariodelsurdigital.com.ar\/?p=6717#primaryimage"},"thumbnailUrl":"https:\/\/diariodelsurdigital.com.ar\/wp-content\/uploads\/2026\/01\/md-3.webp","articleSection":["Nacionales"],"inLanguage":"es","potentialAction":[{"@type":"CommentAction","name":"Comment","target":["https:\/\/diariodelsurdigital.com.ar\/?p=6717#respond"]}]},{"@type":"WebPage","@id":"https:\/\/diariodelsurdigital.com.ar\/?p=6717","url":"https:\/\/diariodelsurdigital.com.ar\/?p=6717","name":"Ciclo lectivo 2026: Milei elimin\u00f3 la obligaci\u00f3n de ense\u00f1ar sobre Educaci\u00f3n Vial y Violencia de Genero - Diario del Sur","isPartOf":{"@id":"https:\/\/diariodelsurdigital.com.ar\/#website"},"primaryImageOfPage":{"@id":"https:\/\/diariodelsurdigital.com.ar\/?p=6717#primaryimage"},"image":{"@id":"https:\/\/diariodelsurdigital.com.ar\/?p=6717#primaryimage"},"thumbnailUrl":"https:\/\/diariodelsurdigital.com.ar\/wp-content\/uploads\/2026\/01\/md-3.webp","datePublished":"2026-01-28T18:30:49+00:00","dateModified":"2026-01-28T18:30:50+00:00","author":{"@id":"https:\/\/diariodelsurdigital.com.ar\/#\/schema\/person\/1a4992532ed62965c968031b49195c81"},"breadcrumb":{"@id":"https:\/\/diariodelsurdigital.com.ar\/?p=6717#breadcrumb"},"inLanguage":"es","potentialAction":[{"@type":"ReadAction","target":["https:\/\/diariodelsurdigital.com.ar\/?p=6717"]}]},{"@type":"ImageObject","inLanguage":"es","@id":"https:\/\/diariodelsurdigital.com.ar\/?p=6717#primaryimage","url":"https:\/\/diariodelsurdigital.com.ar\/wp-content\/uploads\/2026\/01\/md-3.webp","contentUrl":"https:\/\/diariodelsurdigital.com.ar\/wp-content\/uploads\/2026\/01\/md-3.webp","width":992,"height":659},{"@type":"BreadcrumbList","@id":"https:\/\/diariodelsurdigital.com.ar\/?p=6717#breadcrumb","itemListElement":[{"@type":"ListItem","position":1,"name":"Portada","item":"https:\/\/diariodelsurdigital.com.ar\/"},{"@type":"ListItem","position":2,"name":"Ciclo lectivo 2026: Milei elimin\u00f3 la obligaci\u00f3n de ense\u00f1ar sobre Educaci\u00f3n Vial y Violencia de Genero"}]},{"@type":"WebSite","@id":"https:\/\/diariodelsurdigital.com.ar\/#website","url":"https:\/\/diariodelsurdigital.com.ar\/","name":"Diario del Sur","description":"Digital","potentialAction":[{"@type":"SearchAction","target":{"@type":"EntryPoint","urlTemplate":"https:\/\/diariodelsurdigital.com.ar\/?s={search_term_string}"},"query-input":{"@type":"PropertyValueSpecification","valueRequired":true,"valueName":"search_term_string"}}],"inLanguage":"es"},{"@type":"Person","@id":"https:\/\/diariodelsurdigital.com.ar\/#\/schema\/person\/1a4992532ed62965c968031b49195c81","name":"Diario del Sur Digital","image":{"@type":"ImageObject","inLanguage":"es","@id":"https:\/\/secure.gravatar.com\/avatar\/f0c7c47fc7146d19828273b9b8eda651c9c7ab583767e6338d3d3bee825adf76?s=96&d=mm&r=g","url":"https:\/\/secure.gravatar.com\/avatar\/f0c7c47fc7146d19828273b9b8eda651c9c7ab583767e6338d3d3bee825adf76?s=96&d=mm&r=g","contentUrl":"https:\/\/secure.gravatar.com\/avatar\/f0c7c47fc7146d19828273b9b8eda651c9c7ab583767e6338d3d3bee825adf76?s=96&d=mm&r=g","caption":"Diario del Sur Digital"},"url":"https:\/\/diariodelsurdigital.com.ar\/?author=4"}]}},"_links":{"self":[{"href":"https:\/\/diariodelsurdigital.com.ar\/index.php?rest_route=\/wp\/v2\/posts\/6717","targetHints":{"allow":["GET"]}}],"collection":[{"href":"https:\/\/diariodelsurdigital.com.ar\/index.php?rest_route=\/wp\/v2\/posts"}],"about":[{"href":"https:\/\/diariodelsurdigital.com.ar\/index.php?rest_route=\/wp\/v2\/types\/post"}],"author":[{"embeddable":true,"href":"https:\/\/diariodelsurdigital.com.ar\/index.php?rest_route=\/wp\/v2\/users\/4"}],"replies":[{"embeddable":true,"href":"https:\/\/diariodelsurdigital.com.ar\/index.php?rest_route=%2Fwp%2Fv2%2Fcomments&post=6717"}],"version-history":[{"count":1,"href":"https:\/\/diariodelsurdigital.com.ar\/index.php?rest_route=\/wp\/v2\/posts\/6717\/revisions"}],"predecessor-version":[{"id":6719,"href":"https:\/\/diariodelsurdigital.com.ar\/index.php?rest_route=\/wp\/v2\/posts\/6717\/revisions\/6719"}],"wp:featuredmedia":[{"embeddable":true,"href":"https:\/\/diariodelsurdigital.com.ar\/index.php?rest_route=\/wp\/v2\/media\/6718"}],"wp:attachment":[{"href":"https:\/\/diariodelsurdigital.com.ar\/index.php?rest_route=%2Fwp%2Fv2%2Fmedia&parent=6717"}],"wp:term":[{"taxonomy":"category","embeddable":true,"href":"https:\/\/diariodelsurdigital.com.ar\/index.php?rest_route=%2Fwp%2Fv2%2Fcategories&post=6717"},{"taxonomy":"post_tag","embeddable":true,"href":"https:\/\/diariodelsurdigital.com.ar\/index.php?rest_route=%2Fwp%2Fv2%2Ftags&post=6717"}],"curies":[{"name":"wp","href":"https:\/\/api.w.org\/{rel}","templated":true}]}}