{"id":6740,"date":"2026-01-29T09:47:17","date_gmt":"2026-01-29T12:47:17","guid":{"rendered":"https:\/\/diariodelsurdigital.com.ar\/?p=6740"},"modified":"2026-01-29T09:47:18","modified_gmt":"2026-01-29T12:47:18","slug":"se-creo-un-nuevo-espacio-gremial-contra-la-reforma-laboral","status":"publish","type":"post","link":"https:\/\/diariodelsurdigital.com.ar\/?p=6740","title":{"rendered":"Se cre\u00f3 un nuevo espacio gremial contra la reforma laboral"},"content":{"rendered":"\n<p>En la sede la UOM se anunci\u00f3 este espacio que aglutina gremios de la CGT pero tambi\u00e9n de las dos CTA. Marchas en C\u00f3rdoba y Santa Fe para culminar frente al Congreso el d\u00eda que se debata el proyecto en el Senado.<\/p>\n\n\n\n<p><\/p>\n\n\n\n<p>Se llama Frente de Sindicados Unidos (FreSU). Lo integran gremios como la Uni\u00f3n Obrera Metal\u00fargica (UOM), la Asociaci\u00f3n de Pilotos de L\u00edneas A\u00e9reas (APLA), la Federaci\u00f3n de Aceiteros, la Asociaci\u00f3n de Trabajadores del Estado y La Fraternidad, entre otros.<\/p>\n\n\n\n<p>En este nuevo espacio, donde abrevan gremios de la CGT y de las dos CTA, acord\u00f3 un plan de acci\u00f3n con movilizaciones en diferentes provincias para culminar el 11 de febrero, fecha prevista para el tratamiento de la reforma en el Senado, en una gran movilizaci\u00f3n frente al Congreso. Habr\u00e1 que ver c\u00f3mo reacciona la conducci\u00f3n de la CGT, ante esta muestra de autonom\u00eda en lo que hace a la lucha contra la reforma laboral.<\/p>\n\n\n\n<p>Este grupo, que seg\u00fan los organizadores llega al medio centenar, considera que no hay espacio para la negociaci\u00f3n porque ninguno de los art\u00edculos del proyecto oficial es positivo para los intereses de los trabajadores y trabajadoras.<\/p>\n\n\n\n<p>\u201cPor la magnitud de los derechos que deroga, por la extensi\u00f3n de los temas que abarca y por la profundidad de los retrocesos que introduce, este proyecto s\u00f3lo es comparable con la reforma laboral implementada durante la dictadura c\u00edvico-militar de 1976\u2033, dice el documento que los integrantes del FreSU dieron a conocer luego del encuentro.<\/p>\n\n\n\n<p>Como la semana pasada, la reuni\u00f3n se realiz\u00f3 en la sede de la UOM que conduce Abel Furl\u00e1n, el dirigente sindical que viene reclam\u00e1ndole a sus compa\u00f1eros de la conducci\u00f3n cegetista una mayor firmeza contra la reforma laboral que impulsa el gobierno.<\/p>\n\n\n\n<p>El FreSU no descarta ni rechaza la negociaci\u00f3n, pero sus integrantes consideran que no se puede negociar con un gobierno que no busca beneficios ni respeto por los derechos de los trabajadores.<\/p>\n\n\n\n<p>El documento lo dice con claridad: \u201cEste proyecto de reforma no surge de un proceso de di\u00e1logo democr\u00e1tico ni de una discusi\u00f3n abierta con las trabajadoras y los trabajadores\u201d. Es m\u00e1s, afirma que el gobierno de Milei busca que el proyecto sea el resultado de \u201cnegociaciones a espaldas del pueblo trabajador, en las que algunos gobernadores estar\u00edan dispuestos a intercambiar el voto de senadores por beneficios coyunturales para sus administraciones provinciales\u201d.<\/p>\n\n\n\n<p>Afirma este grupo que todo lo que est\u00e1 haciendo la Casa Rosada es una maniobra pol\u00edtica que \u201centrega derechos hist\u00f3ricos a cambio de migajas, y que compromete el futuro del trabajo en la Argentina\u201d.<\/p>\n\n\n\n<p>El encuentro de este mi\u00e9rcoles defini\u00f3 el comienzo de un plan de lucha que contempla, por ahora, dos movilizaciones en C\u00f3rdoba y Santa Fe. Se realizar\u00e1n el 5 y 10 de febrero respectivamente. La elecci\u00f3n de las provincias tiene como objetivo presionara sus gobernadores. El cordob\u00e9s Mart\u00edn Llaryora y el santafesino Maximiliano Pullaron, dejaron entrever ciertas diferencias con el proyecto oficial, public\u00f3 P\u00e1gina 12.<\/p>\n\n\n\n<p>El plan de lucha tendr\u00e1 como acci\u00f3n final una movilizaci\u00f3n frente al Congreso prevista para el 11 de febrero. El oficialismo considera que ese d\u00eda podr\u00e1n bajar el texto que destruye los derechor laboral al recinto de la C\u00e1mara de Senadores. Los trabajadores estatales que se sumaron al FreSU tiene previsto convocar para ese d\u00eda un paro general.<\/p>\n\n\n\n<p>\u201cNo hay ning\u00fan elemento en este proyecto de reforma laboral que pueda ayudar a crear empleo, formalizar o mejorar la calidad del trabajo\u201d, afirman los gremios en documento publicado. Incluso se\u00f1alan que este texto normativo responde al modelo econ\u00f3mico que promueve Milei \u201cque necesita salarios bajos, empleo precario y debilitamiento de la organizaci\u00f3n sindical para avanzar en el desguace y privatizaci\u00f3n de las empresas p\u00fablicas y el desmantelamiento del entramado productivo e industrial del pa\u00eds\u201d.<\/p>\n\n\n\n<p>Ahora resta saber cu\u00e1l ser\u00e1 la reacci\u00f3n de la c\u00fapula cegetista, que apuesta por el di\u00e1logo con gobernadores y legisladores en lugar de medidas de acci\u00f3n directa.<\/p>\n","protected":false},"excerpt":{"rendered":"<p>En la sede la UOM se anunci\u00f3 este espacio que aglutina gremios de la CGT pero tambi\u00e9n de las dos CTA. Marchas en C\u00f3rdoba y Santa Fe para culminar frente al Congreso el d\u00eda que se debata el proyecto en el Senado. Se llama Frente de Sindicados Unidos (FreSU). Lo integran gremios como la Uni\u00f3n [&hellip;]<\/p>\n","protected":false},"author":4,"featured_media":6741,"comment_status":"open","ping_status":"open","sticky":false,"template":"","format":"standard","meta":{"footnotes":""},"categories":[18],"tags":[],"class_list":{"0":"post-6740","1":"post","2":"type-post","3":"status-publish","4":"format-standard","5":"has-post-thumbnail","7":"category-nacionales"},"yoast_head":"<!-- This site is optimized with the Yoast SEO plugin v27.4 - https:\/\/yoast.com\/product\/yoast-seo-wordpress\/ -->\n<title>Se cre\u00f3 un nuevo espacio gremial contra la reforma laboral - Diario del Sur<\/title>\n<meta name=\"robots\" content=\"index, follow, max-snippet:-1, max-image-preview:large, max-video-preview:-1\" \/>\n<link rel=\"canonical\" href=\"https:\/\/diariodelsurdigital.com.ar\/?p=6740\" \/>\n<meta property=\"og:locale\" content=\"es_ES\" \/>\n<meta property=\"og:type\" content=\"article\" \/>\n<meta property=\"og:title\" content=\"Se cre\u00f3 un nuevo espacio gremial contra la reforma laboral - Diario del Sur\" \/>\n<meta property=\"og:description\" content=\"En la sede la UOM se anunci\u00f3 este espacio que aglutina gremios de la CGT pero tambi\u00e9n de las dos CTA. Marchas en C\u00f3rdoba y Santa Fe para culminar frente al Congreso el d\u00eda que se debata el proyecto en el Senado. Se llama Frente de Sindicados Unidos (FreSU). Lo integran gremios como la Uni\u00f3n [&hellip;]\" \/>\n<meta property=\"og:url\" content=\"https:\/\/diariodelsurdigital.com.ar\/?p=6740\" \/>\n<meta property=\"og:site_name\" content=\"Diario del Sur\" \/>\n<meta property=\"article:published_time\" content=\"2026-01-29T12:47:17+00:00\" \/>\n<meta property=\"article:modified_time\" content=\"2026-01-29T12:47:18+00:00\" \/>\n<meta property=\"og:image\" content=\"https:\/\/diariodelsurdigital.com.ar\/wp-content\/uploads\/2026\/01\/md-7.webp\" \/>\n\t<meta property=\"og:image:width\" content=\"992\" \/>\n\t<meta property=\"og:image:height\" content=\"587\" \/>\n\t<meta property=\"og:image:type\" content=\"image\/webp\" \/>\n<meta name=\"author\" content=\"Diario del Sur Digital\" \/>\n<meta name=\"twitter:card\" content=\"summary_large_image\" \/>\n<meta name=\"twitter:label1\" content=\"Escrito por\" \/>\n\t<meta name=\"twitter:data1\" content=\"Diario del Sur Digital\" \/>\n\t<meta name=\"twitter:label2\" content=\"Tiempo de lectura\" \/>\n\t<meta name=\"twitter:data2\" content=\"4 minutos\" \/>\n<script type=\"application\/ld+json\" class=\"yoast-schema-graph\">{\"@context\":\"https:\\\/\\\/schema.org\",\"@graph\":[{\"@type\":\"Article\",\"@id\":\"https:\\\/\\\/diariodelsurdigital.com.ar\\\/?p=6740#article\",\"isPartOf\":{\"@id\":\"https:\\\/\\\/diariodelsurdigital.com.ar\\\/?p=6740\"},\"author\":{\"name\":\"Diario del Sur Digital\",\"@id\":\"https:\\\/\\\/diariodelsurdigital.com.ar\\\/#\\\/schema\\\/person\\\/1a4992532ed62965c968031b49195c81\"},\"headline\":\"Se cre\u00f3 un nuevo espacio gremial contra la reforma laboral\",\"datePublished\":\"2026-01-29T12:47:17+00:00\",\"dateModified\":\"2026-01-29T12:47:18+00:00\",\"mainEntityOfPage\":{\"@id\":\"https:\\\/\\\/diariodelsurdigital.com.ar\\\/?p=6740\"},\"wordCount\":713,\"commentCount\":0,\"image\":{\"@id\":\"https:\\\/\\\/diariodelsurdigital.com.ar\\\/?p=6740#primaryimage\"},\"thumbnailUrl\":\"https:\\\/\\\/diariodelsurdigital.com.ar\\\/wp-content\\\/uploads\\\/2026\\\/01\\\/md-7.webp\",\"articleSection\":[\"Nacionales\"],\"inLanguage\":\"es\",\"potentialAction\":[{\"@type\":\"CommentAction\",\"name\":\"Comment\",\"target\":[\"https:\\\/\\\/diariodelsurdigital.com.ar\\\/?p=6740#respond\"]}]},{\"@type\":\"WebPage\",\"@id\":\"https:\\\/\\\/diariodelsurdigital.com.ar\\\/?p=6740\",\"url\":\"https:\\\/\\\/diariodelsurdigital.com.ar\\\/?p=6740\",\"name\":\"Se cre\u00f3 un nuevo espacio gremial contra la reforma laboral - Diario del Sur\",\"isPartOf\":{\"@id\":\"https:\\\/\\\/diariodelsurdigital.com.ar\\\/#website\"},\"primaryImageOfPage\":{\"@id\":\"https:\\\/\\\/diariodelsurdigital.com.ar\\\/?p=6740#primaryimage\"},\"image\":{\"@id\":\"https:\\\/\\\/diariodelsurdigital.com.ar\\\/?p=6740#primaryimage\"},\"thumbnailUrl\":\"https:\\\/\\\/diariodelsurdigital.com.ar\\\/wp-content\\\/uploads\\\/2026\\\/01\\\/md-7.webp\",\"datePublished\":\"2026-01-29T12:47:17+00:00\",\"dateModified\":\"2026-01-29T12:47:18+00:00\",\"author\":{\"@id\":\"https:\\\/\\\/diariodelsurdigital.com.ar\\\/#\\\/schema\\\/person\\\/1a4992532ed62965c968031b49195c81\"},\"breadcrumb\":{\"@id\":\"https:\\\/\\\/diariodelsurdigital.com.ar\\\/?p=6740#breadcrumb\"},\"inLanguage\":\"es\",\"potentialAction\":[{\"@type\":\"ReadAction\",\"target\":[\"https:\\\/\\\/diariodelsurdigital.com.ar\\\/?p=6740\"]}]},{\"@type\":\"ImageObject\",\"inLanguage\":\"es\",\"@id\":\"https:\\\/\\\/diariodelsurdigital.com.ar\\\/?p=6740#primaryimage\",\"url\":\"https:\\\/\\\/diariodelsurdigital.com.ar\\\/wp-content\\\/uploads\\\/2026\\\/01\\\/md-7.webp\",\"contentUrl\":\"https:\\\/\\\/diariodelsurdigital.com.ar\\\/wp-content\\\/uploads\\\/2026\\\/01\\\/md-7.webp\",\"width\":992,\"height\":587},{\"@type\":\"BreadcrumbList\",\"@id\":\"https:\\\/\\\/diariodelsurdigital.com.ar\\\/?p=6740#breadcrumb\",\"itemListElement\":[{\"@type\":\"ListItem\",\"position\":1,\"name\":\"Portada\",\"item\":\"https:\\\/\\\/diariodelsurdigital.com.ar\\\/\"},{\"@type\":\"ListItem\",\"position\":2,\"name\":\"Se cre\u00f3 un nuevo espacio gremial contra la reforma laboral\"}]},{\"@type\":\"WebSite\",\"@id\":\"https:\\\/\\\/diariodelsurdigital.com.ar\\\/#website\",\"url\":\"https:\\\/\\\/diariodelsurdigital.com.ar\\\/\",\"name\":\"Diario del Sur\",\"description\":\"Digital\",\"potentialAction\":[{\"@type\":\"SearchAction\",\"target\":{\"@type\":\"EntryPoint\",\"urlTemplate\":\"https:\\\/\\\/diariodelsurdigital.com.ar\\\/?s={search_term_string}\"},\"query-input\":{\"@type\":\"PropertyValueSpecification\",\"valueRequired\":true,\"valueName\":\"search_term_string\"}}],\"inLanguage\":\"es\"},{\"@type\":\"Person\",\"@id\":\"https:\\\/\\\/diariodelsurdigital.com.ar\\\/#\\\/schema\\\/person\\\/1a4992532ed62965c968031b49195c81\",\"name\":\"Diario del Sur Digital\",\"image\":{\"@type\":\"ImageObject\",\"inLanguage\":\"es\",\"@id\":\"https:\\\/\\\/secure.gravatar.com\\\/avatar\\\/f0c7c47fc7146d19828273b9b8eda651c9c7ab583767e6338d3d3bee825adf76?s=96&d=mm&r=g\",\"url\":\"https:\\\/\\\/secure.gravatar.com\\\/avatar\\\/f0c7c47fc7146d19828273b9b8eda651c9c7ab583767e6338d3d3bee825adf76?s=96&d=mm&r=g\",\"contentUrl\":\"https:\\\/\\\/secure.gravatar.com\\\/avatar\\\/f0c7c47fc7146d19828273b9b8eda651c9c7ab583767e6338d3d3bee825adf76?s=96&d=mm&r=g\",\"caption\":\"Diario del Sur Digital\"},\"url\":\"https:\\\/\\\/diariodelsurdigital.com.ar\\\/?author=4\"}]}<\/script>\n<!-- \/ Yoast SEO plugin. -->","yoast_head_json":{"title":"Se cre\u00f3 un nuevo espacio gremial contra la reforma laboral - Diario del Sur","robots":{"index":"index","follow":"follow","max-snippet":"max-snippet:-1","max-image-preview":"max-image-preview:large","max-video-preview":"max-video-preview:-1"},"canonical":"https:\/\/diariodelsurdigital.com.ar\/?p=6740","og_locale":"es_ES","og_type":"article","og_title":"Se cre\u00f3 un nuevo espacio gremial contra la reforma laboral - Diario del Sur","og_description":"En la sede la UOM se anunci\u00f3 este espacio que aglutina gremios de la CGT pero tambi\u00e9n de las dos CTA. Marchas en C\u00f3rdoba y Santa Fe para culminar frente al Congreso el d\u00eda que se debata el proyecto en el Senado. Se llama Frente de Sindicados Unidos (FreSU). Lo integran gremios como la Uni\u00f3n [&hellip;]","og_url":"https:\/\/diariodelsurdigital.com.ar\/?p=6740","og_site_name":"Diario del Sur","article_published_time":"2026-01-29T12:47:17+00:00","article_modified_time":"2026-01-29T12:47:18+00:00","og_image":[{"width":992,"height":587,"url":"https:\/\/diariodelsurdigital.com.ar\/wp-content\/uploads\/2026\/01\/md-7.webp","type":"image\/webp"}],"author":"Diario del Sur Digital","twitter_card":"summary_large_image","twitter_misc":{"Escrito por":"Diario del Sur Digital","Tiempo de lectura":"4 minutos"},"schema":{"@context":"https:\/\/schema.org","@graph":[{"@type":"Article","@id":"https:\/\/diariodelsurdigital.com.ar\/?p=6740#article","isPartOf":{"@id":"https:\/\/diariodelsurdigital.com.ar\/?p=6740"},"author":{"name":"Diario del Sur Digital","@id":"https:\/\/diariodelsurdigital.com.ar\/#\/schema\/person\/1a4992532ed62965c968031b49195c81"},"headline":"Se cre\u00f3 un nuevo espacio gremial contra la reforma laboral","datePublished":"2026-01-29T12:47:17+00:00","dateModified":"2026-01-29T12:47:18+00:00","mainEntityOfPage":{"@id":"https:\/\/diariodelsurdigital.com.ar\/?p=6740"},"wordCount":713,"commentCount":0,"image":{"@id":"https:\/\/diariodelsurdigital.com.ar\/?p=6740#primaryimage"},"thumbnailUrl":"https:\/\/diariodelsurdigital.com.ar\/wp-content\/uploads\/2026\/01\/md-7.webp","articleSection":["Nacionales"],"inLanguage":"es","potentialAction":[{"@type":"CommentAction","name":"Comment","target":["https:\/\/diariodelsurdigital.com.ar\/?p=6740#respond"]}]},{"@type":"WebPage","@id":"https:\/\/diariodelsurdigital.com.ar\/?p=6740","url":"https:\/\/diariodelsurdigital.com.ar\/?p=6740","name":"Se cre\u00f3 un nuevo espacio gremial contra la reforma laboral - Diario del Sur","isPartOf":{"@id":"https:\/\/diariodelsurdigital.com.ar\/#website"},"primaryImageOfPage":{"@id":"https:\/\/diariodelsurdigital.com.ar\/?p=6740#primaryimage"},"image":{"@id":"https:\/\/diariodelsurdigital.com.ar\/?p=6740#primaryimage"},"thumbnailUrl":"https:\/\/diariodelsurdigital.com.ar\/wp-content\/uploads\/2026\/01\/md-7.webp","datePublished":"2026-01-29T12:47:17+00:00","dateModified":"2026-01-29T12:47:18+00:00","author":{"@id":"https:\/\/diariodelsurdigital.com.ar\/#\/schema\/person\/1a4992532ed62965c968031b49195c81"},"breadcrumb":{"@id":"https:\/\/diariodelsurdigital.com.ar\/?p=6740#breadcrumb"},"inLanguage":"es","potentialAction":[{"@type":"ReadAction","target":["https:\/\/diariodelsurdigital.com.ar\/?p=6740"]}]},{"@type":"ImageObject","inLanguage":"es","@id":"https:\/\/diariodelsurdigital.com.ar\/?p=6740#primaryimage","url":"https:\/\/diariodelsurdigital.com.ar\/wp-content\/uploads\/2026\/01\/md-7.webp","contentUrl":"https:\/\/diariodelsurdigital.com.ar\/wp-content\/uploads\/2026\/01\/md-7.webp","width":992,"height":587},{"@type":"BreadcrumbList","@id":"https:\/\/diariodelsurdigital.com.ar\/?p=6740#breadcrumb","itemListElement":[{"@type":"ListItem","position":1,"name":"Portada","item":"https:\/\/diariodelsurdigital.com.ar\/"},{"@type":"ListItem","position":2,"name":"Se cre\u00f3 un nuevo espacio gremial contra la reforma laboral"}]},{"@type":"WebSite","@id":"https:\/\/diariodelsurdigital.com.ar\/#website","url":"https:\/\/diariodelsurdigital.com.ar\/","name":"Diario del Sur","description":"Digital","potentialAction":[{"@type":"SearchAction","target":{"@type":"EntryPoint","urlTemplate":"https:\/\/diariodelsurdigital.com.ar\/?s={search_term_string}"},"query-input":{"@type":"PropertyValueSpecification","valueRequired":true,"valueName":"search_term_string"}}],"inLanguage":"es"},{"@type":"Person","@id":"https:\/\/diariodelsurdigital.com.ar\/#\/schema\/person\/1a4992532ed62965c968031b49195c81","name":"Diario del Sur Digital","image":{"@type":"ImageObject","inLanguage":"es","@id":"https:\/\/secure.gravatar.com\/avatar\/f0c7c47fc7146d19828273b9b8eda651c9c7ab583767e6338d3d3bee825adf76?s=96&d=mm&r=g","url":"https:\/\/secure.gravatar.com\/avatar\/f0c7c47fc7146d19828273b9b8eda651c9c7ab583767e6338d3d3bee825adf76?s=96&d=mm&r=g","contentUrl":"https:\/\/secure.gravatar.com\/avatar\/f0c7c47fc7146d19828273b9b8eda651c9c7ab583767e6338d3d3bee825adf76?s=96&d=mm&r=g","caption":"Diario del Sur Digital"},"url":"https:\/\/diariodelsurdigital.com.ar\/?author=4"}]}},"_links":{"self":[{"href":"https:\/\/diariodelsurdigital.com.ar\/index.php?rest_route=\/wp\/v2\/posts\/6740","targetHints":{"allow":["GET"]}}],"collection":[{"href":"https:\/\/diariodelsurdigital.com.ar\/index.php?rest_route=\/wp\/v2\/posts"}],"about":[{"href":"https:\/\/diariodelsurdigital.com.ar\/index.php?rest_route=\/wp\/v2\/types\/post"}],"author":[{"embeddable":true,"href":"https:\/\/diariodelsurdigital.com.ar\/index.php?rest_route=\/wp\/v2\/users\/4"}],"replies":[{"embeddable":true,"href":"https:\/\/diariodelsurdigital.com.ar\/index.php?rest_route=%2Fwp%2Fv2%2Fcomments&post=6740"}],"version-history":[{"count":1,"href":"https:\/\/diariodelsurdigital.com.ar\/index.php?rest_route=\/wp\/v2\/posts\/6740\/revisions"}],"predecessor-version":[{"id":6742,"href":"https:\/\/diariodelsurdigital.com.ar\/index.php?rest_route=\/wp\/v2\/posts\/6740\/revisions\/6742"}],"wp:featuredmedia":[{"embeddable":true,"href":"https:\/\/diariodelsurdigital.com.ar\/index.php?rest_route=\/wp\/v2\/media\/6741"}],"wp:attachment":[{"href":"https:\/\/diariodelsurdigital.com.ar\/index.php?rest_route=%2Fwp%2Fv2%2Fmedia&parent=6740"}],"wp:term":[{"taxonomy":"category","embeddable":true,"href":"https:\/\/diariodelsurdigital.com.ar\/index.php?rest_route=%2Fwp%2Fv2%2Fcategories&post=6740"},{"taxonomy":"post_tag","embeddable":true,"href":"https:\/\/diariodelsurdigital.com.ar\/index.php?rest_route=%2Fwp%2Fv2%2Ftags&post=6740"}],"curies":[{"name":"wp","href":"https:\/\/api.w.org\/{rel}","templated":true}]}}