{"id":6743,"date":"2026-01-29T15:36:36","date_gmt":"2026-01-29T18:36:36","guid":{"rendered":"https:\/\/diariodelsurdigital.com.ar\/?p=6743"},"modified":"2026-01-29T15:39:21","modified_gmt":"2026-01-29T18:39:21","slug":"fallecio-en-un-accidente-en-la-ruta-18-el-abogado-concordiense-carlos-medina","status":"publish","type":"post","link":"https:\/\/diariodelsurdigital.com.ar\/?p=6743","title":{"rendered":"Falleci\u00f3 en un accidente en la ruta 18 el abogado concordiense Carlos Medina"},"content":{"rendered":"\n<p><\/p>\n\n\n\n<p>En la ma\u00f1ana de este jueves, alrededor de las 8 de la ma\u00f1ana, se produjo un accidente con una v\u00edctima fatal sobre la ex Ruta Nacional N\u00ba 18, en jurisdicci\u00f3n de General Campos, departamento San Salvador.<\/p>\n\n\n\n<p>Por causas que se tratan de establecer, un autom\u00f3vil Fiat Uno en donde viajaba Medina y su familia y una camioneta Volkswagen Amarok chocaron de manera frontal.<\/p>\n\n\n\n<p>Como consecuencia del violento impacto, el conductor del autom\u00f3vil perdi\u00f3 la vida en el lugar. Se trata de Carlos Albino Medina, de 70 a\u00f1os, un reconocido abogado de la ciudad de Concordia. <\/p>\n\n\n\n<p>Medina era cu\u00f1ado del periodista Juan Jos\u00e9 Corn\u00fa, que seg\u00fan inform\u00f3 a Diario del SUR Digital, su hermana y su sobrina se hallaban internadas y que particularmente su sobrina se hallaba en estado reservado. Corn\u00fa se\u00f1al\u00f3 que Medina, se dirig\u00eda a la ciudad de C\u00f3rdoba de vacaciones.<\/p>\n\n\n\n<figure class=\"wp-block-image size-full\"><img loading=\"lazy\" decoding=\"async\" width=\"556\" height=\"291\" src=\"https:\/\/diariodelsurdigital.com.ar\/wp-content\/uploads\/2026\/01\/carlos1-1.png\" alt=\"\" class=\"wp-image-6745\" srcset=\"https:\/\/diariodelsurdigital.com.ar\/wp-content\/uploads\/2026\/01\/carlos1-1.png 556w, https:\/\/diariodelsurdigital.com.ar\/wp-content\/uploads\/2026\/01\/carlos1-1-300x157.png 300w\" sizes=\"auto, (max-width: 556px) 100vw, 556px\" \/><\/figure>\n\n\n\n<p>Concordia Policiales, indic\u00f3 que, en tanto, el conductor de la camioneta Volkswagen Amarok, oriundo de la ciudad de San Salvador, tambi\u00e9n profesional del derecho y pareja de una defensora oficial de esa ciudad, fue trasladado al Hospital Eva Per\u00f3n de General Campos. Posteriormente recibi\u00f3 el alta m\u00e9dica, ya que presentaba lesiones de car\u00e1cter leve.<\/p>\n\n\n\n<p>A ra\u00edz del siniestro, el tr\u00e1nsito en la zona se mantuvo asistido, con circulaci\u00f3n reducida a un solo carril y habilitaci\u00f3n alternada, mientras se llevaban adelante las tareas correspondientes.<\/p>\n\n\n\n<p>En el lugar trabaj\u00f3 personal policial, Bomberos Voluntarios de General Campos y el fiscal en turno, Fernando M\u00e9ndez, quien dispuso las actuaciones de rigor para avanzar en la investigaci\u00f3n del hecho.<\/p>\n\n\n\n<p><\/p>\n","protected":false},"excerpt":{"rendered":"<p>En la ma\u00f1ana de este jueves, alrededor de las 8 de la ma\u00f1ana, se produjo un accidente con una v\u00edctima fatal sobre la ex Ruta Nacional N\u00ba 18, en jurisdicci\u00f3n de General Campos, departamento San Salvador. Por causas que se tratan de establecer, un autom\u00f3vil Fiat Uno en donde viajaba Medina y su familia y [&hellip;]<\/p>\n","protected":false},"author":2,"featured_media":6744,"comment_status":"open","ping_status":"open","sticky":false,"template":"","format":"standard","meta":{"footnotes":""},"categories":[19,17],"tags":[],"class_list":{"0":"post-6743","1":"post","2":"type-post","3":"status-publish","4":"format-standard","5":"has-post-thumbnail","7":"category-interes-general","8":"category-provinciales"},"yoast_head":"<!-- This site is optimized with the Yoast SEO plugin v27.4 - https:\/\/yoast.com\/product\/yoast-seo-wordpress\/ -->\n<title>Falleci\u00f3 en un accidente en la ruta 18 el abogado concordiense Carlos Medina - Diario del Sur<\/title>\n<meta name=\"robots\" content=\"index, follow, max-snippet:-1, max-image-preview:large, max-video-preview:-1\" \/>\n<link rel=\"canonical\" href=\"https:\/\/diariodelsurdigital.com.ar\/?p=6743\" \/>\n<meta property=\"og:locale\" content=\"es_ES\" \/>\n<meta property=\"og:type\" content=\"article\" \/>\n<meta property=\"og:title\" content=\"Falleci\u00f3 en un accidente en la ruta 18 el abogado concordiense Carlos Medina - Diario del Sur\" \/>\n<meta property=\"og:description\" content=\"En la ma\u00f1ana de este jueves, alrededor de las 8 de la ma\u00f1ana, se produjo un accidente con una v\u00edctima fatal sobre la ex Ruta Nacional N\u00ba 18, en jurisdicci\u00f3n de General Campos, departamento San Salvador. Por causas que se tratan de establecer, un autom\u00f3vil Fiat Uno en donde viajaba Medina y su familia y [&hellip;]\" \/>\n<meta property=\"og:url\" content=\"https:\/\/diariodelsurdigital.com.ar\/?p=6743\" \/>\n<meta property=\"og:site_name\" content=\"Diario del Sur\" \/>\n<meta property=\"article:published_time\" content=\"2026-01-29T18:36:36+00:00\" \/>\n<meta property=\"article:modified_time\" content=\"2026-01-29T18:39:21+00:00\" \/>\n<meta property=\"og:image\" content=\"https:\/\/diariodelsurdigital.com.ar\/wp-content\/uploads\/2026\/01\/carlos-medina4-300x255-1.jpeg\" \/>\n\t<meta property=\"og:image:width\" content=\"454\" \/>\n\t<meta property=\"og:image:height\" content=\"306\" \/>\n\t<meta property=\"og:image:type\" content=\"image\/jpeg\" \/>\n<meta name=\"author\" content=\"Diario del Sur Digital\" \/>\n<meta name=\"twitter:card\" content=\"summary_large_image\" \/>\n<meta name=\"twitter:label1\" content=\"Escrito por\" \/>\n\t<meta name=\"twitter:data1\" content=\"Diario del Sur Digital\" \/>\n\t<meta name=\"twitter:label2\" content=\"Tiempo de lectura\" \/>\n\t<meta name=\"twitter:data2\" content=\"2 minutos\" \/>\n<script type=\"application\/ld+json\" class=\"yoast-schema-graph\">{\"@context\":\"https:\\\/\\\/schema.org\",\"@graph\":[{\"@type\":\"Article\",\"@id\":\"https:\\\/\\\/diariodelsurdigital.com.ar\\\/?p=6743#article\",\"isPartOf\":{\"@id\":\"https:\\\/\\\/diariodelsurdigital.com.ar\\\/?p=6743\"},\"author\":{\"name\":\"Diario del Sur Digital\",\"@id\":\"https:\\\/\\\/diariodelsurdigital.com.ar\\\/#\\\/schema\\\/person\\\/6136a32571657f7dba980b88b04c5465\"},\"headline\":\"Falleci\u00f3 en un accidente en la ruta 18 el abogado concordiense Carlos Medina\",\"datePublished\":\"2026-01-29T18:36:36+00:00\",\"dateModified\":\"2026-01-29T18:39:21+00:00\",\"mainEntityOfPage\":{\"@id\":\"https:\\\/\\\/diariodelsurdigital.com.ar\\\/?p=6743\"},\"wordCount\":287,\"commentCount\":0,\"image\":{\"@id\":\"https:\\\/\\\/diariodelsurdigital.com.ar\\\/?p=6743#primaryimage\"},\"thumbnailUrl\":\"https:\\\/\\\/diariodelsurdigital.com.ar\\\/wp-content\\\/uploads\\\/2026\\\/01\\\/carlos-medina4-300x255-1.jpeg\",\"articleSection\":[\"Inter\u00e9s General\",\"Provinciales\"],\"inLanguage\":\"es\",\"potentialAction\":[{\"@type\":\"CommentAction\",\"name\":\"Comment\",\"target\":[\"https:\\\/\\\/diariodelsurdigital.com.ar\\\/?p=6743#respond\"]}]},{\"@type\":\"WebPage\",\"@id\":\"https:\\\/\\\/diariodelsurdigital.com.ar\\\/?p=6743\",\"url\":\"https:\\\/\\\/diariodelsurdigital.com.ar\\\/?p=6743\",\"name\":\"Falleci\u00f3 en un accidente en la ruta 18 el abogado concordiense Carlos Medina - Diario del Sur\",\"isPartOf\":{\"@id\":\"https:\\\/\\\/diariodelsurdigital.com.ar\\\/#website\"},\"primaryImageOfPage\":{\"@id\":\"https:\\\/\\\/diariodelsurdigital.com.ar\\\/?p=6743#primaryimage\"},\"image\":{\"@id\":\"https:\\\/\\\/diariodelsurdigital.com.ar\\\/?p=6743#primaryimage\"},\"thumbnailUrl\":\"https:\\\/\\\/diariodelsurdigital.com.ar\\\/wp-content\\\/uploads\\\/2026\\\/01\\\/carlos-medina4-300x255-1.jpeg\",\"datePublished\":\"2026-01-29T18:36:36+00:00\",\"dateModified\":\"2026-01-29T18:39:21+00:00\",\"author\":{\"@id\":\"https:\\\/\\\/diariodelsurdigital.com.ar\\\/#\\\/schema\\\/person\\\/6136a32571657f7dba980b88b04c5465\"},\"breadcrumb\":{\"@id\":\"https:\\\/\\\/diariodelsurdigital.com.ar\\\/?p=6743#breadcrumb\"},\"inLanguage\":\"es\",\"potentialAction\":[{\"@type\":\"ReadAction\",\"target\":[\"https:\\\/\\\/diariodelsurdigital.com.ar\\\/?p=6743\"]}]},{\"@type\":\"ImageObject\",\"inLanguage\":\"es\",\"@id\":\"https:\\\/\\\/diariodelsurdigital.com.ar\\\/?p=6743#primaryimage\",\"url\":\"https:\\\/\\\/diariodelsurdigital.com.ar\\\/wp-content\\\/uploads\\\/2026\\\/01\\\/carlos-medina4-300x255-1.jpeg\",\"contentUrl\":\"https:\\\/\\\/diariodelsurdigital.com.ar\\\/wp-content\\\/uploads\\\/2026\\\/01\\\/carlos-medina4-300x255-1.jpeg\",\"width\":454,\"height\":306},{\"@type\":\"BreadcrumbList\",\"@id\":\"https:\\\/\\\/diariodelsurdigital.com.ar\\\/?p=6743#breadcrumb\",\"itemListElement\":[{\"@type\":\"ListItem\",\"position\":1,\"name\":\"Portada\",\"item\":\"https:\\\/\\\/diariodelsurdigital.com.ar\\\/\"},{\"@type\":\"ListItem\",\"position\":2,\"name\":\"Falleci\u00f3 en un accidente en la ruta 18 el abogado concordiense Carlos Medina\"}]},{\"@type\":\"WebSite\",\"@id\":\"https:\\\/\\\/diariodelsurdigital.com.ar\\\/#website\",\"url\":\"https:\\\/\\\/diariodelsurdigital.com.ar\\\/\",\"name\":\"Diario del Sur\",\"description\":\"Digital\",\"potentialAction\":[{\"@type\":\"SearchAction\",\"target\":{\"@type\":\"EntryPoint\",\"urlTemplate\":\"https:\\\/\\\/diariodelsurdigital.com.ar\\\/?s={search_term_string}\"},\"query-input\":{\"@type\":\"PropertyValueSpecification\",\"valueRequired\":true,\"valueName\":\"search_term_string\"}}],\"inLanguage\":\"es\"},{\"@type\":\"Person\",\"@id\":\"https:\\\/\\\/diariodelsurdigital.com.ar\\\/#\\\/schema\\\/person\\\/6136a32571657f7dba980b88b04c5465\",\"name\":\"Diario del Sur Digital\",\"image\":{\"@type\":\"ImageObject\",\"inLanguage\":\"es\",\"@id\":\"https:\\\/\\\/secure.gravatar.com\\\/avatar\\\/4c29ceac98541dd42460b2474aaa5dd37594d6ce6cb3cf2c101d09b48ee287ba?s=96&d=mm&r=g\",\"url\":\"https:\\\/\\\/secure.gravatar.com\\\/avatar\\\/4c29ceac98541dd42460b2474aaa5dd37594d6ce6cb3cf2c101d09b48ee287ba?s=96&d=mm&r=g\",\"contentUrl\":\"https:\\\/\\\/secure.gravatar.com\\\/avatar\\\/4c29ceac98541dd42460b2474aaa5dd37594d6ce6cb3cf2c101d09b48ee287ba?s=96&d=mm&r=g\",\"caption\":\"Diario del Sur Digital\"},\"url\":\"https:\\\/\\\/diariodelsurdigital.com.ar\\\/?author=2\"}]}<\/script>\n<!-- \/ Yoast SEO plugin. -->","yoast_head_json":{"title":"Falleci\u00f3 en un accidente en la ruta 18 el abogado concordiense Carlos Medina - Diario del Sur","robots":{"index":"index","follow":"follow","max-snippet":"max-snippet:-1","max-image-preview":"max-image-preview:large","max-video-preview":"max-video-preview:-1"},"canonical":"https:\/\/diariodelsurdigital.com.ar\/?p=6743","og_locale":"es_ES","og_type":"article","og_title":"Falleci\u00f3 en un accidente en la ruta 18 el abogado concordiense Carlos Medina - Diario del Sur","og_description":"En la ma\u00f1ana de este jueves, alrededor de las 8 de la ma\u00f1ana, se produjo un accidente con una v\u00edctima fatal sobre la ex Ruta Nacional N\u00ba 18, en jurisdicci\u00f3n de General Campos, departamento San Salvador. Por causas que se tratan de establecer, un autom\u00f3vil Fiat Uno en donde viajaba Medina y su familia y [&hellip;]","og_url":"https:\/\/diariodelsurdigital.com.ar\/?p=6743","og_site_name":"Diario del Sur","article_published_time":"2026-01-29T18:36:36+00:00","article_modified_time":"2026-01-29T18:39:21+00:00","og_image":[{"width":454,"height":306,"url":"https:\/\/diariodelsurdigital.com.ar\/wp-content\/uploads\/2026\/01\/carlos-medina4-300x255-1.jpeg","type":"image\/jpeg"}],"author":"Diario del Sur Digital","twitter_card":"summary_large_image","twitter_misc":{"Escrito por":"Diario del Sur Digital","Tiempo de lectura":"2 minutos"},"schema":{"@context":"https:\/\/schema.org","@graph":[{"@type":"Article","@id":"https:\/\/diariodelsurdigital.com.ar\/?p=6743#article","isPartOf":{"@id":"https:\/\/diariodelsurdigital.com.ar\/?p=6743"},"author":{"name":"Diario del Sur Digital","@id":"https:\/\/diariodelsurdigital.com.ar\/#\/schema\/person\/6136a32571657f7dba980b88b04c5465"},"headline":"Falleci\u00f3 en un accidente en la ruta 18 el abogado concordiense Carlos Medina","datePublished":"2026-01-29T18:36:36+00:00","dateModified":"2026-01-29T18:39:21+00:00","mainEntityOfPage":{"@id":"https:\/\/diariodelsurdigital.com.ar\/?p=6743"},"wordCount":287,"commentCount":0,"image":{"@id":"https:\/\/diariodelsurdigital.com.ar\/?p=6743#primaryimage"},"thumbnailUrl":"https:\/\/diariodelsurdigital.com.ar\/wp-content\/uploads\/2026\/01\/carlos-medina4-300x255-1.jpeg","articleSection":["Inter\u00e9s General","Provinciales"],"inLanguage":"es","potentialAction":[{"@type":"CommentAction","name":"Comment","target":["https:\/\/diariodelsurdigital.com.ar\/?p=6743#respond"]}]},{"@type":"WebPage","@id":"https:\/\/diariodelsurdigital.com.ar\/?p=6743","url":"https:\/\/diariodelsurdigital.com.ar\/?p=6743","name":"Falleci\u00f3 en un accidente en la ruta 18 el abogado concordiense Carlos Medina - Diario del Sur","isPartOf":{"@id":"https:\/\/diariodelsurdigital.com.ar\/#website"},"primaryImageOfPage":{"@id":"https:\/\/diariodelsurdigital.com.ar\/?p=6743#primaryimage"},"image":{"@id":"https:\/\/diariodelsurdigital.com.ar\/?p=6743#primaryimage"},"thumbnailUrl":"https:\/\/diariodelsurdigital.com.ar\/wp-content\/uploads\/2026\/01\/carlos-medina4-300x255-1.jpeg","datePublished":"2026-01-29T18:36:36+00:00","dateModified":"2026-01-29T18:39:21+00:00","author":{"@id":"https:\/\/diariodelsurdigital.com.ar\/#\/schema\/person\/6136a32571657f7dba980b88b04c5465"},"breadcrumb":{"@id":"https:\/\/diariodelsurdigital.com.ar\/?p=6743#breadcrumb"},"inLanguage":"es","potentialAction":[{"@type":"ReadAction","target":["https:\/\/diariodelsurdigital.com.ar\/?p=6743"]}]},{"@type":"ImageObject","inLanguage":"es","@id":"https:\/\/diariodelsurdigital.com.ar\/?p=6743#primaryimage","url":"https:\/\/diariodelsurdigital.com.ar\/wp-content\/uploads\/2026\/01\/carlos-medina4-300x255-1.jpeg","contentUrl":"https:\/\/diariodelsurdigital.com.ar\/wp-content\/uploads\/2026\/01\/carlos-medina4-300x255-1.jpeg","width":454,"height":306},{"@type":"BreadcrumbList","@id":"https:\/\/diariodelsurdigital.com.ar\/?p=6743#breadcrumb","itemListElement":[{"@type":"ListItem","position":1,"name":"Portada","item":"https:\/\/diariodelsurdigital.com.ar\/"},{"@type":"ListItem","position":2,"name":"Falleci\u00f3 en un accidente en la ruta 18 el abogado concordiense Carlos Medina"}]},{"@type":"WebSite","@id":"https:\/\/diariodelsurdigital.com.ar\/#website","url":"https:\/\/diariodelsurdigital.com.ar\/","name":"Diario del Sur","description":"Digital","potentialAction":[{"@type":"SearchAction","target":{"@type":"EntryPoint","urlTemplate":"https:\/\/diariodelsurdigital.com.ar\/?s={search_term_string}"},"query-input":{"@type":"PropertyValueSpecification","valueRequired":true,"valueName":"search_term_string"}}],"inLanguage":"es"},{"@type":"Person","@id":"https:\/\/diariodelsurdigital.com.ar\/#\/schema\/person\/6136a32571657f7dba980b88b04c5465","name":"Diario del Sur Digital","image":{"@type":"ImageObject","inLanguage":"es","@id":"https:\/\/secure.gravatar.com\/avatar\/4c29ceac98541dd42460b2474aaa5dd37594d6ce6cb3cf2c101d09b48ee287ba?s=96&d=mm&r=g","url":"https:\/\/secure.gravatar.com\/avatar\/4c29ceac98541dd42460b2474aaa5dd37594d6ce6cb3cf2c101d09b48ee287ba?s=96&d=mm&r=g","contentUrl":"https:\/\/secure.gravatar.com\/avatar\/4c29ceac98541dd42460b2474aaa5dd37594d6ce6cb3cf2c101d09b48ee287ba?s=96&d=mm&r=g","caption":"Diario del Sur Digital"},"url":"https:\/\/diariodelsurdigital.com.ar\/?author=2"}]}},"_links":{"self":[{"href":"https:\/\/diariodelsurdigital.com.ar\/index.php?rest_route=\/wp\/v2\/posts\/6743","targetHints":{"allow":["GET"]}}],"collection":[{"href":"https:\/\/diariodelsurdigital.com.ar\/index.php?rest_route=\/wp\/v2\/posts"}],"about":[{"href":"https:\/\/diariodelsurdigital.com.ar\/index.php?rest_route=\/wp\/v2\/types\/post"}],"author":[{"embeddable":true,"href":"https:\/\/diariodelsurdigital.com.ar\/index.php?rest_route=\/wp\/v2\/users\/2"}],"replies":[{"embeddable":true,"href":"https:\/\/diariodelsurdigital.com.ar\/index.php?rest_route=%2Fwp%2Fv2%2Fcomments&post=6743"}],"version-history":[{"count":2,"href":"https:\/\/diariodelsurdigital.com.ar\/index.php?rest_route=\/wp\/v2\/posts\/6743\/revisions"}],"predecessor-version":[{"id":6748,"href":"https:\/\/diariodelsurdigital.com.ar\/index.php?rest_route=\/wp\/v2\/posts\/6743\/revisions\/6748"}],"wp:featuredmedia":[{"embeddable":true,"href":"https:\/\/diariodelsurdigital.com.ar\/index.php?rest_route=\/wp\/v2\/media\/6744"}],"wp:attachment":[{"href":"https:\/\/diariodelsurdigital.com.ar\/index.php?rest_route=%2Fwp%2Fv2%2Fmedia&parent=6743"}],"wp:term":[{"taxonomy":"category","embeddable":true,"href":"https:\/\/diariodelsurdigital.com.ar\/index.php?rest_route=%2Fwp%2Fv2%2Fcategories&post=6743"},{"taxonomy":"post_tag","embeddable":true,"href":"https:\/\/diariodelsurdigital.com.ar\/index.php?rest_route=%2Fwp%2Fv2%2Ftags&post=6743"}],"curies":[{"name":"wp","href":"https:\/\/api.w.org\/{rel}","templated":true}]}}