{"id":6760,"date":"2026-01-30T14:34:49","date_gmt":"2026-01-30T17:34:49","guid":{"rendered":"https:\/\/diariodelsurdigital.com.ar\/?p=6760"},"modified":"2026-01-30T14:34:50","modified_gmt":"2026-01-30T17:34:50","slug":"el-gobierno-nacional-declaro-por-dnu-la-emergencia-ignea-en-cuatro-provincias","status":"publish","type":"post","link":"https:\/\/diariodelsurdigital.com.ar\/?p=6760","title":{"rendered":"El Gobierno nacional declar\u00f3 por DNU la emergencia \u00edgnea en cuatro provincias"},"content":{"rendered":"\n<p>En medio del avance de los incendios en la Patagonia y ante la incapacidad operativa para contenerlos, el Poder Ejecutivo emiti\u00f3 un decreto de necesidad y urgencia que declara la emergencia \u00edgnea y zona de desastre en Chubut, R\u00edo Negro, Neuqu\u00e9n y La Pampa, y otorga un rol central a la Agencia Federal de Emergencias.<\/p>\n\n\n\n<p>Tal como se hab\u00eda anticipado el jueves y hecho trascender luego de la reuni\u00f3n de la Mesa Pol\u00edtica reunida en Casa de Gobierno, el Poder Ejecutivo oficializ\u00f3 este viernes por la madrugada la declaraci\u00f3n de la emergencia \u00edgnea en cuatro provincias del sur del pa\u00eds, a trav\u00e9s del decreto de necesidad y urgencia (DNU) 73\/2026, publicado en el Bolet\u00edn Oficial.<\/p>\n\n\n\n<p>La medida alcanza a Chubut, R\u00edo Negro, Neuqu\u00e9n y La Pampa, jurisdicciones que atraviesan una situaci\u00f3n cr\u00edtica por los incendios forestales, en particular los registrados en el Parque Nacional Los Alerces.<\/p>\n\n\n\n<p>El decreto recuerda que el art\u00edculo 41 de la Constituci\u00f3n garantiza el derecho a un ambiente sano y obliga al Estado a proteger el patrimonio natural. En ese marco, el Gobierno sostiene que la gravedad del escenario, agravado por la sequ\u00eda y los intensos vientos, gener\u00f3 un \u201cda\u00f1o ambiental significativo\u201d y puso en riesgo bienes y vidas humanas, superando la capacidad operativa de los equipos desplegados hasta el momento.<\/p>\n\n\n\n<p>Luego de que se informara por la tarde que habr\u00eda un DNU, en lugar de una ley aprobada en el marco de las sesiones extraordinarias, el jefe de Gabinete, Manuel Adorni, confirm\u00f3 el dato a trav\u00e9s de las redes sociales.<\/p>\n\n\n\n<p>El DNU invoca adem\u00e1s la Ley de Manejo del Fuego 26.815 y la Ley 27.287 de Gesti\u00f3n Integral del Riesgo, que establecen las bases para la prevenci\u00f3n, control y respuesta ante siniestros forestales y otras emergencias. Seg\u00fan recuerda la norma, la autoridad nacional de aplicaci\u00f3n es el Ministerio de Seguridad Nacional, del que depende la Agencia Federal de Emergencias (AFE), creada en 2025 para coordinar la asistencia ante desastres naturales.<\/p>\n\n\n\n<p>El Gobierno argumenta que la magnitud de la situaci\u00f3n torna imposible esperar el tr\u00e1mite legislativo ordinario y justifica por ello el uso de facultades excepcionales bajo el art\u00edculo 99 inciso 3 de la Constituci\u00f3n. El decreto dispone que la AFE asuma la coordinaci\u00f3n de todas las acciones vinculadas a la prevenci\u00f3n, presupresi\u00f3n y combate del fuego; la asistencia a las personas afectadas; y el apoyo a provincias y municipios para la recuperaci\u00f3n de las zonas da\u00f1adas.<\/p>\n\n\n\n<p>La emergencia \u00edgnea tendr\u00e1 una vigencia inicial de un a\u00f1o y se declara tambi\u00e9n zona de desastre a todo el territorio alcanzado por los incendios. La AFE deber\u00e1 actuar en articulaci\u00f3n con los gobiernos provinciales y municipales, siguiendo los protocolos del Plan Nacional de Manejo del Fuego.<\/p>\n\n\n\n<p>Como establece la Ley 26.122, el DNU ser\u00e1 remitido a la Comisi\u00f3n Bicameral Permanente del Congreso para su tratamiento, mientras que la vigencia rige desde su publicaci\u00f3n en el Bolet\u00edn Oficial. El texto lleva la firma del presidente Javier Milei y del gabinete en pleno, public\u00f3 Parlamentario.<\/p>\n","protected":false},"excerpt":{"rendered":"<p>En medio del avance de los incendios en la Patagonia y ante la incapacidad operativa para contenerlos, el Poder Ejecutivo emiti\u00f3 un decreto de necesidad y urgencia que declara la emergencia \u00edgnea y zona de desastre en Chubut, R\u00edo Negro, Neuqu\u00e9n y La Pampa, y otorga un rol central a la Agencia Federal de Emergencias. [&hellip;]<\/p>\n","protected":false},"author":4,"featured_media":6761,"comment_status":"open","ping_status":"open","sticky":false,"template":"","format":"standard","meta":{"footnotes":""},"categories":[19,18],"tags":[],"class_list":{"0":"post-6760","1":"post","2":"type-post","3":"status-publish","4":"format-standard","5":"has-post-thumbnail","7":"category-interes-general","8":"category-nacionales"},"yoast_head":"<!-- This site is optimized with the Yoast SEO plugin v27.4 - https:\/\/yoast.com\/product\/yoast-seo-wordpress\/ -->\n<title>El Gobierno nacional declar\u00f3 por DNU la emergencia \u00edgnea en cuatro provincias - Diario del Sur<\/title>\n<meta name=\"robots\" content=\"index, follow, max-snippet:-1, max-image-preview:large, max-video-preview:-1\" \/>\n<link rel=\"canonical\" href=\"https:\/\/diariodelsurdigital.com.ar\/?p=6760\" \/>\n<meta property=\"og:locale\" content=\"es_ES\" \/>\n<meta property=\"og:type\" content=\"article\" \/>\n<meta property=\"og:title\" content=\"El Gobierno nacional declar\u00f3 por DNU la emergencia \u00edgnea en cuatro provincias - Diario del Sur\" \/>\n<meta property=\"og:description\" content=\"En medio del avance de los incendios en la Patagonia y ante la incapacidad operativa para contenerlos, el Poder Ejecutivo emiti\u00f3 un decreto de necesidad y urgencia que declara la emergencia \u00edgnea y zona de desastre en Chubut, R\u00edo Negro, Neuqu\u00e9n y La Pampa, y otorga un rol central a la Agencia Federal de Emergencias. [&hellip;]\" \/>\n<meta property=\"og:url\" content=\"https:\/\/diariodelsurdigital.com.ar\/?p=6760\" \/>\n<meta property=\"og:site_name\" content=\"Diario del Sur\" \/>\n<meta property=\"article:published_time\" content=\"2026-01-30T17:34:49+00:00\" \/>\n<meta property=\"article:modified_time\" content=\"2026-01-30T17:34:50+00:00\" \/>\n<meta property=\"og:image\" content=\"https:\/\/diariodelsurdigital.com.ar\/wp-content\/uploads\/2026\/01\/md-10.webp\" \/>\n\t<meta property=\"og:image:width\" content=\"992\" \/>\n\t<meta property=\"og:image:height\" content=\"558\" \/>\n\t<meta property=\"og:image:type\" content=\"image\/webp\" \/>\n<meta name=\"author\" content=\"Diario del Sur Digital\" \/>\n<meta name=\"twitter:card\" content=\"summary_large_image\" \/>\n<meta name=\"twitter:label1\" content=\"Escrito por\" \/>\n\t<meta name=\"twitter:data1\" content=\"Diario del Sur Digital\" \/>\n\t<meta name=\"twitter:label2\" content=\"Tiempo de lectura\" \/>\n\t<meta name=\"twitter:data2\" content=\"3 minutos\" \/>\n<script type=\"application\/ld+json\" class=\"yoast-schema-graph\">{\"@context\":\"https:\\\/\\\/schema.org\",\"@graph\":[{\"@type\":\"Article\",\"@id\":\"https:\\\/\\\/diariodelsurdigital.com.ar\\\/?p=6760#article\",\"isPartOf\":{\"@id\":\"https:\\\/\\\/diariodelsurdigital.com.ar\\\/?p=6760\"},\"author\":{\"name\":\"Diario del Sur Digital\",\"@id\":\"https:\\\/\\\/diariodelsurdigital.com.ar\\\/#\\\/schema\\\/person\\\/1a4992532ed62965c968031b49195c81\"},\"headline\":\"El Gobierno nacional declar\u00f3 por DNU la emergencia \u00edgnea en cuatro provincias\",\"datePublished\":\"2026-01-30T17:34:49+00:00\",\"dateModified\":\"2026-01-30T17:34:50+00:00\",\"mainEntityOfPage\":{\"@id\":\"https:\\\/\\\/diariodelsurdigital.com.ar\\\/?p=6760\"},\"wordCount\":538,\"commentCount\":0,\"image\":{\"@id\":\"https:\\\/\\\/diariodelsurdigital.com.ar\\\/?p=6760#primaryimage\"},\"thumbnailUrl\":\"https:\\\/\\\/diariodelsurdigital.com.ar\\\/wp-content\\\/uploads\\\/2026\\\/01\\\/md-10.webp\",\"articleSection\":[\"Inter\u00e9s General\",\"Nacionales\"],\"inLanguage\":\"es\",\"potentialAction\":[{\"@type\":\"CommentAction\",\"name\":\"Comment\",\"target\":[\"https:\\\/\\\/diariodelsurdigital.com.ar\\\/?p=6760#respond\"]}]},{\"@type\":\"WebPage\",\"@id\":\"https:\\\/\\\/diariodelsurdigital.com.ar\\\/?p=6760\",\"url\":\"https:\\\/\\\/diariodelsurdigital.com.ar\\\/?p=6760\",\"name\":\"El Gobierno nacional declar\u00f3 por DNU la emergencia \u00edgnea en cuatro provincias - Diario del Sur\",\"isPartOf\":{\"@id\":\"https:\\\/\\\/diariodelsurdigital.com.ar\\\/#website\"},\"primaryImageOfPage\":{\"@id\":\"https:\\\/\\\/diariodelsurdigital.com.ar\\\/?p=6760#primaryimage\"},\"image\":{\"@id\":\"https:\\\/\\\/diariodelsurdigital.com.ar\\\/?p=6760#primaryimage\"},\"thumbnailUrl\":\"https:\\\/\\\/diariodelsurdigital.com.ar\\\/wp-content\\\/uploads\\\/2026\\\/01\\\/md-10.webp\",\"datePublished\":\"2026-01-30T17:34:49+00:00\",\"dateModified\":\"2026-01-30T17:34:50+00:00\",\"author\":{\"@id\":\"https:\\\/\\\/diariodelsurdigital.com.ar\\\/#\\\/schema\\\/person\\\/1a4992532ed62965c968031b49195c81\"},\"breadcrumb\":{\"@id\":\"https:\\\/\\\/diariodelsurdigital.com.ar\\\/?p=6760#breadcrumb\"},\"inLanguage\":\"es\",\"potentialAction\":[{\"@type\":\"ReadAction\",\"target\":[\"https:\\\/\\\/diariodelsurdigital.com.ar\\\/?p=6760\"]}]},{\"@type\":\"ImageObject\",\"inLanguage\":\"es\",\"@id\":\"https:\\\/\\\/diariodelsurdigital.com.ar\\\/?p=6760#primaryimage\",\"url\":\"https:\\\/\\\/diariodelsurdigital.com.ar\\\/wp-content\\\/uploads\\\/2026\\\/01\\\/md-10.webp\",\"contentUrl\":\"https:\\\/\\\/diariodelsurdigital.com.ar\\\/wp-content\\\/uploads\\\/2026\\\/01\\\/md-10.webp\",\"width\":992,\"height\":558},{\"@type\":\"BreadcrumbList\",\"@id\":\"https:\\\/\\\/diariodelsurdigital.com.ar\\\/?p=6760#breadcrumb\",\"itemListElement\":[{\"@type\":\"ListItem\",\"position\":1,\"name\":\"Portada\",\"item\":\"https:\\\/\\\/diariodelsurdigital.com.ar\\\/\"},{\"@type\":\"ListItem\",\"position\":2,\"name\":\"El Gobierno nacional declar\u00f3 por DNU la emergencia \u00edgnea en cuatro provincias\"}]},{\"@type\":\"WebSite\",\"@id\":\"https:\\\/\\\/diariodelsurdigital.com.ar\\\/#website\",\"url\":\"https:\\\/\\\/diariodelsurdigital.com.ar\\\/\",\"name\":\"Diario del Sur\",\"description\":\"Digital\",\"potentialAction\":[{\"@type\":\"SearchAction\",\"target\":{\"@type\":\"EntryPoint\",\"urlTemplate\":\"https:\\\/\\\/diariodelsurdigital.com.ar\\\/?s={search_term_string}\"},\"query-input\":{\"@type\":\"PropertyValueSpecification\",\"valueRequired\":true,\"valueName\":\"search_term_string\"}}],\"inLanguage\":\"es\"},{\"@type\":\"Person\",\"@id\":\"https:\\\/\\\/diariodelsurdigital.com.ar\\\/#\\\/schema\\\/person\\\/1a4992532ed62965c968031b49195c81\",\"name\":\"Diario del Sur Digital\",\"image\":{\"@type\":\"ImageObject\",\"inLanguage\":\"es\",\"@id\":\"https:\\\/\\\/secure.gravatar.com\\\/avatar\\\/f0c7c47fc7146d19828273b9b8eda651c9c7ab583767e6338d3d3bee825adf76?s=96&d=mm&r=g\",\"url\":\"https:\\\/\\\/secure.gravatar.com\\\/avatar\\\/f0c7c47fc7146d19828273b9b8eda651c9c7ab583767e6338d3d3bee825adf76?s=96&d=mm&r=g\",\"contentUrl\":\"https:\\\/\\\/secure.gravatar.com\\\/avatar\\\/f0c7c47fc7146d19828273b9b8eda651c9c7ab583767e6338d3d3bee825adf76?s=96&d=mm&r=g\",\"caption\":\"Diario del Sur Digital\"},\"url\":\"https:\\\/\\\/diariodelsurdigital.com.ar\\\/?author=4\"}]}<\/script>\n<!-- \/ Yoast SEO plugin. -->","yoast_head_json":{"title":"El Gobierno nacional declar\u00f3 por DNU la emergencia \u00edgnea en cuatro provincias - Diario del Sur","robots":{"index":"index","follow":"follow","max-snippet":"max-snippet:-1","max-image-preview":"max-image-preview:large","max-video-preview":"max-video-preview:-1"},"canonical":"https:\/\/diariodelsurdigital.com.ar\/?p=6760","og_locale":"es_ES","og_type":"article","og_title":"El Gobierno nacional declar\u00f3 por DNU la emergencia \u00edgnea en cuatro provincias - Diario del Sur","og_description":"En medio del avance de los incendios en la Patagonia y ante la incapacidad operativa para contenerlos, el Poder Ejecutivo emiti\u00f3 un decreto de necesidad y urgencia que declara la emergencia \u00edgnea y zona de desastre en Chubut, R\u00edo Negro, Neuqu\u00e9n y La Pampa, y otorga un rol central a la Agencia Federal de Emergencias. [&hellip;]","og_url":"https:\/\/diariodelsurdigital.com.ar\/?p=6760","og_site_name":"Diario del Sur","article_published_time":"2026-01-30T17:34:49+00:00","article_modified_time":"2026-01-30T17:34:50+00:00","og_image":[{"width":992,"height":558,"url":"https:\/\/diariodelsurdigital.com.ar\/wp-content\/uploads\/2026\/01\/md-10.webp","type":"image\/webp"}],"author":"Diario del Sur Digital","twitter_card":"summary_large_image","twitter_misc":{"Escrito por":"Diario del Sur Digital","Tiempo de lectura":"3 minutos"},"schema":{"@context":"https:\/\/schema.org","@graph":[{"@type":"Article","@id":"https:\/\/diariodelsurdigital.com.ar\/?p=6760#article","isPartOf":{"@id":"https:\/\/diariodelsurdigital.com.ar\/?p=6760"},"author":{"name":"Diario del Sur Digital","@id":"https:\/\/diariodelsurdigital.com.ar\/#\/schema\/person\/1a4992532ed62965c968031b49195c81"},"headline":"El Gobierno nacional declar\u00f3 por DNU la emergencia \u00edgnea en cuatro provincias","datePublished":"2026-01-30T17:34:49+00:00","dateModified":"2026-01-30T17:34:50+00:00","mainEntityOfPage":{"@id":"https:\/\/diariodelsurdigital.com.ar\/?p=6760"},"wordCount":538,"commentCount":0,"image":{"@id":"https:\/\/diariodelsurdigital.com.ar\/?p=6760#primaryimage"},"thumbnailUrl":"https:\/\/diariodelsurdigital.com.ar\/wp-content\/uploads\/2026\/01\/md-10.webp","articleSection":["Inter\u00e9s General","Nacionales"],"inLanguage":"es","potentialAction":[{"@type":"CommentAction","name":"Comment","target":["https:\/\/diariodelsurdigital.com.ar\/?p=6760#respond"]}]},{"@type":"WebPage","@id":"https:\/\/diariodelsurdigital.com.ar\/?p=6760","url":"https:\/\/diariodelsurdigital.com.ar\/?p=6760","name":"El Gobierno nacional declar\u00f3 por DNU la emergencia \u00edgnea en cuatro provincias - Diario del Sur","isPartOf":{"@id":"https:\/\/diariodelsurdigital.com.ar\/#website"},"primaryImageOfPage":{"@id":"https:\/\/diariodelsurdigital.com.ar\/?p=6760#primaryimage"},"image":{"@id":"https:\/\/diariodelsurdigital.com.ar\/?p=6760#primaryimage"},"thumbnailUrl":"https:\/\/diariodelsurdigital.com.ar\/wp-content\/uploads\/2026\/01\/md-10.webp","datePublished":"2026-01-30T17:34:49+00:00","dateModified":"2026-01-30T17:34:50+00:00","author":{"@id":"https:\/\/diariodelsurdigital.com.ar\/#\/schema\/person\/1a4992532ed62965c968031b49195c81"},"breadcrumb":{"@id":"https:\/\/diariodelsurdigital.com.ar\/?p=6760#breadcrumb"},"inLanguage":"es","potentialAction":[{"@type":"ReadAction","target":["https:\/\/diariodelsurdigital.com.ar\/?p=6760"]}]},{"@type":"ImageObject","inLanguage":"es","@id":"https:\/\/diariodelsurdigital.com.ar\/?p=6760#primaryimage","url":"https:\/\/diariodelsurdigital.com.ar\/wp-content\/uploads\/2026\/01\/md-10.webp","contentUrl":"https:\/\/diariodelsurdigital.com.ar\/wp-content\/uploads\/2026\/01\/md-10.webp","width":992,"height":558},{"@type":"BreadcrumbList","@id":"https:\/\/diariodelsurdigital.com.ar\/?p=6760#breadcrumb","itemListElement":[{"@type":"ListItem","position":1,"name":"Portada","item":"https:\/\/diariodelsurdigital.com.ar\/"},{"@type":"ListItem","position":2,"name":"El Gobierno nacional declar\u00f3 por DNU la emergencia \u00edgnea en cuatro provincias"}]},{"@type":"WebSite","@id":"https:\/\/diariodelsurdigital.com.ar\/#website","url":"https:\/\/diariodelsurdigital.com.ar\/","name":"Diario del Sur","description":"Digital","potentialAction":[{"@type":"SearchAction","target":{"@type":"EntryPoint","urlTemplate":"https:\/\/diariodelsurdigital.com.ar\/?s={search_term_string}"},"query-input":{"@type":"PropertyValueSpecification","valueRequired":true,"valueName":"search_term_string"}}],"inLanguage":"es"},{"@type":"Person","@id":"https:\/\/diariodelsurdigital.com.ar\/#\/schema\/person\/1a4992532ed62965c968031b49195c81","name":"Diario del Sur Digital","image":{"@type":"ImageObject","inLanguage":"es","@id":"https:\/\/secure.gravatar.com\/avatar\/f0c7c47fc7146d19828273b9b8eda651c9c7ab583767e6338d3d3bee825adf76?s=96&d=mm&r=g","url":"https:\/\/secure.gravatar.com\/avatar\/f0c7c47fc7146d19828273b9b8eda651c9c7ab583767e6338d3d3bee825adf76?s=96&d=mm&r=g","contentUrl":"https:\/\/secure.gravatar.com\/avatar\/f0c7c47fc7146d19828273b9b8eda651c9c7ab583767e6338d3d3bee825adf76?s=96&d=mm&r=g","caption":"Diario del Sur Digital"},"url":"https:\/\/diariodelsurdigital.com.ar\/?author=4"}]}},"_links":{"self":[{"href":"https:\/\/diariodelsurdigital.com.ar\/index.php?rest_route=\/wp\/v2\/posts\/6760","targetHints":{"allow":["GET"]}}],"collection":[{"href":"https:\/\/diariodelsurdigital.com.ar\/index.php?rest_route=\/wp\/v2\/posts"}],"about":[{"href":"https:\/\/diariodelsurdigital.com.ar\/index.php?rest_route=\/wp\/v2\/types\/post"}],"author":[{"embeddable":true,"href":"https:\/\/diariodelsurdigital.com.ar\/index.php?rest_route=\/wp\/v2\/users\/4"}],"replies":[{"embeddable":true,"href":"https:\/\/diariodelsurdigital.com.ar\/index.php?rest_route=%2Fwp%2Fv2%2Fcomments&post=6760"}],"version-history":[{"count":1,"href":"https:\/\/diariodelsurdigital.com.ar\/index.php?rest_route=\/wp\/v2\/posts\/6760\/revisions"}],"predecessor-version":[{"id":6762,"href":"https:\/\/diariodelsurdigital.com.ar\/index.php?rest_route=\/wp\/v2\/posts\/6760\/revisions\/6762"}],"wp:featuredmedia":[{"embeddable":true,"href":"https:\/\/diariodelsurdigital.com.ar\/index.php?rest_route=\/wp\/v2\/media\/6761"}],"wp:attachment":[{"href":"https:\/\/diariodelsurdigital.com.ar\/index.php?rest_route=%2Fwp%2Fv2%2Fmedia&parent=6760"}],"wp:term":[{"taxonomy":"category","embeddable":true,"href":"https:\/\/diariodelsurdigital.com.ar\/index.php?rest_route=%2Fwp%2Fv2%2Fcategories&post=6760"},{"taxonomy":"post_tag","embeddable":true,"href":"https:\/\/diariodelsurdigital.com.ar\/index.php?rest_route=%2Fwp%2Fv2%2Ftags&post=6760"}],"curies":[{"name":"wp","href":"https:\/\/api.w.org\/{rel}","templated":true}]}}