{"id":6770,"date":"2026-02-02T14:19:40","date_gmt":"2026-02-02T17:19:40","guid":{"rendered":"https:\/\/diariodelsurdigital.com.ar\/?p=6770"},"modified":"2026-02-02T14:19:41","modified_gmt":"2026-02-02T17:19:41","slug":"el-sector-turistico-de-concordia-advierte-que-enero-fue-peor-de-lo-esperado","status":"publish","type":"post","link":"https:\/\/diariodelsurdigital.com.ar\/?p=6770","title":{"rendered":"El sector tur\u00edstico de Concordia advierte que enero fue \u00abpeor de lo esperado\u00bb"},"content":{"rendered":"\n<p>Desde la Asociaci\u00f3n Hotelera y Gastron\u00f3mica de Concordia se\u00f1alaron que, si bien se preve\u00edan cifras modestas para el primer mes del a\u00f1o, el movimiento tur\u00edstico real termin\u00f3 perforando el piso de las expectativas iniciales.<\/p>\n\n\n\n<p>Carlos Haure, titular de la entidad, explic\u00f3 que \u201cla temporada ha sido un poco peor de lo que esper\u00e1bamos\u00bb. El dirigente detall\u00f3 que, aunque hubo un flujo aceptable de visitantes durante los primeros d\u00edas de enero, \u00aba partir del 6 o el 7 la ocupaci\u00f3n cay\u00f3 considerablemente\u201d.<\/p>\n\n\n\n<p>Cifras por debajo de la media hist\u00f3rica<br>Al analizar las estad\u00edsticas del mes, Haure manifest\u00f3: \u201cEn general, podemos decir que en Concordia terminamos enero con un promedio de ocupaci\u00f3n de entre el 45% y el 50%\u201d.<\/p>\n\n\n\n<p>Esta cifra se sit\u00faa lejos de los est\u00e1ndares habituales para la temporada estival. Seg\u00fan el referente del sector, en condiciones normales la ciudad suele registrar niveles superiores al 60% o 65%. \u201cTeniendo esto en cuenta, el balance es realmente negativo; fue un poco peor de lo que se pretend\u00eda\u201d, asegur\u00f3.<\/p>\n\n\n\n<p>Expectativas por el feriado de Carnaval<br>Pese al balance de enero, las esperanzas del sector est\u00e1n puestas en el pr\u00f3ximo fin de semana largo. Haure anticip\u00f3 que para el feriado de Carnaval se espera un buen nivel de ocupaci\u00f3n, impulsado por el volumen de consultas recibidas hasta la fecha. \u00abSe prev\u00e9 que entre el 14 y el 16 de febrero haya un movimiento importante en la ciudad\u00bb, se\u00f1al\u00f3.<\/p>\n\n\n\n<p>Sin embargo, para el resto del mes el panorama vuelve a ser de cautela. El dirigente consider\u00f3 que la tendencia seguir\u00e1 la l\u00ednea de enero: una actividad concentrada mayormente de viernes a domingo, con una ca\u00edda pronunciada en la demanda de lunes a jueves, public\u00f3 Diario R\u00edo Uruguay.<\/p>\n","protected":false},"excerpt":{"rendered":"<p>Desde la Asociaci\u00f3n Hotelera y Gastron\u00f3mica de Concordia se\u00f1alaron que, si bien se preve\u00edan cifras modestas para el primer mes del a\u00f1o, el movimiento tur\u00edstico real termin\u00f3 perforando el piso de las expectativas iniciales. Carlos Haure, titular de la entidad, explic\u00f3 que \u201cla temporada ha sido un poco peor de lo que esper\u00e1bamos\u00bb. El dirigente [&hellip;]<\/p>\n","protected":false},"author":4,"featured_media":6771,"comment_status":"open","ping_status":"open","sticky":false,"template":"","format":"standard","meta":{"footnotes":""},"categories":[16],"tags":[],"class_list":{"0":"post-6770","1":"post","2":"type-post","3":"status-publish","4":"format-standard","5":"has-post-thumbnail","7":"category-locales"},"yoast_head":"<!-- This site is optimized with the Yoast SEO plugin v27.4 - https:\/\/yoast.com\/product\/yoast-seo-wordpress\/ -->\n<title>El sector tur\u00edstico de Concordia advierte que enero fue &quot;peor de lo esperado&quot; - Diario del Sur<\/title>\n<meta name=\"robots\" content=\"index, follow, max-snippet:-1, max-image-preview:large, max-video-preview:-1\" \/>\n<link rel=\"canonical\" href=\"https:\/\/diariodelsurdigital.com.ar\/?p=6770\" \/>\n<meta property=\"og:locale\" content=\"es_ES\" \/>\n<meta property=\"og:type\" content=\"article\" \/>\n<meta property=\"og:title\" content=\"El sector tur\u00edstico de Concordia advierte que enero fue &quot;peor de lo esperado&quot; - Diario del Sur\" \/>\n<meta property=\"og:description\" content=\"Desde la Asociaci\u00f3n Hotelera y Gastron\u00f3mica de Concordia se\u00f1alaron que, si bien se preve\u00edan cifras modestas para el primer mes del a\u00f1o, el movimiento tur\u00edstico real termin\u00f3 perforando el piso de las expectativas iniciales. Carlos Haure, titular de la entidad, explic\u00f3 que \u201cla temporada ha sido un poco peor de lo que esper\u00e1bamos\u00bb. El dirigente [&hellip;]\" \/>\n<meta property=\"og:url\" content=\"https:\/\/diariodelsurdigital.com.ar\/?p=6770\" \/>\n<meta property=\"og:site_name\" content=\"Diario del Sur\" \/>\n<meta property=\"article:published_time\" content=\"2026-02-02T17:19:40+00:00\" \/>\n<meta property=\"article:modified_time\" content=\"2026-02-02T17:19:41+00:00\" \/>\n<meta property=\"og:image\" content=\"https:\/\/diariodelsurdigital.com.ar\/wp-content\/uploads\/2026\/02\/md-1.webp\" \/>\n\t<meta property=\"og:image:width\" content=\"992\" \/>\n\t<meta property=\"og:image:height\" content=\"558\" \/>\n\t<meta property=\"og:image:type\" content=\"image\/webp\" \/>\n<meta name=\"author\" content=\"Diario del Sur Digital\" \/>\n<meta name=\"twitter:card\" content=\"summary_large_image\" \/>\n<meta name=\"twitter:label1\" content=\"Escrito por\" \/>\n\t<meta name=\"twitter:data1\" content=\"Diario del Sur Digital\" \/>\n\t<meta name=\"twitter:label2\" content=\"Tiempo de lectura\" \/>\n\t<meta name=\"twitter:data2\" content=\"2 minutos\" \/>\n<script type=\"application\/ld+json\" class=\"yoast-schema-graph\">{\"@context\":\"https:\\\/\\\/schema.org\",\"@graph\":[{\"@type\":\"Article\",\"@id\":\"https:\\\/\\\/diariodelsurdigital.com.ar\\\/?p=6770#article\",\"isPartOf\":{\"@id\":\"https:\\\/\\\/diariodelsurdigital.com.ar\\\/?p=6770\"},\"author\":{\"name\":\"Diario del Sur Digital\",\"@id\":\"https:\\\/\\\/diariodelsurdigital.com.ar\\\/#\\\/schema\\\/person\\\/1a4992532ed62965c968031b49195c81\"},\"headline\":\"El sector tur\u00edstico de Concordia advierte que enero fue \u00abpeor de lo esperado\u00bb\",\"datePublished\":\"2026-02-02T17:19:40+00:00\",\"dateModified\":\"2026-02-02T17:19:41+00:00\",\"mainEntityOfPage\":{\"@id\":\"https:\\\/\\\/diariodelsurdigital.com.ar\\\/?p=6770\"},\"wordCount\":310,\"commentCount\":0,\"image\":{\"@id\":\"https:\\\/\\\/diariodelsurdigital.com.ar\\\/?p=6770#primaryimage\"},\"thumbnailUrl\":\"https:\\\/\\\/diariodelsurdigital.com.ar\\\/wp-content\\\/uploads\\\/2026\\\/02\\\/md-1.webp\",\"articleSection\":[\"Locales\"],\"inLanguage\":\"es\",\"potentialAction\":[{\"@type\":\"CommentAction\",\"name\":\"Comment\",\"target\":[\"https:\\\/\\\/diariodelsurdigital.com.ar\\\/?p=6770#respond\"]}]},{\"@type\":\"WebPage\",\"@id\":\"https:\\\/\\\/diariodelsurdigital.com.ar\\\/?p=6770\",\"url\":\"https:\\\/\\\/diariodelsurdigital.com.ar\\\/?p=6770\",\"name\":\"El sector tur\u00edstico de Concordia advierte que enero fue \\\"peor de lo esperado\\\" - Diario del Sur\",\"isPartOf\":{\"@id\":\"https:\\\/\\\/diariodelsurdigital.com.ar\\\/#website\"},\"primaryImageOfPage\":{\"@id\":\"https:\\\/\\\/diariodelsurdigital.com.ar\\\/?p=6770#primaryimage\"},\"image\":{\"@id\":\"https:\\\/\\\/diariodelsurdigital.com.ar\\\/?p=6770#primaryimage\"},\"thumbnailUrl\":\"https:\\\/\\\/diariodelsurdigital.com.ar\\\/wp-content\\\/uploads\\\/2026\\\/02\\\/md-1.webp\",\"datePublished\":\"2026-02-02T17:19:40+00:00\",\"dateModified\":\"2026-02-02T17:19:41+00:00\",\"author\":{\"@id\":\"https:\\\/\\\/diariodelsurdigital.com.ar\\\/#\\\/schema\\\/person\\\/1a4992532ed62965c968031b49195c81\"},\"breadcrumb\":{\"@id\":\"https:\\\/\\\/diariodelsurdigital.com.ar\\\/?p=6770#breadcrumb\"},\"inLanguage\":\"es\",\"potentialAction\":[{\"@type\":\"ReadAction\",\"target\":[\"https:\\\/\\\/diariodelsurdigital.com.ar\\\/?p=6770\"]}]},{\"@type\":\"ImageObject\",\"inLanguage\":\"es\",\"@id\":\"https:\\\/\\\/diariodelsurdigital.com.ar\\\/?p=6770#primaryimage\",\"url\":\"https:\\\/\\\/diariodelsurdigital.com.ar\\\/wp-content\\\/uploads\\\/2026\\\/02\\\/md-1.webp\",\"contentUrl\":\"https:\\\/\\\/diariodelsurdigital.com.ar\\\/wp-content\\\/uploads\\\/2026\\\/02\\\/md-1.webp\",\"width\":992,\"height\":558},{\"@type\":\"BreadcrumbList\",\"@id\":\"https:\\\/\\\/diariodelsurdigital.com.ar\\\/?p=6770#breadcrumb\",\"itemListElement\":[{\"@type\":\"ListItem\",\"position\":1,\"name\":\"Portada\",\"item\":\"https:\\\/\\\/diariodelsurdigital.com.ar\\\/\"},{\"@type\":\"ListItem\",\"position\":2,\"name\":\"El sector tur\u00edstico de Concordia advierte que enero fue \u00abpeor de lo esperado\u00bb\"}]},{\"@type\":\"WebSite\",\"@id\":\"https:\\\/\\\/diariodelsurdigital.com.ar\\\/#website\",\"url\":\"https:\\\/\\\/diariodelsurdigital.com.ar\\\/\",\"name\":\"Diario del Sur\",\"description\":\"Digital\",\"potentialAction\":[{\"@type\":\"SearchAction\",\"target\":{\"@type\":\"EntryPoint\",\"urlTemplate\":\"https:\\\/\\\/diariodelsurdigital.com.ar\\\/?s={search_term_string}\"},\"query-input\":{\"@type\":\"PropertyValueSpecification\",\"valueRequired\":true,\"valueName\":\"search_term_string\"}}],\"inLanguage\":\"es\"},{\"@type\":\"Person\",\"@id\":\"https:\\\/\\\/diariodelsurdigital.com.ar\\\/#\\\/schema\\\/person\\\/1a4992532ed62965c968031b49195c81\",\"name\":\"Diario del Sur Digital\",\"image\":{\"@type\":\"ImageObject\",\"inLanguage\":\"es\",\"@id\":\"https:\\\/\\\/secure.gravatar.com\\\/avatar\\\/f0c7c47fc7146d19828273b9b8eda651c9c7ab583767e6338d3d3bee825adf76?s=96&d=mm&r=g\",\"url\":\"https:\\\/\\\/secure.gravatar.com\\\/avatar\\\/f0c7c47fc7146d19828273b9b8eda651c9c7ab583767e6338d3d3bee825adf76?s=96&d=mm&r=g\",\"contentUrl\":\"https:\\\/\\\/secure.gravatar.com\\\/avatar\\\/f0c7c47fc7146d19828273b9b8eda651c9c7ab583767e6338d3d3bee825adf76?s=96&d=mm&r=g\",\"caption\":\"Diario del Sur Digital\"},\"url\":\"https:\\\/\\\/diariodelsurdigital.com.ar\\\/?author=4\"}]}<\/script>\n<!-- \/ Yoast SEO plugin. -->","yoast_head_json":{"title":"El sector tur\u00edstico de Concordia advierte que enero fue \"peor de lo esperado\" - Diario del Sur","robots":{"index":"index","follow":"follow","max-snippet":"max-snippet:-1","max-image-preview":"max-image-preview:large","max-video-preview":"max-video-preview:-1"},"canonical":"https:\/\/diariodelsurdigital.com.ar\/?p=6770","og_locale":"es_ES","og_type":"article","og_title":"El sector tur\u00edstico de Concordia advierte que enero fue \"peor de lo esperado\" - Diario del Sur","og_description":"Desde la Asociaci\u00f3n Hotelera y Gastron\u00f3mica de Concordia se\u00f1alaron que, si bien se preve\u00edan cifras modestas para el primer mes del a\u00f1o, el movimiento tur\u00edstico real termin\u00f3 perforando el piso de las expectativas iniciales. Carlos Haure, titular de la entidad, explic\u00f3 que \u201cla temporada ha sido un poco peor de lo que esper\u00e1bamos\u00bb. El dirigente [&hellip;]","og_url":"https:\/\/diariodelsurdigital.com.ar\/?p=6770","og_site_name":"Diario del Sur","article_published_time":"2026-02-02T17:19:40+00:00","article_modified_time":"2026-02-02T17:19:41+00:00","og_image":[{"width":992,"height":558,"url":"https:\/\/diariodelsurdigital.com.ar\/wp-content\/uploads\/2026\/02\/md-1.webp","type":"image\/webp"}],"author":"Diario del Sur Digital","twitter_card":"summary_large_image","twitter_misc":{"Escrito por":"Diario del Sur Digital","Tiempo de lectura":"2 minutos"},"schema":{"@context":"https:\/\/schema.org","@graph":[{"@type":"Article","@id":"https:\/\/diariodelsurdigital.com.ar\/?p=6770#article","isPartOf":{"@id":"https:\/\/diariodelsurdigital.com.ar\/?p=6770"},"author":{"name":"Diario del Sur Digital","@id":"https:\/\/diariodelsurdigital.com.ar\/#\/schema\/person\/1a4992532ed62965c968031b49195c81"},"headline":"El sector tur\u00edstico de Concordia advierte que enero fue \u00abpeor de lo esperado\u00bb","datePublished":"2026-02-02T17:19:40+00:00","dateModified":"2026-02-02T17:19:41+00:00","mainEntityOfPage":{"@id":"https:\/\/diariodelsurdigital.com.ar\/?p=6770"},"wordCount":310,"commentCount":0,"image":{"@id":"https:\/\/diariodelsurdigital.com.ar\/?p=6770#primaryimage"},"thumbnailUrl":"https:\/\/diariodelsurdigital.com.ar\/wp-content\/uploads\/2026\/02\/md-1.webp","articleSection":["Locales"],"inLanguage":"es","potentialAction":[{"@type":"CommentAction","name":"Comment","target":["https:\/\/diariodelsurdigital.com.ar\/?p=6770#respond"]}]},{"@type":"WebPage","@id":"https:\/\/diariodelsurdigital.com.ar\/?p=6770","url":"https:\/\/diariodelsurdigital.com.ar\/?p=6770","name":"El sector tur\u00edstico de Concordia advierte que enero fue \"peor de lo esperado\" - Diario del Sur","isPartOf":{"@id":"https:\/\/diariodelsurdigital.com.ar\/#website"},"primaryImageOfPage":{"@id":"https:\/\/diariodelsurdigital.com.ar\/?p=6770#primaryimage"},"image":{"@id":"https:\/\/diariodelsurdigital.com.ar\/?p=6770#primaryimage"},"thumbnailUrl":"https:\/\/diariodelsurdigital.com.ar\/wp-content\/uploads\/2026\/02\/md-1.webp","datePublished":"2026-02-02T17:19:40+00:00","dateModified":"2026-02-02T17:19:41+00:00","author":{"@id":"https:\/\/diariodelsurdigital.com.ar\/#\/schema\/person\/1a4992532ed62965c968031b49195c81"},"breadcrumb":{"@id":"https:\/\/diariodelsurdigital.com.ar\/?p=6770#breadcrumb"},"inLanguage":"es","potentialAction":[{"@type":"ReadAction","target":["https:\/\/diariodelsurdigital.com.ar\/?p=6770"]}]},{"@type":"ImageObject","inLanguage":"es","@id":"https:\/\/diariodelsurdigital.com.ar\/?p=6770#primaryimage","url":"https:\/\/diariodelsurdigital.com.ar\/wp-content\/uploads\/2026\/02\/md-1.webp","contentUrl":"https:\/\/diariodelsurdigital.com.ar\/wp-content\/uploads\/2026\/02\/md-1.webp","width":992,"height":558},{"@type":"BreadcrumbList","@id":"https:\/\/diariodelsurdigital.com.ar\/?p=6770#breadcrumb","itemListElement":[{"@type":"ListItem","position":1,"name":"Portada","item":"https:\/\/diariodelsurdigital.com.ar\/"},{"@type":"ListItem","position":2,"name":"El sector tur\u00edstico de Concordia advierte que enero fue \u00abpeor de lo esperado\u00bb"}]},{"@type":"WebSite","@id":"https:\/\/diariodelsurdigital.com.ar\/#website","url":"https:\/\/diariodelsurdigital.com.ar\/","name":"Diario del Sur","description":"Digital","potentialAction":[{"@type":"SearchAction","target":{"@type":"EntryPoint","urlTemplate":"https:\/\/diariodelsurdigital.com.ar\/?s={search_term_string}"},"query-input":{"@type":"PropertyValueSpecification","valueRequired":true,"valueName":"search_term_string"}}],"inLanguage":"es"},{"@type":"Person","@id":"https:\/\/diariodelsurdigital.com.ar\/#\/schema\/person\/1a4992532ed62965c968031b49195c81","name":"Diario del Sur Digital","image":{"@type":"ImageObject","inLanguage":"es","@id":"https:\/\/secure.gravatar.com\/avatar\/f0c7c47fc7146d19828273b9b8eda651c9c7ab583767e6338d3d3bee825adf76?s=96&d=mm&r=g","url":"https:\/\/secure.gravatar.com\/avatar\/f0c7c47fc7146d19828273b9b8eda651c9c7ab583767e6338d3d3bee825adf76?s=96&d=mm&r=g","contentUrl":"https:\/\/secure.gravatar.com\/avatar\/f0c7c47fc7146d19828273b9b8eda651c9c7ab583767e6338d3d3bee825adf76?s=96&d=mm&r=g","caption":"Diario del Sur Digital"},"url":"https:\/\/diariodelsurdigital.com.ar\/?author=4"}]}},"_links":{"self":[{"href":"https:\/\/diariodelsurdigital.com.ar\/index.php?rest_route=\/wp\/v2\/posts\/6770","targetHints":{"allow":["GET"]}}],"collection":[{"href":"https:\/\/diariodelsurdigital.com.ar\/index.php?rest_route=\/wp\/v2\/posts"}],"about":[{"href":"https:\/\/diariodelsurdigital.com.ar\/index.php?rest_route=\/wp\/v2\/types\/post"}],"author":[{"embeddable":true,"href":"https:\/\/diariodelsurdigital.com.ar\/index.php?rest_route=\/wp\/v2\/users\/4"}],"replies":[{"embeddable":true,"href":"https:\/\/diariodelsurdigital.com.ar\/index.php?rest_route=%2Fwp%2Fv2%2Fcomments&post=6770"}],"version-history":[{"count":1,"href":"https:\/\/diariodelsurdigital.com.ar\/index.php?rest_route=\/wp\/v2\/posts\/6770\/revisions"}],"predecessor-version":[{"id":6772,"href":"https:\/\/diariodelsurdigital.com.ar\/index.php?rest_route=\/wp\/v2\/posts\/6770\/revisions\/6772"}],"wp:featuredmedia":[{"embeddable":true,"href":"https:\/\/diariodelsurdigital.com.ar\/index.php?rest_route=\/wp\/v2\/media\/6771"}],"wp:attachment":[{"href":"https:\/\/diariodelsurdigital.com.ar\/index.php?rest_route=%2Fwp%2Fv2%2Fmedia&parent=6770"}],"wp:term":[{"taxonomy":"category","embeddable":true,"href":"https:\/\/diariodelsurdigital.com.ar\/index.php?rest_route=%2Fwp%2Fv2%2Fcategories&post=6770"},{"taxonomy":"post_tag","embeddable":true,"href":"https:\/\/diariodelsurdigital.com.ar\/index.php?rest_route=%2Fwp%2Fv2%2Ftags&post=6770"}],"curies":[{"name":"wp","href":"https:\/\/api.w.org\/{rel}","templated":true}]}}