{"id":6776,"date":"2026-02-02T14:24:50","date_gmt":"2026-02-02T17:24:50","guid":{"rendered":"https:\/\/diariodelsurdigital.com.ar\/?p=6776"},"modified":"2026-02-02T14:24:51","modified_gmt":"2026-02-02T17:24:51","slug":"la-iglesia-volvio-a-cuestionar-la-baja-de-la-edad-de-imputabilidad-y-pidio-mas-educacion","status":"publish","type":"post","link":"https:\/\/diariodelsurdigital.com.ar\/?p=6776","title":{"rendered":"La Iglesia volvi\u00f3 a cuestionar la baja de la edad de imputabilidad y pidi\u00f3 m\u00e1s educaci\u00f3n"},"content":{"rendered":"\n<p>La Conferencia Episcopal Argentina advirti\u00f3 que centrar el debate solo en la pena simplifica una realidad compleja y reclam\u00f3 pol\u00edticas de prevenci\u00f3n, acompa\u00f1amiento y educaci\u00f3n para ni\u00f1os y j\u00f3venes.<\/p>\n\n\n\n<p>La Comisi\u00f3n Ejecutiva de la Conferencia Episcopal Argentina (CEA) expres\u00f3 su preocupaci\u00f3n frente a las propuestas que impulsan la baja de la edad de imputabilidad como respuesta a los delitos cometidos por menores y llam\u00f3 a priorizar pol\u00edticas de prevenci\u00f3n, educaci\u00f3n y acompa\u00f1amiento comunitario.<\/p>\n\n\n\n<p>En un pronunciamiento difundido en el marco de la memoria de san Juan Bosco, referente hist\u00f3rico en la educaci\u00f3n y el acompa\u00f1amiento de j\u00f3venes, la Iglesia sostuvo que el debate centrado casi exclusivamente en la sanci\u00f3n penal deja en segundo plano las verdaderas causas del problema y las herramientas necesarias para evitar que los hechos se repitan.<\/p>\n\n\n\n<p>Desde la CEA manifestaron su cercan\u00eda con el dolor de las familias y comunidades afectadas por hechos delictivos, aunque advirtieron que reducir la discusi\u00f3n a la edad de imputabilidad \u00abcorre el riesgo de simplificar una realidad mucho m\u00e1s compleja\u00bb, que involucra a la familia, la escuela, la comunidad y al Estado.<\/p>\n\n\n\n<p>En ese sentido, recordaron un documento de la Pastoral Social de marzo del a\u00f1o pasado, en el que se planteaban interrogantes que, seg\u00fan indicaron, siguen vigentes: el destino de los menores privados de libertad, la existencia de dispositivos adecuados en las provincias, las posibilidades reales de educaci\u00f3n y reinserci\u00f3n social y la eficacia del sistema penitenciario como respuesta.<\/p>\n\n\n\n<p>\u00abLa experiencia muestra c\u00f3mo funcionan los establecimientos carcelarios y nos preguntamos si realmente creemos que esa es la soluci\u00f3n\u00bb, se\u00f1alaron, al tiempo que reafirmaron la necesidad de avanzar hacia un r\u00e9gimen penal juvenil con una mirada \u00abhumana, integral y abierta a la esperanza\u00bb.<\/p>\n\n\n\n<p>El comunicado destaca el legado de san Juan Bosco, quien promov\u00eda un sistema preventivo basado en la presencia cercana de los adultos, la educaci\u00f3n, el trabajo y la vida comunitaria, sin negar los conflictos, pero apostando a la inclusi\u00f3n y al desarrollo pleno de los j\u00f3venes.<\/p>\n\n\n\n<p>A 150 a\u00f1os de la presencia salesiana en la Argentina, la Iglesia reiter\u00f3 su llamado a fortalecer pol\u00edticas educativas y comunitarias que construyan futuro y eviten respuestas tard\u00edas cuando el da\u00f1o ya est\u00e1 hecho. \u00abLa verdadera prevenci\u00f3n nace del cuidado compartido\u00bb, subrayaron, y reclamaron familias acompa\u00f1adas, comunidades comprometidas, un Estado presente y una sociedad que no se resigna a perder a sus ni\u00f1os y j\u00f3venes.<\/p>\n\n\n\n<p>Finalmente, la Conferencia Episcopal sostuvo que la ni\u00f1ez y la juventud representan \u00abuna tierra sagrada donde se siembra el futuro\u00bb y pidi\u00f3 especialmente por los j\u00f3venes m\u00e1s vulnerables.<\/p>\n","protected":false},"excerpt":{"rendered":"<p>La Conferencia Episcopal Argentina advirti\u00f3 que centrar el debate solo en la pena simplifica una realidad compleja y reclam\u00f3 pol\u00edticas de prevenci\u00f3n, acompa\u00f1amiento y educaci\u00f3n para ni\u00f1os y j\u00f3venes. La Comisi\u00f3n Ejecutiva de la Conferencia Episcopal Argentina (CEA) expres\u00f3 su preocupaci\u00f3n frente a las propuestas que impulsan la baja de la edad de imputabilidad como [&hellip;]<\/p>\n","protected":false},"author":4,"featured_media":6777,"comment_status":"open","ping_status":"open","sticky":false,"template":"","format":"standard","meta":{"footnotes":""},"categories":[19,18],"tags":[],"class_list":{"0":"post-6776","1":"post","2":"type-post","3":"status-publish","4":"format-standard","5":"has-post-thumbnail","7":"category-interes-general","8":"category-nacionales"},"yoast_head":"<!-- This site is optimized with the Yoast SEO plugin v27.4 - https:\/\/yoast.com\/product\/yoast-seo-wordpress\/ -->\n<title>La Iglesia volvi\u00f3 a cuestionar la baja de la edad de imputabilidad y pidi\u00f3 m\u00e1s educaci\u00f3n - Diario del Sur<\/title>\n<meta name=\"robots\" content=\"index, follow, max-snippet:-1, max-image-preview:large, max-video-preview:-1\" \/>\n<link rel=\"canonical\" href=\"https:\/\/diariodelsurdigital.com.ar\/?p=6776\" \/>\n<meta property=\"og:locale\" content=\"es_ES\" \/>\n<meta property=\"og:type\" content=\"article\" \/>\n<meta property=\"og:title\" content=\"La Iglesia volvi\u00f3 a cuestionar la baja de la edad de imputabilidad y pidi\u00f3 m\u00e1s educaci\u00f3n - Diario del Sur\" \/>\n<meta property=\"og:description\" content=\"La Conferencia Episcopal Argentina advirti\u00f3 que centrar el debate solo en la pena simplifica una realidad compleja y reclam\u00f3 pol\u00edticas de prevenci\u00f3n, acompa\u00f1amiento y educaci\u00f3n para ni\u00f1os y j\u00f3venes. La Comisi\u00f3n Ejecutiva de la Conferencia Episcopal Argentina (CEA) expres\u00f3 su preocupaci\u00f3n frente a las propuestas que impulsan la baja de la edad de imputabilidad como [&hellip;]\" \/>\n<meta property=\"og:url\" content=\"https:\/\/diariodelsurdigital.com.ar\/?p=6776\" \/>\n<meta property=\"og:site_name\" content=\"Diario del Sur\" \/>\n<meta property=\"article:published_time\" content=\"2026-02-02T17:24:50+00:00\" \/>\n<meta property=\"article:modified_time\" content=\"2026-02-02T17:24:51+00:00\" \/>\n<meta property=\"og:image\" content=\"https:\/\/diariodelsurdigital.com.ar\/wp-content\/uploads\/2026\/02\/md-3.webp\" \/>\n\t<meta property=\"og:image:width\" content=\"992\" \/>\n\t<meta property=\"og:image:height\" content=\"558\" \/>\n\t<meta property=\"og:image:type\" content=\"image\/webp\" \/>\n<meta name=\"author\" content=\"Diario del Sur Digital\" \/>\n<meta name=\"twitter:card\" content=\"summary_large_image\" \/>\n<meta name=\"twitter:label1\" content=\"Escrito por\" \/>\n\t<meta name=\"twitter:data1\" content=\"Diario del Sur Digital\" \/>\n\t<meta name=\"twitter:label2\" content=\"Tiempo de lectura\" \/>\n\t<meta name=\"twitter:data2\" content=\"3 minutos\" \/>\n<script type=\"application\/ld+json\" class=\"yoast-schema-graph\">{\"@context\":\"https:\\\/\\\/schema.org\",\"@graph\":[{\"@type\":\"Article\",\"@id\":\"https:\\\/\\\/diariodelsurdigital.com.ar\\\/?p=6776#article\",\"isPartOf\":{\"@id\":\"https:\\\/\\\/diariodelsurdigital.com.ar\\\/?p=6776\"},\"author\":{\"name\":\"Diario del Sur Digital\",\"@id\":\"https:\\\/\\\/diariodelsurdigital.com.ar\\\/#\\\/schema\\\/person\\\/1a4992532ed62965c968031b49195c81\"},\"headline\":\"La Iglesia volvi\u00f3 a cuestionar la baja de la edad de imputabilidad y pidi\u00f3 m\u00e1s educaci\u00f3n\",\"datePublished\":\"2026-02-02T17:24:50+00:00\",\"dateModified\":\"2026-02-02T17:24:51+00:00\",\"mainEntityOfPage\":{\"@id\":\"https:\\\/\\\/diariodelsurdigital.com.ar\\\/?p=6776\"},\"wordCount\":481,\"commentCount\":0,\"image\":{\"@id\":\"https:\\\/\\\/diariodelsurdigital.com.ar\\\/?p=6776#primaryimage\"},\"thumbnailUrl\":\"https:\\\/\\\/diariodelsurdigital.com.ar\\\/wp-content\\\/uploads\\\/2026\\\/02\\\/md-3.webp\",\"articleSection\":[\"Inter\u00e9s General\",\"Nacionales\"],\"inLanguage\":\"es\",\"potentialAction\":[{\"@type\":\"CommentAction\",\"name\":\"Comment\",\"target\":[\"https:\\\/\\\/diariodelsurdigital.com.ar\\\/?p=6776#respond\"]}]},{\"@type\":\"WebPage\",\"@id\":\"https:\\\/\\\/diariodelsurdigital.com.ar\\\/?p=6776\",\"url\":\"https:\\\/\\\/diariodelsurdigital.com.ar\\\/?p=6776\",\"name\":\"La Iglesia volvi\u00f3 a cuestionar la baja de la edad de imputabilidad y pidi\u00f3 m\u00e1s educaci\u00f3n - Diario del Sur\",\"isPartOf\":{\"@id\":\"https:\\\/\\\/diariodelsurdigital.com.ar\\\/#website\"},\"primaryImageOfPage\":{\"@id\":\"https:\\\/\\\/diariodelsurdigital.com.ar\\\/?p=6776#primaryimage\"},\"image\":{\"@id\":\"https:\\\/\\\/diariodelsurdigital.com.ar\\\/?p=6776#primaryimage\"},\"thumbnailUrl\":\"https:\\\/\\\/diariodelsurdigital.com.ar\\\/wp-content\\\/uploads\\\/2026\\\/02\\\/md-3.webp\",\"datePublished\":\"2026-02-02T17:24:50+00:00\",\"dateModified\":\"2026-02-02T17:24:51+00:00\",\"author\":{\"@id\":\"https:\\\/\\\/diariodelsurdigital.com.ar\\\/#\\\/schema\\\/person\\\/1a4992532ed62965c968031b49195c81\"},\"breadcrumb\":{\"@id\":\"https:\\\/\\\/diariodelsurdigital.com.ar\\\/?p=6776#breadcrumb\"},\"inLanguage\":\"es\",\"potentialAction\":[{\"@type\":\"ReadAction\",\"target\":[\"https:\\\/\\\/diariodelsurdigital.com.ar\\\/?p=6776\"]}]},{\"@type\":\"ImageObject\",\"inLanguage\":\"es\",\"@id\":\"https:\\\/\\\/diariodelsurdigital.com.ar\\\/?p=6776#primaryimage\",\"url\":\"https:\\\/\\\/diariodelsurdigital.com.ar\\\/wp-content\\\/uploads\\\/2026\\\/02\\\/md-3.webp\",\"contentUrl\":\"https:\\\/\\\/diariodelsurdigital.com.ar\\\/wp-content\\\/uploads\\\/2026\\\/02\\\/md-3.webp\",\"width\":992,\"height\":558},{\"@type\":\"BreadcrumbList\",\"@id\":\"https:\\\/\\\/diariodelsurdigital.com.ar\\\/?p=6776#breadcrumb\",\"itemListElement\":[{\"@type\":\"ListItem\",\"position\":1,\"name\":\"Portada\",\"item\":\"https:\\\/\\\/diariodelsurdigital.com.ar\\\/\"},{\"@type\":\"ListItem\",\"position\":2,\"name\":\"La Iglesia volvi\u00f3 a cuestionar la baja de la edad de imputabilidad y pidi\u00f3 m\u00e1s educaci\u00f3n\"}]},{\"@type\":\"WebSite\",\"@id\":\"https:\\\/\\\/diariodelsurdigital.com.ar\\\/#website\",\"url\":\"https:\\\/\\\/diariodelsurdigital.com.ar\\\/\",\"name\":\"Diario del Sur\",\"description\":\"Digital\",\"potentialAction\":[{\"@type\":\"SearchAction\",\"target\":{\"@type\":\"EntryPoint\",\"urlTemplate\":\"https:\\\/\\\/diariodelsurdigital.com.ar\\\/?s={search_term_string}\"},\"query-input\":{\"@type\":\"PropertyValueSpecification\",\"valueRequired\":true,\"valueName\":\"search_term_string\"}}],\"inLanguage\":\"es\"},{\"@type\":\"Person\",\"@id\":\"https:\\\/\\\/diariodelsurdigital.com.ar\\\/#\\\/schema\\\/person\\\/1a4992532ed62965c968031b49195c81\",\"name\":\"Diario del Sur Digital\",\"image\":{\"@type\":\"ImageObject\",\"inLanguage\":\"es\",\"@id\":\"https:\\\/\\\/secure.gravatar.com\\\/avatar\\\/f0c7c47fc7146d19828273b9b8eda651c9c7ab583767e6338d3d3bee825adf76?s=96&d=mm&r=g\",\"url\":\"https:\\\/\\\/secure.gravatar.com\\\/avatar\\\/f0c7c47fc7146d19828273b9b8eda651c9c7ab583767e6338d3d3bee825adf76?s=96&d=mm&r=g\",\"contentUrl\":\"https:\\\/\\\/secure.gravatar.com\\\/avatar\\\/f0c7c47fc7146d19828273b9b8eda651c9c7ab583767e6338d3d3bee825adf76?s=96&d=mm&r=g\",\"caption\":\"Diario del Sur Digital\"},\"url\":\"https:\\\/\\\/diariodelsurdigital.com.ar\\\/?author=4\"}]}<\/script>\n<!-- \/ Yoast SEO plugin. -->","yoast_head_json":{"title":"La Iglesia volvi\u00f3 a cuestionar la baja de la edad de imputabilidad y pidi\u00f3 m\u00e1s educaci\u00f3n - Diario del Sur","robots":{"index":"index","follow":"follow","max-snippet":"max-snippet:-1","max-image-preview":"max-image-preview:large","max-video-preview":"max-video-preview:-1"},"canonical":"https:\/\/diariodelsurdigital.com.ar\/?p=6776","og_locale":"es_ES","og_type":"article","og_title":"La Iglesia volvi\u00f3 a cuestionar la baja de la edad de imputabilidad y pidi\u00f3 m\u00e1s educaci\u00f3n - Diario del Sur","og_description":"La Conferencia Episcopal Argentina advirti\u00f3 que centrar el debate solo en la pena simplifica una realidad compleja y reclam\u00f3 pol\u00edticas de prevenci\u00f3n, acompa\u00f1amiento y educaci\u00f3n para ni\u00f1os y j\u00f3venes. La Comisi\u00f3n Ejecutiva de la Conferencia Episcopal Argentina (CEA) expres\u00f3 su preocupaci\u00f3n frente a las propuestas que impulsan la baja de la edad de imputabilidad como [&hellip;]","og_url":"https:\/\/diariodelsurdigital.com.ar\/?p=6776","og_site_name":"Diario del Sur","article_published_time":"2026-02-02T17:24:50+00:00","article_modified_time":"2026-02-02T17:24:51+00:00","og_image":[{"width":992,"height":558,"url":"https:\/\/diariodelsurdigital.com.ar\/wp-content\/uploads\/2026\/02\/md-3.webp","type":"image\/webp"}],"author":"Diario del Sur Digital","twitter_card":"summary_large_image","twitter_misc":{"Escrito por":"Diario del Sur Digital","Tiempo de lectura":"3 minutos"},"schema":{"@context":"https:\/\/schema.org","@graph":[{"@type":"Article","@id":"https:\/\/diariodelsurdigital.com.ar\/?p=6776#article","isPartOf":{"@id":"https:\/\/diariodelsurdigital.com.ar\/?p=6776"},"author":{"name":"Diario del Sur Digital","@id":"https:\/\/diariodelsurdigital.com.ar\/#\/schema\/person\/1a4992532ed62965c968031b49195c81"},"headline":"La Iglesia volvi\u00f3 a cuestionar la baja de la edad de imputabilidad y pidi\u00f3 m\u00e1s educaci\u00f3n","datePublished":"2026-02-02T17:24:50+00:00","dateModified":"2026-02-02T17:24:51+00:00","mainEntityOfPage":{"@id":"https:\/\/diariodelsurdigital.com.ar\/?p=6776"},"wordCount":481,"commentCount":0,"image":{"@id":"https:\/\/diariodelsurdigital.com.ar\/?p=6776#primaryimage"},"thumbnailUrl":"https:\/\/diariodelsurdigital.com.ar\/wp-content\/uploads\/2026\/02\/md-3.webp","articleSection":["Inter\u00e9s General","Nacionales"],"inLanguage":"es","potentialAction":[{"@type":"CommentAction","name":"Comment","target":["https:\/\/diariodelsurdigital.com.ar\/?p=6776#respond"]}]},{"@type":"WebPage","@id":"https:\/\/diariodelsurdigital.com.ar\/?p=6776","url":"https:\/\/diariodelsurdigital.com.ar\/?p=6776","name":"La Iglesia volvi\u00f3 a cuestionar la baja de la edad de imputabilidad y pidi\u00f3 m\u00e1s educaci\u00f3n - Diario del Sur","isPartOf":{"@id":"https:\/\/diariodelsurdigital.com.ar\/#website"},"primaryImageOfPage":{"@id":"https:\/\/diariodelsurdigital.com.ar\/?p=6776#primaryimage"},"image":{"@id":"https:\/\/diariodelsurdigital.com.ar\/?p=6776#primaryimage"},"thumbnailUrl":"https:\/\/diariodelsurdigital.com.ar\/wp-content\/uploads\/2026\/02\/md-3.webp","datePublished":"2026-02-02T17:24:50+00:00","dateModified":"2026-02-02T17:24:51+00:00","author":{"@id":"https:\/\/diariodelsurdigital.com.ar\/#\/schema\/person\/1a4992532ed62965c968031b49195c81"},"breadcrumb":{"@id":"https:\/\/diariodelsurdigital.com.ar\/?p=6776#breadcrumb"},"inLanguage":"es","potentialAction":[{"@type":"ReadAction","target":["https:\/\/diariodelsurdigital.com.ar\/?p=6776"]}]},{"@type":"ImageObject","inLanguage":"es","@id":"https:\/\/diariodelsurdigital.com.ar\/?p=6776#primaryimage","url":"https:\/\/diariodelsurdigital.com.ar\/wp-content\/uploads\/2026\/02\/md-3.webp","contentUrl":"https:\/\/diariodelsurdigital.com.ar\/wp-content\/uploads\/2026\/02\/md-3.webp","width":992,"height":558},{"@type":"BreadcrumbList","@id":"https:\/\/diariodelsurdigital.com.ar\/?p=6776#breadcrumb","itemListElement":[{"@type":"ListItem","position":1,"name":"Portada","item":"https:\/\/diariodelsurdigital.com.ar\/"},{"@type":"ListItem","position":2,"name":"La Iglesia volvi\u00f3 a cuestionar la baja de la edad de imputabilidad y pidi\u00f3 m\u00e1s educaci\u00f3n"}]},{"@type":"WebSite","@id":"https:\/\/diariodelsurdigital.com.ar\/#website","url":"https:\/\/diariodelsurdigital.com.ar\/","name":"Diario del Sur","description":"Digital","potentialAction":[{"@type":"SearchAction","target":{"@type":"EntryPoint","urlTemplate":"https:\/\/diariodelsurdigital.com.ar\/?s={search_term_string}"},"query-input":{"@type":"PropertyValueSpecification","valueRequired":true,"valueName":"search_term_string"}}],"inLanguage":"es"},{"@type":"Person","@id":"https:\/\/diariodelsurdigital.com.ar\/#\/schema\/person\/1a4992532ed62965c968031b49195c81","name":"Diario del Sur Digital","image":{"@type":"ImageObject","inLanguage":"es","@id":"https:\/\/secure.gravatar.com\/avatar\/f0c7c47fc7146d19828273b9b8eda651c9c7ab583767e6338d3d3bee825adf76?s=96&d=mm&r=g","url":"https:\/\/secure.gravatar.com\/avatar\/f0c7c47fc7146d19828273b9b8eda651c9c7ab583767e6338d3d3bee825adf76?s=96&d=mm&r=g","contentUrl":"https:\/\/secure.gravatar.com\/avatar\/f0c7c47fc7146d19828273b9b8eda651c9c7ab583767e6338d3d3bee825adf76?s=96&d=mm&r=g","caption":"Diario del Sur Digital"},"url":"https:\/\/diariodelsurdigital.com.ar\/?author=4"}]}},"_links":{"self":[{"href":"https:\/\/diariodelsurdigital.com.ar\/index.php?rest_route=\/wp\/v2\/posts\/6776","targetHints":{"allow":["GET"]}}],"collection":[{"href":"https:\/\/diariodelsurdigital.com.ar\/index.php?rest_route=\/wp\/v2\/posts"}],"about":[{"href":"https:\/\/diariodelsurdigital.com.ar\/index.php?rest_route=\/wp\/v2\/types\/post"}],"author":[{"embeddable":true,"href":"https:\/\/diariodelsurdigital.com.ar\/index.php?rest_route=\/wp\/v2\/users\/4"}],"replies":[{"embeddable":true,"href":"https:\/\/diariodelsurdigital.com.ar\/index.php?rest_route=%2Fwp%2Fv2%2Fcomments&post=6776"}],"version-history":[{"count":1,"href":"https:\/\/diariodelsurdigital.com.ar\/index.php?rest_route=\/wp\/v2\/posts\/6776\/revisions"}],"predecessor-version":[{"id":6778,"href":"https:\/\/diariodelsurdigital.com.ar\/index.php?rest_route=\/wp\/v2\/posts\/6776\/revisions\/6778"}],"wp:featuredmedia":[{"embeddable":true,"href":"https:\/\/diariodelsurdigital.com.ar\/index.php?rest_route=\/wp\/v2\/media\/6777"}],"wp:attachment":[{"href":"https:\/\/diariodelsurdigital.com.ar\/index.php?rest_route=%2Fwp%2Fv2%2Fmedia&parent=6776"}],"wp:term":[{"taxonomy":"category","embeddable":true,"href":"https:\/\/diariodelsurdigital.com.ar\/index.php?rest_route=%2Fwp%2Fv2%2Fcategories&post=6776"},{"taxonomy":"post_tag","embeddable":true,"href":"https:\/\/diariodelsurdigital.com.ar\/index.php?rest_route=%2Fwp%2Fv2%2Ftags&post=6776"}],"curies":[{"name":"wp","href":"https:\/\/api.w.org\/{rel}","templated":true}]}}