{"id":6787,"date":"2026-02-03T14:07:54","date_gmt":"2026-02-03T17:07:54","guid":{"rendered":"https:\/\/diariodelsurdigital.com.ar\/?p=6787"},"modified":"2026-02-03T14:07:55","modified_gmt":"2026-02-03T17:07:55","slug":"decenas-de-heridos-por-palometas-en-playa-entrerriana-un-banista-perdio-un-dedo","status":"publish","type":"post","link":"https:\/\/diariodelsurdigital.com.ar\/?p=6787","title":{"rendered":"Decenas de heridos por palometas en playa entrerriana: Un ba\u00f1ista perdi\u00f3 un dedo"},"content":{"rendered":"\n<p>En la ciudad de Victoria se registraron en los primeros d\u00edas de febrero m\u00e1s de 40 ataques de palometas en el r\u00edo. Una de las personas heridas perdi\u00f3 un dedo.<\/p>\n\n\n\n<p><\/p>\n\n\n\n<p>M\u00e1s de 40 personas fueron atacadas por palometas en la costa de la ciudad de Victoria y resultaron con heridas, algunas de gravedad. La situaci\u00f3n oblig\u00f3 a los guardavidas a retirar a la gente del agua y encendi\u00f3 la alarma sanitaria en la zona ribere\u00f1a.<\/p>\n\n\n\n<p>El guardavidas de Playa Victoria, Alejandro Martin, confirm\u00f3 que asisti\u00f3 a 46 personas con lesiones, todas de car\u00e1cter grave. \u201cAtend\u00ed 46 casos, todos graves, y gast\u00e9 tres botiquines\u201d, relat\u00f3. Entre los episodios m\u00e1s severos, se\u00f1al\u00f3 que una palometa \u201cle arranc\u00f3 la parte superior de un dedo\u201d a una de las v\u00edctimas. Seg\u00fan precis\u00f3, este lunes se sumaron al menos cinco heridos m\u00e1s, producto de nuevos ataques.<\/p>\n\n\n\n<p>La mayor\u00eda de los afectados recibi\u00f3 curaciones en el lugar, aunque varios debieron ser derivados al hospital Ferm\u00edn Salaberry por precauci\u00f3n. Ante el riesgo, los guardavidas dispusieron bandera roja y evacuaron el sector. Sin embargo, Martin advirti\u00f3 que muchos visitantes \u201cno ven los carteles y se meten igual\u201d, lo que incrementa el peligro.<\/p>\n\n\n\n<p>Reclamo por medidas urgentes<br>Para reducir los ataques, el guardavidas impulsa la instalaci\u00f3n de un mallado de protecci\u00f3n en toda la costa, con una estructura de dos metros de altura, cadenas y boyado. El objetivo es permitir el uso seguro de la playa hasta abril.<\/p>\n\n\n\n<p>Martin record\u00f3 que el a\u00f1o pasado se registraron m\u00e1s de 320 ataques y alert\u00f3 sobre pr\u00e1cticas irresponsables que agravan la situaci\u00f3n. \u201cHubo una persona que vino con bolsas de arpillera llenas de huesos de vaca para que las palometas comenzaran a atacar. El 1\u00ba de febrero del a\u00f1o pasado no qued\u00f3 nadie, y eso nunca lo contaron. Trabajo ac\u00e1 hace 18 a\u00f1os y s\u00e9 exactamente c\u00f3mo evoluciona este problema\u201d, concluy\u00f3.<\/p>\n\n\n\n<p>Atenci\u00f3n en el hospital<br>En paralelo, el Hospital Ferm\u00edn Salaberry de Victoria emiti\u00f3 un comunicado oficial tras atender, el domingo 1 de febrero, a siete personas, entre ni\u00f1os y adultos, que presentaban mordeduras de palometas. Desde la Guardia informaron que todos hab\u00edan ingresado al r\u00edo en zonas donde el ba\u00f1o se encuentra prohibido.<\/p>\n\n\n\n<p>El centro de salud record\u00f3 que existen carteles en las distintas playas con se\u00f1alizaci\u00f3n sobre los sectores habilitados y pidi\u00f3 respetar las normas. \u201cSolicitamos actuar con responsabilidad, respetando las se\u00f1alizaciones vigentes, las indicaciones y recomendaciones del personal de cada playa\u201d, indicaron.<\/p>\n\n\n\n<p>Entre las principales medidas preventivas, el hospital aconsej\u00f3 no ingresar al agua en zonas no habilitadas, evitar ba\u00f1arse en horarios de mayor actividad de palometas, no entrar al r\u00edo con heridas abiertas y supervisar de manera permanente a ni\u00f1os y ni\u00f1as. Adem\u00e1s, ante cualquier lesi\u00f3n, recomendaron consultar de inmediato al centro de salud m\u00e1s cercano.<\/p>\n\n\n\n<p>Por qu\u00e9 aumentan los ataques<br>Especialistas del Acuario del R\u00edo Paran\u00e1 explicaron que las altas temperaturas y el bajo nivel del r\u00edo favorecen la agresividad de estos peces. Las palometas habitan el r\u00edo durante todo el a\u00f1o, pero se vuelven m\u00e1s activas cuando el agua se calienta y escasea el alimento.<\/p>\n\n\n\n<p>Indicaron que los ataques suelen registrarse en zonas de poca profundidad y cerca de nidos durante la reproducci\u00f3n. Si bien no son grandes depredadoras, cumplen un rol clave en el ecosistema al alimentarse de peces d\u00e9biles o enfermos.<\/p>\n\n\n\n<p>Las autoridades reiteraron el llamado a la responsabilidad individual y colectiva para evitar nuevos episodios en plena temporada de verano, public\u00f3 Elonce.<\/p>\n","protected":false},"excerpt":{"rendered":"<p>En la ciudad de Victoria se registraron en los primeros d\u00edas de febrero m\u00e1s de 40 ataques de palometas en el r\u00edo. Una de las personas heridas perdi\u00f3 un dedo. M\u00e1s de 40 personas fueron atacadas por palometas en la costa de la ciudad de Victoria y resultaron con heridas, algunas de gravedad. La situaci\u00f3n [&hellip;]<\/p>\n","protected":false},"author":4,"featured_media":6788,"comment_status":"open","ping_status":"open","sticky":false,"template":"","format":"standard","meta":{"footnotes":""},"categories":[19],"tags":[],"class_list":{"0":"post-6787","1":"post","2":"type-post","3":"status-publish","4":"format-standard","5":"has-post-thumbnail","7":"category-interes-general"},"yoast_head":"<!-- This site is optimized with the Yoast SEO plugin v27.4 - https:\/\/yoast.com\/product\/yoast-seo-wordpress\/ -->\n<title>Decenas de heridos por palometas en playa entrerriana: Un ba\u00f1ista perdi\u00f3 un dedo - Diario del Sur<\/title>\n<meta name=\"robots\" content=\"index, follow, max-snippet:-1, max-image-preview:large, max-video-preview:-1\" \/>\n<link rel=\"canonical\" href=\"https:\/\/diariodelsurdigital.com.ar\/?p=6787\" \/>\n<meta property=\"og:locale\" content=\"es_ES\" \/>\n<meta property=\"og:type\" content=\"article\" \/>\n<meta property=\"og:title\" content=\"Decenas de heridos por palometas en playa entrerriana: Un ba\u00f1ista perdi\u00f3 un dedo - Diario del Sur\" \/>\n<meta property=\"og:description\" content=\"En la ciudad de Victoria se registraron en los primeros d\u00edas de febrero m\u00e1s de 40 ataques de palometas en el r\u00edo. Una de las personas heridas perdi\u00f3 un dedo. M\u00e1s de 40 personas fueron atacadas por palometas en la costa de la ciudad de Victoria y resultaron con heridas, algunas de gravedad. La situaci\u00f3n [&hellip;]\" \/>\n<meta property=\"og:url\" content=\"https:\/\/diariodelsurdigital.com.ar\/?p=6787\" \/>\n<meta property=\"og:site_name\" content=\"Diario del Sur\" \/>\n<meta property=\"article:published_time\" content=\"2026-02-03T17:07:54+00:00\" \/>\n<meta property=\"article:modified_time\" content=\"2026-02-03T17:07:55+00:00\" \/>\n<meta property=\"og:image\" content=\"https:\/\/diariodelsurdigital.com.ar\/wp-content\/uploads\/2026\/02\/md-4.webp\" \/>\n\t<meta property=\"og:image:width\" content=\"992\" \/>\n\t<meta property=\"og:image:height\" content=\"661\" \/>\n\t<meta property=\"og:image:type\" content=\"image\/webp\" \/>\n<meta name=\"author\" content=\"Diario del Sur Digital\" \/>\n<meta name=\"twitter:card\" content=\"summary_large_image\" \/>\n<meta name=\"twitter:label1\" content=\"Escrito por\" \/>\n\t<meta name=\"twitter:data1\" content=\"Diario del Sur Digital\" \/>\n\t<meta name=\"twitter:label2\" content=\"Tiempo de lectura\" \/>\n\t<meta name=\"twitter:data2\" content=\"3 minutos\" \/>\n<script type=\"application\/ld+json\" class=\"yoast-schema-graph\">{\"@context\":\"https:\\\/\\\/schema.org\",\"@graph\":[{\"@type\":\"Article\",\"@id\":\"https:\\\/\\\/diariodelsurdigital.com.ar\\\/?p=6787#article\",\"isPartOf\":{\"@id\":\"https:\\\/\\\/diariodelsurdigital.com.ar\\\/?p=6787\"},\"author\":{\"name\":\"Diario del Sur Digital\",\"@id\":\"https:\\\/\\\/diariodelsurdigital.com.ar\\\/#\\\/schema\\\/person\\\/1a4992532ed62965c968031b49195c81\"},\"headline\":\"Decenas de heridos por palometas en playa entrerriana: Un ba\u00f1ista perdi\u00f3 un dedo\",\"datePublished\":\"2026-02-03T17:07:54+00:00\",\"dateModified\":\"2026-02-03T17:07:55+00:00\",\"mainEntityOfPage\":{\"@id\":\"https:\\\/\\\/diariodelsurdigital.com.ar\\\/?p=6787\"},\"wordCount\":619,\"commentCount\":0,\"image\":{\"@id\":\"https:\\\/\\\/diariodelsurdigital.com.ar\\\/?p=6787#primaryimage\"},\"thumbnailUrl\":\"https:\\\/\\\/diariodelsurdigital.com.ar\\\/wp-content\\\/uploads\\\/2026\\\/02\\\/md-4.webp\",\"articleSection\":[\"Inter\u00e9s General\"],\"inLanguage\":\"es\",\"potentialAction\":[{\"@type\":\"CommentAction\",\"name\":\"Comment\",\"target\":[\"https:\\\/\\\/diariodelsurdigital.com.ar\\\/?p=6787#respond\"]}]},{\"@type\":\"WebPage\",\"@id\":\"https:\\\/\\\/diariodelsurdigital.com.ar\\\/?p=6787\",\"url\":\"https:\\\/\\\/diariodelsurdigital.com.ar\\\/?p=6787\",\"name\":\"Decenas de heridos por palometas en playa entrerriana: Un ba\u00f1ista perdi\u00f3 un dedo - Diario del Sur\",\"isPartOf\":{\"@id\":\"https:\\\/\\\/diariodelsurdigital.com.ar\\\/#website\"},\"primaryImageOfPage\":{\"@id\":\"https:\\\/\\\/diariodelsurdigital.com.ar\\\/?p=6787#primaryimage\"},\"image\":{\"@id\":\"https:\\\/\\\/diariodelsurdigital.com.ar\\\/?p=6787#primaryimage\"},\"thumbnailUrl\":\"https:\\\/\\\/diariodelsurdigital.com.ar\\\/wp-content\\\/uploads\\\/2026\\\/02\\\/md-4.webp\",\"datePublished\":\"2026-02-03T17:07:54+00:00\",\"dateModified\":\"2026-02-03T17:07:55+00:00\",\"author\":{\"@id\":\"https:\\\/\\\/diariodelsurdigital.com.ar\\\/#\\\/schema\\\/person\\\/1a4992532ed62965c968031b49195c81\"},\"breadcrumb\":{\"@id\":\"https:\\\/\\\/diariodelsurdigital.com.ar\\\/?p=6787#breadcrumb\"},\"inLanguage\":\"es\",\"potentialAction\":[{\"@type\":\"ReadAction\",\"target\":[\"https:\\\/\\\/diariodelsurdigital.com.ar\\\/?p=6787\"]}]},{\"@type\":\"ImageObject\",\"inLanguage\":\"es\",\"@id\":\"https:\\\/\\\/diariodelsurdigital.com.ar\\\/?p=6787#primaryimage\",\"url\":\"https:\\\/\\\/diariodelsurdigital.com.ar\\\/wp-content\\\/uploads\\\/2026\\\/02\\\/md-4.webp\",\"contentUrl\":\"https:\\\/\\\/diariodelsurdigital.com.ar\\\/wp-content\\\/uploads\\\/2026\\\/02\\\/md-4.webp\",\"width\":992,\"height\":661},{\"@type\":\"BreadcrumbList\",\"@id\":\"https:\\\/\\\/diariodelsurdigital.com.ar\\\/?p=6787#breadcrumb\",\"itemListElement\":[{\"@type\":\"ListItem\",\"position\":1,\"name\":\"Portada\",\"item\":\"https:\\\/\\\/diariodelsurdigital.com.ar\\\/\"},{\"@type\":\"ListItem\",\"position\":2,\"name\":\"Decenas de heridos por palometas en playa entrerriana: Un ba\u00f1ista perdi\u00f3 un dedo\"}]},{\"@type\":\"WebSite\",\"@id\":\"https:\\\/\\\/diariodelsurdigital.com.ar\\\/#website\",\"url\":\"https:\\\/\\\/diariodelsurdigital.com.ar\\\/\",\"name\":\"Diario del Sur\",\"description\":\"Digital\",\"potentialAction\":[{\"@type\":\"SearchAction\",\"target\":{\"@type\":\"EntryPoint\",\"urlTemplate\":\"https:\\\/\\\/diariodelsurdigital.com.ar\\\/?s={search_term_string}\"},\"query-input\":{\"@type\":\"PropertyValueSpecification\",\"valueRequired\":true,\"valueName\":\"search_term_string\"}}],\"inLanguage\":\"es\"},{\"@type\":\"Person\",\"@id\":\"https:\\\/\\\/diariodelsurdigital.com.ar\\\/#\\\/schema\\\/person\\\/1a4992532ed62965c968031b49195c81\",\"name\":\"Diario del Sur Digital\",\"image\":{\"@type\":\"ImageObject\",\"inLanguage\":\"es\",\"@id\":\"https:\\\/\\\/secure.gravatar.com\\\/avatar\\\/f0c7c47fc7146d19828273b9b8eda651c9c7ab583767e6338d3d3bee825adf76?s=96&d=mm&r=g\",\"url\":\"https:\\\/\\\/secure.gravatar.com\\\/avatar\\\/f0c7c47fc7146d19828273b9b8eda651c9c7ab583767e6338d3d3bee825adf76?s=96&d=mm&r=g\",\"contentUrl\":\"https:\\\/\\\/secure.gravatar.com\\\/avatar\\\/f0c7c47fc7146d19828273b9b8eda651c9c7ab583767e6338d3d3bee825adf76?s=96&d=mm&r=g\",\"caption\":\"Diario del Sur Digital\"},\"url\":\"https:\\\/\\\/diariodelsurdigital.com.ar\\\/?author=4\"}]}<\/script>\n<!-- \/ Yoast SEO plugin. -->","yoast_head_json":{"title":"Decenas de heridos por palometas en playa entrerriana: Un ba\u00f1ista perdi\u00f3 un dedo - Diario del Sur","robots":{"index":"index","follow":"follow","max-snippet":"max-snippet:-1","max-image-preview":"max-image-preview:large","max-video-preview":"max-video-preview:-1"},"canonical":"https:\/\/diariodelsurdigital.com.ar\/?p=6787","og_locale":"es_ES","og_type":"article","og_title":"Decenas de heridos por palometas en playa entrerriana: Un ba\u00f1ista perdi\u00f3 un dedo - Diario del Sur","og_description":"En la ciudad de Victoria se registraron en los primeros d\u00edas de febrero m\u00e1s de 40 ataques de palometas en el r\u00edo. Una de las personas heridas perdi\u00f3 un dedo. M\u00e1s de 40 personas fueron atacadas por palometas en la costa de la ciudad de Victoria y resultaron con heridas, algunas de gravedad. La situaci\u00f3n [&hellip;]","og_url":"https:\/\/diariodelsurdigital.com.ar\/?p=6787","og_site_name":"Diario del Sur","article_published_time":"2026-02-03T17:07:54+00:00","article_modified_time":"2026-02-03T17:07:55+00:00","og_image":[{"width":992,"height":661,"url":"https:\/\/diariodelsurdigital.com.ar\/wp-content\/uploads\/2026\/02\/md-4.webp","type":"image\/webp"}],"author":"Diario del Sur Digital","twitter_card":"summary_large_image","twitter_misc":{"Escrito por":"Diario del Sur Digital","Tiempo de lectura":"3 minutos"},"schema":{"@context":"https:\/\/schema.org","@graph":[{"@type":"Article","@id":"https:\/\/diariodelsurdigital.com.ar\/?p=6787#article","isPartOf":{"@id":"https:\/\/diariodelsurdigital.com.ar\/?p=6787"},"author":{"name":"Diario del Sur Digital","@id":"https:\/\/diariodelsurdigital.com.ar\/#\/schema\/person\/1a4992532ed62965c968031b49195c81"},"headline":"Decenas de heridos por palometas en playa entrerriana: Un ba\u00f1ista perdi\u00f3 un dedo","datePublished":"2026-02-03T17:07:54+00:00","dateModified":"2026-02-03T17:07:55+00:00","mainEntityOfPage":{"@id":"https:\/\/diariodelsurdigital.com.ar\/?p=6787"},"wordCount":619,"commentCount":0,"image":{"@id":"https:\/\/diariodelsurdigital.com.ar\/?p=6787#primaryimage"},"thumbnailUrl":"https:\/\/diariodelsurdigital.com.ar\/wp-content\/uploads\/2026\/02\/md-4.webp","articleSection":["Inter\u00e9s General"],"inLanguage":"es","potentialAction":[{"@type":"CommentAction","name":"Comment","target":["https:\/\/diariodelsurdigital.com.ar\/?p=6787#respond"]}]},{"@type":"WebPage","@id":"https:\/\/diariodelsurdigital.com.ar\/?p=6787","url":"https:\/\/diariodelsurdigital.com.ar\/?p=6787","name":"Decenas de heridos por palometas en playa entrerriana: Un ba\u00f1ista perdi\u00f3 un dedo - Diario del Sur","isPartOf":{"@id":"https:\/\/diariodelsurdigital.com.ar\/#website"},"primaryImageOfPage":{"@id":"https:\/\/diariodelsurdigital.com.ar\/?p=6787#primaryimage"},"image":{"@id":"https:\/\/diariodelsurdigital.com.ar\/?p=6787#primaryimage"},"thumbnailUrl":"https:\/\/diariodelsurdigital.com.ar\/wp-content\/uploads\/2026\/02\/md-4.webp","datePublished":"2026-02-03T17:07:54+00:00","dateModified":"2026-02-03T17:07:55+00:00","author":{"@id":"https:\/\/diariodelsurdigital.com.ar\/#\/schema\/person\/1a4992532ed62965c968031b49195c81"},"breadcrumb":{"@id":"https:\/\/diariodelsurdigital.com.ar\/?p=6787#breadcrumb"},"inLanguage":"es","potentialAction":[{"@type":"ReadAction","target":["https:\/\/diariodelsurdigital.com.ar\/?p=6787"]}]},{"@type":"ImageObject","inLanguage":"es","@id":"https:\/\/diariodelsurdigital.com.ar\/?p=6787#primaryimage","url":"https:\/\/diariodelsurdigital.com.ar\/wp-content\/uploads\/2026\/02\/md-4.webp","contentUrl":"https:\/\/diariodelsurdigital.com.ar\/wp-content\/uploads\/2026\/02\/md-4.webp","width":992,"height":661},{"@type":"BreadcrumbList","@id":"https:\/\/diariodelsurdigital.com.ar\/?p=6787#breadcrumb","itemListElement":[{"@type":"ListItem","position":1,"name":"Portada","item":"https:\/\/diariodelsurdigital.com.ar\/"},{"@type":"ListItem","position":2,"name":"Decenas de heridos por palometas en playa entrerriana: Un ba\u00f1ista perdi\u00f3 un dedo"}]},{"@type":"WebSite","@id":"https:\/\/diariodelsurdigital.com.ar\/#website","url":"https:\/\/diariodelsurdigital.com.ar\/","name":"Diario del Sur","description":"Digital","potentialAction":[{"@type":"SearchAction","target":{"@type":"EntryPoint","urlTemplate":"https:\/\/diariodelsurdigital.com.ar\/?s={search_term_string}"},"query-input":{"@type":"PropertyValueSpecification","valueRequired":true,"valueName":"search_term_string"}}],"inLanguage":"es"},{"@type":"Person","@id":"https:\/\/diariodelsurdigital.com.ar\/#\/schema\/person\/1a4992532ed62965c968031b49195c81","name":"Diario del Sur Digital","image":{"@type":"ImageObject","inLanguage":"es","@id":"https:\/\/secure.gravatar.com\/avatar\/f0c7c47fc7146d19828273b9b8eda651c9c7ab583767e6338d3d3bee825adf76?s=96&d=mm&r=g","url":"https:\/\/secure.gravatar.com\/avatar\/f0c7c47fc7146d19828273b9b8eda651c9c7ab583767e6338d3d3bee825adf76?s=96&d=mm&r=g","contentUrl":"https:\/\/secure.gravatar.com\/avatar\/f0c7c47fc7146d19828273b9b8eda651c9c7ab583767e6338d3d3bee825adf76?s=96&d=mm&r=g","caption":"Diario del Sur Digital"},"url":"https:\/\/diariodelsurdigital.com.ar\/?author=4"}]}},"_links":{"self":[{"href":"https:\/\/diariodelsurdigital.com.ar\/index.php?rest_route=\/wp\/v2\/posts\/6787","targetHints":{"allow":["GET"]}}],"collection":[{"href":"https:\/\/diariodelsurdigital.com.ar\/index.php?rest_route=\/wp\/v2\/posts"}],"about":[{"href":"https:\/\/diariodelsurdigital.com.ar\/index.php?rest_route=\/wp\/v2\/types\/post"}],"author":[{"embeddable":true,"href":"https:\/\/diariodelsurdigital.com.ar\/index.php?rest_route=\/wp\/v2\/users\/4"}],"replies":[{"embeddable":true,"href":"https:\/\/diariodelsurdigital.com.ar\/index.php?rest_route=%2Fwp%2Fv2%2Fcomments&post=6787"}],"version-history":[{"count":1,"href":"https:\/\/diariodelsurdigital.com.ar\/index.php?rest_route=\/wp\/v2\/posts\/6787\/revisions"}],"predecessor-version":[{"id":6789,"href":"https:\/\/diariodelsurdigital.com.ar\/index.php?rest_route=\/wp\/v2\/posts\/6787\/revisions\/6789"}],"wp:featuredmedia":[{"embeddable":true,"href":"https:\/\/diariodelsurdigital.com.ar\/index.php?rest_route=\/wp\/v2\/media\/6788"}],"wp:attachment":[{"href":"https:\/\/diariodelsurdigital.com.ar\/index.php?rest_route=%2Fwp%2Fv2%2Fmedia&parent=6787"}],"wp:term":[{"taxonomy":"category","embeddable":true,"href":"https:\/\/diariodelsurdigital.com.ar\/index.php?rest_route=%2Fwp%2Fv2%2Fcategories&post=6787"},{"taxonomy":"post_tag","embeddable":true,"href":"https:\/\/diariodelsurdigital.com.ar\/index.php?rest_route=%2Fwp%2Fv2%2Ftags&post=6787"}],"curies":[{"name":"wp","href":"https:\/\/api.w.org\/{rel}","templated":true}]}}