{"id":6796,"date":"2026-02-03T14:31:11","date_gmt":"2026-02-03T17:31:11","guid":{"rendered":"https:\/\/diariodelsurdigital.com.ar\/?p=6796"},"modified":"2026-02-03T14:31:12","modified_gmt":"2026-02-03T17:31:12","slug":"comenzaron-los-trabajos-para-la-puesta-en-valor-del-auditorium-de-concordia","status":"publish","type":"post","link":"https:\/\/diariodelsurdigital.com.ar\/?p=6796","title":{"rendered":"Comenzaron los trabajos para la puesta en valor del Auditorium de Concordia"},"content":{"rendered":"\n<p>En el marco del convenio firmado con el Obispado de Concordia, la Delegaci\u00f3n Argentina ante la Comisi\u00f3n T\u00e9cnica Mixta de Salto Grande inici\u00f3 la puesta en valor del Auditorium de la ciudad.<\/p>\n\n\n\n<p>La obra se desarrolla en l\u00ednea con los objetivos del Gobierno de Entre R\u00edos y la municipalidad, vinculados a la revalorizaci\u00f3n de sitios emblem\u00e1ticos que integran el patrimonio hist\u00f3rico y cultural de la provincia.<\/p>\n\n\n\n<p>Los primeros trabajos en ejecuci\u00f3n contemplan intervenciones orientadas a mejorar la accesibilidad, la funcionalidad y las condiciones de seguridad, fortaleciendo su infraestructura y organizaci\u00f3n interna. De este modo, se avanza en la remodelaci\u00f3n del edificio, respetando su valor institucional y su relevancia cultural para la comunidad.<\/p>\n\n\n\n<p>Al respecto, el presidente de la Delegaci\u00f3n Argentina, Alejandro Daneri, destac\u00f3 la importancia de la intervenci\u00f3n y se\u00f1al\u00f3 que \u00abla puesta en valor forma parte del compromiso de la Delegaci\u00f3n con la preservaci\u00f3n y fortalecimiento de \u00e1mbitos culturales de gran relevancia para la comunidad, con el objetivo de que vuelva a ser un lugar de encuentro y disfrute para los entrerrianos\u00bb.<\/p>\n\n\n\n<p>Ubicado en el centro de la ciudad, el Auditorium de Concordia fue durante a\u00f1os un espacio de referencia para actividades culturales y educativas, con la participaci\u00f3n de instituciones y artistas locales. Cerrado desde 2021, el edificio conserva un fuerte valor simb\u00f3lico para la comunidad, por lo que la obra llevada a cabo por la Delegaci\u00f3n Argentina ante CTM Salto Grande busca revitalizar este \u00e1mbito hist\u00f3rico y contribuir a su reinserci\u00f3n en la vida cultural y social de la ciudad.<\/p>\n\n\n\n<p>Detalles de la obra<\/p>\n\n\n\n<p>Entre las acciones previstas se incluye el redise\u00f1o integral del sector sanitario, incorporando ba\u00f1os para damas y caballeros y uno para personas con discapacidad. Asimismo, se realizan demoliciones y retiros controlados de revestimientos, pisos, tabiques, puertas, butacas y otros elementos, con recuperaci\u00f3n y resguardo de materiales reutilizables, junto con la adecuaci\u00f3n y construcci\u00f3n de nueva mamposter\u00eda interior.<\/p>\n\n\n\n<p>Comprende tambi\u00e9n la reparaci\u00f3n de revoques, contrapisos y carpetas, el tratamiento de humedades, la rectificaci\u00f3n de escaleras y la adecuaci\u00f3n de cielorrasos intervenidos previamente. En paralelo, se ejecutan nuevas instalaciones sanitarias y el\u00e9ctricas completas, con renovaci\u00f3n de ca\u00f1er\u00edas, tableros y cableado.<\/p>\n\n\n\n<p>En materia de seguridad, se avanza en la incorporaci\u00f3n de sistemas de alarma, c\u00e1maras, detectores de humo, bocas de red y previsiones para sistemas contra incendios, as\u00ed como en la preinstalaci\u00f3n de sistemas de climatizaci\u00f3n en los salones.<\/p>\n\n\n\n<p>Adem\u00e1s, se destaca la finalizaci\u00f3n integral del sector de vestuarios del subsuelo, que quedar\u00e1 operativo con tanque de agua independiente, duchas y sanitarios, y la ejecuci\u00f3n definitiva de la sala de monitoreo y control del escenario. Tambi\u00e9n se realizan tareas de preparaci\u00f3n de paredes y techos, dej\u00e1ndolos listos para futuras terminaciones de pintura y revestimientos, garantizando una base s\u00f3lida para la continuidad de la remodelaci\u00f3n integral del edificio.<\/p>\n","protected":false},"excerpt":{"rendered":"<p>En el marco del convenio firmado con el Obispado de Concordia, la Delegaci\u00f3n Argentina ante la Comisi\u00f3n T\u00e9cnica Mixta de Salto Grande inici\u00f3 la puesta en valor del Auditorium de la ciudad. La obra se desarrolla en l\u00ednea con los objetivos del Gobierno de Entre R\u00edos y la municipalidad, vinculados a la revalorizaci\u00f3n de sitios [&hellip;]<\/p>\n","protected":false},"author":4,"featured_media":6797,"comment_status":"open","ping_status":"open","sticky":false,"template":"","format":"standard","meta":{"footnotes":""},"categories":[19,16],"tags":[],"class_list":{"0":"post-6796","1":"post","2":"type-post","3":"status-publish","4":"format-standard","5":"has-post-thumbnail","7":"category-interes-general","8":"category-locales"},"yoast_head":"<!-- This site is optimized with the Yoast SEO plugin v27.4 - https:\/\/yoast.com\/product\/yoast-seo-wordpress\/ -->\n<title>Comenzaron los trabajos para la puesta en valor del Auditorium de Concordia - Diario del Sur<\/title>\n<meta name=\"robots\" content=\"index, follow, max-snippet:-1, max-image-preview:large, max-video-preview:-1\" \/>\n<link rel=\"canonical\" href=\"https:\/\/diariodelsurdigital.com.ar\/?p=6796\" \/>\n<meta property=\"og:locale\" content=\"es_ES\" \/>\n<meta property=\"og:type\" content=\"article\" \/>\n<meta property=\"og:title\" content=\"Comenzaron los trabajos para la puesta en valor del Auditorium de Concordia - Diario del Sur\" \/>\n<meta property=\"og:description\" content=\"En el marco del convenio firmado con el Obispado de Concordia, la Delegaci\u00f3n Argentina ante la Comisi\u00f3n T\u00e9cnica Mixta de Salto Grande inici\u00f3 la puesta en valor del Auditorium de la ciudad. La obra se desarrolla en l\u00ednea con los objetivos del Gobierno de Entre R\u00edos y la municipalidad, vinculados a la revalorizaci\u00f3n de sitios [&hellip;]\" \/>\n<meta property=\"og:url\" content=\"https:\/\/diariodelsurdigital.com.ar\/?p=6796\" \/>\n<meta property=\"og:site_name\" content=\"Diario del Sur\" \/>\n<meta property=\"article:published_time\" content=\"2026-02-03T17:31:11+00:00\" \/>\n<meta property=\"article:modified_time\" content=\"2026-02-03T17:31:12+00:00\" \/>\n<meta property=\"og:image\" content=\"https:\/\/diariodelsurdigital.com.ar\/wp-content\/uploads\/2026\/02\/md-7.webp\" \/>\n\t<meta property=\"og:image:width\" content=\"992\" \/>\n\t<meta property=\"og:image:height\" content=\"661\" \/>\n\t<meta property=\"og:image:type\" content=\"image\/webp\" \/>\n<meta name=\"author\" content=\"Diario del Sur Digital\" \/>\n<meta name=\"twitter:card\" content=\"summary_large_image\" \/>\n<meta name=\"twitter:label1\" content=\"Escrito por\" \/>\n\t<meta name=\"twitter:data1\" content=\"Diario del Sur Digital\" \/>\n\t<meta name=\"twitter:label2\" content=\"Tiempo de lectura\" \/>\n\t<meta name=\"twitter:data2\" content=\"3 minutos\" \/>\n<script type=\"application\/ld+json\" class=\"yoast-schema-graph\">{\"@context\":\"https:\\\/\\\/schema.org\",\"@graph\":[{\"@type\":\"Article\",\"@id\":\"https:\\\/\\\/diariodelsurdigital.com.ar\\\/?p=6796#article\",\"isPartOf\":{\"@id\":\"https:\\\/\\\/diariodelsurdigital.com.ar\\\/?p=6796\"},\"author\":{\"name\":\"Diario del Sur Digital\",\"@id\":\"https:\\\/\\\/diariodelsurdigital.com.ar\\\/#\\\/schema\\\/person\\\/1a4992532ed62965c968031b49195c81\"},\"headline\":\"Comenzaron los trabajos para la puesta en valor del Auditorium de Concordia\",\"datePublished\":\"2026-02-03T17:31:11+00:00\",\"dateModified\":\"2026-02-03T17:31:12+00:00\",\"mainEntityOfPage\":{\"@id\":\"https:\\\/\\\/diariodelsurdigital.com.ar\\\/?p=6796\"},\"wordCount\":519,\"commentCount\":0,\"image\":{\"@id\":\"https:\\\/\\\/diariodelsurdigital.com.ar\\\/?p=6796#primaryimage\"},\"thumbnailUrl\":\"https:\\\/\\\/diariodelsurdigital.com.ar\\\/wp-content\\\/uploads\\\/2026\\\/02\\\/md-7.webp\",\"articleSection\":[\"Inter\u00e9s General\",\"Locales\"],\"inLanguage\":\"es\",\"potentialAction\":[{\"@type\":\"CommentAction\",\"name\":\"Comment\",\"target\":[\"https:\\\/\\\/diariodelsurdigital.com.ar\\\/?p=6796#respond\"]}]},{\"@type\":\"WebPage\",\"@id\":\"https:\\\/\\\/diariodelsurdigital.com.ar\\\/?p=6796\",\"url\":\"https:\\\/\\\/diariodelsurdigital.com.ar\\\/?p=6796\",\"name\":\"Comenzaron los trabajos para la puesta en valor del Auditorium de Concordia - Diario del Sur\",\"isPartOf\":{\"@id\":\"https:\\\/\\\/diariodelsurdigital.com.ar\\\/#website\"},\"primaryImageOfPage\":{\"@id\":\"https:\\\/\\\/diariodelsurdigital.com.ar\\\/?p=6796#primaryimage\"},\"image\":{\"@id\":\"https:\\\/\\\/diariodelsurdigital.com.ar\\\/?p=6796#primaryimage\"},\"thumbnailUrl\":\"https:\\\/\\\/diariodelsurdigital.com.ar\\\/wp-content\\\/uploads\\\/2026\\\/02\\\/md-7.webp\",\"datePublished\":\"2026-02-03T17:31:11+00:00\",\"dateModified\":\"2026-02-03T17:31:12+00:00\",\"author\":{\"@id\":\"https:\\\/\\\/diariodelsurdigital.com.ar\\\/#\\\/schema\\\/person\\\/1a4992532ed62965c968031b49195c81\"},\"breadcrumb\":{\"@id\":\"https:\\\/\\\/diariodelsurdigital.com.ar\\\/?p=6796#breadcrumb\"},\"inLanguage\":\"es\",\"potentialAction\":[{\"@type\":\"ReadAction\",\"target\":[\"https:\\\/\\\/diariodelsurdigital.com.ar\\\/?p=6796\"]}]},{\"@type\":\"ImageObject\",\"inLanguage\":\"es\",\"@id\":\"https:\\\/\\\/diariodelsurdigital.com.ar\\\/?p=6796#primaryimage\",\"url\":\"https:\\\/\\\/diariodelsurdigital.com.ar\\\/wp-content\\\/uploads\\\/2026\\\/02\\\/md-7.webp\",\"contentUrl\":\"https:\\\/\\\/diariodelsurdigital.com.ar\\\/wp-content\\\/uploads\\\/2026\\\/02\\\/md-7.webp\",\"width\":992,\"height\":661},{\"@type\":\"BreadcrumbList\",\"@id\":\"https:\\\/\\\/diariodelsurdigital.com.ar\\\/?p=6796#breadcrumb\",\"itemListElement\":[{\"@type\":\"ListItem\",\"position\":1,\"name\":\"Portada\",\"item\":\"https:\\\/\\\/diariodelsurdigital.com.ar\\\/\"},{\"@type\":\"ListItem\",\"position\":2,\"name\":\"Comenzaron los trabajos para la puesta en valor del Auditorium de Concordia\"}]},{\"@type\":\"WebSite\",\"@id\":\"https:\\\/\\\/diariodelsurdigital.com.ar\\\/#website\",\"url\":\"https:\\\/\\\/diariodelsurdigital.com.ar\\\/\",\"name\":\"Diario del Sur\",\"description\":\"Digital\",\"potentialAction\":[{\"@type\":\"SearchAction\",\"target\":{\"@type\":\"EntryPoint\",\"urlTemplate\":\"https:\\\/\\\/diariodelsurdigital.com.ar\\\/?s={search_term_string}\"},\"query-input\":{\"@type\":\"PropertyValueSpecification\",\"valueRequired\":true,\"valueName\":\"search_term_string\"}}],\"inLanguage\":\"es\"},{\"@type\":\"Person\",\"@id\":\"https:\\\/\\\/diariodelsurdigital.com.ar\\\/#\\\/schema\\\/person\\\/1a4992532ed62965c968031b49195c81\",\"name\":\"Diario del Sur Digital\",\"image\":{\"@type\":\"ImageObject\",\"inLanguage\":\"es\",\"@id\":\"https:\\\/\\\/secure.gravatar.com\\\/avatar\\\/f0c7c47fc7146d19828273b9b8eda651c9c7ab583767e6338d3d3bee825adf76?s=96&d=mm&r=g\",\"url\":\"https:\\\/\\\/secure.gravatar.com\\\/avatar\\\/f0c7c47fc7146d19828273b9b8eda651c9c7ab583767e6338d3d3bee825adf76?s=96&d=mm&r=g\",\"contentUrl\":\"https:\\\/\\\/secure.gravatar.com\\\/avatar\\\/f0c7c47fc7146d19828273b9b8eda651c9c7ab583767e6338d3d3bee825adf76?s=96&d=mm&r=g\",\"caption\":\"Diario del Sur Digital\"},\"url\":\"https:\\\/\\\/diariodelsurdigital.com.ar\\\/?author=4\"}]}<\/script>\n<!-- \/ Yoast SEO plugin. -->","yoast_head_json":{"title":"Comenzaron los trabajos para la puesta en valor del Auditorium de Concordia - Diario del Sur","robots":{"index":"index","follow":"follow","max-snippet":"max-snippet:-1","max-image-preview":"max-image-preview:large","max-video-preview":"max-video-preview:-1"},"canonical":"https:\/\/diariodelsurdigital.com.ar\/?p=6796","og_locale":"es_ES","og_type":"article","og_title":"Comenzaron los trabajos para la puesta en valor del Auditorium de Concordia - Diario del Sur","og_description":"En el marco del convenio firmado con el Obispado de Concordia, la Delegaci\u00f3n Argentina ante la Comisi\u00f3n T\u00e9cnica Mixta de Salto Grande inici\u00f3 la puesta en valor del Auditorium de la ciudad. La obra se desarrolla en l\u00ednea con los objetivos del Gobierno de Entre R\u00edos y la municipalidad, vinculados a la revalorizaci\u00f3n de sitios [&hellip;]","og_url":"https:\/\/diariodelsurdigital.com.ar\/?p=6796","og_site_name":"Diario del Sur","article_published_time":"2026-02-03T17:31:11+00:00","article_modified_time":"2026-02-03T17:31:12+00:00","og_image":[{"width":992,"height":661,"url":"https:\/\/diariodelsurdigital.com.ar\/wp-content\/uploads\/2026\/02\/md-7.webp","type":"image\/webp"}],"author":"Diario del Sur Digital","twitter_card":"summary_large_image","twitter_misc":{"Escrito por":"Diario del Sur Digital","Tiempo de lectura":"3 minutos"},"schema":{"@context":"https:\/\/schema.org","@graph":[{"@type":"Article","@id":"https:\/\/diariodelsurdigital.com.ar\/?p=6796#article","isPartOf":{"@id":"https:\/\/diariodelsurdigital.com.ar\/?p=6796"},"author":{"name":"Diario del Sur Digital","@id":"https:\/\/diariodelsurdigital.com.ar\/#\/schema\/person\/1a4992532ed62965c968031b49195c81"},"headline":"Comenzaron los trabajos para la puesta en valor del Auditorium de Concordia","datePublished":"2026-02-03T17:31:11+00:00","dateModified":"2026-02-03T17:31:12+00:00","mainEntityOfPage":{"@id":"https:\/\/diariodelsurdigital.com.ar\/?p=6796"},"wordCount":519,"commentCount":0,"image":{"@id":"https:\/\/diariodelsurdigital.com.ar\/?p=6796#primaryimage"},"thumbnailUrl":"https:\/\/diariodelsurdigital.com.ar\/wp-content\/uploads\/2026\/02\/md-7.webp","articleSection":["Inter\u00e9s General","Locales"],"inLanguage":"es","potentialAction":[{"@type":"CommentAction","name":"Comment","target":["https:\/\/diariodelsurdigital.com.ar\/?p=6796#respond"]}]},{"@type":"WebPage","@id":"https:\/\/diariodelsurdigital.com.ar\/?p=6796","url":"https:\/\/diariodelsurdigital.com.ar\/?p=6796","name":"Comenzaron los trabajos para la puesta en valor del Auditorium de Concordia - Diario del Sur","isPartOf":{"@id":"https:\/\/diariodelsurdigital.com.ar\/#website"},"primaryImageOfPage":{"@id":"https:\/\/diariodelsurdigital.com.ar\/?p=6796#primaryimage"},"image":{"@id":"https:\/\/diariodelsurdigital.com.ar\/?p=6796#primaryimage"},"thumbnailUrl":"https:\/\/diariodelsurdigital.com.ar\/wp-content\/uploads\/2026\/02\/md-7.webp","datePublished":"2026-02-03T17:31:11+00:00","dateModified":"2026-02-03T17:31:12+00:00","author":{"@id":"https:\/\/diariodelsurdigital.com.ar\/#\/schema\/person\/1a4992532ed62965c968031b49195c81"},"breadcrumb":{"@id":"https:\/\/diariodelsurdigital.com.ar\/?p=6796#breadcrumb"},"inLanguage":"es","potentialAction":[{"@type":"ReadAction","target":["https:\/\/diariodelsurdigital.com.ar\/?p=6796"]}]},{"@type":"ImageObject","inLanguage":"es","@id":"https:\/\/diariodelsurdigital.com.ar\/?p=6796#primaryimage","url":"https:\/\/diariodelsurdigital.com.ar\/wp-content\/uploads\/2026\/02\/md-7.webp","contentUrl":"https:\/\/diariodelsurdigital.com.ar\/wp-content\/uploads\/2026\/02\/md-7.webp","width":992,"height":661},{"@type":"BreadcrumbList","@id":"https:\/\/diariodelsurdigital.com.ar\/?p=6796#breadcrumb","itemListElement":[{"@type":"ListItem","position":1,"name":"Portada","item":"https:\/\/diariodelsurdigital.com.ar\/"},{"@type":"ListItem","position":2,"name":"Comenzaron los trabajos para la puesta en valor del Auditorium de Concordia"}]},{"@type":"WebSite","@id":"https:\/\/diariodelsurdigital.com.ar\/#website","url":"https:\/\/diariodelsurdigital.com.ar\/","name":"Diario del Sur","description":"Digital","potentialAction":[{"@type":"SearchAction","target":{"@type":"EntryPoint","urlTemplate":"https:\/\/diariodelsurdigital.com.ar\/?s={search_term_string}"},"query-input":{"@type":"PropertyValueSpecification","valueRequired":true,"valueName":"search_term_string"}}],"inLanguage":"es"},{"@type":"Person","@id":"https:\/\/diariodelsurdigital.com.ar\/#\/schema\/person\/1a4992532ed62965c968031b49195c81","name":"Diario del Sur Digital","image":{"@type":"ImageObject","inLanguage":"es","@id":"https:\/\/secure.gravatar.com\/avatar\/f0c7c47fc7146d19828273b9b8eda651c9c7ab583767e6338d3d3bee825adf76?s=96&d=mm&r=g","url":"https:\/\/secure.gravatar.com\/avatar\/f0c7c47fc7146d19828273b9b8eda651c9c7ab583767e6338d3d3bee825adf76?s=96&d=mm&r=g","contentUrl":"https:\/\/secure.gravatar.com\/avatar\/f0c7c47fc7146d19828273b9b8eda651c9c7ab583767e6338d3d3bee825adf76?s=96&d=mm&r=g","caption":"Diario del Sur Digital"},"url":"https:\/\/diariodelsurdigital.com.ar\/?author=4"}]}},"_links":{"self":[{"href":"https:\/\/diariodelsurdigital.com.ar\/index.php?rest_route=\/wp\/v2\/posts\/6796","targetHints":{"allow":["GET"]}}],"collection":[{"href":"https:\/\/diariodelsurdigital.com.ar\/index.php?rest_route=\/wp\/v2\/posts"}],"about":[{"href":"https:\/\/diariodelsurdigital.com.ar\/index.php?rest_route=\/wp\/v2\/types\/post"}],"author":[{"embeddable":true,"href":"https:\/\/diariodelsurdigital.com.ar\/index.php?rest_route=\/wp\/v2\/users\/4"}],"replies":[{"embeddable":true,"href":"https:\/\/diariodelsurdigital.com.ar\/index.php?rest_route=%2Fwp%2Fv2%2Fcomments&post=6796"}],"version-history":[{"count":1,"href":"https:\/\/diariodelsurdigital.com.ar\/index.php?rest_route=\/wp\/v2\/posts\/6796\/revisions"}],"predecessor-version":[{"id":6798,"href":"https:\/\/diariodelsurdigital.com.ar\/index.php?rest_route=\/wp\/v2\/posts\/6796\/revisions\/6798"}],"wp:featuredmedia":[{"embeddable":true,"href":"https:\/\/diariodelsurdigital.com.ar\/index.php?rest_route=\/wp\/v2\/media\/6797"}],"wp:attachment":[{"href":"https:\/\/diariodelsurdigital.com.ar\/index.php?rest_route=%2Fwp%2Fv2%2Fmedia&parent=6796"}],"wp:term":[{"taxonomy":"category","embeddable":true,"href":"https:\/\/diariodelsurdigital.com.ar\/index.php?rest_route=%2Fwp%2Fv2%2Fcategories&post=6796"},{"taxonomy":"post_tag","embeddable":true,"href":"https:\/\/diariodelsurdigital.com.ar\/index.php?rest_route=%2Fwp%2Fv2%2Ftags&post=6796"}],"curies":[{"name":"wp","href":"https:\/\/api.w.org\/{rel}","templated":true}]}}