{"id":6800,"date":"2026-02-04T09:43:17","date_gmt":"2026-02-04T12:43:17","guid":{"rendered":"https:\/\/diariodelsurdigital.com.ar\/?p=6800"},"modified":"2026-02-04T09:43:18","modified_gmt":"2026-02-04T12:43:18","slug":"espana-prohibira-el-acceso-a-las-redes-sociales-a-los-menores-de-16-anos","status":"publish","type":"post","link":"https:\/\/diariodelsurdigital.com.ar\/?p=6800","title":{"rendered":"Espa\u00f1a prohibir\u00e1 el acceso a las redes sociales a los menores de 16 a\u00f1os"},"content":{"rendered":"\n<p>El presidente Pedro S\u00e1nchez anuncia un paquete de medidas para combartir los contenidos ilegales online y la desinformaci\u00f3n que incluye la persecuci\u00f3n penal a los CEO de las plataformas digitales que los permitan e insta a la Fiscal\u00eda a investigar los delitos cometidos por Grok (la Inteligencia Artificial de X), Tik Tok y Meta.<\/p>\n\n\n\n<p><\/p>\n\n\n\n<p>El presidente de Espa\u00f1a, Pedro S\u00e1nchez, abre un nuevo frente de batalla contra la desinformaci\u00f3n que campa a sus anchas en las redes sociales. El Gobierno aprobar\u00e1 la semana que viene un paquete legislativo para endurecer las reglas contra las plataformas digitales que ampl\u00edan la difusi\u00f3n de contenidos falsos que est\u00e1n dando, adem\u00e1s, alas al crecimiento de la ultraderecha a nivel global. El Gobierno quiere ser pionero en ese combate y aprobar\u00e1 el pr\u00f3ximo martes una ley para que los CEO de las plataformas digitales tengan responsabilidad penal por la difusi\u00f3n de contenidos il\u00edcitos. Adem\u00e1s, Espa\u00f1a prohibir\u00e1 el acceso a las redes sociales a los menores de 16 a\u00f1os.<\/p>\n\n\n\n<p>Las plataformas estar\u00e1n obligadas a imponer mecanismos de verificaci\u00f3n de edad para el acceso. Esta medida se desarrollar\u00e1 a trav\u00e9s de prohibici\u00f3n expresa de acceso a menores en un nuevo art\u00edculo del Proyecto de Ley de Protecci\u00f3n de Personas Menores de Edad en entornos digitales que est\u00e1 en tramitaci\u00f3n parlamentaria. La UE est\u00e1 en esa l\u00ednea y est\u00e1 empleando un proyecto piloto precisamente espa\u00f1ol para ello. No obstante, hay varios pa\u00edses europeos, entre los que est\u00e1 Espa\u00f1a, que quieren ir un paso m\u00e1s all\u00e1 en el cerco a las redes sociales y comenzar\u00e1n a trabajar conjuntamente para llevar la iniciativa, aunque sea al margen del club comunitario. S\u00e1nchez dijo que esos seis pa\u00edses se reunir\u00e1n pr\u00f3ximamente.<\/p>\n\n\n\n<p>\u201cSu poder e influencia no nos debe dar miedo\u201d<\/p>\n\n\n\n<p>\u201cLas redes sociales se han convertido en un estado fallido en un lugar donde se ignoran las leyes, se toleran los delitos, la desinformaci\u00f3n vale m\u00e1s que la verdad y la mitad de los usuarios sufren ataques de odio\u201d, dijo el presidente en una intervenci\u00f3n en el Global Governments Summit que se celebra en Dubai con el foco puesto en la digitalizaci\u00f3n.<\/p>\n\n\n\n<p>Lo que pretende Sanchez a trav\u00e9s de una ley org\u00e1nica es que Elon Musk o Mark Zuckerberg se enfrenten a procesos penales si plataformas como X, Instagram o Meta no retiran los contenidos que difunden contenidos ilegales, como pornograf\u00eda infantil, por ejemplo. Adem\u00e1s, vamos a hacer que la manipulaci\u00f3n de los algoritmos sean un delito penal en l\u00ednea con lo que hizo Francia en 2023. De hecho, la Fiscal\u00eda francesa registr\u00f3 este martes la sede de X en Par\u00eds y ha convocado a Musk por la manipulaci\u00f3n de algoritmos. \u201cLa desinformaci\u00f3n no nace de la nada\u201d, afirm\u00f3 el presidente.<\/p>\n\n\n\n<p>Investigaci\u00f3n de la Fiscal\u00eda a Grok<\/p>\n\n\n\n<p>Igualmente, se crear\u00e1 un sistema de rastreo, cuantificaci\u00f3n y trazabilidad que permita establecer una Huella de Odio y Polarizaci\u00f3n. S\u00e1nchez record\u00f3 que m\u00e1s de la mitad de los usuarios de las redes sociales sufren ataques de odio. \u201cEl objetivo es transformar un fen\u00f3meno hasta ahora opaco en un elemento cuantificable y evaluable, generando un ranking de peores a mejores plataformas en relaci\u00f3n con la presencia de odio y polarizaci\u00f3n en las mismas\u201d, se\u00f1alan fuentes gubernamentales.<\/p>\n\n\n\n<p>S\u00e1nchez tambi\u00e9n inst\u00f3 a la Fiscal\u00eda a que investigue los delitos cometidos por Grok (la Inteligencia Artificial de X), Meta o TikTok. \u201cVamos a defender nuestra soberan\u00eda digital contra cualquier injerencia extranjera\u201d, advirti\u00f3. En el caso de Grok, lleg\u00f3 a crear tres millones de im\u00e1genes sexualizadas, incluidas 23.000 de menores. Bruselas abri\u00f3 una investigaci\u00f3n a Grok y X por la creaci\u00f3n de im\u00e1genes pornogr\u00e1ficas no consentidas.<\/p>\n\n\n\n<p>El presidente puso ejemplos concretos en su discurso, como la creaci\u00f3n de contenidos de pornograf\u00eda infantil con ayuda de la IA que se difunden en TikTok o los contenidos anti-inmigraci\u00f3n. El presidente se refiri\u00f3 espec\u00edficamente a la \u201cdesinformaci\u00f3n\u201d lanzada por el propio Musk \u2013\u201ca pesar de ser un inmigrante\u201d\u2013 sobre la regularizaci\u00f3n anunciada por el Gobierno. \u201cLa misma plataforma que ha permitido a Grok crear contenido sexual ilegal\u201d, agreg\u00f3, public\u00f3 Diario.Ar.<\/p>\n\n\n\n<p>\u201cEs solo la punta del iceberg\u201d, alert\u00f3 S\u00e1nchez, que agreg\u00f3 que esos son ejemplos \u201cde los m\u00faltiples abusos y delitos que cada d\u00eda tienen lugar en las redes sociales\u201d. \u201cAlgunos dir\u00e1n que si no nos gustan, podemos abandonarlas. Tienen razon. Para mucho de nosotros esto sigue siendo una opci\u00f3n, pero para nuestros hijos y muchos ciudadanos no existe. Las redes sociales se han convertido en una parte esencial de sus vidas. Tenemos que recuperar el control. Necesitamos asegurar que estas plataformas cumplan las normas como todos los dem\u00e1s\u201d, asegur\u00f3 S\u00e1nchez, que ha reconido que \u201cno va a ser f\u00e1cil\u201d. \u201cLas redes sociales son m\u00e1s ricas que muchos pa\u00edses, incluido el m\u00edo, pero su poder e infuencia no nos debe dar miedo\u201d, remarc\u00f3<\/p>\n","protected":false},"excerpt":{"rendered":"<p>El presidente Pedro S\u00e1nchez anuncia un paquete de medidas para combartir los contenidos ilegales online y la desinformaci\u00f3n que incluye la persecuci\u00f3n penal a los CEO de las plataformas digitales que los permitan e insta a la Fiscal\u00eda a investigar los delitos cometidos por Grok (la Inteligencia Artificial de X), Tik Tok y Meta. El [&hellip;]<\/p>\n","protected":false},"author":4,"featured_media":6525,"comment_status":"open","ping_status":"open","sticky":false,"template":"","format":"standard","meta":{"footnotes":""},"categories":[19,20],"tags":[],"class_list":{"0":"post-6800","1":"post","2":"type-post","3":"status-publish","4":"format-standard","5":"has-post-thumbnail","7":"category-interes-general","8":"category-internacionales"},"yoast_head":"<!-- This site is optimized with the Yoast SEO plugin v27.4 - https:\/\/yoast.com\/product\/yoast-seo-wordpress\/ -->\n<title>Espa\u00f1a prohibir\u00e1 el acceso a las redes sociales a los menores de 16 a\u00f1os - Diario del Sur<\/title>\n<meta name=\"robots\" content=\"index, follow, max-snippet:-1, max-image-preview:large, max-video-preview:-1\" \/>\n<link rel=\"canonical\" href=\"https:\/\/diariodelsurdigital.com.ar\/?p=6800\" \/>\n<meta property=\"og:locale\" content=\"es_ES\" \/>\n<meta property=\"og:type\" content=\"article\" \/>\n<meta property=\"og:title\" content=\"Espa\u00f1a prohibir\u00e1 el acceso a las redes sociales a los menores de 16 a\u00f1os - Diario del Sur\" \/>\n<meta property=\"og:description\" content=\"El presidente Pedro S\u00e1nchez anuncia un paquete de medidas para combartir los contenidos ilegales online y la desinformaci\u00f3n que incluye la persecuci\u00f3n penal a los CEO de las plataformas digitales que los permitan e insta a la Fiscal\u00eda a investigar los delitos cometidos por Grok (la Inteligencia Artificial de X), Tik Tok y Meta. El [&hellip;]\" \/>\n<meta property=\"og:url\" content=\"https:\/\/diariodelsurdigital.com.ar\/?p=6800\" \/>\n<meta property=\"og:site_name\" content=\"Diario del Sur\" \/>\n<meta property=\"article:published_time\" content=\"2026-02-04T12:43:17+00:00\" \/>\n<meta property=\"article:modified_time\" content=\"2026-02-04T12:43:18+00:00\" \/>\n<meta property=\"og:image\" content=\"https:\/\/diariodelsurdigital.com.ar\/wp-content\/uploads\/2026\/01\/md-56.webp\" \/>\n\t<meta property=\"og:image:width\" content=\"992\" \/>\n\t<meta property=\"og:image:height\" content=\"661\" \/>\n\t<meta property=\"og:image:type\" content=\"image\/webp\" \/>\n<meta name=\"author\" content=\"Diario del Sur Digital\" \/>\n<meta name=\"twitter:card\" content=\"summary_large_image\" \/>\n<meta name=\"twitter:label1\" content=\"Escrito por\" \/>\n\t<meta name=\"twitter:data1\" content=\"Diario del Sur Digital\" \/>\n\t<meta name=\"twitter:label2\" content=\"Tiempo de lectura\" \/>\n\t<meta name=\"twitter:data2\" content=\"4 minutos\" \/>\n<script type=\"application\/ld+json\" class=\"yoast-schema-graph\">{\"@context\":\"https:\\\/\\\/schema.org\",\"@graph\":[{\"@type\":\"Article\",\"@id\":\"https:\\\/\\\/diariodelsurdigital.com.ar\\\/?p=6800#article\",\"isPartOf\":{\"@id\":\"https:\\\/\\\/diariodelsurdigital.com.ar\\\/?p=6800\"},\"author\":{\"name\":\"Diario del Sur Digital\",\"@id\":\"https:\\\/\\\/diariodelsurdigital.com.ar\\\/#\\\/schema\\\/person\\\/1a4992532ed62965c968031b49195c81\"},\"headline\":\"Espa\u00f1a prohibir\u00e1 el acceso a las redes sociales a los menores de 16 a\u00f1os\",\"datePublished\":\"2026-02-04T12:43:17+00:00\",\"dateModified\":\"2026-02-04T12:43:18+00:00\",\"mainEntityOfPage\":{\"@id\":\"https:\\\/\\\/diariodelsurdigital.com.ar\\\/?p=6800\"},\"wordCount\":886,\"commentCount\":0,\"image\":{\"@id\":\"https:\\\/\\\/diariodelsurdigital.com.ar\\\/?p=6800#primaryimage\"},\"thumbnailUrl\":\"https:\\\/\\\/diariodelsurdigital.com.ar\\\/wp-content\\\/uploads\\\/2026\\\/01\\\/md-56.webp\",\"articleSection\":[\"Inter\u00e9s General\",\"Internacionales\"],\"inLanguage\":\"es\",\"potentialAction\":[{\"@type\":\"CommentAction\",\"name\":\"Comment\",\"target\":[\"https:\\\/\\\/diariodelsurdigital.com.ar\\\/?p=6800#respond\"]}]},{\"@type\":\"WebPage\",\"@id\":\"https:\\\/\\\/diariodelsurdigital.com.ar\\\/?p=6800\",\"url\":\"https:\\\/\\\/diariodelsurdigital.com.ar\\\/?p=6800\",\"name\":\"Espa\u00f1a prohibir\u00e1 el acceso a las redes sociales a los menores de 16 a\u00f1os - Diario del Sur\",\"isPartOf\":{\"@id\":\"https:\\\/\\\/diariodelsurdigital.com.ar\\\/#website\"},\"primaryImageOfPage\":{\"@id\":\"https:\\\/\\\/diariodelsurdigital.com.ar\\\/?p=6800#primaryimage\"},\"image\":{\"@id\":\"https:\\\/\\\/diariodelsurdigital.com.ar\\\/?p=6800#primaryimage\"},\"thumbnailUrl\":\"https:\\\/\\\/diariodelsurdigital.com.ar\\\/wp-content\\\/uploads\\\/2026\\\/01\\\/md-56.webp\",\"datePublished\":\"2026-02-04T12:43:17+00:00\",\"dateModified\":\"2026-02-04T12:43:18+00:00\",\"author\":{\"@id\":\"https:\\\/\\\/diariodelsurdigital.com.ar\\\/#\\\/schema\\\/person\\\/1a4992532ed62965c968031b49195c81\"},\"breadcrumb\":{\"@id\":\"https:\\\/\\\/diariodelsurdigital.com.ar\\\/?p=6800#breadcrumb\"},\"inLanguage\":\"es\",\"potentialAction\":[{\"@type\":\"ReadAction\",\"target\":[\"https:\\\/\\\/diariodelsurdigital.com.ar\\\/?p=6800\"]}]},{\"@type\":\"ImageObject\",\"inLanguage\":\"es\",\"@id\":\"https:\\\/\\\/diariodelsurdigital.com.ar\\\/?p=6800#primaryimage\",\"url\":\"https:\\\/\\\/diariodelsurdigital.com.ar\\\/wp-content\\\/uploads\\\/2026\\\/01\\\/md-56.webp\",\"contentUrl\":\"https:\\\/\\\/diariodelsurdigital.com.ar\\\/wp-content\\\/uploads\\\/2026\\\/01\\\/md-56.webp\",\"width\":992,\"height\":661},{\"@type\":\"BreadcrumbList\",\"@id\":\"https:\\\/\\\/diariodelsurdigital.com.ar\\\/?p=6800#breadcrumb\",\"itemListElement\":[{\"@type\":\"ListItem\",\"position\":1,\"name\":\"Portada\",\"item\":\"https:\\\/\\\/diariodelsurdigital.com.ar\\\/\"},{\"@type\":\"ListItem\",\"position\":2,\"name\":\"Espa\u00f1a prohibir\u00e1 el acceso a las redes sociales a los menores de 16 a\u00f1os\"}]},{\"@type\":\"WebSite\",\"@id\":\"https:\\\/\\\/diariodelsurdigital.com.ar\\\/#website\",\"url\":\"https:\\\/\\\/diariodelsurdigital.com.ar\\\/\",\"name\":\"Diario del Sur\",\"description\":\"Digital\",\"potentialAction\":[{\"@type\":\"SearchAction\",\"target\":{\"@type\":\"EntryPoint\",\"urlTemplate\":\"https:\\\/\\\/diariodelsurdigital.com.ar\\\/?s={search_term_string}\"},\"query-input\":{\"@type\":\"PropertyValueSpecification\",\"valueRequired\":true,\"valueName\":\"search_term_string\"}}],\"inLanguage\":\"es\"},{\"@type\":\"Person\",\"@id\":\"https:\\\/\\\/diariodelsurdigital.com.ar\\\/#\\\/schema\\\/person\\\/1a4992532ed62965c968031b49195c81\",\"name\":\"Diario del Sur Digital\",\"image\":{\"@type\":\"ImageObject\",\"inLanguage\":\"es\",\"@id\":\"https:\\\/\\\/secure.gravatar.com\\\/avatar\\\/f0c7c47fc7146d19828273b9b8eda651c9c7ab583767e6338d3d3bee825adf76?s=96&d=mm&r=g\",\"url\":\"https:\\\/\\\/secure.gravatar.com\\\/avatar\\\/f0c7c47fc7146d19828273b9b8eda651c9c7ab583767e6338d3d3bee825adf76?s=96&d=mm&r=g\",\"contentUrl\":\"https:\\\/\\\/secure.gravatar.com\\\/avatar\\\/f0c7c47fc7146d19828273b9b8eda651c9c7ab583767e6338d3d3bee825adf76?s=96&d=mm&r=g\",\"caption\":\"Diario del Sur Digital\"},\"url\":\"https:\\\/\\\/diariodelsurdigital.com.ar\\\/?author=4\"}]}<\/script>\n<!-- \/ Yoast SEO plugin. -->","yoast_head_json":{"title":"Espa\u00f1a prohibir\u00e1 el acceso a las redes sociales a los menores de 16 a\u00f1os - Diario del Sur","robots":{"index":"index","follow":"follow","max-snippet":"max-snippet:-1","max-image-preview":"max-image-preview:large","max-video-preview":"max-video-preview:-1"},"canonical":"https:\/\/diariodelsurdigital.com.ar\/?p=6800","og_locale":"es_ES","og_type":"article","og_title":"Espa\u00f1a prohibir\u00e1 el acceso a las redes sociales a los menores de 16 a\u00f1os - Diario del Sur","og_description":"El presidente Pedro S\u00e1nchez anuncia un paquete de medidas para combartir los contenidos ilegales online y la desinformaci\u00f3n que incluye la persecuci\u00f3n penal a los CEO de las plataformas digitales que los permitan e insta a la Fiscal\u00eda a investigar los delitos cometidos por Grok (la Inteligencia Artificial de X), Tik Tok y Meta. El [&hellip;]","og_url":"https:\/\/diariodelsurdigital.com.ar\/?p=6800","og_site_name":"Diario del Sur","article_published_time":"2026-02-04T12:43:17+00:00","article_modified_time":"2026-02-04T12:43:18+00:00","og_image":[{"width":992,"height":661,"url":"https:\/\/diariodelsurdigital.com.ar\/wp-content\/uploads\/2026\/01\/md-56.webp","type":"image\/webp"}],"author":"Diario del Sur Digital","twitter_card":"summary_large_image","twitter_misc":{"Escrito por":"Diario del Sur Digital","Tiempo de lectura":"4 minutos"},"schema":{"@context":"https:\/\/schema.org","@graph":[{"@type":"Article","@id":"https:\/\/diariodelsurdigital.com.ar\/?p=6800#article","isPartOf":{"@id":"https:\/\/diariodelsurdigital.com.ar\/?p=6800"},"author":{"name":"Diario del Sur Digital","@id":"https:\/\/diariodelsurdigital.com.ar\/#\/schema\/person\/1a4992532ed62965c968031b49195c81"},"headline":"Espa\u00f1a prohibir\u00e1 el acceso a las redes sociales a los menores de 16 a\u00f1os","datePublished":"2026-02-04T12:43:17+00:00","dateModified":"2026-02-04T12:43:18+00:00","mainEntityOfPage":{"@id":"https:\/\/diariodelsurdigital.com.ar\/?p=6800"},"wordCount":886,"commentCount":0,"image":{"@id":"https:\/\/diariodelsurdigital.com.ar\/?p=6800#primaryimage"},"thumbnailUrl":"https:\/\/diariodelsurdigital.com.ar\/wp-content\/uploads\/2026\/01\/md-56.webp","articleSection":["Inter\u00e9s General","Internacionales"],"inLanguage":"es","potentialAction":[{"@type":"CommentAction","name":"Comment","target":["https:\/\/diariodelsurdigital.com.ar\/?p=6800#respond"]}]},{"@type":"WebPage","@id":"https:\/\/diariodelsurdigital.com.ar\/?p=6800","url":"https:\/\/diariodelsurdigital.com.ar\/?p=6800","name":"Espa\u00f1a prohibir\u00e1 el acceso a las redes sociales a los menores de 16 a\u00f1os - Diario del Sur","isPartOf":{"@id":"https:\/\/diariodelsurdigital.com.ar\/#website"},"primaryImageOfPage":{"@id":"https:\/\/diariodelsurdigital.com.ar\/?p=6800#primaryimage"},"image":{"@id":"https:\/\/diariodelsurdigital.com.ar\/?p=6800#primaryimage"},"thumbnailUrl":"https:\/\/diariodelsurdigital.com.ar\/wp-content\/uploads\/2026\/01\/md-56.webp","datePublished":"2026-02-04T12:43:17+00:00","dateModified":"2026-02-04T12:43:18+00:00","author":{"@id":"https:\/\/diariodelsurdigital.com.ar\/#\/schema\/person\/1a4992532ed62965c968031b49195c81"},"breadcrumb":{"@id":"https:\/\/diariodelsurdigital.com.ar\/?p=6800#breadcrumb"},"inLanguage":"es","potentialAction":[{"@type":"ReadAction","target":["https:\/\/diariodelsurdigital.com.ar\/?p=6800"]}]},{"@type":"ImageObject","inLanguage":"es","@id":"https:\/\/diariodelsurdigital.com.ar\/?p=6800#primaryimage","url":"https:\/\/diariodelsurdigital.com.ar\/wp-content\/uploads\/2026\/01\/md-56.webp","contentUrl":"https:\/\/diariodelsurdigital.com.ar\/wp-content\/uploads\/2026\/01\/md-56.webp","width":992,"height":661},{"@type":"BreadcrumbList","@id":"https:\/\/diariodelsurdigital.com.ar\/?p=6800#breadcrumb","itemListElement":[{"@type":"ListItem","position":1,"name":"Portada","item":"https:\/\/diariodelsurdigital.com.ar\/"},{"@type":"ListItem","position":2,"name":"Espa\u00f1a prohibir\u00e1 el acceso a las redes sociales a los menores de 16 a\u00f1os"}]},{"@type":"WebSite","@id":"https:\/\/diariodelsurdigital.com.ar\/#website","url":"https:\/\/diariodelsurdigital.com.ar\/","name":"Diario del Sur","description":"Digital","potentialAction":[{"@type":"SearchAction","target":{"@type":"EntryPoint","urlTemplate":"https:\/\/diariodelsurdigital.com.ar\/?s={search_term_string}"},"query-input":{"@type":"PropertyValueSpecification","valueRequired":true,"valueName":"search_term_string"}}],"inLanguage":"es"},{"@type":"Person","@id":"https:\/\/diariodelsurdigital.com.ar\/#\/schema\/person\/1a4992532ed62965c968031b49195c81","name":"Diario del Sur Digital","image":{"@type":"ImageObject","inLanguage":"es","@id":"https:\/\/secure.gravatar.com\/avatar\/f0c7c47fc7146d19828273b9b8eda651c9c7ab583767e6338d3d3bee825adf76?s=96&d=mm&r=g","url":"https:\/\/secure.gravatar.com\/avatar\/f0c7c47fc7146d19828273b9b8eda651c9c7ab583767e6338d3d3bee825adf76?s=96&d=mm&r=g","contentUrl":"https:\/\/secure.gravatar.com\/avatar\/f0c7c47fc7146d19828273b9b8eda651c9c7ab583767e6338d3d3bee825adf76?s=96&d=mm&r=g","caption":"Diario del Sur Digital"},"url":"https:\/\/diariodelsurdigital.com.ar\/?author=4"}]}},"_links":{"self":[{"href":"https:\/\/diariodelsurdigital.com.ar\/index.php?rest_route=\/wp\/v2\/posts\/6800","targetHints":{"allow":["GET"]}}],"collection":[{"href":"https:\/\/diariodelsurdigital.com.ar\/index.php?rest_route=\/wp\/v2\/posts"}],"about":[{"href":"https:\/\/diariodelsurdigital.com.ar\/index.php?rest_route=\/wp\/v2\/types\/post"}],"author":[{"embeddable":true,"href":"https:\/\/diariodelsurdigital.com.ar\/index.php?rest_route=\/wp\/v2\/users\/4"}],"replies":[{"embeddable":true,"href":"https:\/\/diariodelsurdigital.com.ar\/index.php?rest_route=%2Fwp%2Fv2%2Fcomments&post=6800"}],"version-history":[{"count":1,"href":"https:\/\/diariodelsurdigital.com.ar\/index.php?rest_route=\/wp\/v2\/posts\/6800\/revisions"}],"predecessor-version":[{"id":6801,"href":"https:\/\/diariodelsurdigital.com.ar\/index.php?rest_route=\/wp\/v2\/posts\/6800\/revisions\/6801"}],"wp:featuredmedia":[{"embeddable":true,"href":"https:\/\/diariodelsurdigital.com.ar\/index.php?rest_route=\/wp\/v2\/media\/6525"}],"wp:attachment":[{"href":"https:\/\/diariodelsurdigital.com.ar\/index.php?rest_route=%2Fwp%2Fv2%2Fmedia&parent=6800"}],"wp:term":[{"taxonomy":"category","embeddable":true,"href":"https:\/\/diariodelsurdigital.com.ar\/index.php?rest_route=%2Fwp%2Fv2%2Fcategories&post=6800"},{"taxonomy":"post_tag","embeddable":true,"href":"https:\/\/diariodelsurdigital.com.ar\/index.php?rest_route=%2Fwp%2Fv2%2Ftags&post=6800"}],"curies":[{"name":"wp","href":"https:\/\/api.w.org\/{rel}","templated":true}]}}