{"id":6802,"date":"2026-02-04T09:46:42","date_gmt":"2026-02-04T12:46:42","guid":{"rendered":"https:\/\/diariodelsurdigital.com.ar\/?p=6802"},"modified":"2026-02-04T09:46:43","modified_gmt":"2026-02-04T12:46:43","slug":"sin-acuerdo-se-suspendio-reunion-de-gobernadores-por-la-reforma-laboral-y-persisten-dudas-por-coparticipacion","status":"publish","type":"post","link":"https:\/\/diariodelsurdigital.com.ar\/?p=6802","title":{"rendered":"Sin acuerdo: se suspendi\u00f3 reuni\u00f3n de gobernadores por la reforma laboral y persisten dudas por coparticipaci\u00f3n"},"content":{"rendered":"\n<p>Los jefes provinciales exploraron la posibilidad de realizar una cumbre este mi\u00e9rcoles en el Consejo Federal de Inversiones. Finalmente, sin quorum, el c\u00f3nclave se pinch\u00f3. Advertencia de Patricia Bullrich a las provincias.<\/p>\n\n\n\n<p><\/p>\n\n\n\n<p>Los gobernadores coquetearon con la posibilidad de realizar una reuni\u00f3n de urgencia este mi\u00e9rcoles para analizar los pormenores de la reforma laboral, con eje en los cambios en el impuesto a las Ganancias que incluye el proyecto y en su eventual impacto en la coparticipaci\u00f3n federal. La convocatoria finalmente se desinfl\u00f3 y la cumbre fue desactivada, en medio de una fuerte advertencia de Patricia Bullrich a las provincias.<\/p>\n\n\n\n<p>Como suele ocurrir en este tipo de m\u00edtines, el escenario elegido ser\u00eda el Consejo Federal de Inversiones (CFI), ubicado de manera provisional en la zona de Puerto Madero. Sin embargo, no hubo quorum entre los mandatarios, varios de los cuales advirtieron por \u00abcuestiones de agenda\u00bb.<\/p>\n\n\n\n<p>M\u00e1s all\u00e1 de los quehaceres cotidianos, lo cierto es que los dirigentes se mueven con pie de plomo y juegan sus fichas en plenas negociaciones por el proyecto que el Gobierno espera debatir en el Senado la semana pr\u00f3xima. Algunos quieren evitar una foto que le genere ruido en las charlas con la administraci\u00f3n de Javier Milei.<\/p>\n\n\n\n<p>\u00abSi se hace, no van a ir todos. Y tampoco vemos que salga algo de ah\u00ed\u00bb, confiaron desde una gobernaci\u00f3n dialoguista antes de la suspensi\u00f3n. Seg\u00fan pudo reconstruir \u00c1mbito en di\u00e1logo con varios distritos, los m\u00e1s interesados en motorizar el encuentro de este mi\u00e9rcoles eran los caciques peronistas.<\/p>\n\n\n\n<p>Precisamente este martes, el pampeano Sergio Ziliotto, quien integra el PJ, se reuni\u00f3 en la Casa Rosada con el jefe de Gabinete, Manuel Adorni, y el ministro del Interior, Diego Santilli. A la salida, admiti\u00f3: \u00abMa\u00f1ana est\u00e1 prevista una reuni\u00f3n, pero no sabemos si es por Zoom. Nunca estuvo confirmada, estamos viendo si la hacemos o no\u00bb.<\/p>\n\n\n\n<p>De todos modos, el mandatario peronista se\u00f1al\u00f3 que \u00abeso no significa que no estemos trabajando en conjunto\u00bb.\u00bbDepende de la agenda de cada uno tambi\u00e9n, somos 24 gobernadores para hablar\u00bb, apunt\u00f3 Ziliotto en di\u00e1logo con la prensa.<\/p>\n\n\n\n<p>Vale recordar que en 2025, los 24 mandamases protagonizaron una serie de reuniones en el CFI cuyo fruto fueron dos proyectos inc\u00f3modos para el oficialismo libertario. Uno planteaba la creaci\u00f3n de un sistema de distribuci\u00f3n autom\u00e1tico de los Aportes del Tesoro Nacional (ATN), cuyo subtexto era quitarle discrecionalidad a la Casa Rosada para distribuir esos fondos.<\/p>\n\n\n\n<p>El otro, en tanto, buscaba hacer coparticipable el impuesto a los combustibles, v\u00eda que las provincias leyeron como plausible para recuperar parte del dinero perdido, consecuencia de la motosierra de Milei. El primero fue aprobado y posteriormente vetado, mientras que el segundo no lleg\u00f3 a tratase en el Congreso.<\/p>\n\n\n\n<p>Precisamente, modificar el tributo sobre las naftas fue uno de los numerosos reclamos que el ministro Santilli escuch\u00f3 durante su reciente tour federal, en el que visit\u00f3 ocho provincias: Chubut, Chaco, Mendoza, San Juan, Salta, Neuqu\u00e9n, Entre R\u00edos y Corrientes. Queda pendiente a\u00fan un viaje a Misiones sin fecha determinada.<\/p>\n\n\n\n<p>En concreto, el gobernador de Neuqu\u00e9n, Rolando Figueroa, fue quien puso sobre la mesa el debate por los combustibles. \u201cEn cada litro de nafta que pagamos, el 28% son impuestos nacionales y el 10% es impuesto a los combustibles l\u00edquidos, que requiere una afectaci\u00f3n espec\u00edfica de impuesto\u201d, plante\u00f3.<\/p>\n\n\n\n<p>Acto seguido, Figueroa asegur\u00f3: \u00abQu\u00e9 diferentes ser\u00edan los n\u00fameros si a nosotros nos coparticiparan parte de esos impuestos a los combustibles l\u00edquidos, para poder hacer estas obras de infraestructura importante de la provincia de Neuqu\u00e9n\u201d. Obras p\u00fablicas, rutas nacionales y deudas del Estado con las cajas jubilatorias de las provincias completan el men\u00fa de quejas de los caciques.<\/p>\n\n\n\n<p>No obstante, la cuesti\u00f3n que suscita mayor inquietud entre los distritos son los cambios impositivos que incluye el texto reforma laboral, ya que tendr\u00e1n impacto en Ganancias, un impuesto coparticipable.<\/p>\n\n\n\n<p>\u00abNo estamos para resignar m\u00e1s fondos\u00bb, admiti\u00f3 la semana pasada el norte\u00f1o Gustavo S\u00e1enz, tras reunirse con Santilli y con sus pares Osvaldo Jaldo (Tucum\u00e1n) y Ra\u00fal Jalil (Catamarca), aliados peronistas de la Casa Rosada, con los que el mileismo espera contar en el debate.<\/p>\n\n\n\n<p>El tr\u00edo le acerc\u00f3 al Gobierno una propuesta para compensar las p\u00e9rdidas en Ganancias: coparticipar el impuesto al cheque, iniciativa que otrora naufrag\u00f3 en distintas ocasiones. \u00abLa recaudaci\u00f3n de las provincias viene cayendo, con el IVA y la falta de consumo, por eso buscamos alternativas, alg\u00fan tipo de compensaci\u00f3n para no seguir resignando fondos para las provincias\u00bb, alert\u00f3 S\u00e1enz, quien anticip\u00f3 que, de aprobarse el proyecto como est\u00e1, Salta perder\u00eda $80.000 millones.<\/p>\n\n\n\n<p>Hasta el momento, fruto de las ocho provincias que visit\u00f3, el ministro del Interior consigui\u00f3 la admisi\u00f3n, por parte del grueso de los gobernadores, de la necesidad de discutir una modernizaci\u00f3n laboral. Algunos, como el mendocino Alfredo Cornejo y el entrerriano Rogelio Frigerio brindaron un respaldo sin fisuras. Frigerio, incluso, habl\u00f3 de \u00abapoyo contundente\u00bb de Entre R\u00edos.<\/p>\n\n\n\n<p>Menos entusiastas se mostraron otros l\u00edderes, como el neuquino Figueroa y el chubutense Ignacio Torres. Este \u00faltimo, al igual que sus pares de Provincias Unidas, prefiere jugar con las cartas tapadas. Aunque existen contactos, ni Maximiliano Pullaro (Santa Fe) ni Mart\u00edn Llaryora (C\u00f3rdoba) sentaron una posici\u00f3n tajante al respecto.<\/p>\n","protected":false},"excerpt":{"rendered":"<p>Los jefes provinciales exploraron la posibilidad de realizar una cumbre este mi\u00e9rcoles en el Consejo Federal de Inversiones. Finalmente, sin quorum, el c\u00f3nclave se pinch\u00f3. Advertencia de Patricia Bullrich a las provincias. Los gobernadores coquetearon con la posibilidad de realizar una reuni\u00f3n de urgencia este mi\u00e9rcoles para analizar los pormenores de la reforma laboral, con [&hellip;]<\/p>\n","protected":false},"author":4,"featured_media":6803,"comment_status":"open","ping_status":"open","sticky":false,"template":"","format":"standard","meta":{"footnotes":""},"categories":[18,22],"tags":[],"class_list":{"0":"post-6802","1":"post","2":"type-post","3":"status-publish","4":"format-standard","5":"has-post-thumbnail","7":"category-nacionales","8":"category-politica"},"yoast_head":"<!-- This site is optimized with the Yoast SEO plugin v27.4 - https:\/\/yoast.com\/product\/yoast-seo-wordpress\/ -->\n<title>Sin acuerdo: se suspendi\u00f3 reuni\u00f3n de gobernadores por la reforma laboral y persisten dudas por coparticipaci\u00f3n - Diario del Sur<\/title>\n<meta name=\"robots\" content=\"index, follow, max-snippet:-1, max-image-preview:large, max-video-preview:-1\" \/>\n<link rel=\"canonical\" href=\"https:\/\/diariodelsurdigital.com.ar\/?p=6802\" \/>\n<meta property=\"og:locale\" content=\"es_ES\" \/>\n<meta property=\"og:type\" content=\"article\" \/>\n<meta property=\"og:title\" content=\"Sin acuerdo: se suspendi\u00f3 reuni\u00f3n de gobernadores por la reforma laboral y persisten dudas por coparticipaci\u00f3n - Diario del Sur\" \/>\n<meta property=\"og:description\" content=\"Los jefes provinciales exploraron la posibilidad de realizar una cumbre este mi\u00e9rcoles en el Consejo Federal de Inversiones. Finalmente, sin quorum, el c\u00f3nclave se pinch\u00f3. Advertencia de Patricia Bullrich a las provincias. Los gobernadores coquetearon con la posibilidad de realizar una reuni\u00f3n de urgencia este mi\u00e9rcoles para analizar los pormenores de la reforma laboral, con [&hellip;]\" \/>\n<meta property=\"og:url\" content=\"https:\/\/diariodelsurdigital.com.ar\/?p=6802\" \/>\n<meta property=\"og:site_name\" content=\"Diario del Sur\" \/>\n<meta property=\"article:published_time\" content=\"2026-02-04T12:46:42+00:00\" \/>\n<meta property=\"article:modified_time\" content=\"2026-02-04T12:46:43+00:00\" \/>\n<meta property=\"og:image\" content=\"https:\/\/diariodelsurdigital.com.ar\/wp-content\/uploads\/2026\/02\/md-8.webp\" \/>\n\t<meta property=\"og:image:width\" content=\"992\" \/>\n\t<meta property=\"og:image:height\" content=\"489\" \/>\n\t<meta property=\"og:image:type\" content=\"image\/webp\" \/>\n<meta name=\"author\" content=\"Diario del Sur Digital\" \/>\n<meta name=\"twitter:card\" content=\"summary_large_image\" \/>\n<meta name=\"twitter:label1\" content=\"Escrito por\" \/>\n\t<meta name=\"twitter:data1\" content=\"Diario del Sur Digital\" \/>\n\t<meta name=\"twitter:label2\" content=\"Tiempo de lectura\" \/>\n\t<meta name=\"twitter:data2\" content=\"5 minutos\" \/>\n<script type=\"application\/ld+json\" class=\"yoast-schema-graph\">{\"@context\":\"https:\\\/\\\/schema.org\",\"@graph\":[{\"@type\":\"Article\",\"@id\":\"https:\\\/\\\/diariodelsurdigital.com.ar\\\/?p=6802#article\",\"isPartOf\":{\"@id\":\"https:\\\/\\\/diariodelsurdigital.com.ar\\\/?p=6802\"},\"author\":{\"name\":\"Diario del Sur Digital\",\"@id\":\"https:\\\/\\\/diariodelsurdigital.com.ar\\\/#\\\/schema\\\/person\\\/1a4992532ed62965c968031b49195c81\"},\"headline\":\"Sin acuerdo: se suspendi\u00f3 reuni\u00f3n de gobernadores por la reforma laboral y persisten dudas por coparticipaci\u00f3n\",\"datePublished\":\"2026-02-04T12:46:42+00:00\",\"dateModified\":\"2026-02-04T12:46:43+00:00\",\"mainEntityOfPage\":{\"@id\":\"https:\\\/\\\/diariodelsurdigital.com.ar\\\/?p=6802\"},\"wordCount\":929,\"commentCount\":0,\"image\":{\"@id\":\"https:\\\/\\\/diariodelsurdigital.com.ar\\\/?p=6802#primaryimage\"},\"thumbnailUrl\":\"https:\\\/\\\/diariodelsurdigital.com.ar\\\/wp-content\\\/uploads\\\/2026\\\/02\\\/md-8.webp\",\"articleSection\":[\"Nacionales\",\"Pol\u00edtica\"],\"inLanguage\":\"es\",\"potentialAction\":[{\"@type\":\"CommentAction\",\"name\":\"Comment\",\"target\":[\"https:\\\/\\\/diariodelsurdigital.com.ar\\\/?p=6802#respond\"]}]},{\"@type\":\"WebPage\",\"@id\":\"https:\\\/\\\/diariodelsurdigital.com.ar\\\/?p=6802\",\"url\":\"https:\\\/\\\/diariodelsurdigital.com.ar\\\/?p=6802\",\"name\":\"Sin acuerdo: se suspendi\u00f3 reuni\u00f3n de gobernadores por la reforma laboral y persisten dudas por coparticipaci\u00f3n - Diario del Sur\",\"isPartOf\":{\"@id\":\"https:\\\/\\\/diariodelsurdigital.com.ar\\\/#website\"},\"primaryImageOfPage\":{\"@id\":\"https:\\\/\\\/diariodelsurdigital.com.ar\\\/?p=6802#primaryimage\"},\"image\":{\"@id\":\"https:\\\/\\\/diariodelsurdigital.com.ar\\\/?p=6802#primaryimage\"},\"thumbnailUrl\":\"https:\\\/\\\/diariodelsurdigital.com.ar\\\/wp-content\\\/uploads\\\/2026\\\/02\\\/md-8.webp\",\"datePublished\":\"2026-02-04T12:46:42+00:00\",\"dateModified\":\"2026-02-04T12:46:43+00:00\",\"author\":{\"@id\":\"https:\\\/\\\/diariodelsurdigital.com.ar\\\/#\\\/schema\\\/person\\\/1a4992532ed62965c968031b49195c81\"},\"breadcrumb\":{\"@id\":\"https:\\\/\\\/diariodelsurdigital.com.ar\\\/?p=6802#breadcrumb\"},\"inLanguage\":\"es\",\"potentialAction\":[{\"@type\":\"ReadAction\",\"target\":[\"https:\\\/\\\/diariodelsurdigital.com.ar\\\/?p=6802\"]}]},{\"@type\":\"ImageObject\",\"inLanguage\":\"es\",\"@id\":\"https:\\\/\\\/diariodelsurdigital.com.ar\\\/?p=6802#primaryimage\",\"url\":\"https:\\\/\\\/diariodelsurdigital.com.ar\\\/wp-content\\\/uploads\\\/2026\\\/02\\\/md-8.webp\",\"contentUrl\":\"https:\\\/\\\/diariodelsurdigital.com.ar\\\/wp-content\\\/uploads\\\/2026\\\/02\\\/md-8.webp\",\"width\":992,\"height\":489},{\"@type\":\"BreadcrumbList\",\"@id\":\"https:\\\/\\\/diariodelsurdigital.com.ar\\\/?p=6802#breadcrumb\",\"itemListElement\":[{\"@type\":\"ListItem\",\"position\":1,\"name\":\"Portada\",\"item\":\"https:\\\/\\\/diariodelsurdigital.com.ar\\\/\"},{\"@type\":\"ListItem\",\"position\":2,\"name\":\"Sin acuerdo: se suspendi\u00f3 reuni\u00f3n de gobernadores por la reforma laboral y persisten dudas por coparticipaci\u00f3n\"}]},{\"@type\":\"WebSite\",\"@id\":\"https:\\\/\\\/diariodelsurdigital.com.ar\\\/#website\",\"url\":\"https:\\\/\\\/diariodelsurdigital.com.ar\\\/\",\"name\":\"Diario del Sur\",\"description\":\"Digital\",\"potentialAction\":[{\"@type\":\"SearchAction\",\"target\":{\"@type\":\"EntryPoint\",\"urlTemplate\":\"https:\\\/\\\/diariodelsurdigital.com.ar\\\/?s={search_term_string}\"},\"query-input\":{\"@type\":\"PropertyValueSpecification\",\"valueRequired\":true,\"valueName\":\"search_term_string\"}}],\"inLanguage\":\"es\"},{\"@type\":\"Person\",\"@id\":\"https:\\\/\\\/diariodelsurdigital.com.ar\\\/#\\\/schema\\\/person\\\/1a4992532ed62965c968031b49195c81\",\"name\":\"Diario del Sur Digital\",\"image\":{\"@type\":\"ImageObject\",\"inLanguage\":\"es\",\"@id\":\"https:\\\/\\\/secure.gravatar.com\\\/avatar\\\/f0c7c47fc7146d19828273b9b8eda651c9c7ab583767e6338d3d3bee825adf76?s=96&d=mm&r=g\",\"url\":\"https:\\\/\\\/secure.gravatar.com\\\/avatar\\\/f0c7c47fc7146d19828273b9b8eda651c9c7ab583767e6338d3d3bee825adf76?s=96&d=mm&r=g\",\"contentUrl\":\"https:\\\/\\\/secure.gravatar.com\\\/avatar\\\/f0c7c47fc7146d19828273b9b8eda651c9c7ab583767e6338d3d3bee825adf76?s=96&d=mm&r=g\",\"caption\":\"Diario del Sur Digital\"},\"url\":\"https:\\\/\\\/diariodelsurdigital.com.ar\\\/?author=4\"}]}<\/script>\n<!-- \/ Yoast SEO plugin. -->","yoast_head_json":{"title":"Sin acuerdo: se suspendi\u00f3 reuni\u00f3n de gobernadores por la reforma laboral y persisten dudas por coparticipaci\u00f3n - Diario del Sur","robots":{"index":"index","follow":"follow","max-snippet":"max-snippet:-1","max-image-preview":"max-image-preview:large","max-video-preview":"max-video-preview:-1"},"canonical":"https:\/\/diariodelsurdigital.com.ar\/?p=6802","og_locale":"es_ES","og_type":"article","og_title":"Sin acuerdo: se suspendi\u00f3 reuni\u00f3n de gobernadores por la reforma laboral y persisten dudas por coparticipaci\u00f3n - Diario del Sur","og_description":"Los jefes provinciales exploraron la posibilidad de realizar una cumbre este mi\u00e9rcoles en el Consejo Federal de Inversiones. Finalmente, sin quorum, el c\u00f3nclave se pinch\u00f3. Advertencia de Patricia Bullrich a las provincias. Los gobernadores coquetearon con la posibilidad de realizar una reuni\u00f3n de urgencia este mi\u00e9rcoles para analizar los pormenores de la reforma laboral, con [&hellip;]","og_url":"https:\/\/diariodelsurdigital.com.ar\/?p=6802","og_site_name":"Diario del Sur","article_published_time":"2026-02-04T12:46:42+00:00","article_modified_time":"2026-02-04T12:46:43+00:00","og_image":[{"width":992,"height":489,"url":"https:\/\/diariodelsurdigital.com.ar\/wp-content\/uploads\/2026\/02\/md-8.webp","type":"image\/webp"}],"author":"Diario del Sur Digital","twitter_card":"summary_large_image","twitter_misc":{"Escrito por":"Diario del Sur Digital","Tiempo de lectura":"5 minutos"},"schema":{"@context":"https:\/\/schema.org","@graph":[{"@type":"Article","@id":"https:\/\/diariodelsurdigital.com.ar\/?p=6802#article","isPartOf":{"@id":"https:\/\/diariodelsurdigital.com.ar\/?p=6802"},"author":{"name":"Diario del Sur Digital","@id":"https:\/\/diariodelsurdigital.com.ar\/#\/schema\/person\/1a4992532ed62965c968031b49195c81"},"headline":"Sin acuerdo: se suspendi\u00f3 reuni\u00f3n de gobernadores por la reforma laboral y persisten dudas por coparticipaci\u00f3n","datePublished":"2026-02-04T12:46:42+00:00","dateModified":"2026-02-04T12:46:43+00:00","mainEntityOfPage":{"@id":"https:\/\/diariodelsurdigital.com.ar\/?p=6802"},"wordCount":929,"commentCount":0,"image":{"@id":"https:\/\/diariodelsurdigital.com.ar\/?p=6802#primaryimage"},"thumbnailUrl":"https:\/\/diariodelsurdigital.com.ar\/wp-content\/uploads\/2026\/02\/md-8.webp","articleSection":["Nacionales","Pol\u00edtica"],"inLanguage":"es","potentialAction":[{"@type":"CommentAction","name":"Comment","target":["https:\/\/diariodelsurdigital.com.ar\/?p=6802#respond"]}]},{"@type":"WebPage","@id":"https:\/\/diariodelsurdigital.com.ar\/?p=6802","url":"https:\/\/diariodelsurdigital.com.ar\/?p=6802","name":"Sin acuerdo: se suspendi\u00f3 reuni\u00f3n de gobernadores por la reforma laboral y persisten dudas por coparticipaci\u00f3n - Diario del Sur","isPartOf":{"@id":"https:\/\/diariodelsurdigital.com.ar\/#website"},"primaryImageOfPage":{"@id":"https:\/\/diariodelsurdigital.com.ar\/?p=6802#primaryimage"},"image":{"@id":"https:\/\/diariodelsurdigital.com.ar\/?p=6802#primaryimage"},"thumbnailUrl":"https:\/\/diariodelsurdigital.com.ar\/wp-content\/uploads\/2026\/02\/md-8.webp","datePublished":"2026-02-04T12:46:42+00:00","dateModified":"2026-02-04T12:46:43+00:00","author":{"@id":"https:\/\/diariodelsurdigital.com.ar\/#\/schema\/person\/1a4992532ed62965c968031b49195c81"},"breadcrumb":{"@id":"https:\/\/diariodelsurdigital.com.ar\/?p=6802#breadcrumb"},"inLanguage":"es","potentialAction":[{"@type":"ReadAction","target":["https:\/\/diariodelsurdigital.com.ar\/?p=6802"]}]},{"@type":"ImageObject","inLanguage":"es","@id":"https:\/\/diariodelsurdigital.com.ar\/?p=6802#primaryimage","url":"https:\/\/diariodelsurdigital.com.ar\/wp-content\/uploads\/2026\/02\/md-8.webp","contentUrl":"https:\/\/diariodelsurdigital.com.ar\/wp-content\/uploads\/2026\/02\/md-8.webp","width":992,"height":489},{"@type":"BreadcrumbList","@id":"https:\/\/diariodelsurdigital.com.ar\/?p=6802#breadcrumb","itemListElement":[{"@type":"ListItem","position":1,"name":"Portada","item":"https:\/\/diariodelsurdigital.com.ar\/"},{"@type":"ListItem","position":2,"name":"Sin acuerdo: se suspendi\u00f3 reuni\u00f3n de gobernadores por la reforma laboral y persisten dudas por coparticipaci\u00f3n"}]},{"@type":"WebSite","@id":"https:\/\/diariodelsurdigital.com.ar\/#website","url":"https:\/\/diariodelsurdigital.com.ar\/","name":"Diario del Sur","description":"Digital","potentialAction":[{"@type":"SearchAction","target":{"@type":"EntryPoint","urlTemplate":"https:\/\/diariodelsurdigital.com.ar\/?s={search_term_string}"},"query-input":{"@type":"PropertyValueSpecification","valueRequired":true,"valueName":"search_term_string"}}],"inLanguage":"es"},{"@type":"Person","@id":"https:\/\/diariodelsurdigital.com.ar\/#\/schema\/person\/1a4992532ed62965c968031b49195c81","name":"Diario del Sur Digital","image":{"@type":"ImageObject","inLanguage":"es","@id":"https:\/\/secure.gravatar.com\/avatar\/f0c7c47fc7146d19828273b9b8eda651c9c7ab583767e6338d3d3bee825adf76?s=96&d=mm&r=g","url":"https:\/\/secure.gravatar.com\/avatar\/f0c7c47fc7146d19828273b9b8eda651c9c7ab583767e6338d3d3bee825adf76?s=96&d=mm&r=g","contentUrl":"https:\/\/secure.gravatar.com\/avatar\/f0c7c47fc7146d19828273b9b8eda651c9c7ab583767e6338d3d3bee825adf76?s=96&d=mm&r=g","caption":"Diario del Sur Digital"},"url":"https:\/\/diariodelsurdigital.com.ar\/?author=4"}]}},"_links":{"self":[{"href":"https:\/\/diariodelsurdigital.com.ar\/index.php?rest_route=\/wp\/v2\/posts\/6802","targetHints":{"allow":["GET"]}}],"collection":[{"href":"https:\/\/diariodelsurdigital.com.ar\/index.php?rest_route=\/wp\/v2\/posts"}],"about":[{"href":"https:\/\/diariodelsurdigital.com.ar\/index.php?rest_route=\/wp\/v2\/types\/post"}],"author":[{"embeddable":true,"href":"https:\/\/diariodelsurdigital.com.ar\/index.php?rest_route=\/wp\/v2\/users\/4"}],"replies":[{"embeddable":true,"href":"https:\/\/diariodelsurdigital.com.ar\/index.php?rest_route=%2Fwp%2Fv2%2Fcomments&post=6802"}],"version-history":[{"count":1,"href":"https:\/\/diariodelsurdigital.com.ar\/index.php?rest_route=\/wp\/v2\/posts\/6802\/revisions"}],"predecessor-version":[{"id":6804,"href":"https:\/\/diariodelsurdigital.com.ar\/index.php?rest_route=\/wp\/v2\/posts\/6802\/revisions\/6804"}],"wp:featuredmedia":[{"embeddable":true,"href":"https:\/\/diariodelsurdigital.com.ar\/index.php?rest_route=\/wp\/v2\/media\/6803"}],"wp:attachment":[{"href":"https:\/\/diariodelsurdigital.com.ar\/index.php?rest_route=%2Fwp%2Fv2%2Fmedia&parent=6802"}],"wp:term":[{"taxonomy":"category","embeddable":true,"href":"https:\/\/diariodelsurdigital.com.ar\/index.php?rest_route=%2Fwp%2Fv2%2Fcategories&post=6802"},{"taxonomy":"post_tag","embeddable":true,"href":"https:\/\/diariodelsurdigital.com.ar\/index.php?rest_route=%2Fwp%2Fv2%2Ftags&post=6802"}],"curies":[{"name":"wp","href":"https:\/\/api.w.org\/{rel}","templated":true}]}}