{"id":6805,"date":"2026-02-04T09:48:57","date_gmt":"2026-02-04T12:48:57","guid":{"rendered":"https:\/\/diariodelsurdigital.com.ar\/?p=6805"},"modified":"2026-02-04T09:48:58","modified_gmt":"2026-02-04T12:48:58","slug":"con-la-intervencion-de-2007-en-la-memoria-los-trabajadores-del-indec-desconfian-del-nuevo-indice-de-inflacion","status":"publish","type":"post","link":"https:\/\/diariodelsurdigital.com.ar\/?p=6805","title":{"rendered":"Con la intervenci\u00f3n de 2007 en la memoria, los trabajadores del Indec desconf\u00edan del nuevo \u00edndice de inflaci\u00f3n"},"content":{"rendered":"\n<p>Tras la renuncia de Marco Lavagna a la conducci\u00f3n del Instituto Nacional de Estad\u00edsticas y Censos (Indec), los trabajadores del organismo pusieron en duda la aplicaci\u00f3n del nuevo \u00edndice de inflaci\u00f3n: \u201cNos llama poderosamente la atenci\u00f3n, nos pone en alerta\u201d. Lavagna, renunci\u00f3 a poco de la puesta en marcha de una nueva canasta para la medici\u00f3n del \u00cdndice de Precios al Consumidor (IPC), que empez\u00f3 a aplicarse este mes y empezar\u00e1 a reflejarse cuando se conozca el n\u00famero de enero.<\/p>\n\n\n\n<p>Marco Lavagna, funcionario libertario heredado por la actual gesti\u00f3n de la de Alberto Fern\u00e1ndez, present\u00f3 este lunes su renuncia a la direcci\u00f3n del del Instituto Nacional de Estad\u00edsticas y Censos (Indec). La dimisi\u00f3n del funcionario t\u00e9cnico se dio poco despu\u00e9s de la puesta en marcha de una nueva canasta para la medici\u00f3n del \u00cdndice de Precios al Consumidor (IPC), que empez\u00f3 a aplicarse este mes y empezar\u00e1 a reflejarse cuando se conozca el n\u00famero de enero.<\/p>\n\n\n\n<p>La determinaci\u00f3n se comunic\u00f3 luego de la incorporaci\u00f3n de un nuevo \u00edndice de inflaci\u00f3n que empezar\u00e1 a publicarse este mes. Tras la renuncia de Lavagna, los trabajadores del Indec pusieron en duda la aplicaci\u00f3n del nuevo \u00edndice de inflaci\u00f3n: \u00abNos llama poderosamente la atenci\u00f3n, nos pone en alerta\u201d explicaron los trabajadores del organismo y recordaron la intervenci\u00f3n en 2007, seg\u00fan precis\u00f3 infogremiales.com.ar.<\/p>\n\n\n\n<p>Los trabajadores del Indec se mostraron sorprendidos y vincularon la decisi\u00f3n con una intervenci\u00f3n del organismo. \u00abNos llama poderosamente la atenci\u00f3n, nos pone en alerta, la renuncia de Marco Lavagna a 8 d\u00edas de la salida del IPC con la nueva ponderaciones -o actualizaci\u00f3n- de la Encuesta Nacional de Gastos de los Hogares (ENGHo) 2017\/18\u2033, remarcaron desde ATE Indec.<\/p>\n\n\n\n<p>\u201cEs un escenario en el que nuestro organismo va estar en el centro de la opini\u00f3n p\u00fablica. Exigimos, hist\u00f3ricamente, un Indec independiente del poder pol\u00edtico\u201d, a\u00f1adieron.<\/p>\n\n\n\n<p>D\u00e9j\u00e0 v\u00fa<\/p>\n\n\n\n<p>Y concluyeron: \u201cNos parece un d\u00e8j\u00e1 v\u00fa porque en una fecha parecida del 2007 se intervino pol\u00edticamente nuestro organismo porque no gustaba el dato del IPC de enero 2007. Esperamos que el pr\u00f3ximo 10 de febrero salga el IPC con la nuevas ponderaciones de la ENGHo 2018\/18\u2033.<\/p>\n\n\n\n<p>En un comunicado a sus compa\u00f1eros y compa\u00f1eras del organismo, Lavagna expres\u00f3: \u201cQuiero contarles que he tomado la decisi\u00f3n de cerrar esta etapa al frente del Indec. Fueron 6 a\u00f1os de mucho trabajo y de enormes desaf\u00edos, en los que logramos avanzar en la mejora de las estad\u00edsticas p\u00fablicas y el sistema estad\u00edstico nacional\u201d.<\/p>\n\n\n\n<p>Agreg\u00f3: \u201cSabemos que la realidad econ\u00f3mica y social cambia permanentemente y que el sistema estad\u00edstico nacional necesita seguir adapt\u00e1ndose y fortaleci\u00e9ndose. En ese camino, quedan proyectos con un alto nivel de desarrollo y otros en proceso, que estoy seguro podr\u00e1n completarse y ser implementados pr\u00f3ximamente\u201d.<\/p>\n\n\n\n<p>Manifest\u00f3 que no fue una decisi\u00f3n sencilla, pero cree que es momento de encarar nuevos proyectos y desaf\u00edos, \u201ccon la tranquilidad de haber compartido con ustedes una etapa intensa y valiosa\u201d.<\/p>\n\n\n\n<p>\u201cQuiero agradecerles sinceramente por el trabajo diario, el compromiso y la vocaci\u00f3n con la que sostienen al Indec todos los d\u00edas. Son el principal activo del organismo y la base para que las estad\u00edsticas p\u00fablicas sigan siendo t\u00e9cnicas, confiables y transparentes\u201d, expres\u00f3 Lavagna.<\/p>\n\n\n\n<p>Finalmente expres\u00f3: \u201cLes deseo lo mejor en lo que viene y conf\u00edo en que el Indec va a seguir creciendo y consolid\u00e1ndose, y que pr\u00f3ximamente se pueda actualizar el marco normativo que ayude a esto. Un fuerte abrazo, los voy a extra\u00f1ar y el Indec siempre podr\u00e1 contar con lo que est\u00e9 a mi alcance para defenderlo\u201d.<\/p>\n","protected":false},"excerpt":{"rendered":"<p>Tras la renuncia de Marco Lavagna a la conducci\u00f3n del Instituto Nacional de Estad\u00edsticas y Censos (Indec), los trabajadores del organismo pusieron en duda la aplicaci\u00f3n del nuevo \u00edndice de inflaci\u00f3n: \u201cNos llama poderosamente la atenci\u00f3n, nos pone en alerta\u201d. Lavagna, renunci\u00f3 a poco de la puesta en marcha de una nueva canasta para la [&hellip;]<\/p>\n","protected":false},"author":4,"featured_media":6806,"comment_status":"open","ping_status":"open","sticky":false,"template":"","format":"standard","meta":{"footnotes":""},"categories":[18],"tags":[],"class_list":{"0":"post-6805","1":"post","2":"type-post","3":"status-publish","4":"format-standard","5":"has-post-thumbnail","7":"category-nacionales"},"yoast_head":"<!-- This site is optimized with the Yoast SEO plugin v27.4 - https:\/\/yoast.com\/product\/yoast-seo-wordpress\/ -->\n<title>Con la intervenci\u00f3n de 2007 en la memoria, los trabajadores del Indec desconf\u00edan del nuevo \u00edndice de inflaci\u00f3n - Diario del Sur<\/title>\n<meta name=\"robots\" content=\"index, follow, max-snippet:-1, max-image-preview:large, max-video-preview:-1\" \/>\n<link rel=\"canonical\" href=\"https:\/\/diariodelsurdigital.com.ar\/?p=6805\" \/>\n<meta property=\"og:locale\" content=\"es_ES\" \/>\n<meta property=\"og:type\" content=\"article\" \/>\n<meta property=\"og:title\" content=\"Con la intervenci\u00f3n de 2007 en la memoria, los trabajadores del Indec desconf\u00edan del nuevo \u00edndice de inflaci\u00f3n - Diario del Sur\" \/>\n<meta property=\"og:description\" content=\"Tras la renuncia de Marco Lavagna a la conducci\u00f3n del Instituto Nacional de Estad\u00edsticas y Censos (Indec), los trabajadores del organismo pusieron en duda la aplicaci\u00f3n del nuevo \u00edndice de inflaci\u00f3n: \u201cNos llama poderosamente la atenci\u00f3n, nos pone en alerta\u201d. Lavagna, renunci\u00f3 a poco de la puesta en marcha de una nueva canasta para la [&hellip;]\" \/>\n<meta property=\"og:url\" content=\"https:\/\/diariodelsurdigital.com.ar\/?p=6805\" \/>\n<meta property=\"og:site_name\" content=\"Diario del Sur\" \/>\n<meta property=\"article:published_time\" content=\"2026-02-04T12:48:57+00:00\" \/>\n<meta property=\"article:modified_time\" content=\"2026-02-04T12:48:58+00:00\" \/>\n<meta property=\"og:image\" content=\"https:\/\/diariodelsurdigital.com.ar\/wp-content\/uploads\/2026\/02\/md-9.webp\" \/>\n\t<meta property=\"og:image:width\" content=\"992\" \/>\n\t<meta property=\"og:image:height\" content=\"557\" \/>\n\t<meta property=\"og:image:type\" content=\"image\/webp\" \/>\n<meta name=\"author\" content=\"Diario del Sur Digital\" \/>\n<meta name=\"twitter:card\" content=\"summary_large_image\" \/>\n<meta name=\"twitter:label1\" content=\"Escrito por\" \/>\n\t<meta name=\"twitter:data1\" content=\"Diario del Sur Digital\" \/>\n\t<meta name=\"twitter:label2\" content=\"Tiempo de lectura\" \/>\n\t<meta name=\"twitter:data2\" content=\"3 minutos\" \/>\n<script type=\"application\/ld+json\" class=\"yoast-schema-graph\">{\"@context\":\"https:\\\/\\\/schema.org\",\"@graph\":[{\"@type\":\"Article\",\"@id\":\"https:\\\/\\\/diariodelsurdigital.com.ar\\\/?p=6805#article\",\"isPartOf\":{\"@id\":\"https:\\\/\\\/diariodelsurdigital.com.ar\\\/?p=6805\"},\"author\":{\"name\":\"Diario del Sur Digital\",\"@id\":\"https:\\\/\\\/diariodelsurdigital.com.ar\\\/#\\\/schema\\\/person\\\/1a4992532ed62965c968031b49195c81\"},\"headline\":\"Con la intervenci\u00f3n de 2007 en la memoria, los trabajadores del Indec desconf\u00edan del nuevo \u00edndice de inflaci\u00f3n\",\"datePublished\":\"2026-02-04T12:48:57+00:00\",\"dateModified\":\"2026-02-04T12:48:58+00:00\",\"mainEntityOfPage\":{\"@id\":\"https:\\\/\\\/diariodelsurdigital.com.ar\\\/?p=6805\"},\"wordCount\":659,\"commentCount\":0,\"image\":{\"@id\":\"https:\\\/\\\/diariodelsurdigital.com.ar\\\/?p=6805#primaryimage\"},\"thumbnailUrl\":\"https:\\\/\\\/diariodelsurdigital.com.ar\\\/wp-content\\\/uploads\\\/2026\\\/02\\\/md-9.webp\",\"articleSection\":[\"Nacionales\"],\"inLanguage\":\"es\",\"potentialAction\":[{\"@type\":\"CommentAction\",\"name\":\"Comment\",\"target\":[\"https:\\\/\\\/diariodelsurdigital.com.ar\\\/?p=6805#respond\"]}]},{\"@type\":\"WebPage\",\"@id\":\"https:\\\/\\\/diariodelsurdigital.com.ar\\\/?p=6805\",\"url\":\"https:\\\/\\\/diariodelsurdigital.com.ar\\\/?p=6805\",\"name\":\"Con la intervenci\u00f3n de 2007 en la memoria, los trabajadores del Indec desconf\u00edan del nuevo \u00edndice de inflaci\u00f3n - Diario del Sur\",\"isPartOf\":{\"@id\":\"https:\\\/\\\/diariodelsurdigital.com.ar\\\/#website\"},\"primaryImageOfPage\":{\"@id\":\"https:\\\/\\\/diariodelsurdigital.com.ar\\\/?p=6805#primaryimage\"},\"image\":{\"@id\":\"https:\\\/\\\/diariodelsurdigital.com.ar\\\/?p=6805#primaryimage\"},\"thumbnailUrl\":\"https:\\\/\\\/diariodelsurdigital.com.ar\\\/wp-content\\\/uploads\\\/2026\\\/02\\\/md-9.webp\",\"datePublished\":\"2026-02-04T12:48:57+00:00\",\"dateModified\":\"2026-02-04T12:48:58+00:00\",\"author\":{\"@id\":\"https:\\\/\\\/diariodelsurdigital.com.ar\\\/#\\\/schema\\\/person\\\/1a4992532ed62965c968031b49195c81\"},\"breadcrumb\":{\"@id\":\"https:\\\/\\\/diariodelsurdigital.com.ar\\\/?p=6805#breadcrumb\"},\"inLanguage\":\"es\",\"potentialAction\":[{\"@type\":\"ReadAction\",\"target\":[\"https:\\\/\\\/diariodelsurdigital.com.ar\\\/?p=6805\"]}]},{\"@type\":\"ImageObject\",\"inLanguage\":\"es\",\"@id\":\"https:\\\/\\\/diariodelsurdigital.com.ar\\\/?p=6805#primaryimage\",\"url\":\"https:\\\/\\\/diariodelsurdigital.com.ar\\\/wp-content\\\/uploads\\\/2026\\\/02\\\/md-9.webp\",\"contentUrl\":\"https:\\\/\\\/diariodelsurdigital.com.ar\\\/wp-content\\\/uploads\\\/2026\\\/02\\\/md-9.webp\",\"width\":992,\"height\":557},{\"@type\":\"BreadcrumbList\",\"@id\":\"https:\\\/\\\/diariodelsurdigital.com.ar\\\/?p=6805#breadcrumb\",\"itemListElement\":[{\"@type\":\"ListItem\",\"position\":1,\"name\":\"Portada\",\"item\":\"https:\\\/\\\/diariodelsurdigital.com.ar\\\/\"},{\"@type\":\"ListItem\",\"position\":2,\"name\":\"Con la intervenci\u00f3n de 2007 en la memoria, los trabajadores del Indec desconf\u00edan del nuevo \u00edndice de inflaci\u00f3n\"}]},{\"@type\":\"WebSite\",\"@id\":\"https:\\\/\\\/diariodelsurdigital.com.ar\\\/#website\",\"url\":\"https:\\\/\\\/diariodelsurdigital.com.ar\\\/\",\"name\":\"Diario del Sur\",\"description\":\"Digital\",\"potentialAction\":[{\"@type\":\"SearchAction\",\"target\":{\"@type\":\"EntryPoint\",\"urlTemplate\":\"https:\\\/\\\/diariodelsurdigital.com.ar\\\/?s={search_term_string}\"},\"query-input\":{\"@type\":\"PropertyValueSpecification\",\"valueRequired\":true,\"valueName\":\"search_term_string\"}}],\"inLanguage\":\"es\"},{\"@type\":\"Person\",\"@id\":\"https:\\\/\\\/diariodelsurdigital.com.ar\\\/#\\\/schema\\\/person\\\/1a4992532ed62965c968031b49195c81\",\"name\":\"Diario del Sur Digital\",\"image\":{\"@type\":\"ImageObject\",\"inLanguage\":\"es\",\"@id\":\"https:\\\/\\\/secure.gravatar.com\\\/avatar\\\/f0c7c47fc7146d19828273b9b8eda651c9c7ab583767e6338d3d3bee825adf76?s=96&d=mm&r=g\",\"url\":\"https:\\\/\\\/secure.gravatar.com\\\/avatar\\\/f0c7c47fc7146d19828273b9b8eda651c9c7ab583767e6338d3d3bee825adf76?s=96&d=mm&r=g\",\"contentUrl\":\"https:\\\/\\\/secure.gravatar.com\\\/avatar\\\/f0c7c47fc7146d19828273b9b8eda651c9c7ab583767e6338d3d3bee825adf76?s=96&d=mm&r=g\",\"caption\":\"Diario del Sur Digital\"},\"url\":\"https:\\\/\\\/diariodelsurdigital.com.ar\\\/?author=4\"}]}<\/script>\n<!-- \/ Yoast SEO plugin. -->","yoast_head_json":{"title":"Con la intervenci\u00f3n de 2007 en la memoria, los trabajadores del Indec desconf\u00edan del nuevo \u00edndice de inflaci\u00f3n - Diario del Sur","robots":{"index":"index","follow":"follow","max-snippet":"max-snippet:-1","max-image-preview":"max-image-preview:large","max-video-preview":"max-video-preview:-1"},"canonical":"https:\/\/diariodelsurdigital.com.ar\/?p=6805","og_locale":"es_ES","og_type":"article","og_title":"Con la intervenci\u00f3n de 2007 en la memoria, los trabajadores del Indec desconf\u00edan del nuevo \u00edndice de inflaci\u00f3n - Diario del Sur","og_description":"Tras la renuncia de Marco Lavagna a la conducci\u00f3n del Instituto Nacional de Estad\u00edsticas y Censos (Indec), los trabajadores del organismo pusieron en duda la aplicaci\u00f3n del nuevo \u00edndice de inflaci\u00f3n: \u201cNos llama poderosamente la atenci\u00f3n, nos pone en alerta\u201d. Lavagna, renunci\u00f3 a poco de la puesta en marcha de una nueva canasta para la [&hellip;]","og_url":"https:\/\/diariodelsurdigital.com.ar\/?p=6805","og_site_name":"Diario del Sur","article_published_time":"2026-02-04T12:48:57+00:00","article_modified_time":"2026-02-04T12:48:58+00:00","og_image":[{"width":992,"height":557,"url":"https:\/\/diariodelsurdigital.com.ar\/wp-content\/uploads\/2026\/02\/md-9.webp","type":"image\/webp"}],"author":"Diario del Sur Digital","twitter_card":"summary_large_image","twitter_misc":{"Escrito por":"Diario del Sur Digital","Tiempo de lectura":"3 minutos"},"schema":{"@context":"https:\/\/schema.org","@graph":[{"@type":"Article","@id":"https:\/\/diariodelsurdigital.com.ar\/?p=6805#article","isPartOf":{"@id":"https:\/\/diariodelsurdigital.com.ar\/?p=6805"},"author":{"name":"Diario del Sur Digital","@id":"https:\/\/diariodelsurdigital.com.ar\/#\/schema\/person\/1a4992532ed62965c968031b49195c81"},"headline":"Con la intervenci\u00f3n de 2007 en la memoria, los trabajadores del Indec desconf\u00edan del nuevo \u00edndice de inflaci\u00f3n","datePublished":"2026-02-04T12:48:57+00:00","dateModified":"2026-02-04T12:48:58+00:00","mainEntityOfPage":{"@id":"https:\/\/diariodelsurdigital.com.ar\/?p=6805"},"wordCount":659,"commentCount":0,"image":{"@id":"https:\/\/diariodelsurdigital.com.ar\/?p=6805#primaryimage"},"thumbnailUrl":"https:\/\/diariodelsurdigital.com.ar\/wp-content\/uploads\/2026\/02\/md-9.webp","articleSection":["Nacionales"],"inLanguage":"es","potentialAction":[{"@type":"CommentAction","name":"Comment","target":["https:\/\/diariodelsurdigital.com.ar\/?p=6805#respond"]}]},{"@type":"WebPage","@id":"https:\/\/diariodelsurdigital.com.ar\/?p=6805","url":"https:\/\/diariodelsurdigital.com.ar\/?p=6805","name":"Con la intervenci\u00f3n de 2007 en la memoria, los trabajadores del Indec desconf\u00edan del nuevo \u00edndice de inflaci\u00f3n - Diario del Sur","isPartOf":{"@id":"https:\/\/diariodelsurdigital.com.ar\/#website"},"primaryImageOfPage":{"@id":"https:\/\/diariodelsurdigital.com.ar\/?p=6805#primaryimage"},"image":{"@id":"https:\/\/diariodelsurdigital.com.ar\/?p=6805#primaryimage"},"thumbnailUrl":"https:\/\/diariodelsurdigital.com.ar\/wp-content\/uploads\/2026\/02\/md-9.webp","datePublished":"2026-02-04T12:48:57+00:00","dateModified":"2026-02-04T12:48:58+00:00","author":{"@id":"https:\/\/diariodelsurdigital.com.ar\/#\/schema\/person\/1a4992532ed62965c968031b49195c81"},"breadcrumb":{"@id":"https:\/\/diariodelsurdigital.com.ar\/?p=6805#breadcrumb"},"inLanguage":"es","potentialAction":[{"@type":"ReadAction","target":["https:\/\/diariodelsurdigital.com.ar\/?p=6805"]}]},{"@type":"ImageObject","inLanguage":"es","@id":"https:\/\/diariodelsurdigital.com.ar\/?p=6805#primaryimage","url":"https:\/\/diariodelsurdigital.com.ar\/wp-content\/uploads\/2026\/02\/md-9.webp","contentUrl":"https:\/\/diariodelsurdigital.com.ar\/wp-content\/uploads\/2026\/02\/md-9.webp","width":992,"height":557},{"@type":"BreadcrumbList","@id":"https:\/\/diariodelsurdigital.com.ar\/?p=6805#breadcrumb","itemListElement":[{"@type":"ListItem","position":1,"name":"Portada","item":"https:\/\/diariodelsurdigital.com.ar\/"},{"@type":"ListItem","position":2,"name":"Con la intervenci\u00f3n de 2007 en la memoria, los trabajadores del Indec desconf\u00edan del nuevo \u00edndice de inflaci\u00f3n"}]},{"@type":"WebSite","@id":"https:\/\/diariodelsurdigital.com.ar\/#website","url":"https:\/\/diariodelsurdigital.com.ar\/","name":"Diario del Sur","description":"Digital","potentialAction":[{"@type":"SearchAction","target":{"@type":"EntryPoint","urlTemplate":"https:\/\/diariodelsurdigital.com.ar\/?s={search_term_string}"},"query-input":{"@type":"PropertyValueSpecification","valueRequired":true,"valueName":"search_term_string"}}],"inLanguage":"es"},{"@type":"Person","@id":"https:\/\/diariodelsurdigital.com.ar\/#\/schema\/person\/1a4992532ed62965c968031b49195c81","name":"Diario del Sur Digital","image":{"@type":"ImageObject","inLanguage":"es","@id":"https:\/\/secure.gravatar.com\/avatar\/f0c7c47fc7146d19828273b9b8eda651c9c7ab583767e6338d3d3bee825adf76?s=96&d=mm&r=g","url":"https:\/\/secure.gravatar.com\/avatar\/f0c7c47fc7146d19828273b9b8eda651c9c7ab583767e6338d3d3bee825adf76?s=96&d=mm&r=g","contentUrl":"https:\/\/secure.gravatar.com\/avatar\/f0c7c47fc7146d19828273b9b8eda651c9c7ab583767e6338d3d3bee825adf76?s=96&d=mm&r=g","caption":"Diario del Sur Digital"},"url":"https:\/\/diariodelsurdigital.com.ar\/?author=4"}]}},"_links":{"self":[{"href":"https:\/\/diariodelsurdigital.com.ar\/index.php?rest_route=\/wp\/v2\/posts\/6805","targetHints":{"allow":["GET"]}}],"collection":[{"href":"https:\/\/diariodelsurdigital.com.ar\/index.php?rest_route=\/wp\/v2\/posts"}],"about":[{"href":"https:\/\/diariodelsurdigital.com.ar\/index.php?rest_route=\/wp\/v2\/types\/post"}],"author":[{"embeddable":true,"href":"https:\/\/diariodelsurdigital.com.ar\/index.php?rest_route=\/wp\/v2\/users\/4"}],"replies":[{"embeddable":true,"href":"https:\/\/diariodelsurdigital.com.ar\/index.php?rest_route=%2Fwp%2Fv2%2Fcomments&post=6805"}],"version-history":[{"count":1,"href":"https:\/\/diariodelsurdigital.com.ar\/index.php?rest_route=\/wp\/v2\/posts\/6805\/revisions"}],"predecessor-version":[{"id":6807,"href":"https:\/\/diariodelsurdigital.com.ar\/index.php?rest_route=\/wp\/v2\/posts\/6805\/revisions\/6807"}],"wp:featuredmedia":[{"embeddable":true,"href":"https:\/\/diariodelsurdigital.com.ar\/index.php?rest_route=\/wp\/v2\/media\/6806"}],"wp:attachment":[{"href":"https:\/\/diariodelsurdigital.com.ar\/index.php?rest_route=%2Fwp%2Fv2%2Fmedia&parent=6805"}],"wp:term":[{"taxonomy":"category","embeddable":true,"href":"https:\/\/diariodelsurdigital.com.ar\/index.php?rest_route=%2Fwp%2Fv2%2Fcategories&post=6805"},{"taxonomy":"post_tag","embeddable":true,"href":"https:\/\/diariodelsurdigital.com.ar\/index.php?rest_route=%2Fwp%2Fv2%2Ftags&post=6805"}],"curies":[{"name":"wp","href":"https:\/\/api.w.org\/{rel}","templated":true}]}}