{"id":6819,"date":"2026-02-05T15:39:56","date_gmt":"2026-02-05T18:39:56","guid":{"rendered":"https:\/\/diariodelsurdigital.com.ar\/?p=6819"},"modified":"2026-02-05T15:39:57","modified_gmt":"2026-02-05T18:39:57","slug":"nuevo-ataque-a-ian-moche-lilia-lemoine-dijo-que-la-madre-lo-hace-actuar-de-autista","status":"publish","type":"post","link":"https:\/\/diariodelsurdigital.com.ar\/?p=6819","title":{"rendered":"Nuevo ataque a Ian Moche: Lilia Lemoine dijo que la madre \u00ablo hace actuar de autista\u00bb"},"content":{"rendered":"\n<p>En un nuevo y escandaloso episodio televisivo, la diputada de La Libertad Avanza (LLA) y ex asistente de Javier Milei, Lilia Lemoine atac\u00f3 a Ian Moche, el joven influencer de 12 a\u00f1os que se ha convertido en una voz destacada dentro de la comunidad autista, y su madre.<\/p>\n\n\n\n<p>\u00abEstamos en una sociedad hip\u00f3crita en la que una se\u00f1ora puede lucrar con un hijo menor de edad y llevarlo a los medios haci\u00e9ndolo actuar de autista\u00bb, sostuvo Lemoine.<\/p>\n\n\n\n<p>Como si no hubiera quedado claro sobre lo que dec\u00eda, Lilia se encarg\u00f3 de profundizar. \u00abHabl\u00f3 de la madre de Ian Moche, una mujer que no est\u00e1 bien de la cabeza con lo que hace\u201d.<\/p>\n\n\n\n<p>\u00abSe lo dejan pasar porque le es negocio para el kirchnerismo, otra vez. La hija mayor ya habl\u00f3 y cont\u00f3 lo que les hace a sus hijos\u00bb, insisti\u00f3 la legisladora, que volvi\u00f3 a poner en duda la condici\u00f3n de Ian al considerar que \u00abun nene que supuestamente es autista es expuesto a luces, ruidos, maltratos, gritos, en los medios, la pol\u00edtica, las redes sociales\u00bb.<\/p>\n\n\n\n<p>En una ensalada de conceptos, la diputada libertaria sostuvo que \u00ablos mismos que te llevan a un nenito autista a vender una agenda pol\u00edtica en los medios, tambi\u00e9n llevaron a Greta Thunberg\u00bb.<\/p>\n\n\n\n<p>\u00abSe dicen ahora que hay que censurar las redes sociales. Es todo la misma gente, el mismo woke\u00edsmo, el mismo kirchnerismo. Yo le digo kirchnerismo y si proponen esto en Australia es lo mismo\u00bb, expres\u00f3 Lemoine, y ante una mesa sorprendida, concluy\u00f3: \u00abPedro S\u00e1nchez es kirchnerista\u00bb.<\/p>\n\n\n\n<p>Ian Moche ya fue v\u00edctima de ataques por parte del Presidente. A mitad del a\u00f1o pasado, y cuando el Gobierno insist\u00eda con el ajuste en discapacidad, Milei comparti\u00f3 contenido agraviante contra el nene autista y activista por los derechos de las personas neurodivergentes.<\/p>\n\n\n\n<p>En ese entonces, la publicaci\u00f3n del mandatario inclu\u00eda un collage de im\u00e1genes del ni\u00f1o junto a distintos dirigentes vinculados al peronismo y el periodista Paulino Rodr\u00edguez. En el tuit original del usuario conocido como Hombre Gris, sosten\u00edan que el ni\u00f1o hab\u00eda sido \u201cutilizado\u201d pol\u00edticamente y acusaba al periodista de \u201cllevar a un nene con autismo para que opere contra Milei\u201d.<\/p>\n","protected":false},"excerpt":{"rendered":"<p>En un nuevo y escandaloso episodio televisivo, la diputada de La Libertad Avanza (LLA) y ex asistente de Javier Milei, Lilia Lemoine atac\u00f3 a Ian Moche, el joven influencer de 12 a\u00f1os que se ha convertido en una voz destacada dentro de la comunidad autista, y su madre. \u00abEstamos en una sociedad hip\u00f3crita en la [&hellip;]<\/p>\n","protected":false},"author":4,"featured_media":6820,"comment_status":"open","ping_status":"open","sticky":false,"template":"","format":"standard","meta":{"footnotes":""},"categories":[18],"tags":[],"class_list":{"0":"post-6819","1":"post","2":"type-post","3":"status-publish","4":"format-standard","5":"has-post-thumbnail","7":"category-nacionales"},"yoast_head":"<!-- This site is optimized with the Yoast SEO plugin v27.4 - https:\/\/yoast.com\/product\/yoast-seo-wordpress\/ -->\n<title>Nuevo ataque a Ian Moche: Lilia Lemoine dijo que la madre &quot;lo hace actuar de autista&quot; - Diario del Sur<\/title>\n<meta name=\"robots\" content=\"index, follow, max-snippet:-1, max-image-preview:large, max-video-preview:-1\" \/>\n<link rel=\"canonical\" href=\"https:\/\/diariodelsurdigital.com.ar\/?p=6819\" \/>\n<meta property=\"og:locale\" content=\"es_ES\" \/>\n<meta property=\"og:type\" content=\"article\" \/>\n<meta property=\"og:title\" content=\"Nuevo ataque a Ian Moche: Lilia Lemoine dijo que la madre &quot;lo hace actuar de autista&quot; - Diario del Sur\" \/>\n<meta property=\"og:description\" content=\"En un nuevo y escandaloso episodio televisivo, la diputada de La Libertad Avanza (LLA) y ex asistente de Javier Milei, Lilia Lemoine atac\u00f3 a Ian Moche, el joven influencer de 12 a\u00f1os que se ha convertido en una voz destacada dentro de la comunidad autista, y su madre. \u00abEstamos en una sociedad hip\u00f3crita en la [&hellip;]\" \/>\n<meta property=\"og:url\" content=\"https:\/\/diariodelsurdigital.com.ar\/?p=6819\" \/>\n<meta property=\"og:site_name\" content=\"Diario del Sur\" \/>\n<meta property=\"article:published_time\" content=\"2026-02-05T18:39:56+00:00\" \/>\n<meta property=\"article:modified_time\" content=\"2026-02-05T18:39:57+00:00\" \/>\n<meta property=\"og:image\" content=\"https:\/\/diariodelsurdigital.com.ar\/wp-content\/uploads\/2026\/02\/md-12.webp\" \/>\n\t<meta property=\"og:image:width\" content=\"992\" \/>\n\t<meta property=\"og:image:height\" content=\"603\" \/>\n\t<meta property=\"og:image:type\" content=\"image\/webp\" \/>\n<meta name=\"author\" content=\"Diario del Sur Digital\" \/>\n<meta name=\"twitter:card\" content=\"summary_large_image\" \/>\n<meta name=\"twitter:label1\" content=\"Escrito por\" \/>\n\t<meta name=\"twitter:data1\" content=\"Diario del Sur Digital\" \/>\n\t<meta name=\"twitter:label2\" content=\"Tiempo de lectura\" \/>\n\t<meta name=\"twitter:data2\" content=\"2 minutos\" \/>\n<script type=\"application\/ld+json\" class=\"yoast-schema-graph\">{\"@context\":\"https:\\\/\\\/schema.org\",\"@graph\":[{\"@type\":\"Article\",\"@id\":\"https:\\\/\\\/diariodelsurdigital.com.ar\\\/?p=6819#article\",\"isPartOf\":{\"@id\":\"https:\\\/\\\/diariodelsurdigital.com.ar\\\/?p=6819\"},\"author\":{\"name\":\"Diario del Sur Digital\",\"@id\":\"https:\\\/\\\/diariodelsurdigital.com.ar\\\/#\\\/schema\\\/person\\\/1a4992532ed62965c968031b49195c81\"},\"headline\":\"Nuevo ataque a Ian Moche: Lilia Lemoine dijo que la madre \u00ablo hace actuar de autista\u00bb\",\"datePublished\":\"2026-02-05T18:39:56+00:00\",\"dateModified\":\"2026-02-05T18:39:57+00:00\",\"mainEntityOfPage\":{\"@id\":\"https:\\\/\\\/diariodelsurdigital.com.ar\\\/?p=6819\"},\"wordCount\":395,\"commentCount\":0,\"image\":{\"@id\":\"https:\\\/\\\/diariodelsurdigital.com.ar\\\/?p=6819#primaryimage\"},\"thumbnailUrl\":\"https:\\\/\\\/diariodelsurdigital.com.ar\\\/wp-content\\\/uploads\\\/2026\\\/02\\\/md-12.webp\",\"articleSection\":[\"Nacionales\"],\"inLanguage\":\"es\",\"potentialAction\":[{\"@type\":\"CommentAction\",\"name\":\"Comment\",\"target\":[\"https:\\\/\\\/diariodelsurdigital.com.ar\\\/?p=6819#respond\"]}]},{\"@type\":\"WebPage\",\"@id\":\"https:\\\/\\\/diariodelsurdigital.com.ar\\\/?p=6819\",\"url\":\"https:\\\/\\\/diariodelsurdigital.com.ar\\\/?p=6819\",\"name\":\"Nuevo ataque a Ian Moche: Lilia Lemoine dijo que la madre \\\"lo hace actuar de autista\\\" - Diario del Sur\",\"isPartOf\":{\"@id\":\"https:\\\/\\\/diariodelsurdigital.com.ar\\\/#website\"},\"primaryImageOfPage\":{\"@id\":\"https:\\\/\\\/diariodelsurdigital.com.ar\\\/?p=6819#primaryimage\"},\"image\":{\"@id\":\"https:\\\/\\\/diariodelsurdigital.com.ar\\\/?p=6819#primaryimage\"},\"thumbnailUrl\":\"https:\\\/\\\/diariodelsurdigital.com.ar\\\/wp-content\\\/uploads\\\/2026\\\/02\\\/md-12.webp\",\"datePublished\":\"2026-02-05T18:39:56+00:00\",\"dateModified\":\"2026-02-05T18:39:57+00:00\",\"author\":{\"@id\":\"https:\\\/\\\/diariodelsurdigital.com.ar\\\/#\\\/schema\\\/person\\\/1a4992532ed62965c968031b49195c81\"},\"breadcrumb\":{\"@id\":\"https:\\\/\\\/diariodelsurdigital.com.ar\\\/?p=6819#breadcrumb\"},\"inLanguage\":\"es\",\"potentialAction\":[{\"@type\":\"ReadAction\",\"target\":[\"https:\\\/\\\/diariodelsurdigital.com.ar\\\/?p=6819\"]}]},{\"@type\":\"ImageObject\",\"inLanguage\":\"es\",\"@id\":\"https:\\\/\\\/diariodelsurdigital.com.ar\\\/?p=6819#primaryimage\",\"url\":\"https:\\\/\\\/diariodelsurdigital.com.ar\\\/wp-content\\\/uploads\\\/2026\\\/02\\\/md-12.webp\",\"contentUrl\":\"https:\\\/\\\/diariodelsurdigital.com.ar\\\/wp-content\\\/uploads\\\/2026\\\/02\\\/md-12.webp\",\"width\":992,\"height\":603},{\"@type\":\"BreadcrumbList\",\"@id\":\"https:\\\/\\\/diariodelsurdigital.com.ar\\\/?p=6819#breadcrumb\",\"itemListElement\":[{\"@type\":\"ListItem\",\"position\":1,\"name\":\"Portada\",\"item\":\"https:\\\/\\\/diariodelsurdigital.com.ar\\\/\"},{\"@type\":\"ListItem\",\"position\":2,\"name\":\"Nuevo ataque a Ian Moche: Lilia Lemoine dijo que la madre \u00ablo hace actuar de autista\u00bb\"}]},{\"@type\":\"WebSite\",\"@id\":\"https:\\\/\\\/diariodelsurdigital.com.ar\\\/#website\",\"url\":\"https:\\\/\\\/diariodelsurdigital.com.ar\\\/\",\"name\":\"Diario del Sur\",\"description\":\"Digital\",\"potentialAction\":[{\"@type\":\"SearchAction\",\"target\":{\"@type\":\"EntryPoint\",\"urlTemplate\":\"https:\\\/\\\/diariodelsurdigital.com.ar\\\/?s={search_term_string}\"},\"query-input\":{\"@type\":\"PropertyValueSpecification\",\"valueRequired\":true,\"valueName\":\"search_term_string\"}}],\"inLanguage\":\"es\"},{\"@type\":\"Person\",\"@id\":\"https:\\\/\\\/diariodelsurdigital.com.ar\\\/#\\\/schema\\\/person\\\/1a4992532ed62965c968031b49195c81\",\"name\":\"Diario del Sur Digital\",\"image\":{\"@type\":\"ImageObject\",\"inLanguage\":\"es\",\"@id\":\"https:\\\/\\\/secure.gravatar.com\\\/avatar\\\/f0c7c47fc7146d19828273b9b8eda651c9c7ab583767e6338d3d3bee825adf76?s=96&d=mm&r=g\",\"url\":\"https:\\\/\\\/secure.gravatar.com\\\/avatar\\\/f0c7c47fc7146d19828273b9b8eda651c9c7ab583767e6338d3d3bee825adf76?s=96&d=mm&r=g\",\"contentUrl\":\"https:\\\/\\\/secure.gravatar.com\\\/avatar\\\/f0c7c47fc7146d19828273b9b8eda651c9c7ab583767e6338d3d3bee825adf76?s=96&d=mm&r=g\",\"caption\":\"Diario del Sur Digital\"},\"url\":\"https:\\\/\\\/diariodelsurdigital.com.ar\\\/?author=4\"}]}<\/script>\n<!-- \/ Yoast SEO plugin. -->","yoast_head_json":{"title":"Nuevo ataque a Ian Moche: Lilia Lemoine dijo que la madre \"lo hace actuar de autista\" - Diario del Sur","robots":{"index":"index","follow":"follow","max-snippet":"max-snippet:-1","max-image-preview":"max-image-preview:large","max-video-preview":"max-video-preview:-1"},"canonical":"https:\/\/diariodelsurdigital.com.ar\/?p=6819","og_locale":"es_ES","og_type":"article","og_title":"Nuevo ataque a Ian Moche: Lilia Lemoine dijo que la madre \"lo hace actuar de autista\" - Diario del Sur","og_description":"En un nuevo y escandaloso episodio televisivo, la diputada de La Libertad Avanza (LLA) y ex asistente de Javier Milei, Lilia Lemoine atac\u00f3 a Ian Moche, el joven influencer de 12 a\u00f1os que se ha convertido en una voz destacada dentro de la comunidad autista, y su madre. \u00abEstamos en una sociedad hip\u00f3crita en la [&hellip;]","og_url":"https:\/\/diariodelsurdigital.com.ar\/?p=6819","og_site_name":"Diario del Sur","article_published_time":"2026-02-05T18:39:56+00:00","article_modified_time":"2026-02-05T18:39:57+00:00","og_image":[{"width":992,"height":603,"url":"https:\/\/diariodelsurdigital.com.ar\/wp-content\/uploads\/2026\/02\/md-12.webp","type":"image\/webp"}],"author":"Diario del Sur Digital","twitter_card":"summary_large_image","twitter_misc":{"Escrito por":"Diario del Sur Digital","Tiempo de lectura":"2 minutos"},"schema":{"@context":"https:\/\/schema.org","@graph":[{"@type":"Article","@id":"https:\/\/diariodelsurdigital.com.ar\/?p=6819#article","isPartOf":{"@id":"https:\/\/diariodelsurdigital.com.ar\/?p=6819"},"author":{"name":"Diario del Sur Digital","@id":"https:\/\/diariodelsurdigital.com.ar\/#\/schema\/person\/1a4992532ed62965c968031b49195c81"},"headline":"Nuevo ataque a Ian Moche: Lilia Lemoine dijo que la madre \u00ablo hace actuar de autista\u00bb","datePublished":"2026-02-05T18:39:56+00:00","dateModified":"2026-02-05T18:39:57+00:00","mainEntityOfPage":{"@id":"https:\/\/diariodelsurdigital.com.ar\/?p=6819"},"wordCount":395,"commentCount":0,"image":{"@id":"https:\/\/diariodelsurdigital.com.ar\/?p=6819#primaryimage"},"thumbnailUrl":"https:\/\/diariodelsurdigital.com.ar\/wp-content\/uploads\/2026\/02\/md-12.webp","articleSection":["Nacionales"],"inLanguage":"es","potentialAction":[{"@type":"CommentAction","name":"Comment","target":["https:\/\/diariodelsurdigital.com.ar\/?p=6819#respond"]}]},{"@type":"WebPage","@id":"https:\/\/diariodelsurdigital.com.ar\/?p=6819","url":"https:\/\/diariodelsurdigital.com.ar\/?p=6819","name":"Nuevo ataque a Ian Moche: Lilia Lemoine dijo que la madre \"lo hace actuar de autista\" - Diario del Sur","isPartOf":{"@id":"https:\/\/diariodelsurdigital.com.ar\/#website"},"primaryImageOfPage":{"@id":"https:\/\/diariodelsurdigital.com.ar\/?p=6819#primaryimage"},"image":{"@id":"https:\/\/diariodelsurdigital.com.ar\/?p=6819#primaryimage"},"thumbnailUrl":"https:\/\/diariodelsurdigital.com.ar\/wp-content\/uploads\/2026\/02\/md-12.webp","datePublished":"2026-02-05T18:39:56+00:00","dateModified":"2026-02-05T18:39:57+00:00","author":{"@id":"https:\/\/diariodelsurdigital.com.ar\/#\/schema\/person\/1a4992532ed62965c968031b49195c81"},"breadcrumb":{"@id":"https:\/\/diariodelsurdigital.com.ar\/?p=6819#breadcrumb"},"inLanguage":"es","potentialAction":[{"@type":"ReadAction","target":["https:\/\/diariodelsurdigital.com.ar\/?p=6819"]}]},{"@type":"ImageObject","inLanguage":"es","@id":"https:\/\/diariodelsurdigital.com.ar\/?p=6819#primaryimage","url":"https:\/\/diariodelsurdigital.com.ar\/wp-content\/uploads\/2026\/02\/md-12.webp","contentUrl":"https:\/\/diariodelsurdigital.com.ar\/wp-content\/uploads\/2026\/02\/md-12.webp","width":992,"height":603},{"@type":"BreadcrumbList","@id":"https:\/\/diariodelsurdigital.com.ar\/?p=6819#breadcrumb","itemListElement":[{"@type":"ListItem","position":1,"name":"Portada","item":"https:\/\/diariodelsurdigital.com.ar\/"},{"@type":"ListItem","position":2,"name":"Nuevo ataque a Ian Moche: Lilia Lemoine dijo que la madre \u00ablo hace actuar de autista\u00bb"}]},{"@type":"WebSite","@id":"https:\/\/diariodelsurdigital.com.ar\/#website","url":"https:\/\/diariodelsurdigital.com.ar\/","name":"Diario del Sur","description":"Digital","potentialAction":[{"@type":"SearchAction","target":{"@type":"EntryPoint","urlTemplate":"https:\/\/diariodelsurdigital.com.ar\/?s={search_term_string}"},"query-input":{"@type":"PropertyValueSpecification","valueRequired":true,"valueName":"search_term_string"}}],"inLanguage":"es"},{"@type":"Person","@id":"https:\/\/diariodelsurdigital.com.ar\/#\/schema\/person\/1a4992532ed62965c968031b49195c81","name":"Diario del Sur Digital","image":{"@type":"ImageObject","inLanguage":"es","@id":"https:\/\/secure.gravatar.com\/avatar\/f0c7c47fc7146d19828273b9b8eda651c9c7ab583767e6338d3d3bee825adf76?s=96&d=mm&r=g","url":"https:\/\/secure.gravatar.com\/avatar\/f0c7c47fc7146d19828273b9b8eda651c9c7ab583767e6338d3d3bee825adf76?s=96&d=mm&r=g","contentUrl":"https:\/\/secure.gravatar.com\/avatar\/f0c7c47fc7146d19828273b9b8eda651c9c7ab583767e6338d3d3bee825adf76?s=96&d=mm&r=g","caption":"Diario del Sur Digital"},"url":"https:\/\/diariodelsurdigital.com.ar\/?author=4"}]}},"_links":{"self":[{"href":"https:\/\/diariodelsurdigital.com.ar\/index.php?rest_route=\/wp\/v2\/posts\/6819","targetHints":{"allow":["GET"]}}],"collection":[{"href":"https:\/\/diariodelsurdigital.com.ar\/index.php?rest_route=\/wp\/v2\/posts"}],"about":[{"href":"https:\/\/diariodelsurdigital.com.ar\/index.php?rest_route=\/wp\/v2\/types\/post"}],"author":[{"embeddable":true,"href":"https:\/\/diariodelsurdigital.com.ar\/index.php?rest_route=\/wp\/v2\/users\/4"}],"replies":[{"embeddable":true,"href":"https:\/\/diariodelsurdigital.com.ar\/index.php?rest_route=%2Fwp%2Fv2%2Fcomments&post=6819"}],"version-history":[{"count":1,"href":"https:\/\/diariodelsurdigital.com.ar\/index.php?rest_route=\/wp\/v2\/posts\/6819\/revisions"}],"predecessor-version":[{"id":6821,"href":"https:\/\/diariodelsurdigital.com.ar\/index.php?rest_route=\/wp\/v2\/posts\/6819\/revisions\/6821"}],"wp:featuredmedia":[{"embeddable":true,"href":"https:\/\/diariodelsurdigital.com.ar\/index.php?rest_route=\/wp\/v2\/media\/6820"}],"wp:attachment":[{"href":"https:\/\/diariodelsurdigital.com.ar\/index.php?rest_route=%2Fwp%2Fv2%2Fmedia&parent=6819"}],"wp:term":[{"taxonomy":"category","embeddable":true,"href":"https:\/\/diariodelsurdigital.com.ar\/index.php?rest_route=%2Fwp%2Fv2%2Fcategories&post=6819"},{"taxonomy":"post_tag","embeddable":true,"href":"https:\/\/diariodelsurdigital.com.ar\/index.php?rest_route=%2Fwp%2Fv2%2Ftags&post=6819"}],"curies":[{"name":"wp","href":"https:\/\/api.w.org\/{rel}","templated":true}]}}