{"id":6822,"date":"2026-02-05T15:43:24","date_gmt":"2026-02-05T18:43:24","guid":{"rendered":"https:\/\/diariodelsurdigital.com.ar\/?p=6822"},"modified":"2026-02-05T15:43:25","modified_gmt":"2026-02-05T18:43:25","slug":"es-una-decision-politica-dejar-que-todo-se-caiga-el-duro-descargo-de-una-madre-tras-la-reglamentacion-de-la-ley-de-emergencia-en-discapacidad","status":"publish","type":"post","link":"https:\/\/diariodelsurdigital.com.ar\/?p=6822","title":{"rendered":"\u201cEs una decisi\u00f3n pol\u00edtica dejar que todo se caiga\u201d: El duro descargo de una madre tras la reglamentaci\u00f3n de la Ley de Emergencia en Discapacidad"},"content":{"rendered":"\n<p>En di\u00e1logo con la agencia APFDigital la madre de dos j\u00f3venes con discapacidad cuestion\u00f3 la demora del Gobierno Nacional en reglamentar la ley y advirti\u00f3 que, sin presupuesto ni una perspectiva de derechos, la normativa es apenas un \u201crequisito legal\u201d que no garantiza prestaciones b\u00e1sicas.<\/p>\n\n\n\n<p>Tras cumplirse el plazo legal otorgado por la Justicia, el Ejecutivo Nacional oficializ\u00f3 la reglamentaci\u00f3n de la Ley de Emergencia en Discapacidad.<\/p>\n\n\n\n<p>La medida, que busca dar respuesta a la crisis que atraviesa el sector, fue recibida con cautela por las familias, que advierten que la normativa por s\u00ed sola no asegura el acceso a derechos b\u00e1sicos si no cuenta con los recursos econ\u00f3micos necesarios.<\/p>\n\n\n\n<p>Una reglamentaci\u00f3n marcada por la Justicia<br>Silvia Schierloh, madre de dos j\u00f3venes adultas con discapacidad, se\u00f1al\u00f3 que la publicaci\u00f3n de la reglamentaci\u00f3n en el Bolet\u00edn Oficial respondi\u00f3 m\u00e1s a una obligaci\u00f3n legal que a una decisi\u00f3n pol\u00edtica del Ejecutivo. \u201cHasta este mi\u00e9rcoles era el plazo; si no, ten\u00edan que pagar una multa\u201d, explic\u00f3.<\/p>\n\n\n\n<p>Para Schierloh, el punto cr\u00edtico no radica en el texto de la ley, sino en su aplicaci\u00f3n efectiva. \u201cLo m\u00e1s importante es qu\u00e9 presupuesto se le va a dar. El presupuesto ya est\u00e1 aprobado desde diciembre y el Gobierno manifiesta que no hay fondos para discapacidad. Ese es el peligro: la forma en que se quiere implementar\u201d, advirti\u00f3.<\/p>\n\n\n\n<p>El impacto social y las auditor\u00edas<br>La entrevistada tambi\u00e9n alert\u00f3 sobre los riesgos de las nuevas modalidades de auditor\u00eda. Seg\u00fan su testimonio, los sistemas vigentes exigen tr\u00e1mites presenciales que vulneran los derechos de personas con movilidad reducida, oblig\u00e1ndolas a traslados complejos o a largas esperas.<\/p>\n\n\n\n<p>Schierloh sostuvo que estas pr\u00e1cticas, sumadas al discurso oficial, generan tensiones en la sociedad. \u201cSe pone en tela de juicio por qu\u00e9 esta persona tiene este derecho y yo no. Se cuestionan luchas y derechos adquiridos desde hace mucho tiempo\u201d, expres\u00f3, y agreg\u00f3 que \u201ceso es lo peligroso cuando observamos c\u00f3mo cala socialmente en lo cotidiano\u201d.<\/p>\n\n\n\n<p>Adem\u00e1s, remarc\u00f3 que en la vida adulta de las personas con discapacidad persisten \u201cvac\u00edos legales\u201d, especialmente en \u00e1reas como la inclusi\u00f3n laboral y determinadas terapias f\u00edsicas que no est\u00e1n nomencladas.<\/p>\n\n\n\n<p>Crisis prestacional: El paso de Iosper a OSER<br>En el cierre de la entrevista, Schierloh describi\u00f3 la situaci\u00f3n cr\u00edtica que atraviesan los afiliados en la provincia tras el traspaso de la obra social provincial, de Iosper a la actual OSER. Se\u00f1al\u00f3 que las familias debieron organizarse en redes de WhatsApp y documentos compartidos para suplir las falencias del Estado.<\/p>\n\n\n\n<p>\u201cHubo que hacer una activaci\u00f3n colectiva para sostener retrasos en la entrega de insumos vitales como sondas, medicaci\u00f3n u ox\u00edgeno. Si a un pap\u00e1 le sobraba algo, se lo daba a otro\u201d, relat\u00f3. Seg\u00fan explic\u00f3, la burocracia administrativa se profundiz\u00f3 y funciona como un mecanismo de desgaste: \u201cTenemos que tener una habilidad administrativa mayor para sostener cada vez menos prestaciones\u201d, concluy\u00f3.<\/p>\n","protected":false},"excerpt":{"rendered":"<p>En di\u00e1logo con la agencia APFDigital la madre de dos j\u00f3venes con discapacidad cuestion\u00f3 la demora del Gobierno Nacional en reglamentar la ley y advirti\u00f3 que, sin presupuesto ni una perspectiva de derechos, la normativa es apenas un \u201crequisito legal\u201d que no garantiza prestaciones b\u00e1sicas. Tras cumplirse el plazo legal otorgado por la Justicia, el [&hellip;]<\/p>\n","protected":false},"author":4,"featured_media":6823,"comment_status":"open","ping_status":"open","sticky":false,"template":"","format":"standard","meta":{"footnotes":""},"categories":[19,17],"tags":[],"class_list":{"0":"post-6822","1":"post","2":"type-post","3":"status-publish","4":"format-standard","5":"has-post-thumbnail","7":"category-interes-general","8":"category-provinciales"},"yoast_head":"<!-- This site is optimized with the Yoast SEO plugin v27.4 - https:\/\/yoast.com\/product\/yoast-seo-wordpress\/ -->\n<title>\u201cEs una decisi\u00f3n pol\u00edtica dejar que todo se caiga\u201d: El duro descargo de una madre tras la reglamentaci\u00f3n de la Ley de Emergencia en Discapacidad - Diario del Sur<\/title>\n<meta name=\"robots\" content=\"index, follow, max-snippet:-1, max-image-preview:large, max-video-preview:-1\" \/>\n<link rel=\"canonical\" href=\"https:\/\/diariodelsurdigital.com.ar\/?p=6822\" \/>\n<meta property=\"og:locale\" content=\"es_ES\" \/>\n<meta property=\"og:type\" content=\"article\" \/>\n<meta property=\"og:title\" content=\"\u201cEs una decisi\u00f3n pol\u00edtica dejar que todo se caiga\u201d: El duro descargo de una madre tras la reglamentaci\u00f3n de la Ley de Emergencia en Discapacidad - Diario del Sur\" \/>\n<meta property=\"og:description\" content=\"En di\u00e1logo con la agencia APFDigital la madre de dos j\u00f3venes con discapacidad cuestion\u00f3 la demora del Gobierno Nacional en reglamentar la ley y advirti\u00f3 que, sin presupuesto ni una perspectiva de derechos, la normativa es apenas un \u201crequisito legal\u201d que no garantiza prestaciones b\u00e1sicas. Tras cumplirse el plazo legal otorgado por la Justicia, el [&hellip;]\" \/>\n<meta property=\"og:url\" content=\"https:\/\/diariodelsurdigital.com.ar\/?p=6822\" \/>\n<meta property=\"og:site_name\" content=\"Diario del Sur\" \/>\n<meta property=\"article:published_time\" content=\"2026-02-05T18:43:24+00:00\" \/>\n<meta property=\"article:modified_time\" content=\"2026-02-05T18:43:25+00:00\" \/>\n<meta property=\"og:image\" content=\"https:\/\/diariodelsurdigital.com.ar\/wp-content\/uploads\/2026\/02\/md-13.webp\" \/>\n\t<meta property=\"og:image:width\" content=\"992\" \/>\n\t<meta property=\"og:image:height\" content=\"558\" \/>\n\t<meta property=\"og:image:type\" content=\"image\/webp\" \/>\n<meta name=\"author\" content=\"Diario del Sur Digital\" \/>\n<meta name=\"twitter:card\" content=\"summary_large_image\" \/>\n<meta name=\"twitter:label1\" content=\"Escrito por\" \/>\n\t<meta name=\"twitter:data1\" content=\"Diario del Sur Digital\" \/>\n\t<meta name=\"twitter:label2\" content=\"Tiempo de lectura\" \/>\n\t<meta name=\"twitter:data2\" content=\"3 minutos\" \/>\n<script type=\"application\/ld+json\" class=\"yoast-schema-graph\">{\"@context\":\"https:\\\/\\\/schema.org\",\"@graph\":[{\"@type\":\"Article\",\"@id\":\"https:\\\/\\\/diariodelsurdigital.com.ar\\\/?p=6822#article\",\"isPartOf\":{\"@id\":\"https:\\\/\\\/diariodelsurdigital.com.ar\\\/?p=6822\"},\"author\":{\"name\":\"Diario del Sur Digital\",\"@id\":\"https:\\\/\\\/diariodelsurdigital.com.ar\\\/#\\\/schema\\\/person\\\/1a4992532ed62965c968031b49195c81\"},\"headline\":\"\u201cEs una decisi\u00f3n pol\u00edtica dejar que todo se caiga\u201d: El duro descargo de una madre tras la reglamentaci\u00f3n de la Ley de Emergencia en Discapacidad\",\"datePublished\":\"2026-02-05T18:43:24+00:00\",\"dateModified\":\"2026-02-05T18:43:25+00:00\",\"mainEntityOfPage\":{\"@id\":\"https:\\\/\\\/diariodelsurdigital.com.ar\\\/?p=6822\"},\"wordCount\":538,\"commentCount\":0,\"image\":{\"@id\":\"https:\\\/\\\/diariodelsurdigital.com.ar\\\/?p=6822#primaryimage\"},\"thumbnailUrl\":\"https:\\\/\\\/diariodelsurdigital.com.ar\\\/wp-content\\\/uploads\\\/2026\\\/02\\\/md-13.webp\",\"articleSection\":[\"Inter\u00e9s General\",\"Provinciales\"],\"inLanguage\":\"es\",\"potentialAction\":[{\"@type\":\"CommentAction\",\"name\":\"Comment\",\"target\":[\"https:\\\/\\\/diariodelsurdigital.com.ar\\\/?p=6822#respond\"]}]},{\"@type\":\"WebPage\",\"@id\":\"https:\\\/\\\/diariodelsurdigital.com.ar\\\/?p=6822\",\"url\":\"https:\\\/\\\/diariodelsurdigital.com.ar\\\/?p=6822\",\"name\":\"\u201cEs una decisi\u00f3n pol\u00edtica dejar que todo se caiga\u201d: El duro descargo de una madre tras la reglamentaci\u00f3n de la Ley de Emergencia en Discapacidad - Diario del Sur\",\"isPartOf\":{\"@id\":\"https:\\\/\\\/diariodelsurdigital.com.ar\\\/#website\"},\"primaryImageOfPage\":{\"@id\":\"https:\\\/\\\/diariodelsurdigital.com.ar\\\/?p=6822#primaryimage\"},\"image\":{\"@id\":\"https:\\\/\\\/diariodelsurdigital.com.ar\\\/?p=6822#primaryimage\"},\"thumbnailUrl\":\"https:\\\/\\\/diariodelsurdigital.com.ar\\\/wp-content\\\/uploads\\\/2026\\\/02\\\/md-13.webp\",\"datePublished\":\"2026-02-05T18:43:24+00:00\",\"dateModified\":\"2026-02-05T18:43:25+00:00\",\"author\":{\"@id\":\"https:\\\/\\\/diariodelsurdigital.com.ar\\\/#\\\/schema\\\/person\\\/1a4992532ed62965c968031b49195c81\"},\"breadcrumb\":{\"@id\":\"https:\\\/\\\/diariodelsurdigital.com.ar\\\/?p=6822#breadcrumb\"},\"inLanguage\":\"es\",\"potentialAction\":[{\"@type\":\"ReadAction\",\"target\":[\"https:\\\/\\\/diariodelsurdigital.com.ar\\\/?p=6822\"]}]},{\"@type\":\"ImageObject\",\"inLanguage\":\"es\",\"@id\":\"https:\\\/\\\/diariodelsurdigital.com.ar\\\/?p=6822#primaryimage\",\"url\":\"https:\\\/\\\/diariodelsurdigital.com.ar\\\/wp-content\\\/uploads\\\/2026\\\/02\\\/md-13.webp\",\"contentUrl\":\"https:\\\/\\\/diariodelsurdigital.com.ar\\\/wp-content\\\/uploads\\\/2026\\\/02\\\/md-13.webp\",\"width\":992,\"height\":558},{\"@type\":\"BreadcrumbList\",\"@id\":\"https:\\\/\\\/diariodelsurdigital.com.ar\\\/?p=6822#breadcrumb\",\"itemListElement\":[{\"@type\":\"ListItem\",\"position\":1,\"name\":\"Portada\",\"item\":\"https:\\\/\\\/diariodelsurdigital.com.ar\\\/\"},{\"@type\":\"ListItem\",\"position\":2,\"name\":\"\u201cEs una decisi\u00f3n pol\u00edtica dejar que todo se caiga\u201d: El duro descargo de una madre tras la reglamentaci\u00f3n de la Ley de Emergencia en Discapacidad\"}]},{\"@type\":\"WebSite\",\"@id\":\"https:\\\/\\\/diariodelsurdigital.com.ar\\\/#website\",\"url\":\"https:\\\/\\\/diariodelsurdigital.com.ar\\\/\",\"name\":\"Diario del Sur\",\"description\":\"Digital\",\"potentialAction\":[{\"@type\":\"SearchAction\",\"target\":{\"@type\":\"EntryPoint\",\"urlTemplate\":\"https:\\\/\\\/diariodelsurdigital.com.ar\\\/?s={search_term_string}\"},\"query-input\":{\"@type\":\"PropertyValueSpecification\",\"valueRequired\":true,\"valueName\":\"search_term_string\"}}],\"inLanguage\":\"es\"},{\"@type\":\"Person\",\"@id\":\"https:\\\/\\\/diariodelsurdigital.com.ar\\\/#\\\/schema\\\/person\\\/1a4992532ed62965c968031b49195c81\",\"name\":\"Diario del Sur Digital\",\"image\":{\"@type\":\"ImageObject\",\"inLanguage\":\"es\",\"@id\":\"https:\\\/\\\/secure.gravatar.com\\\/avatar\\\/f0c7c47fc7146d19828273b9b8eda651c9c7ab583767e6338d3d3bee825adf76?s=96&d=mm&r=g\",\"url\":\"https:\\\/\\\/secure.gravatar.com\\\/avatar\\\/f0c7c47fc7146d19828273b9b8eda651c9c7ab583767e6338d3d3bee825adf76?s=96&d=mm&r=g\",\"contentUrl\":\"https:\\\/\\\/secure.gravatar.com\\\/avatar\\\/f0c7c47fc7146d19828273b9b8eda651c9c7ab583767e6338d3d3bee825adf76?s=96&d=mm&r=g\",\"caption\":\"Diario del Sur Digital\"},\"url\":\"https:\\\/\\\/diariodelsurdigital.com.ar\\\/?author=4\"}]}<\/script>\n<!-- \/ Yoast SEO plugin. -->","yoast_head_json":{"title":"\u201cEs una decisi\u00f3n pol\u00edtica dejar que todo se caiga\u201d: El duro descargo de una madre tras la reglamentaci\u00f3n de la Ley de Emergencia en Discapacidad - Diario del Sur","robots":{"index":"index","follow":"follow","max-snippet":"max-snippet:-1","max-image-preview":"max-image-preview:large","max-video-preview":"max-video-preview:-1"},"canonical":"https:\/\/diariodelsurdigital.com.ar\/?p=6822","og_locale":"es_ES","og_type":"article","og_title":"\u201cEs una decisi\u00f3n pol\u00edtica dejar que todo se caiga\u201d: El duro descargo de una madre tras la reglamentaci\u00f3n de la Ley de Emergencia en Discapacidad - Diario del Sur","og_description":"En di\u00e1logo con la agencia APFDigital la madre de dos j\u00f3venes con discapacidad cuestion\u00f3 la demora del Gobierno Nacional en reglamentar la ley y advirti\u00f3 que, sin presupuesto ni una perspectiva de derechos, la normativa es apenas un \u201crequisito legal\u201d que no garantiza prestaciones b\u00e1sicas. Tras cumplirse el plazo legal otorgado por la Justicia, el [&hellip;]","og_url":"https:\/\/diariodelsurdigital.com.ar\/?p=6822","og_site_name":"Diario del Sur","article_published_time":"2026-02-05T18:43:24+00:00","article_modified_time":"2026-02-05T18:43:25+00:00","og_image":[{"width":992,"height":558,"url":"https:\/\/diariodelsurdigital.com.ar\/wp-content\/uploads\/2026\/02\/md-13.webp","type":"image\/webp"}],"author":"Diario del Sur Digital","twitter_card":"summary_large_image","twitter_misc":{"Escrito por":"Diario del Sur Digital","Tiempo de lectura":"3 minutos"},"schema":{"@context":"https:\/\/schema.org","@graph":[{"@type":"Article","@id":"https:\/\/diariodelsurdigital.com.ar\/?p=6822#article","isPartOf":{"@id":"https:\/\/diariodelsurdigital.com.ar\/?p=6822"},"author":{"name":"Diario del Sur Digital","@id":"https:\/\/diariodelsurdigital.com.ar\/#\/schema\/person\/1a4992532ed62965c968031b49195c81"},"headline":"\u201cEs una decisi\u00f3n pol\u00edtica dejar que todo se caiga\u201d: El duro descargo de una madre tras la reglamentaci\u00f3n de la Ley de Emergencia en Discapacidad","datePublished":"2026-02-05T18:43:24+00:00","dateModified":"2026-02-05T18:43:25+00:00","mainEntityOfPage":{"@id":"https:\/\/diariodelsurdigital.com.ar\/?p=6822"},"wordCount":538,"commentCount":0,"image":{"@id":"https:\/\/diariodelsurdigital.com.ar\/?p=6822#primaryimage"},"thumbnailUrl":"https:\/\/diariodelsurdigital.com.ar\/wp-content\/uploads\/2026\/02\/md-13.webp","articleSection":["Inter\u00e9s General","Provinciales"],"inLanguage":"es","potentialAction":[{"@type":"CommentAction","name":"Comment","target":["https:\/\/diariodelsurdigital.com.ar\/?p=6822#respond"]}]},{"@type":"WebPage","@id":"https:\/\/diariodelsurdigital.com.ar\/?p=6822","url":"https:\/\/diariodelsurdigital.com.ar\/?p=6822","name":"\u201cEs una decisi\u00f3n pol\u00edtica dejar que todo se caiga\u201d: El duro descargo de una madre tras la reglamentaci\u00f3n de la Ley de Emergencia en Discapacidad - Diario del Sur","isPartOf":{"@id":"https:\/\/diariodelsurdigital.com.ar\/#website"},"primaryImageOfPage":{"@id":"https:\/\/diariodelsurdigital.com.ar\/?p=6822#primaryimage"},"image":{"@id":"https:\/\/diariodelsurdigital.com.ar\/?p=6822#primaryimage"},"thumbnailUrl":"https:\/\/diariodelsurdigital.com.ar\/wp-content\/uploads\/2026\/02\/md-13.webp","datePublished":"2026-02-05T18:43:24+00:00","dateModified":"2026-02-05T18:43:25+00:00","author":{"@id":"https:\/\/diariodelsurdigital.com.ar\/#\/schema\/person\/1a4992532ed62965c968031b49195c81"},"breadcrumb":{"@id":"https:\/\/diariodelsurdigital.com.ar\/?p=6822#breadcrumb"},"inLanguage":"es","potentialAction":[{"@type":"ReadAction","target":["https:\/\/diariodelsurdigital.com.ar\/?p=6822"]}]},{"@type":"ImageObject","inLanguage":"es","@id":"https:\/\/diariodelsurdigital.com.ar\/?p=6822#primaryimage","url":"https:\/\/diariodelsurdigital.com.ar\/wp-content\/uploads\/2026\/02\/md-13.webp","contentUrl":"https:\/\/diariodelsurdigital.com.ar\/wp-content\/uploads\/2026\/02\/md-13.webp","width":992,"height":558},{"@type":"BreadcrumbList","@id":"https:\/\/diariodelsurdigital.com.ar\/?p=6822#breadcrumb","itemListElement":[{"@type":"ListItem","position":1,"name":"Portada","item":"https:\/\/diariodelsurdigital.com.ar\/"},{"@type":"ListItem","position":2,"name":"\u201cEs una decisi\u00f3n pol\u00edtica dejar que todo se caiga\u201d: El duro descargo de una madre tras la reglamentaci\u00f3n de la Ley de Emergencia en Discapacidad"}]},{"@type":"WebSite","@id":"https:\/\/diariodelsurdigital.com.ar\/#website","url":"https:\/\/diariodelsurdigital.com.ar\/","name":"Diario del Sur","description":"Digital","potentialAction":[{"@type":"SearchAction","target":{"@type":"EntryPoint","urlTemplate":"https:\/\/diariodelsurdigital.com.ar\/?s={search_term_string}"},"query-input":{"@type":"PropertyValueSpecification","valueRequired":true,"valueName":"search_term_string"}}],"inLanguage":"es"},{"@type":"Person","@id":"https:\/\/diariodelsurdigital.com.ar\/#\/schema\/person\/1a4992532ed62965c968031b49195c81","name":"Diario del Sur Digital","image":{"@type":"ImageObject","inLanguage":"es","@id":"https:\/\/secure.gravatar.com\/avatar\/f0c7c47fc7146d19828273b9b8eda651c9c7ab583767e6338d3d3bee825adf76?s=96&d=mm&r=g","url":"https:\/\/secure.gravatar.com\/avatar\/f0c7c47fc7146d19828273b9b8eda651c9c7ab583767e6338d3d3bee825adf76?s=96&d=mm&r=g","contentUrl":"https:\/\/secure.gravatar.com\/avatar\/f0c7c47fc7146d19828273b9b8eda651c9c7ab583767e6338d3d3bee825adf76?s=96&d=mm&r=g","caption":"Diario del Sur Digital"},"url":"https:\/\/diariodelsurdigital.com.ar\/?author=4"}]}},"_links":{"self":[{"href":"https:\/\/diariodelsurdigital.com.ar\/index.php?rest_route=\/wp\/v2\/posts\/6822","targetHints":{"allow":["GET"]}}],"collection":[{"href":"https:\/\/diariodelsurdigital.com.ar\/index.php?rest_route=\/wp\/v2\/posts"}],"about":[{"href":"https:\/\/diariodelsurdigital.com.ar\/index.php?rest_route=\/wp\/v2\/types\/post"}],"author":[{"embeddable":true,"href":"https:\/\/diariodelsurdigital.com.ar\/index.php?rest_route=\/wp\/v2\/users\/4"}],"replies":[{"embeddable":true,"href":"https:\/\/diariodelsurdigital.com.ar\/index.php?rest_route=%2Fwp%2Fv2%2Fcomments&post=6822"}],"version-history":[{"count":1,"href":"https:\/\/diariodelsurdigital.com.ar\/index.php?rest_route=\/wp\/v2\/posts\/6822\/revisions"}],"predecessor-version":[{"id":6824,"href":"https:\/\/diariodelsurdigital.com.ar\/index.php?rest_route=\/wp\/v2\/posts\/6822\/revisions\/6824"}],"wp:featuredmedia":[{"embeddable":true,"href":"https:\/\/diariodelsurdigital.com.ar\/index.php?rest_route=\/wp\/v2\/media\/6823"}],"wp:attachment":[{"href":"https:\/\/diariodelsurdigital.com.ar\/index.php?rest_route=%2Fwp%2Fv2%2Fmedia&parent=6822"}],"wp:term":[{"taxonomy":"category","embeddable":true,"href":"https:\/\/diariodelsurdigital.com.ar\/index.php?rest_route=%2Fwp%2Fv2%2Fcategories&post=6822"},{"taxonomy":"post_tag","embeddable":true,"href":"https:\/\/diariodelsurdigital.com.ar\/index.php?rest_route=%2Fwp%2Fv2%2Ftags&post=6822"}],"curies":[{"name":"wp","href":"https:\/\/api.w.org\/{rel}","templated":true}]}}